{"id":56479,"date":"2012-01-28T19:56:44","date_gmt":"2012-01-28T18:56:44","guid":{"rendered":"http:\/\/www.visit-ulcinj.com\/blog\/?p=56479"},"modified":"2012-01-28T19:56:44","modified_gmt":"2012-01-28T18:56:44","slug":"blero-ka-frike-nga-gruaja","status":"publish","type":"post","link":"https:\/\/www.visit-ulcinj.com\/blog\/2012\/01\/28\/blero-ka-frike-nga-gruaja\/","title":{"rendered":"Blero ka frik\u00eb nga gruaja"},"content":{"rendered":"<p><a href=\"http:\/\/www.visit-ulcinj.com\/blog\/wp-content\/uploads\/2012\/01\/blero-teutakrasniqi.jpg\"><img loading=\"lazy\" class=\"alignleft  wp-image-56480\" title=\"blero-teutakrasniqi\" src=\"http:\/\/www.visit-ulcinj.com\/blog\/wp-content\/uploads\/2012\/01\/blero-teutakrasniqi.jpg\" alt=\"\" width=\"508\" height=\"380\" \/><\/a>Ky \u00ebsht\u00eb informacioni i p\u00ebrgjithsh\u00ebm q\u00eb i atashohet k\u00ebng\u00ebtarit, Blero k\u00ebto koh\u00ebt e fundit. P\u00ebrve\u00e7 informacioneve t\u00eb p\u00ebrgjithshme rreth emrit, vendlindjes dhe pun\u00ebs q\u00eb b\u00ebn, sa her\u00eb p\u00ebrmendet emri i Bleros, miqt\u00eb e tij nuk harrojn\u00eb t\u00eb shtojn\u00eb edhe k\u00ebt\u00eb informacion rreth raportit q\u00eb k\u00ebng\u00ebtari ka me bashk\u00ebshorten e tij.<\/p>\n<p>Blero, ka aq frik\u00eb nga gruaja sa t\u00eb af\u00ebrmit tregojn\u00eb se edhe kur nuk \u00ebsht\u00eb pran\u00eb saj ai i jep llogari n\u00ebp\u00ebrmjet sms- ve dhe telefonatave. N\u00eb fakt, Blero e ka treguar gjithmon\u00eb dashurin\u00eb dhe respektin q\u00eb ka p\u00ebr bashk\u00ebshorten e tij dhe ndoshta q\u00eb k\u00ebtu kan\u00eb filluar t\u00eb qarkullojn\u00eb thashethemet rreth raportit t\u00eb tij me bashk\u00ebshorten q\u00eb n\u00eb fakt \u00ebsht\u00eb nj\u00eb nga historit\u00eb m\u00eb t\u00eb bukura t\u00eb dashuris\u00eb mes artist\u00ebve shqiptar\u00eb.<\/p>\n<p><strong>Bluetooth<br \/>\n<!--YouTube Error: bad URL entered--><br \/>\n<\/strong><\/p>\n","protected":false},"excerpt":{"rendered":"<p>Ky \u00ebsht\u00eb informacioni i p\u00ebrgjithsh\u00ebm q\u00eb i atashohet k\u00ebng\u00ebtarit, Blero k\u00ebto koh\u00ebt e fundit. P\u00ebrve\u00e7 informacioneve t\u00eb p\u00ebrgjithshme rreth emrit, vendlindjes dhe pun\u00ebs q\u00eb b\u00ebn, sa her\u00eb p\u00ebrmendet emri i Bleros, miqt\u00eb e tij nuk harrojn\u00eb t\u00eb shtojn\u00eb edhe k\u00ebt\u00eb informacion rreth raportit q\u00eb k\u00ebng\u00ebtari ka me bashk\u00ebshorten e tij. Blero, ka aq frik\u00eb nga [&hellip;]<\/p>\n","protected":false},"author":1,"featured_media":0,"comment_status":"open","ping_status":"closed","sticky":false,"template":"","format":"standard","meta":{"spay_email":"","jetpack_publicize_message":"","jetpack_is_tweetstorm":false,"jetpack_publicize_feature_enabled":true},"categories":[1],"tags":[3978,19677,19806,16036,19514,19511,6693,4684,19460],"jetpack_publicize_connections":[],"yoast_head":"<!-- This site is optimized with the Yoast SEO plugin v19.1 - https:\/\/yoast.com\/wordpress\/plugins\/seo\/ -->\n<title>Blero ka frik\u00eb nga gruaja - Lajme nga Ulqini<\/title>\n<meta name=\"description\" content=\"Ky \u00ebsht\u00eb informacioni i p\u00ebrgjithsh\u00ebm q\u00eb i atashohet k\u00ebng\u00ebtarit, Blero k\u00ebto koh\u00ebt e fundit. P\u00ebrve\u00e7 informacioneve t\u00eb p\u00ebrgjithshme rreth emrit, vendlindjes\" \/>\n<meta name=\"robots\" content=\"index, follow, max-snippet:-1, max-image-preview:large, max-video-preview:-1\" \/>\n<link rel=\"canonical\" href=\"https:\/\/www.visit-ulcinj.com\/blog\/2012\/01\/28\/blero-ka-frike-nga-gruaja\/\" \/>\n<meta property=\"og:locale\" content=\"en_US\" \/>\n<meta property=\"og:type\" content=\"article\" \/>\n<meta property=\"og:title\" content=\"Blero ka frik\u00eb nga gruaja - Lajme nga Ulqini\" \/>\n<meta property=\"og:description\" content=\"Ky \u00ebsht\u00eb informacioni i p\u00ebrgjithsh\u00ebm q\u00eb i atashohet k\u00ebng\u00ebtarit, Blero k\u00ebto koh\u00ebt e fundit. P\u00ebrve\u00e7 informacioneve t\u00eb p\u00ebrgjithshme rreth emrit, vendlindjes\" \/>\n<meta property=\"og:url\" content=\"https:\/\/www.visit-ulcinj.com\/blog\/2012\/01\/28\/blero-ka-frike-nga-gruaja\/\" \/>\n<meta property=\"og:site_name\" content=\"Lajme nga Ulqini\" \/>\n<meta property=\"article:published_time\" content=\"2012-01-28T18:56:44+00:00\" \/>\n<meta property=\"og:image\" content=\"http:\/\/www.visit-ulcinj.com\/blog\/wp-content\/uploads\/2012\/01\/blero-teutakrasniqi.jpg\" \/>\n<meta name=\"twitter:label1\" content=\"Written by\" \/>\n\t<meta name=\"twitter:data1\" content=\"ulqini\" \/>\n\t<meta name=\"twitter:label2\" content=\"Est. reading time\" \/>\n\t<meta name=\"twitter:data2\" content=\"1 minute\" \/>\n<script type=\"application\/ld+json\" class=\"yoast-schema-graph\">{\"@context\":\"https:\/\/schema.org\",\"@graph\":[{\"@type\":\"WebSite\",\"@id\":\"https:\/\/www.visit-ulcinj.com\/blog\/#website\",\"url\":\"https:\/\/www.visit-ulcinj.com\/blog\/\",\"name\":\"Lajme nga Ulqini\",\"description\":\"Lajme,Vijesti,Ulqini,Ulqin,Crna Gora,Mali i Zi\",\"potentialAction\":[{\"@type\":\"SearchAction\",\"target\":{\"@type\":\"EntryPoint\",\"urlTemplate\":\"https:\/\/www.visit-ulcinj.com\/blog\/?s={search_term_string}\"},\"query-input\":\"required name=search_term_string\"}],\"inLanguage\":\"en-US\"},{\"@type\":\"ImageObject\",\"inLanguage\":\"en-US\",\"@id\":\"https:\/\/www.visit-ulcinj.com\/blog\/2012\/01\/28\/blero-ka-frike-nga-gruaja\/#primaryimage\",\"url\":\"http:\/\/www.visit-ulcinj.com\/blog\/wp-content\/uploads\/2012\/01\/blero-teutakrasniqi.jpg\",\"contentUrl\":\"http:\/\/www.visit-ulcinj.com\/blog\/wp-content\/uploads\/2012\/01\/blero-teutakrasniqi.jpg\"},{\"@type\":\"WebPage\",\"@id\":\"https:\/\/www.visit-ulcinj.com\/blog\/2012\/01\/28\/blero-ka-frike-nga-gruaja\/#webpage\",\"url\":\"https:\/\/www.visit-ulcinj.com\/blog\/2012\/01\/28\/blero-ka-frike-nga-gruaja\/\",\"name\":\"Blero ka frik\u00eb nga gruaja - Lajme nga Ulqini\",\"isPartOf\":{\"@id\":\"https:\/\/www.visit-ulcinj.com\/blog\/#website\"},\"primaryImageOfPage\":{\"@id\":\"https:\/\/www.visit-ulcinj.com\/blog\/2012\/01\/28\/blero-ka-frike-nga-gruaja\/#primaryimage\"},\"datePublished\":\"2012-01-28T18:56:44+00:00\",\"dateModified\":\"2012-01-28T18:56:44+00:00\",\"author\":{\"@id\":\"https:\/\/www.visit-ulcinj.com\/blog\/#\/schema\/person\/dcab619c614d3038751c63bc2aadc06d\"},\"description\":\"Ky \u00ebsht\u00eb informacioni i p\u00ebrgjithsh\u00ebm q\u00eb i atashohet k\u00ebng\u00ebtarit, Blero k\u00ebto koh\u00ebt e fundit. P\u00ebrve\u00e7 informacioneve t\u00eb p\u00ebrgjithshme rreth emrit, vendlindjes\",\"breadcrumb\":{\"@id\":\"https:\/\/www.visit-ulcinj.com\/blog\/2012\/01\/28\/blero-ka-frike-nga-gruaja\/#breadcrumb\"},\"inLanguage\":\"en-US\",\"potentialAction\":[{\"@type\":\"ReadAction\",\"target\":[\"https:\/\/www.visit-ulcinj.com\/blog\/2012\/01\/28\/blero-ka-frike-nga-gruaja\/\"]}]},{\"@type\":\"BreadcrumbList\",\"@id\":\"https:\/\/www.visit-ulcinj.com\/blog\/2012\/01\/28\/blero-ka-frike-nga-gruaja\/#breadcrumb\",\"itemListElement\":[{\"@type\":\"ListItem\",\"position\":1,\"name\":\"Blero ka frik\u00eb nga gruaja\"}]},{\"@type\":\"Person\",\"@id\":\"https:\/\/www.visit-ulcinj.com\/blog\/#\/schema\/person\/dcab619c614d3038751c63bc2aadc06d\",\"name\":\"ulqini\",\"sameAs\":[\"http:\/\/www.visit-ulcinj.com\"],\"url\":\"https:\/\/www.visit-ulcinj.com\/blog\/author\/admin\/\"}]}<\/script>\n<!-- \/ Yoast SEO plugin. -->","yoast_head_json":{"title":"Blero ka frik\u00eb nga gruaja - Lajme nga Ulqini","description":"Ky \u00ebsht\u00eb informacioni i p\u00ebrgjithsh\u00ebm q\u00eb i atashohet k\u00ebng\u00ebtarit, Blero k\u00ebto koh\u00ebt e fundit. P\u00ebrve\u00e7 informacioneve t\u00eb p\u00ebrgjithshme rreth emrit, vendlindjes","robots":{"index":"index","follow":"follow","max-snippet":"max-snippet:-1","max-image-preview":"max-image-preview:large","max-video-preview":"max-video-preview:-1"},"canonical":"https:\/\/www.visit-ulcinj.com\/blog\/2012\/01\/28\/blero-ka-frike-nga-gruaja\/","og_locale":"en_US","og_type":"article","og_title":"Blero ka frik\u00eb nga gruaja - Lajme nga Ulqini","og_description":"Ky \u00ebsht\u00eb informacioni i p\u00ebrgjithsh\u00ebm q\u00eb i atashohet k\u00ebng\u00ebtarit, Blero k\u00ebto koh\u00ebt e fundit. P\u00ebrve\u00e7 informacioneve t\u00eb p\u00ebrgjithshme rreth emrit, vendlindjes","og_url":"https:\/\/www.visit-ulcinj.com\/blog\/2012\/01\/28\/blero-ka-frike-nga-gruaja\/","og_site_name":"Lajme nga Ulqini","article_published_time":"2012-01-28T18:56:44+00:00","og_image":[{"url":"http:\/\/www.visit-ulcinj.com\/blog\/wp-content\/uploads\/2012\/01\/blero-teutakrasniqi.jpg"}],"twitter_misc":{"Written by":"ulqini","Est. reading time":"1 minute"},"schema":{"@context":"https:\/\/schema.org","@graph":[{"@type":"WebSite","@id":"https:\/\/www.visit-ulcinj.com\/blog\/#website","url":"https:\/\/www.visit-ulcinj.com\/blog\/","name":"Lajme nga Ulqini","description":"Lajme,Vijesti,Ulqini,Ulqin,Crna Gora,Mali i Zi","potentialAction":[{"@type":"SearchAction","target":{"@type":"EntryPoint","urlTemplate":"https:\/\/www.visit-ulcinj.com\/blog\/?s={search_term_string}"},"query-input":"required name=search_term_string"}],"inLanguage":"en-US"},{"@type":"ImageObject","inLanguage":"en-US","@id":"https:\/\/www.visit-ulcinj.com\/blog\/2012\/01\/28\/blero-ka-frike-nga-gruaja\/#primaryimage","url":"http:\/\/www.visit-ulcinj.com\/blog\/wp-content\/uploads\/2012\/01\/blero-teutakrasniqi.jpg","contentUrl":"http:\/\/www.visit-ulcinj.com\/blog\/wp-content\/uploads\/2012\/01\/blero-teutakrasniqi.jpg"},{"@type":"WebPage","@id":"https:\/\/www.visit-ulcinj.com\/blog\/2012\/01\/28\/blero-ka-frike-nga-gruaja\/#webpage","url":"https:\/\/www.visit-ulcinj.com\/blog\/2012\/01\/28\/blero-ka-frike-nga-gruaja\/","name":"Blero ka frik\u00eb nga gruaja - Lajme nga Ulqini","isPartOf":{"@id":"https:\/\/www.visit-ulcinj.com\/blog\/#website"},"primaryImageOfPage":{"@id":"https:\/\/www.visit-ulcinj.com\/blog\/2012\/01\/28\/blero-ka-frike-nga-gruaja\/#primaryimage"},"datePublished":"2012-01-28T18:56:44+00:00","dateModified":"2012-01-28T18:56:44+00:00","author":{"@id":"https:\/\/www.visit-ulcinj.com\/blog\/#\/schema\/person\/dcab619c614d3038751c63bc2aadc06d"},"description":"Ky \u00ebsht\u00eb informacioni i p\u00ebrgjithsh\u00ebm q\u00eb i atashohet k\u00ebng\u00ebtarit, Blero k\u00ebto koh\u00ebt e fundit. P\u00ebrve\u00e7 informacioneve t\u00eb p\u00ebrgjithshme rreth emrit, vendlindjes","breadcrumb":{"@id":"https:\/\/www.visit-ulcinj.com\/blog\/2012\/01\/28\/blero-ka-frike-nga-gruaja\/#breadcrumb"},"inLanguage":"en-US","potentialAction":[{"@type":"ReadAction","target":["https:\/\/www.visit-ulcinj.com\/blog\/2012\/01\/28\/blero-ka-frike-nga-gruaja\/"]}]},{"@type":"BreadcrumbList","@id":"https:\/\/www.visit-ulcinj.com\/blog\/2012\/01\/28\/blero-ka-frike-nga-gruaja\/#breadcrumb","itemListElement":[{"@type":"ListItem","position":1,"name":"Blero ka frik\u00eb nga gruaja"}]},{"@type":"Person","@id":"https:\/\/www.visit-ulcinj.com\/blog\/#\/schema\/person\/dcab619c614d3038751c63bc2aadc06d","name":"ulqini","sameAs":["http:\/\/www.visit-ulcinj.com"],"url":"https:\/\/www.visit-ulcinj.com\/blog\/author\/admin\/"}]}},"jetpack_featured_media_url":"","jetpack_sharing_enabled":true,"jetpack_shortlink":"https:\/\/wp.me\/pe6lTn-eGX","_links":{"self":[{"href":"https:\/\/www.visit-ulcinj.com\/blog\/wp-json\/wp\/v2\/posts\/56479"}],"collection":[{"href":"https:\/\/www.visit-ulcinj.com\/blog\/wp-json\/wp\/v2\/posts"}],"about":[{"href":"https:\/\/www.visit-ulcinj.com\/blog\/wp-json\/wp\/v2\/types\/post"}],"author":[{"embeddable":true,"href":"https:\/\/www.visit-ulcinj.com\/blog\/wp-json\/wp\/v2\/users\/1"}],"replies":[{"embeddable":true,"href":"https:\/\/www.visit-ulcinj.com\/blog\/wp-json\/wp\/v2\/comments?post=56479"}],"version-history":[{"count":1,"href":"https:\/\/www.visit-ulcinj.com\/blog\/wp-json\/wp\/v2\/posts\/56479\/revisions"}],"predecessor-version":[{"id":56481,"href":"https:\/\/www.visit-ulcinj.com\/blog\/wp-json\/wp\/v2\/posts\/56479\/revisions\/56481"}],"wp:attachment":[{"href":"https:\/\/www.visit-ulcinj.com\/blog\/wp-json\/wp\/v2\/media?parent=56479"}],"wp:term":[{"taxonomy":"category","embeddable":true,"href":"https:\/\/www.visit-ulcinj.com\/blog\/wp-json\/wp\/v2\/categories?post=56479"},{"taxonomy":"post_tag","embeddable":true,"href":"https:\/\/www.visit-ulcinj.com\/blog\/wp-json\/wp\/v2\/tags?post=56479"}],"curies":[{"name":"wp","href":"https:\/\/api.w.org\/{rel}","templated":true}]}}