{"id":5648,"date":"2008-11-07T17:06:05","date_gmt":"2008-11-07T22:06:05","guid":{"rendered":"http:\/\/www.visit-ulcinj.com\/blog\/?p=5648"},"modified":"2008-11-07T17:09:44","modified_gmt":"2008-11-07T22:09:44","slug":"ingrid-gjoni-perfundon-ne-spital-pas-nje-zenke","status":"publish","type":"post","link":"https:\/\/www.visit-ulcinj.com\/blog\/2008\/11\/07\/ingrid-gjoni-perfundon-ne-spital-pas-nje-zenke\/","title":{"rendered":"Ingrid Gjoni p\u00ebrfundon n\u00eb spital pas nj\u00eb z\u00ebnke"},"content":{"rendered":"<p><a href=\"http:\/\/www.visit-ulcinj.com\/blog\/wp-content\/uploads\/2008\/11\/ingrid-gjoni.jpg\"><img loading=\"lazy\" class=\"alignleft size-medium wp-image-5649\" title=\"ingrid-gjoni\" src=\"http:\/\/www.visit-ulcinj.com\/blog\/wp-content\/uploads\/2008\/11\/ingrid-gjoni-268x300.jpg\" alt=\"\" width=\"268\" height=\"300\" srcset=\"https:\/\/www.visit-ulcinj.com\/blog\/wp-content\/uploads\/2008\/11\/ingrid-gjoni-268x300.jpg 268w, https:\/\/www.visit-ulcinj.com\/blog\/wp-content\/uploads\/2008\/11\/ingrid-gjoni.jpg 637w\" sizes=\"(max-width: 268px) 100vw, 268px\" \/><\/a>K\u00ebng\u00ebtarja Ingrid Gjoni ka p\u00ebrfunduar n\u00eb Spitalin Ushtarak t\u00eb Tiran\u00ebs, pas nj\u00eb z\u00ebnie me nj\u00eb grup vajzash n\u00eb lagjen Laprak\u00eb, nga t\u00eb cilat ka marr\u00eb plag\u00eb t\u00eb lehta, b\u00ebn t\u00eb ditur Gazeta Shqiptare.<br \/>\nSipas mjek\u00ebve t\u00eb spitalit, plag\u00ebt n\u00eb trupin e k\u00ebng\u00ebtares jan\u00eb shkaktuar nga mjete prer\u00ebse. Ngjarja kishte ndodhur para 10 dit\u00ebsh, por kishte arritur t\u00eb mbahej sekrete, derisa edhe incidenti nuk \u00ebsht\u00eb paraqitur n\u00eb polici.<br \/>\nGjendja e k\u00ebng\u00ebtares thuhet se kishte qen\u00eb e r\u00ebnd\u00eb n\u00eb momentin q\u00eb kishte arritur n\u00eb spital, por fatmir\u00ebsisht plag\u00ebt ishin sip\u00ebrfaq\u00ebsore n\u00eb pjes\u00ebn e sip\u00ebrme t\u00eb trupit dhe nuk kishin d\u00ebmtuar organe jet\u00ebsore apo t\u00eb kishin sjell\u00eb probleme t\u00eb pariparueshme.<br \/>\nSpekulohet se e gjith\u00eb ngjarja ka ndodhur p\u00ebr shkak t\u00eb nj\u00eb z\u00ebnke banale mes Ingridit dhe disa vajzave t\u00eb tjera q\u00eb banojn\u00eb n\u00eb lagjen e Laprak\u00ebs, t\u00eb cilat kan\u00eb q\u00eblluar dhe rrahur k\u00ebng\u00ebtaren, duke mos munguar edhe sulmet me thik\u00eb dhe mjete t\u00eb forta.<\/p>\n<!--YouTube Error: bad URL entered-->\n","protected":false},"excerpt":{"rendered":"<p>K\u00ebng\u00ebtarja Ingrid Gjoni ka p\u00ebrfunduar n\u00eb Spitalin Ushtarak t\u00eb Tiran\u00ebs, pas nj\u00eb z\u00ebnie me nj\u00eb grup vajzash n\u00eb lagjen Laprak\u00eb, nga t\u00eb cilat ka marr\u00eb plag\u00eb t\u00eb lehta, b\u00ebn t\u00eb ditur Gazeta Shqiptare. Sipas mjek\u00ebve t\u00eb spitalit, plag\u00ebt n\u00eb trupin e k\u00ebng\u00ebtares jan\u00eb shkaktuar nga mjete prer\u00ebse. Ngjarja kishte ndodhur para 10 dit\u00ebsh, por kishte [&hellip;]<\/p>\n","protected":false},"author":1,"featured_media":0,"comment_status":"open","ping_status":"closed","sticky":false,"template":"","format":"standard","meta":{"spay_email":"","jetpack_publicize_message":"","jetpack_is_tweetstorm":false,"jetpack_publicize_feature_enabled":true},"categories":[1],"tags":[4966],"jetpack_publicize_connections":[],"yoast_head":"<!-- This site is optimized with the Yoast SEO plugin v19.1 - https:\/\/yoast.com\/wordpress\/plugins\/seo\/ -->\n<title>Ingrid Gjoni p\u00ebrfundon n\u00eb spital pas nj\u00eb z\u00ebnke - Lajme nga Ulqini<\/title>\n<meta name=\"description\" content=\"K\u00ebng\u00ebtarja Ingrid Gjoni ka p\u00ebrfunduar n\u00eb Spitalin Ushtarak t\u00eb Tiran\u00ebs, pas nj\u00eb z\u00ebnie me nj\u00eb grup vajzash n\u00eb lagjen Laprak\u00eb, nga t\u00eb cilat ka marr\u00eb plag\u00eb t\u00eb\" \/>\n<meta name=\"robots\" content=\"index, follow, max-snippet:-1, max-image-preview:large, max-video-preview:-1\" \/>\n<link rel=\"canonical\" href=\"https:\/\/www.visit-ulcinj.com\/blog\/2008\/11\/07\/ingrid-gjoni-perfundon-ne-spital-pas-nje-zenke\/\" \/>\n<meta property=\"og:locale\" content=\"en_US\" \/>\n<meta property=\"og:type\" content=\"article\" \/>\n<meta property=\"og:title\" content=\"Ingrid Gjoni p\u00ebrfundon n\u00eb spital pas nj\u00eb z\u00ebnke - Lajme nga Ulqini\" \/>\n<meta property=\"og:description\" content=\"K\u00ebng\u00ebtarja Ingrid Gjoni ka p\u00ebrfunduar n\u00eb Spitalin Ushtarak t\u00eb Tiran\u00ebs, pas nj\u00eb z\u00ebnie me nj\u00eb grup vajzash n\u00eb lagjen Laprak\u00eb, nga t\u00eb cilat ka marr\u00eb plag\u00eb t\u00eb\" \/>\n<meta property=\"og:url\" content=\"https:\/\/www.visit-ulcinj.com\/blog\/2008\/11\/07\/ingrid-gjoni-perfundon-ne-spital-pas-nje-zenke\/\" \/>\n<meta property=\"og:site_name\" content=\"Lajme nga Ulqini\" \/>\n<meta property=\"article:published_time\" content=\"2008-11-07T22:06:05+00:00\" \/>\n<meta property=\"article:modified_time\" content=\"2008-11-07T22:09:44+00:00\" \/>\n<meta property=\"og:image\" content=\"http:\/\/www.visit-ulcinj.com\/blog\/wp-content\/uploads\/2008\/11\/ingrid-gjoni-268x300.jpg\" \/>\n<meta name=\"twitter:label1\" content=\"Written by\" \/>\n\t<meta name=\"twitter:data1\" content=\"ulqini\" \/>\n\t<meta name=\"twitter:label2\" content=\"Est. reading time\" \/>\n\t<meta name=\"twitter:data2\" content=\"1 minute\" \/>\n<script type=\"application\/ld+json\" class=\"yoast-schema-graph\">{\"@context\":\"https:\/\/schema.org\",\"@graph\":[{\"@type\":\"WebSite\",\"@id\":\"https:\/\/www.visit-ulcinj.com\/blog\/#website\",\"url\":\"https:\/\/www.visit-ulcinj.com\/blog\/\",\"name\":\"Lajme nga Ulqini\",\"description\":\"Lajme,Vijesti,Ulqini,Ulqin,Crna Gora,Mali i Zi\",\"potentialAction\":[{\"@type\":\"SearchAction\",\"target\":{\"@type\":\"EntryPoint\",\"urlTemplate\":\"https:\/\/www.visit-ulcinj.com\/blog\/?s={search_term_string}\"},\"query-input\":\"required name=search_term_string\"}],\"inLanguage\":\"en-US\"},{\"@type\":\"ImageObject\",\"inLanguage\":\"en-US\",\"@id\":\"https:\/\/www.visit-ulcinj.com\/blog\/2008\/11\/07\/ingrid-gjoni-perfundon-ne-spital-pas-nje-zenke\/#primaryimage\",\"url\":\"http:\/\/www.visit-ulcinj.com\/blog\/wp-content\/uploads\/2008\/11\/ingrid-gjoni-268x300.jpg\",\"contentUrl\":\"http:\/\/www.visit-ulcinj.com\/blog\/wp-content\/uploads\/2008\/11\/ingrid-gjoni-268x300.jpg\"},{\"@type\":\"WebPage\",\"@id\":\"https:\/\/www.visit-ulcinj.com\/blog\/2008\/11\/07\/ingrid-gjoni-perfundon-ne-spital-pas-nje-zenke\/#webpage\",\"url\":\"https:\/\/www.visit-ulcinj.com\/blog\/2008\/11\/07\/ingrid-gjoni-perfundon-ne-spital-pas-nje-zenke\/\",\"name\":\"Ingrid Gjoni p\u00ebrfundon n\u00eb spital pas nj\u00eb z\u00ebnke - Lajme nga Ulqini\",\"isPartOf\":{\"@id\":\"https:\/\/www.visit-ulcinj.com\/blog\/#website\"},\"primaryImageOfPage\":{\"@id\":\"https:\/\/www.visit-ulcinj.com\/blog\/2008\/11\/07\/ingrid-gjoni-perfundon-ne-spital-pas-nje-zenke\/#primaryimage\"},\"datePublished\":\"2008-11-07T22:06:05+00:00\",\"dateModified\":\"2008-11-07T22:09:44+00:00\",\"author\":{\"@id\":\"https:\/\/www.visit-ulcinj.com\/blog\/#\/schema\/person\/dcab619c614d3038751c63bc2aadc06d\"},\"description\":\"K\u00ebng\u00ebtarja Ingrid Gjoni ka p\u00ebrfunduar n\u00eb Spitalin Ushtarak t\u00eb Tiran\u00ebs, pas nj\u00eb z\u00ebnie me nj\u00eb grup vajzash n\u00eb lagjen Laprak\u00eb, nga t\u00eb cilat ka marr\u00eb plag\u00eb t\u00eb\",\"breadcrumb\":{\"@id\":\"https:\/\/www.visit-ulcinj.com\/blog\/2008\/11\/07\/ingrid-gjoni-perfundon-ne-spital-pas-nje-zenke\/#breadcrumb\"},\"inLanguage\":\"en-US\",\"potentialAction\":[{\"@type\":\"ReadAction\",\"target\":[\"https:\/\/www.visit-ulcinj.com\/blog\/2008\/11\/07\/ingrid-gjoni-perfundon-ne-spital-pas-nje-zenke\/\"]}]},{\"@type\":\"BreadcrumbList\",\"@id\":\"https:\/\/www.visit-ulcinj.com\/blog\/2008\/11\/07\/ingrid-gjoni-perfundon-ne-spital-pas-nje-zenke\/#breadcrumb\",\"itemListElement\":[{\"@type\":\"ListItem\",\"position\":1,\"name\":\"Ingrid Gjoni p\u00ebrfundon n\u00eb spital pas nj\u00eb z\u00ebnke\"}]},{\"@type\":\"Person\",\"@id\":\"https:\/\/www.visit-ulcinj.com\/blog\/#\/schema\/person\/dcab619c614d3038751c63bc2aadc06d\",\"name\":\"ulqini\",\"sameAs\":[\"http:\/\/www.visit-ulcinj.com\"],\"url\":\"https:\/\/www.visit-ulcinj.com\/blog\/author\/admin\/\"}]}<\/script>\n<!-- \/ Yoast SEO plugin. -->","yoast_head_json":{"title":"Ingrid Gjoni p\u00ebrfundon n\u00eb spital pas nj\u00eb z\u00ebnke - Lajme nga Ulqini","description":"K\u00ebng\u00ebtarja Ingrid Gjoni ka p\u00ebrfunduar n\u00eb Spitalin Ushtarak t\u00eb Tiran\u00ebs, pas nj\u00eb z\u00ebnie me nj\u00eb grup vajzash n\u00eb lagjen Laprak\u00eb, nga t\u00eb cilat ka marr\u00eb plag\u00eb t\u00eb","robots":{"index":"index","follow":"follow","max-snippet":"max-snippet:-1","max-image-preview":"max-image-preview:large","max-video-preview":"max-video-preview:-1"},"canonical":"https:\/\/www.visit-ulcinj.com\/blog\/2008\/11\/07\/ingrid-gjoni-perfundon-ne-spital-pas-nje-zenke\/","og_locale":"en_US","og_type":"article","og_title":"Ingrid Gjoni p\u00ebrfundon n\u00eb spital pas nj\u00eb z\u00ebnke - Lajme nga Ulqini","og_description":"K\u00ebng\u00ebtarja Ingrid Gjoni ka p\u00ebrfunduar n\u00eb Spitalin Ushtarak t\u00eb Tiran\u00ebs, pas nj\u00eb z\u00ebnie me nj\u00eb grup vajzash n\u00eb lagjen Laprak\u00eb, nga t\u00eb cilat ka marr\u00eb plag\u00eb t\u00eb","og_url":"https:\/\/www.visit-ulcinj.com\/blog\/2008\/11\/07\/ingrid-gjoni-perfundon-ne-spital-pas-nje-zenke\/","og_site_name":"Lajme nga Ulqini","article_published_time":"2008-11-07T22:06:05+00:00","article_modified_time":"2008-11-07T22:09:44+00:00","og_image":[{"url":"http:\/\/www.visit-ulcinj.com\/blog\/wp-content\/uploads\/2008\/11\/ingrid-gjoni-268x300.jpg"}],"twitter_misc":{"Written by":"ulqini","Est. reading time":"1 minute"},"schema":{"@context":"https:\/\/schema.org","@graph":[{"@type":"WebSite","@id":"https:\/\/www.visit-ulcinj.com\/blog\/#website","url":"https:\/\/www.visit-ulcinj.com\/blog\/","name":"Lajme nga Ulqini","description":"Lajme,Vijesti,Ulqini,Ulqin,Crna Gora,Mali i Zi","potentialAction":[{"@type":"SearchAction","target":{"@type":"EntryPoint","urlTemplate":"https:\/\/www.visit-ulcinj.com\/blog\/?s={search_term_string}"},"query-input":"required name=search_term_string"}],"inLanguage":"en-US"},{"@type":"ImageObject","inLanguage":"en-US","@id":"https:\/\/www.visit-ulcinj.com\/blog\/2008\/11\/07\/ingrid-gjoni-perfundon-ne-spital-pas-nje-zenke\/#primaryimage","url":"http:\/\/www.visit-ulcinj.com\/blog\/wp-content\/uploads\/2008\/11\/ingrid-gjoni-268x300.jpg","contentUrl":"http:\/\/www.visit-ulcinj.com\/blog\/wp-content\/uploads\/2008\/11\/ingrid-gjoni-268x300.jpg"},{"@type":"WebPage","@id":"https:\/\/www.visit-ulcinj.com\/blog\/2008\/11\/07\/ingrid-gjoni-perfundon-ne-spital-pas-nje-zenke\/#webpage","url":"https:\/\/www.visit-ulcinj.com\/blog\/2008\/11\/07\/ingrid-gjoni-perfundon-ne-spital-pas-nje-zenke\/","name":"Ingrid Gjoni p\u00ebrfundon n\u00eb spital pas nj\u00eb z\u00ebnke - Lajme nga Ulqini","isPartOf":{"@id":"https:\/\/www.visit-ulcinj.com\/blog\/#website"},"primaryImageOfPage":{"@id":"https:\/\/www.visit-ulcinj.com\/blog\/2008\/11\/07\/ingrid-gjoni-perfundon-ne-spital-pas-nje-zenke\/#primaryimage"},"datePublished":"2008-11-07T22:06:05+00:00","dateModified":"2008-11-07T22:09:44+00:00","author":{"@id":"https:\/\/www.visit-ulcinj.com\/blog\/#\/schema\/person\/dcab619c614d3038751c63bc2aadc06d"},"description":"K\u00ebng\u00ebtarja Ingrid Gjoni ka p\u00ebrfunduar n\u00eb Spitalin Ushtarak t\u00eb Tiran\u00ebs, pas nj\u00eb z\u00ebnie me nj\u00eb grup vajzash n\u00eb lagjen Laprak\u00eb, nga t\u00eb cilat ka marr\u00eb plag\u00eb t\u00eb","breadcrumb":{"@id":"https:\/\/www.visit-ulcinj.com\/blog\/2008\/11\/07\/ingrid-gjoni-perfundon-ne-spital-pas-nje-zenke\/#breadcrumb"},"inLanguage":"en-US","potentialAction":[{"@type":"ReadAction","target":["https:\/\/www.visit-ulcinj.com\/blog\/2008\/11\/07\/ingrid-gjoni-perfundon-ne-spital-pas-nje-zenke\/"]}]},{"@type":"BreadcrumbList","@id":"https:\/\/www.visit-ulcinj.com\/blog\/2008\/11\/07\/ingrid-gjoni-perfundon-ne-spital-pas-nje-zenke\/#breadcrumb","itemListElement":[{"@type":"ListItem","position":1,"name":"Ingrid Gjoni p\u00ebrfundon n\u00eb spital pas nj\u00eb z\u00ebnke"}]},{"@type":"Person","@id":"https:\/\/www.visit-ulcinj.com\/blog\/#\/schema\/person\/dcab619c614d3038751c63bc2aadc06d","name":"ulqini","sameAs":["http:\/\/www.visit-ulcinj.com"],"url":"https:\/\/www.visit-ulcinj.com\/blog\/author\/admin\/"}]}},"jetpack_featured_media_url":"","jetpack_sharing_enabled":true,"jetpack_shortlink":"https:\/\/wp.me\/pe6lTn-1t6","_links":{"self":[{"href":"https:\/\/www.visit-ulcinj.com\/blog\/wp-json\/wp\/v2\/posts\/5648"}],"collection":[{"href":"https:\/\/www.visit-ulcinj.com\/blog\/wp-json\/wp\/v2\/posts"}],"about":[{"href":"https:\/\/www.visit-ulcinj.com\/blog\/wp-json\/wp\/v2\/types\/post"}],"author":[{"embeddable":true,"href":"https:\/\/www.visit-ulcinj.com\/blog\/wp-json\/wp\/v2\/users\/1"}],"replies":[{"embeddable":true,"href":"https:\/\/www.visit-ulcinj.com\/blog\/wp-json\/wp\/v2\/comments?post=5648"}],"version-history":[{"count":0,"href":"https:\/\/www.visit-ulcinj.com\/blog\/wp-json\/wp\/v2\/posts\/5648\/revisions"}],"wp:attachment":[{"href":"https:\/\/www.visit-ulcinj.com\/blog\/wp-json\/wp\/v2\/media?parent=5648"}],"wp:term":[{"taxonomy":"category","embeddable":true,"href":"https:\/\/www.visit-ulcinj.com\/blog\/wp-json\/wp\/v2\/categories?post=5648"},{"taxonomy":"post_tag","embeddable":true,"href":"https:\/\/www.visit-ulcinj.com\/blog\/wp-json\/wp\/v2\/tags?post=5648"}],"curies":[{"name":"wp","href":"https:\/\/api.w.org\/{rel}","templated":true}]}}