{"id":56482,"date":"2012-01-28T20:04:56","date_gmt":"2012-01-28T19:04:56","guid":{"rendered":"http:\/\/www.visit-ulcinj.com\/blog\/?p=56482"},"modified":"2012-01-28T20:04:56","modified_gmt":"2012-01-28T19:04:56","slug":"diellza-kolgeci-kombinon-recipetat-me-vathet","status":"publish","type":"post","link":"https:\/\/www.visit-ulcinj.com\/blog\/2012\/01\/28\/diellza-kolgeci-kombinon-recipetat-me-vathet\/","title":{"rendered":"Diellza Kolgeci kombinon re\u00e7ipetat me vath\u00ebt!"},"content":{"rendered":"<p><a href=\"http:\/\/www.visit-ulcinj.com\/blog\/wp-content\/uploads\/2012\/01\/Diellza-Kolgeci.jpg\"><img loading=\"lazy\" class=\"alignleft  wp-image-56483\" title=\"Diellza Kolgeci\" src=\"http:\/\/www.visit-ulcinj.com\/blog\/wp-content\/uploads\/2012\/01\/Diellza-Kolgeci.jpg\" alt=\"\" width=\"508\" height=\"600\" \/><\/a>Bukuroshja kosovare Diellza Kolgeci nuk shquhet vet\u00ebm p\u00ebr pamjen e saj, por shpesh edhe look- un. Pjes\u00ebmarrja n\u00eb spektaklin \u201cE diell\u201d n\u00eb rolin e prezantueses e b\u00ebri Diellz\u00ebn akoma m\u00eb t\u00eb njohur p\u00ebr publikun e Shqip\u00ebris\u00eb, nd\u00ebrkoh\u00eb q\u00eb n\u00eb Kosov\u00eb ajo \u00ebsht\u00eb nj\u00eb nga femrat m\u00eb t\u00eb p\u00eblqyera.<\/p>\n<p>S\u00eb fundmi vajza ka festuar edhe dit\u00eblindjen. Gjithsesi fotoja q\u00eb kemi n\u00eb dor\u00eb nuk \u00ebsht\u00eb nga festa e dit\u00eblindjes, por nga nj\u00eb fest\u00eb e organizuar n\u00eb Kosov\u00eb p\u00ebr Vitin e Ri.<\/p>\n<p>Ajo q\u00eb na ra n\u00eb sy ishin re\u00e7ipetat e Diellz\u00ebs t\u00eb dukshme q\u00ebllimisht. Kombinimi \u00ebsht\u00eb v\u00ebrtet\u00eb interesant\u2026 Duket qart\u00eb q\u00eb vath\u00ebt e saj jan\u00eb t\u00eb nj\u00ebjt\u00eb me re\u00e7ipetat. Ndoshta q\u00ebllimi i Diellz\u00ebs ishte q\u00eb t\u00eb binte n\u00eb sy sa m\u00eb shum\u00eb, dhe n\u00eb fakt e arriti q\u00ebllimin pasi v\u00ebmendjen ton\u00eb e t\u00ebrhoqi menj\u00ebher\u00eb.<\/p>\n<p><strong>Bluetooth<br \/>\n<!--YouTube Error: bad URL entered--><br \/>\n<\/strong><\/p>\n","protected":false},"excerpt":{"rendered":"<p>Bukuroshja kosovare Diellza Kolgeci nuk shquhet vet\u00ebm p\u00ebr pamjen e saj, por shpesh edhe look- un. Pjes\u00ebmarrja n\u00eb spektaklin \u201cE diell\u201d n\u00eb rolin e prezantueses e b\u00ebri Diellz\u00ebn akoma m\u00eb t\u00eb njohur p\u00ebr publikun e Shqip\u00ebris\u00eb, nd\u00ebrkoh\u00eb q\u00eb n\u00eb Kosov\u00eb ajo \u00ebsht\u00eb nj\u00eb nga femrat m\u00eb t\u00eb p\u00eblqyera. S\u00eb fundmi vajza ka festuar edhe dit\u00eblindjen. [&hellip;]<\/p>\n","protected":false},"author":1,"featured_media":0,"comment_status":"open","ping_status":"closed","sticky":false,"template":"","format":"standard","meta":{"spay_email":"","jetpack_publicize_message":"","jetpack_is_tweetstorm":false,"jetpack_publicize_feature_enabled":true},"categories":[1],"tags":[19677,6002,19806,16036,19514,19511,6693,19679,4684,19460],"jetpack_publicize_connections":[],"yoast_head":"<!-- This site is optimized with the Yoast SEO plugin v19.1 - https:\/\/yoast.com\/wordpress\/plugins\/seo\/ -->\n<title>Diellza Kolgeci kombinon re\u00e7ipetat me vath\u00ebt! - Lajme nga Ulqini<\/title>\n<meta name=\"description\" content=\"Bukuroshja kosovare Diellza Kolgeci nuk shquhet vet\u00ebm p\u00ebr pamjen e saj, por shpesh edhe look- un. Pjes\u00ebmarrja n\u00eb spektaklin \u201cE diell\u201d n\u00eb rolin e\" \/>\n<meta name=\"robots\" content=\"index, follow, max-snippet:-1, max-image-preview:large, max-video-preview:-1\" \/>\n<link rel=\"canonical\" href=\"https:\/\/www.visit-ulcinj.com\/blog\/2012\/01\/28\/diellza-kolgeci-kombinon-recipetat-me-vathet\/\" \/>\n<meta property=\"og:locale\" content=\"en_US\" \/>\n<meta property=\"og:type\" content=\"article\" \/>\n<meta property=\"og:title\" content=\"Diellza Kolgeci kombinon re\u00e7ipetat me vath\u00ebt! - Lajme nga Ulqini\" \/>\n<meta property=\"og:description\" content=\"Bukuroshja kosovare Diellza Kolgeci nuk shquhet vet\u00ebm p\u00ebr pamjen e saj, por shpesh edhe look- un. Pjes\u00ebmarrja n\u00eb spektaklin \u201cE diell\u201d n\u00eb rolin e\" \/>\n<meta property=\"og:url\" content=\"https:\/\/www.visit-ulcinj.com\/blog\/2012\/01\/28\/diellza-kolgeci-kombinon-recipetat-me-vathet\/\" \/>\n<meta property=\"og:site_name\" content=\"Lajme nga Ulqini\" \/>\n<meta property=\"article:published_time\" content=\"2012-01-28T19:04:56+00:00\" \/>\n<meta property=\"og:image\" content=\"http:\/\/www.visit-ulcinj.com\/blog\/wp-content\/uploads\/2012\/01\/Diellza-Kolgeci.jpg\" \/>\n<meta name=\"twitter:label1\" content=\"Written by\" \/>\n\t<meta name=\"twitter:data1\" content=\"ulqini\" \/>\n\t<meta name=\"twitter:label2\" content=\"Est. reading time\" \/>\n\t<meta name=\"twitter:data2\" content=\"1 minute\" \/>\n<script type=\"application\/ld+json\" class=\"yoast-schema-graph\">{\"@context\":\"https:\/\/schema.org\",\"@graph\":[{\"@type\":\"WebSite\",\"@id\":\"https:\/\/www.visit-ulcinj.com\/blog\/#website\",\"url\":\"https:\/\/www.visit-ulcinj.com\/blog\/\",\"name\":\"Lajme nga Ulqini\",\"description\":\"Lajme,Vijesti,Ulqini,Ulqin,Crna Gora,Mali i Zi\",\"potentialAction\":[{\"@type\":\"SearchAction\",\"target\":{\"@type\":\"EntryPoint\",\"urlTemplate\":\"https:\/\/www.visit-ulcinj.com\/blog\/?s={search_term_string}\"},\"query-input\":\"required name=search_term_string\"}],\"inLanguage\":\"en-US\"},{\"@type\":\"ImageObject\",\"inLanguage\":\"en-US\",\"@id\":\"https:\/\/www.visit-ulcinj.com\/blog\/2012\/01\/28\/diellza-kolgeci-kombinon-recipetat-me-vathet\/#primaryimage\",\"url\":\"http:\/\/www.visit-ulcinj.com\/blog\/wp-content\/uploads\/2012\/01\/Diellza-Kolgeci.jpg\",\"contentUrl\":\"http:\/\/www.visit-ulcinj.com\/blog\/wp-content\/uploads\/2012\/01\/Diellza-Kolgeci.jpg\"},{\"@type\":\"WebPage\",\"@id\":\"https:\/\/www.visit-ulcinj.com\/blog\/2012\/01\/28\/diellza-kolgeci-kombinon-recipetat-me-vathet\/#webpage\",\"url\":\"https:\/\/www.visit-ulcinj.com\/blog\/2012\/01\/28\/diellza-kolgeci-kombinon-recipetat-me-vathet\/\",\"name\":\"Diellza Kolgeci kombinon re\u00e7ipetat me vath\u00ebt! - Lajme nga Ulqini\",\"isPartOf\":{\"@id\":\"https:\/\/www.visit-ulcinj.com\/blog\/#website\"},\"primaryImageOfPage\":{\"@id\":\"https:\/\/www.visit-ulcinj.com\/blog\/2012\/01\/28\/diellza-kolgeci-kombinon-recipetat-me-vathet\/#primaryimage\"},\"datePublished\":\"2012-01-28T19:04:56+00:00\",\"dateModified\":\"2012-01-28T19:04:56+00:00\",\"author\":{\"@id\":\"https:\/\/www.visit-ulcinj.com\/blog\/#\/schema\/person\/dcab619c614d3038751c63bc2aadc06d\"},\"description\":\"Bukuroshja kosovare Diellza Kolgeci nuk shquhet vet\u00ebm p\u00ebr pamjen e saj, por shpesh edhe look- un. Pjes\u00ebmarrja n\u00eb spektaklin \u201cE diell\u201d n\u00eb rolin e\",\"breadcrumb\":{\"@id\":\"https:\/\/www.visit-ulcinj.com\/blog\/2012\/01\/28\/diellza-kolgeci-kombinon-recipetat-me-vathet\/#breadcrumb\"},\"inLanguage\":\"en-US\",\"potentialAction\":[{\"@type\":\"ReadAction\",\"target\":[\"https:\/\/www.visit-ulcinj.com\/blog\/2012\/01\/28\/diellza-kolgeci-kombinon-recipetat-me-vathet\/\"]}]},{\"@type\":\"BreadcrumbList\",\"@id\":\"https:\/\/www.visit-ulcinj.com\/blog\/2012\/01\/28\/diellza-kolgeci-kombinon-recipetat-me-vathet\/#breadcrumb\",\"itemListElement\":[{\"@type\":\"ListItem\",\"position\":1,\"name\":\"Diellza Kolgeci kombinon re\u00e7ipetat me vath\u00ebt!\"}]},{\"@type\":\"Person\",\"@id\":\"https:\/\/www.visit-ulcinj.com\/blog\/#\/schema\/person\/dcab619c614d3038751c63bc2aadc06d\",\"name\":\"ulqini\",\"sameAs\":[\"http:\/\/www.visit-ulcinj.com\"],\"url\":\"https:\/\/www.visit-ulcinj.com\/blog\/author\/admin\/\"}]}<\/script>\n<!-- \/ Yoast SEO plugin. -->","yoast_head_json":{"title":"Diellza Kolgeci kombinon re\u00e7ipetat me vath\u00ebt! - Lajme nga Ulqini","description":"Bukuroshja kosovare Diellza Kolgeci nuk shquhet vet\u00ebm p\u00ebr pamjen e saj, por shpesh edhe look- un. Pjes\u00ebmarrja n\u00eb spektaklin \u201cE diell\u201d n\u00eb rolin e","robots":{"index":"index","follow":"follow","max-snippet":"max-snippet:-1","max-image-preview":"max-image-preview:large","max-video-preview":"max-video-preview:-1"},"canonical":"https:\/\/www.visit-ulcinj.com\/blog\/2012\/01\/28\/diellza-kolgeci-kombinon-recipetat-me-vathet\/","og_locale":"en_US","og_type":"article","og_title":"Diellza Kolgeci kombinon re\u00e7ipetat me vath\u00ebt! - Lajme nga Ulqini","og_description":"Bukuroshja kosovare Diellza Kolgeci nuk shquhet vet\u00ebm p\u00ebr pamjen e saj, por shpesh edhe look- un. Pjes\u00ebmarrja n\u00eb spektaklin \u201cE diell\u201d n\u00eb rolin e","og_url":"https:\/\/www.visit-ulcinj.com\/blog\/2012\/01\/28\/diellza-kolgeci-kombinon-recipetat-me-vathet\/","og_site_name":"Lajme nga Ulqini","article_published_time":"2012-01-28T19:04:56+00:00","og_image":[{"url":"http:\/\/www.visit-ulcinj.com\/blog\/wp-content\/uploads\/2012\/01\/Diellza-Kolgeci.jpg"}],"twitter_misc":{"Written by":"ulqini","Est. reading time":"1 minute"},"schema":{"@context":"https:\/\/schema.org","@graph":[{"@type":"WebSite","@id":"https:\/\/www.visit-ulcinj.com\/blog\/#website","url":"https:\/\/www.visit-ulcinj.com\/blog\/","name":"Lajme nga Ulqini","description":"Lajme,Vijesti,Ulqini,Ulqin,Crna Gora,Mali i Zi","potentialAction":[{"@type":"SearchAction","target":{"@type":"EntryPoint","urlTemplate":"https:\/\/www.visit-ulcinj.com\/blog\/?s={search_term_string}"},"query-input":"required name=search_term_string"}],"inLanguage":"en-US"},{"@type":"ImageObject","inLanguage":"en-US","@id":"https:\/\/www.visit-ulcinj.com\/blog\/2012\/01\/28\/diellza-kolgeci-kombinon-recipetat-me-vathet\/#primaryimage","url":"http:\/\/www.visit-ulcinj.com\/blog\/wp-content\/uploads\/2012\/01\/Diellza-Kolgeci.jpg","contentUrl":"http:\/\/www.visit-ulcinj.com\/blog\/wp-content\/uploads\/2012\/01\/Diellza-Kolgeci.jpg"},{"@type":"WebPage","@id":"https:\/\/www.visit-ulcinj.com\/blog\/2012\/01\/28\/diellza-kolgeci-kombinon-recipetat-me-vathet\/#webpage","url":"https:\/\/www.visit-ulcinj.com\/blog\/2012\/01\/28\/diellza-kolgeci-kombinon-recipetat-me-vathet\/","name":"Diellza Kolgeci kombinon re\u00e7ipetat me vath\u00ebt! - Lajme nga Ulqini","isPartOf":{"@id":"https:\/\/www.visit-ulcinj.com\/blog\/#website"},"primaryImageOfPage":{"@id":"https:\/\/www.visit-ulcinj.com\/blog\/2012\/01\/28\/diellza-kolgeci-kombinon-recipetat-me-vathet\/#primaryimage"},"datePublished":"2012-01-28T19:04:56+00:00","dateModified":"2012-01-28T19:04:56+00:00","author":{"@id":"https:\/\/www.visit-ulcinj.com\/blog\/#\/schema\/person\/dcab619c614d3038751c63bc2aadc06d"},"description":"Bukuroshja kosovare Diellza Kolgeci nuk shquhet vet\u00ebm p\u00ebr pamjen e saj, por shpesh edhe look- un. Pjes\u00ebmarrja n\u00eb spektaklin \u201cE diell\u201d n\u00eb rolin e","breadcrumb":{"@id":"https:\/\/www.visit-ulcinj.com\/blog\/2012\/01\/28\/diellza-kolgeci-kombinon-recipetat-me-vathet\/#breadcrumb"},"inLanguage":"en-US","potentialAction":[{"@type":"ReadAction","target":["https:\/\/www.visit-ulcinj.com\/blog\/2012\/01\/28\/diellza-kolgeci-kombinon-recipetat-me-vathet\/"]}]},{"@type":"BreadcrumbList","@id":"https:\/\/www.visit-ulcinj.com\/blog\/2012\/01\/28\/diellza-kolgeci-kombinon-recipetat-me-vathet\/#breadcrumb","itemListElement":[{"@type":"ListItem","position":1,"name":"Diellza Kolgeci kombinon re\u00e7ipetat me vath\u00ebt!"}]},{"@type":"Person","@id":"https:\/\/www.visit-ulcinj.com\/blog\/#\/schema\/person\/dcab619c614d3038751c63bc2aadc06d","name":"ulqini","sameAs":["http:\/\/www.visit-ulcinj.com"],"url":"https:\/\/www.visit-ulcinj.com\/blog\/author\/admin\/"}]}},"jetpack_featured_media_url":"","jetpack_sharing_enabled":true,"jetpack_shortlink":"https:\/\/wp.me\/pe6lTn-eH0","_links":{"self":[{"href":"https:\/\/www.visit-ulcinj.com\/blog\/wp-json\/wp\/v2\/posts\/56482"}],"collection":[{"href":"https:\/\/www.visit-ulcinj.com\/blog\/wp-json\/wp\/v2\/posts"}],"about":[{"href":"https:\/\/www.visit-ulcinj.com\/blog\/wp-json\/wp\/v2\/types\/post"}],"author":[{"embeddable":true,"href":"https:\/\/www.visit-ulcinj.com\/blog\/wp-json\/wp\/v2\/users\/1"}],"replies":[{"embeddable":true,"href":"https:\/\/www.visit-ulcinj.com\/blog\/wp-json\/wp\/v2\/comments?post=56482"}],"version-history":[{"count":1,"href":"https:\/\/www.visit-ulcinj.com\/blog\/wp-json\/wp\/v2\/posts\/56482\/revisions"}],"predecessor-version":[{"id":56484,"href":"https:\/\/www.visit-ulcinj.com\/blog\/wp-json\/wp\/v2\/posts\/56482\/revisions\/56484"}],"wp:attachment":[{"href":"https:\/\/www.visit-ulcinj.com\/blog\/wp-json\/wp\/v2\/media?parent=56482"}],"wp:term":[{"taxonomy":"category","embeddable":true,"href":"https:\/\/www.visit-ulcinj.com\/blog\/wp-json\/wp\/v2\/categories?post=56482"},{"taxonomy":"post_tag","embeddable":true,"href":"https:\/\/www.visit-ulcinj.com\/blog\/wp-json\/wp\/v2\/tags?post=56482"}],"curies":[{"name":"wp","href":"https:\/\/api.w.org\/{rel}","templated":true}]}}