{"id":56486,"date":"2012-01-29T16:45:39","date_gmt":"2012-01-29T15:45:39","guid":{"rendered":"http:\/\/www.visit-ulcinj.com\/blog\/?p=56486"},"modified":"2012-01-29T16:45:39","modified_gmt":"2012-01-29T15:45:39","slug":"protest-ulcinjskih-ribara","status":"publish","type":"post","link":"https:\/\/www.visit-ulcinj.com\/blog\/2012\/01\/29\/protest-ulcinjskih-ribara\/","title":{"rendered":"Protest ulcinjskih ribara"},"content":{"rendered":"<p><strong><a href=\"http:\/\/www.visit-ulcinj.com\/blog\/wp-content\/uploads\/2012\/01\/Protest-ulcinjskih-ribara.jpg\"><img loading=\"lazy\" class=\"alignleft  wp-image-56487\" title=\"Protest ulcinjskih ribara\" src=\"http:\/\/www.visit-ulcinj.com\/blog\/wp-content\/uploads\/2012\/01\/Protest-ulcinjskih-ribara.jpg\" alt=\"\" width=\"508\" height=\"358\" \/><\/a>Neprihvatljiv tretman ulcinjskih ribara<\/strong><br \/>\nRibari tra\u017ee da se poni\u0161ti novi cjenovnik kojim je ribarska ku\u0107ica izjedna\u010dena sa komercijalno-turisti\u010dkim objektima u tarifama za pla\u0107anje zakupa JP Morsko dobro.<br \/>\nOni tra\u017ee i novu kategorizaciju, kao i bolju saradnju institucija.<\/p>\n<p><a href=\"http:\/\/www.vijesti.me\/vijesti\/protest-ulcinjskih-ribara-video-58281\" target=\"_blank\"><strong>Vijesti online<\/strong><\/a><\/p>\n<!--YouTube Error: bad URL entered-->\n","protected":false},"excerpt":{"rendered":"<p>Neprihvatljiv tretman ulcinjskih ribara Ribari tra\u017ee da se poni\u0161ti novi cjenovnik kojim je ribarska ku\u0107ica izjedna\u010dena sa komercijalno-turisti\u010dkim objektima u tarifama za pla\u0107anje zakupa JP Morsko dobro. Oni tra\u017ee i novu kategorizaciju, kao i bolju saradnju institucija. Vijesti online<\/p>\n","protected":false},"author":1,"featured_media":0,"comment_status":"open","ping_status":"closed","sticky":false,"template":"","format":"standard","meta":{"spay_email":"","jetpack_publicize_message":"","jetpack_is_tweetstorm":false,"jetpack_publicize_feature_enabled":true},"categories":[8337],"tags":[3536,19,13517],"jetpack_publicize_connections":[],"yoast_head":"<!-- This site is optimized with the Yoast SEO plugin v19.1 - https:\/\/yoast.com\/wordpress\/plugins\/seo\/ -->\n<title>Protest ulcinjskih ribara - Lajme nga Ulqini<\/title>\n<meta name=\"description\" content=\"Neprihvatljiv tretman ulcinjskih ribara Ribari tra\u017ee da se poni\u0161ti novi cjenovnik kojim je ribarska ku\u0107ica izjedna\u010dena sa komercijalno-turisti\u010dkim\" \/>\n<meta name=\"robots\" content=\"index, follow, max-snippet:-1, max-image-preview:large, max-video-preview:-1\" \/>\n<link rel=\"canonical\" href=\"https:\/\/www.visit-ulcinj.com\/blog\/2012\/01\/29\/protest-ulcinjskih-ribara\/\" \/>\n<meta property=\"og:locale\" content=\"en_US\" \/>\n<meta property=\"og:type\" content=\"article\" \/>\n<meta property=\"og:title\" content=\"Protest ulcinjskih ribara - Lajme nga Ulqini\" \/>\n<meta property=\"og:description\" content=\"Neprihvatljiv tretman ulcinjskih ribara Ribari tra\u017ee da se poni\u0161ti novi cjenovnik kojim je ribarska ku\u0107ica izjedna\u010dena sa komercijalno-turisti\u010dkim\" \/>\n<meta property=\"og:url\" content=\"https:\/\/www.visit-ulcinj.com\/blog\/2012\/01\/29\/protest-ulcinjskih-ribara\/\" \/>\n<meta property=\"og:site_name\" content=\"Lajme nga Ulqini\" \/>\n<meta property=\"article:published_time\" content=\"2012-01-29T15:45:39+00:00\" \/>\n<meta property=\"og:image\" content=\"http:\/\/www.visit-ulcinj.com\/blog\/wp-content\/uploads\/2012\/01\/Protest-ulcinjskih-ribara.jpg\" \/>\n<meta name=\"twitter:label1\" content=\"Written by\" \/>\n\t<meta name=\"twitter:data1\" content=\"ulqini\" \/>\n<script type=\"application\/ld+json\" class=\"yoast-schema-graph\">{\"@context\":\"https:\/\/schema.org\",\"@graph\":[{\"@type\":\"WebSite\",\"@id\":\"https:\/\/www.visit-ulcinj.com\/blog\/#website\",\"url\":\"https:\/\/www.visit-ulcinj.com\/blog\/\",\"name\":\"Lajme nga Ulqini\",\"description\":\"Lajme,Vijesti,Ulqini,Ulqin,Crna Gora,Mali i Zi\",\"potentialAction\":[{\"@type\":\"SearchAction\",\"target\":{\"@type\":\"EntryPoint\",\"urlTemplate\":\"https:\/\/www.visit-ulcinj.com\/blog\/?s={search_term_string}\"},\"query-input\":\"required name=search_term_string\"}],\"inLanguage\":\"en-US\"},{\"@type\":\"ImageObject\",\"inLanguage\":\"en-US\",\"@id\":\"https:\/\/www.visit-ulcinj.com\/blog\/2012\/01\/29\/protest-ulcinjskih-ribara\/#primaryimage\",\"url\":\"http:\/\/www.visit-ulcinj.com\/blog\/wp-content\/uploads\/2012\/01\/Protest-ulcinjskih-ribara.jpg\",\"contentUrl\":\"http:\/\/www.visit-ulcinj.com\/blog\/wp-content\/uploads\/2012\/01\/Protest-ulcinjskih-ribara.jpg\"},{\"@type\":\"WebPage\",\"@id\":\"https:\/\/www.visit-ulcinj.com\/blog\/2012\/01\/29\/protest-ulcinjskih-ribara\/#webpage\",\"url\":\"https:\/\/www.visit-ulcinj.com\/blog\/2012\/01\/29\/protest-ulcinjskih-ribara\/\",\"name\":\"Protest ulcinjskih ribara - Lajme nga Ulqini\",\"isPartOf\":{\"@id\":\"https:\/\/www.visit-ulcinj.com\/blog\/#website\"},\"primaryImageOfPage\":{\"@id\":\"https:\/\/www.visit-ulcinj.com\/blog\/2012\/01\/29\/protest-ulcinjskih-ribara\/#primaryimage\"},\"datePublished\":\"2012-01-29T15:45:39+00:00\",\"dateModified\":\"2012-01-29T15:45:39+00:00\",\"author\":{\"@id\":\"https:\/\/www.visit-ulcinj.com\/blog\/#\/schema\/person\/dcab619c614d3038751c63bc2aadc06d\"},\"description\":\"Neprihvatljiv tretman ulcinjskih ribara Ribari tra\u017ee da se poni\u0161ti novi cjenovnik kojim je ribarska ku\u0107ica izjedna\u010dena sa komercijalno-turisti\u010dkim\",\"breadcrumb\":{\"@id\":\"https:\/\/www.visit-ulcinj.com\/blog\/2012\/01\/29\/protest-ulcinjskih-ribara\/#breadcrumb\"},\"inLanguage\":\"en-US\",\"potentialAction\":[{\"@type\":\"ReadAction\",\"target\":[\"https:\/\/www.visit-ulcinj.com\/blog\/2012\/01\/29\/protest-ulcinjskih-ribara\/\"]}]},{\"@type\":\"BreadcrumbList\",\"@id\":\"https:\/\/www.visit-ulcinj.com\/blog\/2012\/01\/29\/protest-ulcinjskih-ribara\/#breadcrumb\",\"itemListElement\":[{\"@type\":\"ListItem\",\"position\":1,\"name\":\"Protest ulcinjskih ribara\"}]},{\"@type\":\"Person\",\"@id\":\"https:\/\/www.visit-ulcinj.com\/blog\/#\/schema\/person\/dcab619c614d3038751c63bc2aadc06d\",\"name\":\"ulqini\",\"sameAs\":[\"http:\/\/www.visit-ulcinj.com\"],\"url\":\"https:\/\/www.visit-ulcinj.com\/blog\/author\/admin\/\"}]}<\/script>\n<!-- \/ Yoast SEO plugin. -->","yoast_head_json":{"title":"Protest ulcinjskih ribara - Lajme nga Ulqini","description":"Neprihvatljiv tretman ulcinjskih ribara Ribari tra\u017ee da se poni\u0161ti novi cjenovnik kojim je ribarska ku\u0107ica izjedna\u010dena sa komercijalno-turisti\u010dkim","robots":{"index":"index","follow":"follow","max-snippet":"max-snippet:-1","max-image-preview":"max-image-preview:large","max-video-preview":"max-video-preview:-1"},"canonical":"https:\/\/www.visit-ulcinj.com\/blog\/2012\/01\/29\/protest-ulcinjskih-ribara\/","og_locale":"en_US","og_type":"article","og_title":"Protest ulcinjskih ribara - Lajme nga Ulqini","og_description":"Neprihvatljiv tretman ulcinjskih ribara Ribari tra\u017ee da se poni\u0161ti novi cjenovnik kojim je ribarska ku\u0107ica izjedna\u010dena sa komercijalno-turisti\u010dkim","og_url":"https:\/\/www.visit-ulcinj.com\/blog\/2012\/01\/29\/protest-ulcinjskih-ribara\/","og_site_name":"Lajme nga Ulqini","article_published_time":"2012-01-29T15:45:39+00:00","og_image":[{"url":"http:\/\/www.visit-ulcinj.com\/blog\/wp-content\/uploads\/2012\/01\/Protest-ulcinjskih-ribara.jpg"}],"twitter_misc":{"Written by":"ulqini"},"schema":{"@context":"https:\/\/schema.org","@graph":[{"@type":"WebSite","@id":"https:\/\/www.visit-ulcinj.com\/blog\/#website","url":"https:\/\/www.visit-ulcinj.com\/blog\/","name":"Lajme nga Ulqini","description":"Lajme,Vijesti,Ulqini,Ulqin,Crna Gora,Mali i Zi","potentialAction":[{"@type":"SearchAction","target":{"@type":"EntryPoint","urlTemplate":"https:\/\/www.visit-ulcinj.com\/blog\/?s={search_term_string}"},"query-input":"required name=search_term_string"}],"inLanguage":"en-US"},{"@type":"ImageObject","inLanguage":"en-US","@id":"https:\/\/www.visit-ulcinj.com\/blog\/2012\/01\/29\/protest-ulcinjskih-ribara\/#primaryimage","url":"http:\/\/www.visit-ulcinj.com\/blog\/wp-content\/uploads\/2012\/01\/Protest-ulcinjskih-ribara.jpg","contentUrl":"http:\/\/www.visit-ulcinj.com\/blog\/wp-content\/uploads\/2012\/01\/Protest-ulcinjskih-ribara.jpg"},{"@type":"WebPage","@id":"https:\/\/www.visit-ulcinj.com\/blog\/2012\/01\/29\/protest-ulcinjskih-ribara\/#webpage","url":"https:\/\/www.visit-ulcinj.com\/blog\/2012\/01\/29\/protest-ulcinjskih-ribara\/","name":"Protest ulcinjskih ribara - Lajme nga Ulqini","isPartOf":{"@id":"https:\/\/www.visit-ulcinj.com\/blog\/#website"},"primaryImageOfPage":{"@id":"https:\/\/www.visit-ulcinj.com\/blog\/2012\/01\/29\/protest-ulcinjskih-ribara\/#primaryimage"},"datePublished":"2012-01-29T15:45:39+00:00","dateModified":"2012-01-29T15:45:39+00:00","author":{"@id":"https:\/\/www.visit-ulcinj.com\/blog\/#\/schema\/person\/dcab619c614d3038751c63bc2aadc06d"},"description":"Neprihvatljiv tretman ulcinjskih ribara Ribari tra\u017ee da se poni\u0161ti novi cjenovnik kojim je ribarska ku\u0107ica izjedna\u010dena sa komercijalno-turisti\u010dkim","breadcrumb":{"@id":"https:\/\/www.visit-ulcinj.com\/blog\/2012\/01\/29\/protest-ulcinjskih-ribara\/#breadcrumb"},"inLanguage":"en-US","potentialAction":[{"@type":"ReadAction","target":["https:\/\/www.visit-ulcinj.com\/blog\/2012\/01\/29\/protest-ulcinjskih-ribara\/"]}]},{"@type":"BreadcrumbList","@id":"https:\/\/www.visit-ulcinj.com\/blog\/2012\/01\/29\/protest-ulcinjskih-ribara\/#breadcrumb","itemListElement":[{"@type":"ListItem","position":1,"name":"Protest ulcinjskih ribara"}]},{"@type":"Person","@id":"https:\/\/www.visit-ulcinj.com\/blog\/#\/schema\/person\/dcab619c614d3038751c63bc2aadc06d","name":"ulqini","sameAs":["http:\/\/www.visit-ulcinj.com"],"url":"https:\/\/www.visit-ulcinj.com\/blog\/author\/admin\/"}]}},"jetpack_featured_media_url":"","jetpack_sharing_enabled":true,"jetpack_shortlink":"https:\/\/wp.me\/pe6lTn-eH4","_links":{"self":[{"href":"https:\/\/www.visit-ulcinj.com\/blog\/wp-json\/wp\/v2\/posts\/56486"}],"collection":[{"href":"https:\/\/www.visit-ulcinj.com\/blog\/wp-json\/wp\/v2\/posts"}],"about":[{"href":"https:\/\/www.visit-ulcinj.com\/blog\/wp-json\/wp\/v2\/types\/post"}],"author":[{"embeddable":true,"href":"https:\/\/www.visit-ulcinj.com\/blog\/wp-json\/wp\/v2\/users\/1"}],"replies":[{"embeddable":true,"href":"https:\/\/www.visit-ulcinj.com\/blog\/wp-json\/wp\/v2\/comments?post=56486"}],"version-history":[{"count":1,"href":"https:\/\/www.visit-ulcinj.com\/blog\/wp-json\/wp\/v2\/posts\/56486\/revisions"}],"predecessor-version":[{"id":56488,"href":"https:\/\/www.visit-ulcinj.com\/blog\/wp-json\/wp\/v2\/posts\/56486\/revisions\/56488"}],"wp:attachment":[{"href":"https:\/\/www.visit-ulcinj.com\/blog\/wp-json\/wp\/v2\/media?parent=56486"}],"wp:term":[{"taxonomy":"category","embeddable":true,"href":"https:\/\/www.visit-ulcinj.com\/blog\/wp-json\/wp\/v2\/categories?post=56486"},{"taxonomy":"post_tag","embeddable":true,"href":"https:\/\/www.visit-ulcinj.com\/blog\/wp-json\/wp\/v2\/tags?post=56486"}],"curies":[{"name":"wp","href":"https:\/\/api.w.org\/{rel}","templated":true}]}}