{"id":566,"date":"2008-02-18T13:32:04","date_gmt":"2008-02-18T18:32:04","guid":{"rendered":"http:\/\/www.visit-ulcinj.com\/blog\/2008\/02\/18\/kryetari-i-komunes-se-ulqinit-gezim-hajdinaga-bisedoi-te-merkuren-me-kryetarin-e-komunes-italiane\/"},"modified":"2008-02-19T15:25:34","modified_gmt":"2008-02-19T20:25:34","slug":"kryetari-i-komunes-se-ulqinit-gezim-hajdinaga-bisedoi-te-merkuren-me-kryetarin-e-komunes-italiane","status":"publish","type":"post","link":"https:\/\/www.visit-ulcinj.com\/blog\/2008\/02\/18\/kryetari-i-komunes-se-ulqinit-gezim-hajdinaga-bisedoi-te-merkuren-me-kryetarin-e-komunes-italiane\/","title":{"rendered":"Kryetari i komun\u00ebs s\u00eb Ulqinit, G\u00ebzim Hajdinaga, bisedoi t\u00eb m\u00ebrkur\u00ebn me kryetarin e komun\u00ebs italiane"},"content":{"rendered":"<p><a href=\"http:\/\/www.visit-ulcinj.com\/blog\/2008\/02\/18\/kryetari-i-komunes-se-ulqinit-gezim-hajdinaga-bisedoi-te-merkuren-me-kryetarin-e-komunes-italiane\/eurodistrict\/\" rel=\"attachment wp-att-565\" title=\"eurodistrict\"><img loading=\"lazy\" src=\"http:\/\/www.visit-ulcinj.com\/blog\/wp-content\/uploads\/2008\/02\/euro-district.jpg\" alt=\"eurodistrict\" align=\"left\" height=\"145\" width=\"150\" \/><\/a><strong>Q\u00ebllimi, thithja e fondeve t\u00eb BE-s\u00eb<\/strong><br \/>\n<a href=\"http:\/\/www.visit-ulcinj.com\/gallery\/main.php\" title=\"Ulcinj-ulqini-ulqin,montenegro\" target=\"_blank\"> Ulqin<\/a> &#8211; Kryetari i Komun\u00ebs s\u00eb Ulqinit, G\u00ebzim Hajdinaga, bisedoi t\u00eb m\u00ebrkur\u00ebn me kryetarin e Komun\u00ebs Guilionese t\u00eb rajonit Molisa t\u00eb Italis\u00eb, Cloridano Bellochio, rreth mund\u00ebsis\u00eb s\u00eb krijimit t\u00eb Euro Distriktit &#8220;Adritiku&#8221;, i cili ka p\u00ebr q\u00ebllim thithjen e fondeve t\u00eb BE-s\u00eb t\u00eb destinuara p\u00ebr k\u00ebt\u00eb rajon.<br \/>\nSipas projektit, n\u00eb k\u00ebt\u00eb organiz\u00ebm parashikohen t\u00eb marrin pjes\u00eb 16 qytete t\u00eb rajonit t\u00eb Adriatikut, tet\u00eb prej t\u00eb cilave nga rajoni Molisa n\u00eb Itali, gjasht\u00eb komunat bregdetare n\u00eb Mal t\u00eb Zi dhe qytetet Shkodra dhe Kruja n\u00eb Shqip\u00ebri.<br \/>\nBelo\u00e7io tha se b\u00ebhet fjal\u00eb p\u00ebr nj\u00eb projekt unik dhe shprehu k\u00ebnaq\u00ebsi q\u00eb n\u00eb bisedimet e zhvilluara me kryetar\u00ebt e komunave n\u00eb Mal t\u00eb Zi q\u00eb parashikohen t\u00eb p\u00ebrfshihen n\u00eb projekt ka hasur n\u00eb p\u00ebrgjigje pozitive.<br \/>\n&#8220;Jemi t\u00eb k\u00ebnaqur q\u00eb kemi hasur n\u00eb p\u00ebrgjigje pozitive n\u00eb Mal t\u00eb Zi dhe n\u00eb njer\u00ebz q\u00eb jan\u00eb t\u00eb hapur p\u00ebr bashk\u00ebpunim. T\u00eb gjith\u00eb k\u00ebt\u00eb e shikojn\u00eb me nj\u00eb energji pozitive&#8221;, tha Belo\u00e7io.<br \/>\nProjekti parashikon q\u00eb deri n\u00eb fund t\u00eb muajit shkurt, kryetar\u00ebt e qyteteve t\u00eb japin p\u00eblqimin p\u00ebr p\u00ebrfshirje n\u00eb Euro Distrikt, kurse n\u00eb muajin mars n\u00eb Itali pritet t\u00eb n\u00ebnshkruhet Konventa.<br \/>\nKryetari i Komun\u00ebs s\u00eb Ulqinit, G\u00ebzim Hajdinaga, n\u00ebnvizoi gatishm\u00ebrin\u00eb e Komun\u00ebs s\u00eb Ulqinit p\u00ebr pjes\u00ebmarrje n\u00eb projekte t\u00eb tilla rajonale q\u00eb kan\u00eb p\u00ebr q\u00ebllim zhvillimin e tij.<br \/>\n&#8220;Ne si komun\u00eb jemi t\u00eb hapur p\u00ebr bashk\u00ebpunim dhe normalisht me k\u00ebnaq\u00ebsi kemi pranuar q\u00eb t\u00eb jemi nj\u00ebra prej atyre komunave n\u00eb Mal t\u00eb Zi q\u00eb do t\u00eb jen\u00eb n\u00eb k\u00ebt\u00eb organiz\u00ebm&#8221;, theksoi ai, duke shtuar se vendimi do t\u00eb merret pas shqyrtimit n\u00eb detaje t\u00eb an\u00ebve pozitive dhe detyrimeve q\u00eb burojn\u00eb nga Konventa dhe p\u00ebrfshirja n\u00eb k\u00ebt\u00eb organiz\u00ebm.<br \/>\nI.K<br \/>\nwww.kohajavore.cg.yu<\/p>\n","protected":false},"excerpt":{"rendered":"<p><img loading=\"lazy\" src=\"http:\/\/www.visit-ulcinj.com\/blog\/wp-content\/uploads\/2008\/02\/euro-district.jpg\" alt=\"eurodistrict\" align=\"left\" height=\"140\" width=\"140\"\/><\/p>\n","protected":false},"author":1,"featured_media":0,"comment_status":"open","ping_status":"closed","sticky":false,"template":"","format":"standard","meta":{"spay_email":"","jetpack_publicize_message":"","jetpack_is_tweetstorm":false,"jetpack_publicize_feature_enabled":true},"categories":[1],"tags":[222,503,200],"jetpack_publicize_connections":[],"yoast_head":"<!-- This site is optimized with the Yoast SEO plugin v19.1 - https:\/\/yoast.com\/wordpress\/plugins\/seo\/ -->\n<title>Kryetari i komun\u00ebs s\u00eb Ulqinit, G\u00ebzim Hajdinaga, bisedoi t\u00eb m\u00ebrkur\u00ebn me kryetarin e komun\u00ebs italiane - Lajme nga Ulqini<\/title>\n<meta name=\"robots\" content=\"index, follow, max-snippet:-1, max-image-preview:large, max-video-preview:-1\" \/>\n<link rel=\"canonical\" href=\"https:\/\/www.visit-ulcinj.com\/blog\/2008\/02\/18\/kryetari-i-komunes-se-ulqinit-gezim-hajdinaga-bisedoi-te-merkuren-me-kryetarin-e-komunes-italiane\/\" \/>\n<meta property=\"og:locale\" content=\"en_US\" \/>\n<meta property=\"og:type\" content=\"article\" \/>\n<meta property=\"og:title\" content=\"Kryetari i komun\u00ebs s\u00eb Ulqinit, G\u00ebzim Hajdinaga, bisedoi t\u00eb m\u00ebrkur\u00ebn me kryetarin e komun\u00ebs italiane - Lajme nga Ulqini\" \/>\n<meta property=\"og:url\" content=\"https:\/\/www.visit-ulcinj.com\/blog\/2008\/02\/18\/kryetari-i-komunes-se-ulqinit-gezim-hajdinaga-bisedoi-te-merkuren-me-kryetarin-e-komunes-italiane\/\" \/>\n<meta property=\"og:site_name\" content=\"Lajme nga Ulqini\" \/>\n<meta property=\"article:published_time\" content=\"2008-02-18T18:32:04+00:00\" \/>\n<meta property=\"article:modified_time\" content=\"2008-02-19T20:25:34+00:00\" \/>\n<meta property=\"og:image\" content=\"http:\/\/www.visit-ulcinj.com\/blog\/wp-content\/uploads\/2008\/02\/euro-district.jpg\" \/>\n<meta name=\"twitter:label1\" content=\"Written by\" \/>\n\t<meta name=\"twitter:data1\" content=\"ulqini\" \/>\n\t<meta name=\"twitter:label2\" content=\"Est. reading time\" \/>\n\t<meta name=\"twitter:data2\" content=\"2 minutes\" \/>\n<script type=\"application\/ld+json\" class=\"yoast-schema-graph\">{\"@context\":\"https:\/\/schema.org\",\"@graph\":[{\"@type\":\"WebSite\",\"@id\":\"https:\/\/www.visit-ulcinj.com\/blog\/#website\",\"url\":\"https:\/\/www.visit-ulcinj.com\/blog\/\",\"name\":\"Lajme nga Ulqini\",\"description\":\"Lajme,Vijesti,Ulqini,Ulqin,Crna Gora,Mali i Zi\",\"potentialAction\":[{\"@type\":\"SearchAction\",\"target\":{\"@type\":\"EntryPoint\",\"urlTemplate\":\"https:\/\/www.visit-ulcinj.com\/blog\/?s={search_term_string}\"},\"query-input\":\"required name=search_term_string\"}],\"inLanguage\":\"en-US\"},{\"@type\":\"ImageObject\",\"inLanguage\":\"en-US\",\"@id\":\"https:\/\/www.visit-ulcinj.com\/blog\/2008\/02\/18\/kryetari-i-komunes-se-ulqinit-gezim-hajdinaga-bisedoi-te-merkuren-me-kryetarin-e-komunes-italiane\/#primaryimage\",\"url\":\"http:\/\/www.visit-ulcinj.com\/blog\/wp-content\/uploads\/2008\/02\/euro-district.jpg\",\"contentUrl\":\"http:\/\/www.visit-ulcinj.com\/blog\/wp-content\/uploads\/2008\/02\/euro-district.jpg\"},{\"@type\":\"WebPage\",\"@id\":\"https:\/\/www.visit-ulcinj.com\/blog\/2008\/02\/18\/kryetari-i-komunes-se-ulqinit-gezim-hajdinaga-bisedoi-te-merkuren-me-kryetarin-e-komunes-italiane\/#webpage\",\"url\":\"https:\/\/www.visit-ulcinj.com\/blog\/2008\/02\/18\/kryetari-i-komunes-se-ulqinit-gezim-hajdinaga-bisedoi-te-merkuren-me-kryetarin-e-komunes-italiane\/\",\"name\":\"Kryetari i komun\u00ebs s\u00eb Ulqinit, G\u00ebzim Hajdinaga, bisedoi t\u00eb m\u00ebrkur\u00ebn me kryetarin e komun\u00ebs italiane - Lajme nga Ulqini\",\"isPartOf\":{\"@id\":\"https:\/\/www.visit-ulcinj.com\/blog\/#website\"},\"primaryImageOfPage\":{\"@id\":\"https:\/\/www.visit-ulcinj.com\/blog\/2008\/02\/18\/kryetari-i-komunes-se-ulqinit-gezim-hajdinaga-bisedoi-te-merkuren-me-kryetarin-e-komunes-italiane\/#primaryimage\"},\"datePublished\":\"2008-02-18T18:32:04+00:00\",\"dateModified\":\"2008-02-19T20:25:34+00:00\",\"author\":{\"@id\":\"https:\/\/www.visit-ulcinj.com\/blog\/#\/schema\/person\/dcab619c614d3038751c63bc2aadc06d\"},\"breadcrumb\":{\"@id\":\"https:\/\/www.visit-ulcinj.com\/blog\/2008\/02\/18\/kryetari-i-komunes-se-ulqinit-gezim-hajdinaga-bisedoi-te-merkuren-me-kryetarin-e-komunes-italiane\/#breadcrumb\"},\"inLanguage\":\"en-US\",\"potentialAction\":[{\"@type\":\"ReadAction\",\"target\":[\"https:\/\/www.visit-ulcinj.com\/blog\/2008\/02\/18\/kryetari-i-komunes-se-ulqinit-gezim-hajdinaga-bisedoi-te-merkuren-me-kryetarin-e-komunes-italiane\/\"]}]},{\"@type\":\"BreadcrumbList\",\"@id\":\"https:\/\/www.visit-ulcinj.com\/blog\/2008\/02\/18\/kryetari-i-komunes-se-ulqinit-gezim-hajdinaga-bisedoi-te-merkuren-me-kryetarin-e-komunes-italiane\/#breadcrumb\",\"itemListElement\":[{\"@type\":\"ListItem\",\"position\":1,\"name\":\"Kryetari i komun\u00ebs s\u00eb Ulqinit, G\u00ebzim Hajdinaga, bisedoi t\u00eb m\u00ebrkur\u00ebn me kryetarin e komun\u00ebs italiane\"}]},{\"@type\":\"Person\",\"@id\":\"https:\/\/www.visit-ulcinj.com\/blog\/#\/schema\/person\/dcab619c614d3038751c63bc2aadc06d\",\"name\":\"ulqini\",\"sameAs\":[\"http:\/\/www.visit-ulcinj.com\"],\"url\":\"https:\/\/www.visit-ulcinj.com\/blog\/author\/admin\/\"}]}<\/script>\n<!-- \/ Yoast SEO plugin. -->","yoast_head_json":{"title":"Kryetari i komun\u00ebs s\u00eb Ulqinit, G\u00ebzim Hajdinaga, bisedoi t\u00eb m\u00ebrkur\u00ebn me kryetarin e komun\u00ebs italiane - Lajme nga Ulqini","robots":{"index":"index","follow":"follow","max-snippet":"max-snippet:-1","max-image-preview":"max-image-preview:large","max-video-preview":"max-video-preview:-1"},"canonical":"https:\/\/www.visit-ulcinj.com\/blog\/2008\/02\/18\/kryetari-i-komunes-se-ulqinit-gezim-hajdinaga-bisedoi-te-merkuren-me-kryetarin-e-komunes-italiane\/","og_locale":"en_US","og_type":"article","og_title":"Kryetari i komun\u00ebs s\u00eb Ulqinit, G\u00ebzim Hajdinaga, bisedoi t\u00eb m\u00ebrkur\u00ebn me kryetarin e komun\u00ebs italiane - Lajme nga Ulqini","og_url":"https:\/\/www.visit-ulcinj.com\/blog\/2008\/02\/18\/kryetari-i-komunes-se-ulqinit-gezim-hajdinaga-bisedoi-te-merkuren-me-kryetarin-e-komunes-italiane\/","og_site_name":"Lajme nga Ulqini","article_published_time":"2008-02-18T18:32:04+00:00","article_modified_time":"2008-02-19T20:25:34+00:00","og_image":[{"url":"http:\/\/www.visit-ulcinj.com\/blog\/wp-content\/uploads\/2008\/02\/euro-district.jpg"}],"twitter_misc":{"Written by":"ulqini","Est. reading time":"2 minutes"},"schema":{"@context":"https:\/\/schema.org","@graph":[{"@type":"WebSite","@id":"https:\/\/www.visit-ulcinj.com\/blog\/#website","url":"https:\/\/www.visit-ulcinj.com\/blog\/","name":"Lajme nga Ulqini","description":"Lajme,Vijesti,Ulqini,Ulqin,Crna Gora,Mali i Zi","potentialAction":[{"@type":"SearchAction","target":{"@type":"EntryPoint","urlTemplate":"https:\/\/www.visit-ulcinj.com\/blog\/?s={search_term_string}"},"query-input":"required name=search_term_string"}],"inLanguage":"en-US"},{"@type":"ImageObject","inLanguage":"en-US","@id":"https:\/\/www.visit-ulcinj.com\/blog\/2008\/02\/18\/kryetari-i-komunes-se-ulqinit-gezim-hajdinaga-bisedoi-te-merkuren-me-kryetarin-e-komunes-italiane\/#primaryimage","url":"http:\/\/www.visit-ulcinj.com\/blog\/wp-content\/uploads\/2008\/02\/euro-district.jpg","contentUrl":"http:\/\/www.visit-ulcinj.com\/blog\/wp-content\/uploads\/2008\/02\/euro-district.jpg"},{"@type":"WebPage","@id":"https:\/\/www.visit-ulcinj.com\/blog\/2008\/02\/18\/kryetari-i-komunes-se-ulqinit-gezim-hajdinaga-bisedoi-te-merkuren-me-kryetarin-e-komunes-italiane\/#webpage","url":"https:\/\/www.visit-ulcinj.com\/blog\/2008\/02\/18\/kryetari-i-komunes-se-ulqinit-gezim-hajdinaga-bisedoi-te-merkuren-me-kryetarin-e-komunes-italiane\/","name":"Kryetari i komun\u00ebs s\u00eb Ulqinit, G\u00ebzim Hajdinaga, bisedoi t\u00eb m\u00ebrkur\u00ebn me kryetarin e komun\u00ebs italiane - Lajme nga Ulqini","isPartOf":{"@id":"https:\/\/www.visit-ulcinj.com\/blog\/#website"},"primaryImageOfPage":{"@id":"https:\/\/www.visit-ulcinj.com\/blog\/2008\/02\/18\/kryetari-i-komunes-se-ulqinit-gezim-hajdinaga-bisedoi-te-merkuren-me-kryetarin-e-komunes-italiane\/#primaryimage"},"datePublished":"2008-02-18T18:32:04+00:00","dateModified":"2008-02-19T20:25:34+00:00","author":{"@id":"https:\/\/www.visit-ulcinj.com\/blog\/#\/schema\/person\/dcab619c614d3038751c63bc2aadc06d"},"breadcrumb":{"@id":"https:\/\/www.visit-ulcinj.com\/blog\/2008\/02\/18\/kryetari-i-komunes-se-ulqinit-gezim-hajdinaga-bisedoi-te-merkuren-me-kryetarin-e-komunes-italiane\/#breadcrumb"},"inLanguage":"en-US","potentialAction":[{"@type":"ReadAction","target":["https:\/\/www.visit-ulcinj.com\/blog\/2008\/02\/18\/kryetari-i-komunes-se-ulqinit-gezim-hajdinaga-bisedoi-te-merkuren-me-kryetarin-e-komunes-italiane\/"]}]},{"@type":"BreadcrumbList","@id":"https:\/\/www.visit-ulcinj.com\/blog\/2008\/02\/18\/kryetari-i-komunes-se-ulqinit-gezim-hajdinaga-bisedoi-te-merkuren-me-kryetarin-e-komunes-italiane\/#breadcrumb","itemListElement":[{"@type":"ListItem","position":1,"name":"Kryetari i komun\u00ebs s\u00eb Ulqinit, G\u00ebzim Hajdinaga, bisedoi t\u00eb m\u00ebrkur\u00ebn me kryetarin e komun\u00ebs italiane"}]},{"@type":"Person","@id":"https:\/\/www.visit-ulcinj.com\/blog\/#\/schema\/person\/dcab619c614d3038751c63bc2aadc06d","name":"ulqini","sameAs":["http:\/\/www.visit-ulcinj.com"],"url":"https:\/\/www.visit-ulcinj.com\/blog\/author\/admin\/"}]}},"jetpack_featured_media_url":"","jetpack_sharing_enabled":true,"jetpack_shortlink":"https:\/\/wp.me\/pe6lTn-98","_links":{"self":[{"href":"https:\/\/www.visit-ulcinj.com\/blog\/wp-json\/wp\/v2\/posts\/566"}],"collection":[{"href":"https:\/\/www.visit-ulcinj.com\/blog\/wp-json\/wp\/v2\/posts"}],"about":[{"href":"https:\/\/www.visit-ulcinj.com\/blog\/wp-json\/wp\/v2\/types\/post"}],"author":[{"embeddable":true,"href":"https:\/\/www.visit-ulcinj.com\/blog\/wp-json\/wp\/v2\/users\/1"}],"replies":[{"embeddable":true,"href":"https:\/\/www.visit-ulcinj.com\/blog\/wp-json\/wp\/v2\/comments?post=566"}],"version-history":[{"count":0,"href":"https:\/\/www.visit-ulcinj.com\/blog\/wp-json\/wp\/v2\/posts\/566\/revisions"}],"wp:attachment":[{"href":"https:\/\/www.visit-ulcinj.com\/blog\/wp-json\/wp\/v2\/media?parent=566"}],"wp:term":[{"taxonomy":"category","embeddable":true,"href":"https:\/\/www.visit-ulcinj.com\/blog\/wp-json\/wp\/v2\/categories?post=566"},{"taxonomy":"post_tag","embeddable":true,"href":"https:\/\/www.visit-ulcinj.com\/blog\/wp-json\/wp\/v2\/tags?post=566"}],"curies":[{"name":"wp","href":"https:\/\/api.w.org\/{rel}","templated":true}]}}