{"id":56626,"date":"2012-01-31T20:48:08","date_gmt":"2012-01-31T19:48:08","guid":{"rendered":"http:\/\/www.visit-ulcinj.com\/blog\/?p=56626"},"modified":"2012-01-31T20:48:49","modified_gmt":"2012-01-31T19:48:49","slug":"ministri-ibrahim-makolli-vizitoi-ulqinin","status":"publish","type":"post","link":"https:\/\/www.visit-ulcinj.com\/blog\/2012\/01\/31\/ministri-ibrahim-makolli-vizitoi-ulqinin\/","title":{"rendered":"Ministri Ibrahim Makolli vizitoi Ulqinin"},"content":{"rendered":"<p><a href=\"http:\/\/www.visit-ulcinj.com\/blog\/wp-content\/uploads\/2012\/01\/Ministri-Ibrahim-Makolli-vizitoi-Ulqinin_Nazif-Cungu.jpg\"><img loading=\"lazy\" class=\"alignleft  wp-image-56627\" title=\"Ministri Ibrahim Makolli vizitoi Ulqinin_Nazif Cungu\" src=\"http:\/\/www.visit-ulcinj.com\/blog\/wp-content\/uploads\/2012\/01\/Ministri-Ibrahim-Makolli-vizitoi-Ulqinin_Nazif-Cungu.jpg\" alt=\"\" width=\"508\" height=\"380\" \/><\/a>N\u00eb takim morr\u00ebn pjes\u00eb: Kryetari i Komun\u00ebs s\u00eb Ulqinit dhe nj\u00ebkoh\u00ebsisht edhe kryetar i parits\u00eb FORCA, Nazif Cungu, deputetet ne parlamentin e Malit t\u00eb Zi Genci Nimanbegu, Mehemt Bardhi, Vasel Sinishtaj dhe Mehmet Zenka, kryetar i PD-se Fatmir Gjekaj dhe kryetar i kuvendit te Komunes s\u00eb Ulqinit Milazim Mustafa, kryetar i levizjes \u201ePerspektiva&#8221; Amir Hollaj, kryetar i Alternativ\u00ebs Shqiptare Gjergj Camaj, kryetar i PPD-se Ali Rexha dhe kryetar i K\u00ebshillit Nacional t\u00eb Shqiptar\u00ebve n\u00eb MZ Tahir Tahiri.<\/p>\n<p>Pas takimit me subjektet politike shqiptare Ministri Makoli ishte musafir i Kryetarit t\u00eb komun\u00ebs s\u00eb Ulqinit Nazif Cungu, i cili e priti ne kabinetin e tij.<br \/>\n<a href=\"http:\/\/www.visit-ulcinj.com\/blog\/wp-content\/uploads\/2012\/01\/Ministri-Ibrahim-MakolliNazif-CunguGenci-NimanbeguMehemt-BardhiVasel-SinishtajMehmet-ZenkaFatmir-GjekajMilazim-MustafaA.jpg\"><img loading=\"lazy\" class=\"alignleft  wp-image-56628\" title=\"Ministri Ibrahim Makolli,Nazif Cungu,Genci Nimanbegu,Mehemt Bardhi,Vasel Sinishtaj,Mehmet Zenka,Fatmir Gjekaj,Milazim Mustafa,A\" src=\"http:\/\/www.visit-ulcinj.com\/blog\/wp-content\/uploads\/2012\/01\/Ministri-Ibrahim-MakolliNazif-CunguGenci-NimanbeguMehemt-BardhiVasel-SinishtajMehmet-ZenkaFatmir-GjekajMilazim-MustafaA.jpg\" alt=\"\" width=\"508\" height=\"300\" \/><\/a><\/p>\n<p>Kryetari Cungu shprehi kenaq\u00ebsi t\u00eb ve\u00e7ant\u00eb p\u00ebr vizit\u00ebn e ministrit dhe mirnjohje p\u00ebr angazhimin n\u00eb orgaizmim e diaspor\u00ebs dhe ftes\u00ebs s\u00eb tij\u00eb p\u00ebr pjes\u00ebmarrje n\u00eb forume q\u00eb n\u00eb t\u00eb ardhmen do t&#8217;i organizoj\u00eb Ministria. Kryetari me k\u00ebnaq\u00ebsi pranoi q\u00eb p\u00ebrfaq\u00ebsuesit e Komun\u00ebs t\u00eb marrin pjes\u00eb n\u00eb forume t\u00eb tilla t\u00eb cilat mund t\u00eb shrytyzohen p\u00ebr promovim t\u00eb turizmit dhe p\u00ebr ftes\u00eb diasor\u00ebs q\u00eb t\u00eb investojn\u00eb ne Ulqin dhe ti sigurojn\u00eb q\u00eb po behen p\u00ebrpjekje maksmale n\u00eb aprovimin e planeve urbanistike dhe me hartimet e strategjive zhvillimore dhe t\u00eb rregullimit t\u00eb infrastruktur\u00ebs komunale t\u00eb Ulqniit, e q\u00eb jan\u00eb parakushte p\u00ebr realizimin e investimeve.<\/p>\n<p>Ministri Makolli me k\u00ebt\u00eb rast e fal\u00ebnderoi z Cungun p\u00ebr mir\u00ebpritje dhe organzimin e takimit ku ishin prezent t\u00eb gjith\u00eb subjektet politike shqiptare dhe ftoi edhe njlher\u00eb q\u00eb t\u00eb gith\u00eb t\u00eb marrin pjes\u00eb n\u00eb hartimin strategjive p\u00ebr diaspore, t\u00eb cil\u00ebn e konsideron diaspor\u00eb t\u00eb p\u00ebrbashk\u00ebt.<\/p>\n<p>Kjo eshte vizita e par\u00eb e nj\u00eb p\u00ebrfaq\u00ebsuesi t\u00eb qeveris\u00eb s\u00eb Kosov\u00ebs ne Ulqin. Ministri Makolli ishte mysafir nderit n\u00eb Festivalin e VII t\u00eb femijeve q\u00eb p\u00ebrfundoi mbr\u00ebm\u00eb.<\/p>\n<p><strong>Kabineti i Kryetarit t\u00eb Komun\u00ebs<br \/>\nKomuna e Ulqinit<br \/>\n<\/strong><\/p>\n","protected":false},"excerpt":{"rendered":"<p>N\u00eb takim morr\u00ebn pjes\u00eb: Kryetari i Komun\u00ebs s\u00eb Ulqinit dhe nj\u00ebkoh\u00ebsisht edhe kryetar i parits\u00eb FORCA, Nazif Cungu, deputetet ne parlamentin e Malit t\u00eb Zi Genci Nimanbegu, Mehemt Bardhi, Vasel Sinishtaj dhe Mehmet Zenka, kryetar i PD-se Fatmir Gjekaj dhe kryetar i kuvendit te Komunes s\u00eb Ulqinit Milazim Mustafa, kryetar i levizjes \u201ePerspektiva&#8221; Amir Hollaj, [&hellip;]<\/p>\n","protected":false},"author":1,"featured_media":0,"comment_status":"open","ping_status":"closed","sticky":false,"template":"","format":"standard","meta":{"spay_email":"","jetpack_publicize_message":"","jetpack_is_tweetstorm":false,"jetpack_publicize_feature_enabled":true},"categories":[6],"tags":[19944,19949,19951,19948,19947,19950,19943,19945,118,200,18,19946],"jetpack_publicize_connections":[],"yoast_head":"<!-- This site is optimized with the Yoast SEO plugin v19.1 - https:\/\/yoast.com\/wordpress\/plugins\/seo\/ -->\n<title>Ministri Ibrahim Makolli vizitoi Ulqinin - Lajme nga Ulqini<\/title>\n<meta name=\"description\" content=\"N\u00eb takim morr\u00ebn pjes\u00eb: Kryetari i Komun\u00ebs s\u00eb Ulqinit dhe nj\u00ebkoh\u00ebsisht edhe kryetar i parits\u00eb FORCA, Nazif Cungu, deputetet ne parlamentin e Malit t\u00eb Zi\" \/>\n<meta name=\"robots\" content=\"index, follow, max-snippet:-1, max-image-preview:large, max-video-preview:-1\" \/>\n<link rel=\"canonical\" href=\"https:\/\/www.visit-ulcinj.com\/blog\/2012\/01\/31\/ministri-ibrahim-makolli-vizitoi-ulqinin\/\" \/>\n<meta property=\"og:locale\" content=\"en_US\" \/>\n<meta property=\"og:type\" content=\"article\" \/>\n<meta property=\"og:title\" content=\"Ministri Ibrahim Makolli vizitoi Ulqinin - Lajme nga Ulqini\" \/>\n<meta property=\"og:description\" content=\"N\u00eb takim morr\u00ebn pjes\u00eb: Kryetari i Komun\u00ebs s\u00eb Ulqinit dhe nj\u00ebkoh\u00ebsisht edhe kryetar i parits\u00eb FORCA, Nazif Cungu, deputetet ne parlamentin e Malit t\u00eb Zi\" \/>\n<meta property=\"og:url\" content=\"https:\/\/www.visit-ulcinj.com\/blog\/2012\/01\/31\/ministri-ibrahim-makolli-vizitoi-ulqinin\/\" \/>\n<meta property=\"og:site_name\" content=\"Lajme nga Ulqini\" \/>\n<meta property=\"article:published_time\" content=\"2012-01-31T19:48:08+00:00\" \/>\n<meta property=\"article:modified_time\" content=\"2012-01-31T19:48:49+00:00\" \/>\n<meta property=\"og:image\" content=\"http:\/\/www.visit-ulcinj.com\/blog\/wp-content\/uploads\/2012\/01\/Ministri-Ibrahim-Makolli-vizitoi-Ulqinin_Nazif-Cungu.jpg\" \/>\n<meta name=\"twitter:label1\" content=\"Written by\" \/>\n\t<meta name=\"twitter:data1\" content=\"ulqini\" \/>\n\t<meta name=\"twitter:label2\" content=\"Est. reading time\" \/>\n\t<meta name=\"twitter:data2\" content=\"2 minutes\" \/>\n<script type=\"application\/ld+json\" class=\"yoast-schema-graph\">{\"@context\":\"https:\/\/schema.org\",\"@graph\":[{\"@type\":\"WebSite\",\"@id\":\"https:\/\/www.visit-ulcinj.com\/blog\/#website\",\"url\":\"https:\/\/www.visit-ulcinj.com\/blog\/\",\"name\":\"Lajme nga Ulqini\",\"description\":\"Lajme,Vijesti,Ulqini,Ulqin,Crna Gora,Mali i Zi\",\"potentialAction\":[{\"@type\":\"SearchAction\",\"target\":{\"@type\":\"EntryPoint\",\"urlTemplate\":\"https:\/\/www.visit-ulcinj.com\/blog\/?s={search_term_string}\"},\"query-input\":\"required name=search_term_string\"}],\"inLanguage\":\"en-US\"},{\"@type\":\"ImageObject\",\"inLanguage\":\"en-US\",\"@id\":\"https:\/\/www.visit-ulcinj.com\/blog\/2012\/01\/31\/ministri-ibrahim-makolli-vizitoi-ulqinin\/#primaryimage\",\"url\":\"https:\/\/www.visit-ulcinj.com\/blog\/wp-content\/uploads\/2012\/01\/Ministri-Ibrahim-Makolli-vizitoi-Ulqinin_Nazif-Cungu.jpg\",\"contentUrl\":\"https:\/\/www.visit-ulcinj.com\/blog\/wp-content\/uploads\/2012\/01\/Ministri-Ibrahim-Makolli-vizitoi-Ulqinin_Nazif-Cungu.jpg\",\"width\":\"1024\",\"height\":\"678\"},{\"@type\":\"WebPage\",\"@id\":\"https:\/\/www.visit-ulcinj.com\/blog\/2012\/01\/31\/ministri-ibrahim-makolli-vizitoi-ulqinin\/#webpage\",\"url\":\"https:\/\/www.visit-ulcinj.com\/blog\/2012\/01\/31\/ministri-ibrahim-makolli-vizitoi-ulqinin\/\",\"name\":\"Ministri Ibrahim Makolli vizitoi Ulqinin - Lajme nga Ulqini\",\"isPartOf\":{\"@id\":\"https:\/\/www.visit-ulcinj.com\/blog\/#website\"},\"primaryImageOfPage\":{\"@id\":\"https:\/\/www.visit-ulcinj.com\/blog\/2012\/01\/31\/ministri-ibrahim-makolli-vizitoi-ulqinin\/#primaryimage\"},\"datePublished\":\"2012-01-31T19:48:08+00:00\",\"dateModified\":\"2012-01-31T19:48:49+00:00\",\"author\":{\"@id\":\"https:\/\/www.visit-ulcinj.com\/blog\/#\/schema\/person\/dcab619c614d3038751c63bc2aadc06d\"},\"description\":\"N\u00eb takim morr\u00ebn pjes\u00eb: Kryetari i Komun\u00ebs s\u00eb Ulqinit dhe nj\u00ebkoh\u00ebsisht edhe kryetar i parits\u00eb FORCA, Nazif Cungu, deputetet ne parlamentin e Malit t\u00eb Zi\",\"breadcrumb\":{\"@id\":\"https:\/\/www.visit-ulcinj.com\/blog\/2012\/01\/31\/ministri-ibrahim-makolli-vizitoi-ulqinin\/#breadcrumb\"},\"inLanguage\":\"en-US\",\"potentialAction\":[{\"@type\":\"ReadAction\",\"target\":[\"https:\/\/www.visit-ulcinj.com\/blog\/2012\/01\/31\/ministri-ibrahim-makolli-vizitoi-ulqinin\/\"]}]},{\"@type\":\"BreadcrumbList\",\"@id\":\"https:\/\/www.visit-ulcinj.com\/blog\/2012\/01\/31\/ministri-ibrahim-makolli-vizitoi-ulqinin\/#breadcrumb\",\"itemListElement\":[{\"@type\":\"ListItem\",\"position\":1,\"name\":\"Ministri Ibrahim Makolli vizitoi Ulqinin\"}]},{\"@type\":\"Person\",\"@id\":\"https:\/\/www.visit-ulcinj.com\/blog\/#\/schema\/person\/dcab619c614d3038751c63bc2aadc06d\",\"name\":\"ulqini\",\"sameAs\":[\"http:\/\/www.visit-ulcinj.com\"],\"url\":\"https:\/\/www.visit-ulcinj.com\/blog\/author\/admin\/\"}]}<\/script>\n<!-- \/ Yoast SEO plugin. -->","yoast_head_json":{"title":"Ministri Ibrahim Makolli vizitoi Ulqinin - Lajme nga Ulqini","description":"N\u00eb takim morr\u00ebn pjes\u00eb: Kryetari i Komun\u00ebs s\u00eb Ulqinit dhe nj\u00ebkoh\u00ebsisht edhe kryetar i parits\u00eb FORCA, Nazif Cungu, deputetet ne parlamentin e Malit t\u00eb Zi","robots":{"index":"index","follow":"follow","max-snippet":"max-snippet:-1","max-image-preview":"max-image-preview:large","max-video-preview":"max-video-preview:-1"},"canonical":"https:\/\/www.visit-ulcinj.com\/blog\/2012\/01\/31\/ministri-ibrahim-makolli-vizitoi-ulqinin\/","og_locale":"en_US","og_type":"article","og_title":"Ministri Ibrahim Makolli vizitoi Ulqinin - Lajme nga Ulqini","og_description":"N\u00eb takim morr\u00ebn pjes\u00eb: Kryetari i Komun\u00ebs s\u00eb Ulqinit dhe nj\u00ebkoh\u00ebsisht edhe kryetar i parits\u00eb FORCA, Nazif Cungu, deputetet ne parlamentin e Malit t\u00eb Zi","og_url":"https:\/\/www.visit-ulcinj.com\/blog\/2012\/01\/31\/ministri-ibrahim-makolli-vizitoi-ulqinin\/","og_site_name":"Lajme nga Ulqini","article_published_time":"2012-01-31T19:48:08+00:00","article_modified_time":"2012-01-31T19:48:49+00:00","og_image":[{"url":"http:\/\/www.visit-ulcinj.com\/blog\/wp-content\/uploads\/2012\/01\/Ministri-Ibrahim-Makolli-vizitoi-Ulqinin_Nazif-Cungu.jpg"}],"twitter_misc":{"Written by":"ulqini","Est. reading time":"2 minutes"},"schema":{"@context":"https:\/\/schema.org","@graph":[{"@type":"WebSite","@id":"https:\/\/www.visit-ulcinj.com\/blog\/#website","url":"https:\/\/www.visit-ulcinj.com\/blog\/","name":"Lajme nga Ulqini","description":"Lajme,Vijesti,Ulqini,Ulqin,Crna Gora,Mali i Zi","potentialAction":[{"@type":"SearchAction","target":{"@type":"EntryPoint","urlTemplate":"https:\/\/www.visit-ulcinj.com\/blog\/?s={search_term_string}"},"query-input":"required name=search_term_string"}],"inLanguage":"en-US"},{"@type":"ImageObject","inLanguage":"en-US","@id":"https:\/\/www.visit-ulcinj.com\/blog\/2012\/01\/31\/ministri-ibrahim-makolli-vizitoi-ulqinin\/#primaryimage","url":"https:\/\/www.visit-ulcinj.com\/blog\/wp-content\/uploads\/2012\/01\/Ministri-Ibrahim-Makolli-vizitoi-Ulqinin_Nazif-Cungu.jpg","contentUrl":"https:\/\/www.visit-ulcinj.com\/blog\/wp-content\/uploads\/2012\/01\/Ministri-Ibrahim-Makolli-vizitoi-Ulqinin_Nazif-Cungu.jpg","width":"1024","height":"678"},{"@type":"WebPage","@id":"https:\/\/www.visit-ulcinj.com\/blog\/2012\/01\/31\/ministri-ibrahim-makolli-vizitoi-ulqinin\/#webpage","url":"https:\/\/www.visit-ulcinj.com\/blog\/2012\/01\/31\/ministri-ibrahim-makolli-vizitoi-ulqinin\/","name":"Ministri Ibrahim Makolli vizitoi Ulqinin - Lajme nga Ulqini","isPartOf":{"@id":"https:\/\/www.visit-ulcinj.com\/blog\/#website"},"primaryImageOfPage":{"@id":"https:\/\/www.visit-ulcinj.com\/blog\/2012\/01\/31\/ministri-ibrahim-makolli-vizitoi-ulqinin\/#primaryimage"},"datePublished":"2012-01-31T19:48:08+00:00","dateModified":"2012-01-31T19:48:49+00:00","author":{"@id":"https:\/\/www.visit-ulcinj.com\/blog\/#\/schema\/person\/dcab619c614d3038751c63bc2aadc06d"},"description":"N\u00eb takim morr\u00ebn pjes\u00eb: Kryetari i Komun\u00ebs s\u00eb Ulqinit dhe nj\u00ebkoh\u00ebsisht edhe kryetar i parits\u00eb FORCA, Nazif Cungu, deputetet ne parlamentin e Malit t\u00eb Zi","breadcrumb":{"@id":"https:\/\/www.visit-ulcinj.com\/blog\/2012\/01\/31\/ministri-ibrahim-makolli-vizitoi-ulqinin\/#breadcrumb"},"inLanguage":"en-US","potentialAction":[{"@type":"ReadAction","target":["https:\/\/www.visit-ulcinj.com\/blog\/2012\/01\/31\/ministri-ibrahim-makolli-vizitoi-ulqinin\/"]}]},{"@type":"BreadcrumbList","@id":"https:\/\/www.visit-ulcinj.com\/blog\/2012\/01\/31\/ministri-ibrahim-makolli-vizitoi-ulqinin\/#breadcrumb","itemListElement":[{"@type":"ListItem","position":1,"name":"Ministri Ibrahim Makolli vizitoi Ulqinin"}]},{"@type":"Person","@id":"https:\/\/www.visit-ulcinj.com\/blog\/#\/schema\/person\/dcab619c614d3038751c63bc2aadc06d","name":"ulqini","sameAs":["http:\/\/www.visit-ulcinj.com"],"url":"https:\/\/www.visit-ulcinj.com\/blog\/author\/admin\/"}]}},"jetpack_featured_media_url":"","jetpack_sharing_enabled":true,"jetpack_shortlink":"https:\/\/wp.me\/pe6lTn-eJk","_links":{"self":[{"href":"https:\/\/www.visit-ulcinj.com\/blog\/wp-json\/wp\/v2\/posts\/56626"}],"collection":[{"href":"https:\/\/www.visit-ulcinj.com\/blog\/wp-json\/wp\/v2\/posts"}],"about":[{"href":"https:\/\/www.visit-ulcinj.com\/blog\/wp-json\/wp\/v2\/types\/post"}],"author":[{"embeddable":true,"href":"https:\/\/www.visit-ulcinj.com\/blog\/wp-json\/wp\/v2\/users\/1"}],"replies":[{"embeddable":true,"href":"https:\/\/www.visit-ulcinj.com\/blog\/wp-json\/wp\/v2\/comments?post=56626"}],"version-history":[{"count":2,"href":"https:\/\/www.visit-ulcinj.com\/blog\/wp-json\/wp\/v2\/posts\/56626\/revisions"}],"predecessor-version":[{"id":56630,"href":"https:\/\/www.visit-ulcinj.com\/blog\/wp-json\/wp\/v2\/posts\/56626\/revisions\/56630"}],"wp:attachment":[{"href":"https:\/\/www.visit-ulcinj.com\/blog\/wp-json\/wp\/v2\/media?parent=56626"}],"wp:term":[{"taxonomy":"category","embeddable":true,"href":"https:\/\/www.visit-ulcinj.com\/blog\/wp-json\/wp\/v2\/categories?post=56626"},{"taxonomy":"post_tag","embeddable":true,"href":"https:\/\/www.visit-ulcinj.com\/blog\/wp-json\/wp\/v2\/tags?post=56626"}],"curies":[{"name":"wp","href":"https:\/\/api.w.org\/{rel}","templated":true}]}}