{"id":56631,"date":"2012-02-01T06:00:28","date_gmt":"2012-02-01T05:00:28","guid":{"rendered":"http:\/\/www.visit-ulcinj.com\/blog\/?p=56631"},"modified":"2012-02-01T20:25:55","modified_gmt":"2012-02-01T19:25:55","slug":"rrezart-cungu-fiton-turneun-ne-kt-solin-te-splitit","status":"publish","type":"post","link":"https:\/\/www.visit-ulcinj.com\/blog\/2012\/02\/01\/rrezart-cungu-fiton-turneun-ne-kt-solin-te-splitit\/","title":{"rendered":"Rrezart Cungu fiton turneun ne KT Solin te Splitit"},"content":{"rendered":"<p><a href=\"http:\/\/www.visit-ulcinj.com\/blog\/wp-content\/uploads\/2012\/01\/Rrezart-Cungu-Fiton-turneun-ne-KT-Solin-te-Splitit-2.jpg\"><img loading=\"lazy\" class=\"alignleft  wp-image-56632\" title=\"Rrezart Cungu Fiton turneun ne KT Solin te Splitit (2)\" src=\"http:\/\/www.visit-ulcinj.com\/blog\/wp-content\/uploads\/2012\/01\/Rrezart-Cungu-Fiton-turneun-ne-KT-Solin-te-Splitit-2.jpg\" alt=\"\" width=\"508\" height=\"608\" \/><\/a>Prej dates 28 deri me 30 janar,n\u00eb kuad\u00ebr t\u00eb KT \u201cSolin\u201d n\u00eb\u00a0 Split n\u00eb Kroaci u mbajt turneu 3-ditor\u00eb p\u00ebr grupmosh\u00ebn deri n\u00eb 14 vje\u00e7. N\u00eb k\u00ebt\u00eb gar\u00eb morr\u00ebn pjes\u00eb 24\u00a0 garues &#8211;\u00a0djem dhe 20 garuese vajza\u00a0 ku nj\u00ebri prej tyre ishte teniseri nga KT \u201cBellevue\u201di Ulqinit\u00a0 Rrezart Cungu. Garat u zhvilluan n\u00eb nj\u00eb atmosfer\u00eb t\u00eb v\u00ebrtet\u00eb sportive, me plot emocion e p\u00ebrkushtim, si nga garuesit e rinj ashtu edhe nga prind\u00ebrit e tyre, t\u00eb cil\u00ebt me gjith\u00eb zem\u00ebr i inkurajonin f\u00ebmij\u00ebt q\u00eb t\u00eb japin nga vetja e tyre maksimumin e mundsh\u00ebm.<\/p>\n<p>Nga ky turne sukses m\u00eb t\u00eb madh\u00eb pati\u00a0 Rrezart Cungu. N\u00eb xhiron e par\u00eb mundi Medin Ante me rezultatin 6-0 6-0, kurse n\u00eb xhiron e dyt\u00eb mundi Stipan Madzar\u00a0 6-0 6-0,ne cerek finale pati ndeshje me Krneta Nino nga Zadri,ndeshja mbaroj me rezultatin 6-1 6-3. N\u00eb gjys\u00ebmfinale me Rodin Slavko nga Spliti me rezultatin 6-0 6-0 fitoj dhe k\u00ebshtu arriti deri n\u00eb finale.Rrezarti\u00a0 gjithnj\u00eb e m\u00eb tep\u00ebr po kualifikohet n\u00eb finalet e turneve gj\u00eb q\u00eb ndodhi dhe k\u00ebsaj radhe. Mir\u00ebpo arritja deri n\u00eb finale nuk \u00ebsht\u00eb aspak e leht\u00eb.Kundershtari finalist ishte Filip Dzagula nga Mostari q\u00eb ishte n\u00eb vendin e par e grupmoshes deri ne 14 vjet nga Bosna Hercegovina.Meci zgjati dy or e gjysm\u00eb,ishte nji ndeshje e v\u00ebshtir\u00eb q\u00eb me rezultatin 7-5 5-7 6-3 e fitoj Rrezarti. Ai u shp\u00ebrbleu me kup dhe diplom\u00eb gj\u00eb q\u00eb isht\u00eb sukses i madh\u00eb p\u00ebr t\u00eb ashtu edhe p\u00ebr KT \u201eBellevue\u201c.<\/p>\n<p>&nbsp;<\/p>\n<p><strong>KT &#8220;Bellevue&#8221; &#8211; Ulqin<br \/>\nSenad Tafa<\/strong><\/p>\n<p>&nbsp;<\/p>\n<p>&nbsp;<\/p>\n","protected":false},"excerpt":{"rendered":"<p>Prej dates 28 deri me 30 janar,n\u00eb kuad\u00ebr t\u00eb KT \u201cSolin\u201d n\u00eb\u00a0 Split n\u00eb Kroaci u mbajt turneu 3-ditor\u00eb p\u00ebr grupmosh\u00ebn deri n\u00eb 14 vje\u00e7. N\u00eb k\u00ebt\u00eb gar\u00eb morr\u00ebn pjes\u00eb 24\u00a0 garues &#8211;\u00a0djem dhe 20 garuese vajza\u00a0 ku nj\u00ebri prej tyre ishte teniseri nga KT \u201cBellevue\u201di Ulqinit\u00a0 Rrezart Cungu. Garat u zhvilluan n\u00eb nj\u00eb atmosfer\u00eb [&hellip;]<\/p>\n","protected":false},"author":1,"featured_media":0,"comment_status":"open","ping_status":"closed","sticky":false,"template":"","format":"standard","meta":{"spay_email":"","jetpack_publicize_message":"","jetpack_is_tweetstorm":false,"jetpack_publicize_feature_enabled":true},"categories":[1,3],"tags":[19952,14441,19953],"jetpack_publicize_connections":[],"yoast_head":"<!-- This site is optimized with the Yoast SEO plugin v19.1 - https:\/\/yoast.com\/wordpress\/plugins\/seo\/ -->\n<title>Rrezart Cungu fiton turneun ne KT Solin te Splitit - Lajme nga Ulqini<\/title>\n<meta name=\"description\" content=\"Prej dates 28 deri me 30 janar,n\u00eb kuad\u00ebr t\u00eb KT \u201cSolin\u201d n\u00eb\u00a0 Split n\u00eb Kroaci u mbajt turneu 3-ditor\u00eb p\u00ebr grupmosh\u00ebn deri n\u00eb 14 vje\u00e7. N\u00eb k\u00ebt\u00eb gar\u00eb morr\u00ebn\" \/>\n<meta name=\"robots\" content=\"index, follow, max-snippet:-1, max-image-preview:large, max-video-preview:-1\" \/>\n<link rel=\"canonical\" href=\"https:\/\/www.visit-ulcinj.com\/blog\/2012\/02\/01\/rrezart-cungu-fiton-turneun-ne-kt-solin-te-splitit\/\" \/>\n<meta property=\"og:locale\" content=\"en_US\" \/>\n<meta property=\"og:type\" content=\"article\" \/>\n<meta property=\"og:title\" content=\"Rrezart Cungu fiton turneun ne KT Solin te Splitit - Lajme nga Ulqini\" \/>\n<meta property=\"og:description\" content=\"Prej dates 28 deri me 30 janar,n\u00eb kuad\u00ebr t\u00eb KT \u201cSolin\u201d n\u00eb\u00a0 Split n\u00eb Kroaci u mbajt turneu 3-ditor\u00eb p\u00ebr grupmosh\u00ebn deri n\u00eb 14 vje\u00e7. N\u00eb k\u00ebt\u00eb gar\u00eb morr\u00ebn\" \/>\n<meta property=\"og:url\" content=\"https:\/\/www.visit-ulcinj.com\/blog\/2012\/02\/01\/rrezart-cungu-fiton-turneun-ne-kt-solin-te-splitit\/\" \/>\n<meta property=\"og:site_name\" content=\"Lajme nga Ulqini\" \/>\n<meta property=\"article:published_time\" content=\"2012-02-01T05:00:28+00:00\" \/>\n<meta property=\"article:modified_time\" content=\"2012-02-01T19:25:55+00:00\" \/>\n<meta property=\"og:image\" content=\"http:\/\/www.visit-ulcinj.com\/blog\/wp-content\/uploads\/2012\/01\/Rrezart-Cungu-Fiton-turneun-ne-KT-Solin-te-Splitit-2.jpg\" \/>\n<meta name=\"twitter:label1\" content=\"Written by\" \/>\n\t<meta name=\"twitter:data1\" content=\"ulqini\" \/>\n\t<meta name=\"twitter:label2\" content=\"Est. reading time\" \/>\n\t<meta name=\"twitter:data2\" content=\"1 minute\" \/>\n<script type=\"application\/ld+json\" class=\"yoast-schema-graph\">{\"@context\":\"https:\/\/schema.org\",\"@graph\":[{\"@type\":\"WebSite\",\"@id\":\"https:\/\/www.visit-ulcinj.com\/blog\/#website\",\"url\":\"https:\/\/www.visit-ulcinj.com\/blog\/\",\"name\":\"Lajme nga Ulqini\",\"description\":\"Lajme,Vijesti,Ulqini,Ulqin,Crna Gora,Mali i Zi\",\"potentialAction\":[{\"@type\":\"SearchAction\",\"target\":{\"@type\":\"EntryPoint\",\"urlTemplate\":\"https:\/\/www.visit-ulcinj.com\/blog\/?s={search_term_string}\"},\"query-input\":\"required name=search_term_string\"}],\"inLanguage\":\"en-US\"},{\"@type\":\"ImageObject\",\"inLanguage\":\"en-US\",\"@id\":\"https:\/\/www.visit-ulcinj.com\/blog\/2012\/02\/01\/rrezart-cungu-fiton-turneun-ne-kt-solin-te-splitit\/#primaryimage\",\"url\":\"https:\/\/www.visit-ulcinj.com\/blog\/wp-content\/uploads\/2012\/01\/Rrezart-Cungu-Fiton-turneun-ne-KT-Solin-te-Splitit-2.jpg\",\"contentUrl\":\"https:\/\/www.visit-ulcinj.com\/blog\/wp-content\/uploads\/2012\/01\/Rrezart-Cungu-Fiton-turneun-ne-KT-Solin-te-Splitit-2.jpg\",\"width\":\"765\",\"height\":\"1020\"},{\"@type\":\"WebPage\",\"@id\":\"https:\/\/www.visit-ulcinj.com\/blog\/2012\/02\/01\/rrezart-cungu-fiton-turneun-ne-kt-solin-te-splitit\/#webpage\",\"url\":\"https:\/\/www.visit-ulcinj.com\/blog\/2012\/02\/01\/rrezart-cungu-fiton-turneun-ne-kt-solin-te-splitit\/\",\"name\":\"Rrezart Cungu fiton turneun ne KT Solin te Splitit - Lajme nga Ulqini\",\"isPartOf\":{\"@id\":\"https:\/\/www.visit-ulcinj.com\/blog\/#website\"},\"primaryImageOfPage\":{\"@id\":\"https:\/\/www.visit-ulcinj.com\/blog\/2012\/02\/01\/rrezart-cungu-fiton-turneun-ne-kt-solin-te-splitit\/#primaryimage\"},\"datePublished\":\"2012-02-01T05:00:28+00:00\",\"dateModified\":\"2012-02-01T19:25:55+00:00\",\"author\":{\"@id\":\"https:\/\/www.visit-ulcinj.com\/blog\/#\/schema\/person\/dcab619c614d3038751c63bc2aadc06d\"},\"description\":\"Prej dates 28 deri me 30 janar,n\u00eb kuad\u00ebr t\u00eb KT \u201cSolin\u201d n\u00eb\u00a0 Split n\u00eb Kroaci u mbajt turneu 3-ditor\u00eb p\u00ebr grupmosh\u00ebn deri n\u00eb 14 vje\u00e7. N\u00eb k\u00ebt\u00eb gar\u00eb morr\u00ebn\",\"breadcrumb\":{\"@id\":\"https:\/\/www.visit-ulcinj.com\/blog\/2012\/02\/01\/rrezart-cungu-fiton-turneun-ne-kt-solin-te-splitit\/#breadcrumb\"},\"inLanguage\":\"en-US\",\"potentialAction\":[{\"@type\":\"ReadAction\",\"target\":[\"https:\/\/www.visit-ulcinj.com\/blog\/2012\/02\/01\/rrezart-cungu-fiton-turneun-ne-kt-solin-te-splitit\/\"]}]},{\"@type\":\"BreadcrumbList\",\"@id\":\"https:\/\/www.visit-ulcinj.com\/blog\/2012\/02\/01\/rrezart-cungu-fiton-turneun-ne-kt-solin-te-splitit\/#breadcrumb\",\"itemListElement\":[{\"@type\":\"ListItem\",\"position\":1,\"name\":\"Rrezart Cungu fiton turneun ne KT Solin te Splitit\"}]},{\"@type\":\"Person\",\"@id\":\"https:\/\/www.visit-ulcinj.com\/blog\/#\/schema\/person\/dcab619c614d3038751c63bc2aadc06d\",\"name\":\"ulqini\",\"sameAs\":[\"http:\/\/www.visit-ulcinj.com\"],\"url\":\"https:\/\/www.visit-ulcinj.com\/blog\/author\/admin\/\"}]}<\/script>\n<!-- \/ Yoast SEO plugin. -->","yoast_head_json":{"title":"Rrezart Cungu fiton turneun ne KT Solin te Splitit - Lajme nga Ulqini","description":"Prej dates 28 deri me 30 janar,n\u00eb kuad\u00ebr t\u00eb KT \u201cSolin\u201d n\u00eb\u00a0 Split n\u00eb Kroaci u mbajt turneu 3-ditor\u00eb p\u00ebr grupmosh\u00ebn deri n\u00eb 14 vje\u00e7. N\u00eb k\u00ebt\u00eb gar\u00eb morr\u00ebn","robots":{"index":"index","follow":"follow","max-snippet":"max-snippet:-1","max-image-preview":"max-image-preview:large","max-video-preview":"max-video-preview:-1"},"canonical":"https:\/\/www.visit-ulcinj.com\/blog\/2012\/02\/01\/rrezart-cungu-fiton-turneun-ne-kt-solin-te-splitit\/","og_locale":"en_US","og_type":"article","og_title":"Rrezart Cungu fiton turneun ne KT Solin te Splitit - Lajme nga Ulqini","og_description":"Prej dates 28 deri me 30 janar,n\u00eb kuad\u00ebr t\u00eb KT \u201cSolin\u201d n\u00eb\u00a0 Split n\u00eb Kroaci u mbajt turneu 3-ditor\u00eb p\u00ebr grupmosh\u00ebn deri n\u00eb 14 vje\u00e7. N\u00eb k\u00ebt\u00eb gar\u00eb morr\u00ebn","og_url":"https:\/\/www.visit-ulcinj.com\/blog\/2012\/02\/01\/rrezart-cungu-fiton-turneun-ne-kt-solin-te-splitit\/","og_site_name":"Lajme nga Ulqini","article_published_time":"2012-02-01T05:00:28+00:00","article_modified_time":"2012-02-01T19:25:55+00:00","og_image":[{"url":"http:\/\/www.visit-ulcinj.com\/blog\/wp-content\/uploads\/2012\/01\/Rrezart-Cungu-Fiton-turneun-ne-KT-Solin-te-Splitit-2.jpg"}],"twitter_misc":{"Written by":"ulqini","Est. reading time":"1 minute"},"schema":{"@context":"https:\/\/schema.org","@graph":[{"@type":"WebSite","@id":"https:\/\/www.visit-ulcinj.com\/blog\/#website","url":"https:\/\/www.visit-ulcinj.com\/blog\/","name":"Lajme nga Ulqini","description":"Lajme,Vijesti,Ulqini,Ulqin,Crna Gora,Mali i Zi","potentialAction":[{"@type":"SearchAction","target":{"@type":"EntryPoint","urlTemplate":"https:\/\/www.visit-ulcinj.com\/blog\/?s={search_term_string}"},"query-input":"required name=search_term_string"}],"inLanguage":"en-US"},{"@type":"ImageObject","inLanguage":"en-US","@id":"https:\/\/www.visit-ulcinj.com\/blog\/2012\/02\/01\/rrezart-cungu-fiton-turneun-ne-kt-solin-te-splitit\/#primaryimage","url":"https:\/\/www.visit-ulcinj.com\/blog\/wp-content\/uploads\/2012\/01\/Rrezart-Cungu-Fiton-turneun-ne-KT-Solin-te-Splitit-2.jpg","contentUrl":"https:\/\/www.visit-ulcinj.com\/blog\/wp-content\/uploads\/2012\/01\/Rrezart-Cungu-Fiton-turneun-ne-KT-Solin-te-Splitit-2.jpg","width":"765","height":"1020"},{"@type":"WebPage","@id":"https:\/\/www.visit-ulcinj.com\/blog\/2012\/02\/01\/rrezart-cungu-fiton-turneun-ne-kt-solin-te-splitit\/#webpage","url":"https:\/\/www.visit-ulcinj.com\/blog\/2012\/02\/01\/rrezart-cungu-fiton-turneun-ne-kt-solin-te-splitit\/","name":"Rrezart Cungu fiton turneun ne KT Solin te Splitit - Lajme nga Ulqini","isPartOf":{"@id":"https:\/\/www.visit-ulcinj.com\/blog\/#website"},"primaryImageOfPage":{"@id":"https:\/\/www.visit-ulcinj.com\/blog\/2012\/02\/01\/rrezart-cungu-fiton-turneun-ne-kt-solin-te-splitit\/#primaryimage"},"datePublished":"2012-02-01T05:00:28+00:00","dateModified":"2012-02-01T19:25:55+00:00","author":{"@id":"https:\/\/www.visit-ulcinj.com\/blog\/#\/schema\/person\/dcab619c614d3038751c63bc2aadc06d"},"description":"Prej dates 28 deri me 30 janar,n\u00eb kuad\u00ebr t\u00eb KT \u201cSolin\u201d n\u00eb\u00a0 Split n\u00eb Kroaci u mbajt turneu 3-ditor\u00eb p\u00ebr grupmosh\u00ebn deri n\u00eb 14 vje\u00e7. N\u00eb k\u00ebt\u00eb gar\u00eb morr\u00ebn","breadcrumb":{"@id":"https:\/\/www.visit-ulcinj.com\/blog\/2012\/02\/01\/rrezart-cungu-fiton-turneun-ne-kt-solin-te-splitit\/#breadcrumb"},"inLanguage":"en-US","potentialAction":[{"@type":"ReadAction","target":["https:\/\/www.visit-ulcinj.com\/blog\/2012\/02\/01\/rrezart-cungu-fiton-turneun-ne-kt-solin-te-splitit\/"]}]},{"@type":"BreadcrumbList","@id":"https:\/\/www.visit-ulcinj.com\/blog\/2012\/02\/01\/rrezart-cungu-fiton-turneun-ne-kt-solin-te-splitit\/#breadcrumb","itemListElement":[{"@type":"ListItem","position":1,"name":"Rrezart Cungu fiton turneun ne KT Solin te Splitit"}]},{"@type":"Person","@id":"https:\/\/www.visit-ulcinj.com\/blog\/#\/schema\/person\/dcab619c614d3038751c63bc2aadc06d","name":"ulqini","sameAs":["http:\/\/www.visit-ulcinj.com"],"url":"https:\/\/www.visit-ulcinj.com\/blog\/author\/admin\/"}]}},"jetpack_featured_media_url":"","jetpack_sharing_enabled":true,"jetpack_shortlink":"https:\/\/wp.me\/pe6lTn-eJp","_links":{"self":[{"href":"https:\/\/www.visit-ulcinj.com\/blog\/wp-json\/wp\/v2\/posts\/56631"}],"collection":[{"href":"https:\/\/www.visit-ulcinj.com\/blog\/wp-json\/wp\/v2\/posts"}],"about":[{"href":"https:\/\/www.visit-ulcinj.com\/blog\/wp-json\/wp\/v2\/types\/post"}],"author":[{"embeddable":true,"href":"https:\/\/www.visit-ulcinj.com\/blog\/wp-json\/wp\/v2\/users\/1"}],"replies":[{"embeddable":true,"href":"https:\/\/www.visit-ulcinj.com\/blog\/wp-json\/wp\/v2\/comments?post=56631"}],"version-history":[{"count":4,"href":"https:\/\/www.visit-ulcinj.com\/blog\/wp-json\/wp\/v2\/posts\/56631\/revisions"}],"predecessor-version":[{"id":56710,"href":"https:\/\/www.visit-ulcinj.com\/blog\/wp-json\/wp\/v2\/posts\/56631\/revisions\/56710"}],"wp:attachment":[{"href":"https:\/\/www.visit-ulcinj.com\/blog\/wp-json\/wp\/v2\/media?parent=56631"}],"wp:term":[{"taxonomy":"category","embeddable":true,"href":"https:\/\/www.visit-ulcinj.com\/blog\/wp-json\/wp\/v2\/categories?post=56631"},{"taxonomy":"post_tag","embeddable":true,"href":"https:\/\/www.visit-ulcinj.com\/blog\/wp-json\/wp\/v2\/tags?post=56631"}],"curies":[{"name":"wp","href":"https:\/\/api.w.org\/{rel}","templated":true}]}}