{"id":56634,"date":"2012-02-01T10:54:21","date_gmt":"2012-02-01T09:54:21","guid":{"rendered":"http:\/\/www.visit-ulcinj.com\/blog\/?p=56634"},"modified":"2012-02-03T17:47:30","modified_gmt":"2012-02-03T16:47:30","slug":"perleshje-verbale-ne-parlamentin-e-ulqinit","status":"publish","type":"post","link":"https:\/\/www.visit-ulcinj.com\/blog\/2012\/02\/01\/perleshje-verbale-ne-parlamentin-e-ulqinit\/","title":{"rendered":"P\u00ebrleshje verbale n\u00eb parlamentin e Ulqinit"},"content":{"rendered":"<p><a href=\"http:\/\/www.visit-ulcinj.com\/blog\/wp-content\/uploads\/2012\/01\/Komuna-e-Ulqinit.jpg\"><img loading=\"lazy\" class=\"alignleft  wp-image-56635\" title=\"Komuna e Ulqinit\" src=\"http:\/\/www.visit-ulcinj.com\/blog\/wp-content\/uploads\/2012\/01\/Komuna-e-Ulqinit.jpg\" alt=\"\" width=\"508\" height=\"380\" \/><\/a>N\u00eb mbledhjen e djeshme t\u00eb Kuvendit t\u00eb Komun\u00ebs s\u00eb Ulqinit, n\u00eb m\u00ebnyr\u00eb verbale jan\u00eb p\u00ebrleshur dy an\u00ebtar\u00eb t\u00eb partive shqiptare q\u00eb p\u00ebrfaq\u00ebsohen n\u00eb Kuvend t\u00eb Ulqinit.<br \/>\nPas replikave \u00a0n\u00eb mes k\u00ebshilltar\u00ebve t\u00eb pozit\u00ebs dhe opozit\u00ebs situata u keqsua n\u00eb mes t\u00eb k\u00ebshilltar\u00ebve t\u00eb t\u00eb dyja an\u00ebve ,ku vazhdoj\u00eb p\u00ebrplasja nd\u00ebrmjet k\u00ebshilltar\u00ebve Mehmet Zenka nga UDSH dhe Genci Nimanbegu nga Forca <strong>,<\/strong>shkruan gazeta Dnevne Novine.<\/p>\n<p><strong>P\u00ebrleshje mes k\u00ebshilltar\u00ebve n\u00eb parlamentin e Ulqinit<\/strong><\/p>\n<p>Moll\u00eb e sherrit p\u00ebr k\u00ebshilltar\u00ebt e parlamentit vendor t\u00eb Ulqinit u b\u00ebn\u00eb dje planet detaje urbanistike aq t\u00eb nevojshme p\u00ebr k\u00ebt\u00eb komun\u00eb.<\/p>\n<p>P\u00ebr m\u00eb se 5 or\u00eb e gjysm\u00eb parlamenti i Ulqinit \u00ebsht\u00eb shnd\u00ebrruar n\u00eb nj\u00eb aren\u00eb debatesh t\u00eb ashpra t\u00eb cilat kulmuan me konfrontime verbale n\u00eb mes t\u00eb kryetarit t\u00eb UDSH-s Met Zenga dhe n\u00ebnkryetarit t\u00eb forc\u00ebs s\u00eb re demokratike Genci Nimanbegu, deputet n\u00eb parlamentin republikan\u00eb t\u00eb cilat n\u00eb opinion d\u00ebrguan nj\u00eb mesazh negativ.<\/p>\n<p>Situata poashtu eskaloi edhe gjat\u00eb akuzave t\u00eb nd\u00ebrsjella n\u00eb mes te k\u00ebshilltares Hatixhe Gjoni nga UDSH dhe Xhaudet Cakuli n\u00ebnkryetar i komun\u00ebs s\u00eb Ulqinit. Gjoni edhe nj\u00ebher\u00eb i p\u00ebrmendi Cakulit objektin e tij q\u00eb gjendet n\u00eb qend\u00ebr t\u00eb qytetit duke e akuzuar se objektin e ka nd\u00ebrtuar mbi nj\u00eb pjes\u00eb t\u00eb kanalizimit dhe uj\u00ebsjell\u00ebsit t\u00eb qytetit. Ajo poashtu tha se Cakuli ka z\u00ebn\u00eb 800m2 tok\u00eb t\u00eb huaj dhe se ka dyshime p\u00ebr vlefshm\u00ebrin\u00eb e lejes s\u00eb nd\u00ebrtimit p\u00ebr objektin n\u00eb fjal\u00eb.<\/p>\n<p><strong>TVCG<\/strong><\/p>\n","protected":false},"excerpt":{"rendered":"<p>N\u00eb mbledhjen e djeshme t\u00eb Kuvendit t\u00eb Komun\u00ebs s\u00eb Ulqinit, n\u00eb m\u00ebnyr\u00eb verbale jan\u00eb p\u00ebrleshur dy an\u00ebtar\u00eb t\u00eb partive shqiptare q\u00eb p\u00ebrfaq\u00ebsohen n\u00eb Kuvend t\u00eb Ulqinit. Pas replikave \u00a0n\u00eb mes k\u00ebshilltar\u00ebve t\u00eb pozit\u00ebs dhe opozit\u00ebs situata u keqsua n\u00eb mes t\u00eb k\u00ebshilltar\u00ebve t\u00eb t\u00eb dyja an\u00ebve ,ku vazhdoj\u00eb p\u00ebrplasja nd\u00ebrmjet k\u00ebshilltar\u00ebve Mehmet Zenka nga UDSH [&hellip;]<\/p>\n","protected":false},"author":1,"featured_media":0,"comment_status":"open","ping_status":"closed","sticky":false,"template":"","format":"standard","meta":{"spay_email":"","jetpack_publicize_message":"","jetpack_is_tweetstorm":false,"jetpack_publicize_feature_enabled":true},"categories":[12],"tags":[117,1073,297,10563,3371,4680],"jetpack_publicize_connections":[],"yoast_head":"<!-- This site is optimized with the Yoast SEO plugin v19.1 - https:\/\/yoast.com\/wordpress\/plugins\/seo\/ -->\n<title>P\u00ebrleshje verbale n\u00eb parlamentin e Ulqinit - Lajme nga Ulqini<\/title>\n<meta name=\"description\" content=\"N\u00eb mbledhjen e djeshme t\u00eb Kuvendit t\u00eb Komun\u00ebs s\u00eb Ulqinit, n\u00eb m\u00ebnyr\u00eb verbale jan\u00eb p\u00ebrleshur dy an\u00ebtar\u00eb t\u00eb partive shqiptare q\u00eb p\u00ebrfaq\u00ebsohen n\u00eb Kuvend t\u00eb\" \/>\n<meta name=\"robots\" content=\"index, follow, max-snippet:-1, max-image-preview:large, max-video-preview:-1\" \/>\n<link rel=\"canonical\" href=\"https:\/\/www.visit-ulcinj.com\/blog\/2012\/02\/01\/perleshje-verbale-ne-parlamentin-e-ulqinit\/\" \/>\n<meta property=\"og:locale\" content=\"en_US\" \/>\n<meta property=\"og:type\" content=\"article\" \/>\n<meta property=\"og:title\" content=\"P\u00ebrleshje verbale n\u00eb parlamentin e Ulqinit - Lajme nga Ulqini\" \/>\n<meta property=\"og:description\" content=\"N\u00eb mbledhjen e djeshme t\u00eb Kuvendit t\u00eb Komun\u00ebs s\u00eb Ulqinit, n\u00eb m\u00ebnyr\u00eb verbale jan\u00eb p\u00ebrleshur dy an\u00ebtar\u00eb t\u00eb partive shqiptare q\u00eb p\u00ebrfaq\u00ebsohen n\u00eb Kuvend t\u00eb\" \/>\n<meta property=\"og:url\" content=\"https:\/\/www.visit-ulcinj.com\/blog\/2012\/02\/01\/perleshje-verbale-ne-parlamentin-e-ulqinit\/\" \/>\n<meta property=\"og:site_name\" content=\"Lajme nga Ulqini\" \/>\n<meta property=\"article:published_time\" content=\"2012-02-01T09:54:21+00:00\" \/>\n<meta property=\"article:modified_time\" content=\"2012-02-03T16:47:30+00:00\" \/>\n<meta property=\"og:image\" content=\"http:\/\/www.visit-ulcinj.com\/blog\/wp-content\/uploads\/2012\/01\/Komuna-e-Ulqinit.jpg\" \/>\n<meta name=\"twitter:label1\" content=\"Written by\" \/>\n\t<meta name=\"twitter:data1\" content=\"ulqini\" \/>\n\t<meta name=\"twitter:label2\" content=\"Est. reading time\" \/>\n\t<meta name=\"twitter:data2\" content=\"1 minute\" \/>\n<script type=\"application\/ld+json\" class=\"yoast-schema-graph\">{\"@context\":\"https:\/\/schema.org\",\"@graph\":[{\"@type\":\"WebSite\",\"@id\":\"https:\/\/www.visit-ulcinj.com\/blog\/#website\",\"url\":\"https:\/\/www.visit-ulcinj.com\/blog\/\",\"name\":\"Lajme nga Ulqini\",\"description\":\"Lajme,Vijesti,Ulqini,Ulqin,Crna Gora,Mali i Zi\",\"potentialAction\":[{\"@type\":\"SearchAction\",\"target\":{\"@type\":\"EntryPoint\",\"urlTemplate\":\"https:\/\/www.visit-ulcinj.com\/blog\/?s={search_term_string}\"},\"query-input\":\"required name=search_term_string\"}],\"inLanguage\":\"en-US\"},{\"@type\":\"ImageObject\",\"inLanguage\":\"en-US\",\"@id\":\"https:\/\/www.visit-ulcinj.com\/blog\/2012\/02\/01\/perleshje-verbale-ne-parlamentin-e-ulqinit\/#primaryimage\",\"url\":\"https:\/\/www.visit-ulcinj.com\/blog\/wp-content\/uploads\/2012\/01\/Komuna-e-Ulqinit.jpg\",\"contentUrl\":\"https:\/\/www.visit-ulcinj.com\/blog\/wp-content\/uploads\/2012\/01\/Komuna-e-Ulqinit.jpg\",\"width\":\"1024\",\"height\":\"678\"},{\"@type\":\"WebPage\",\"@id\":\"https:\/\/www.visit-ulcinj.com\/blog\/2012\/02\/01\/perleshje-verbale-ne-parlamentin-e-ulqinit\/#webpage\",\"url\":\"https:\/\/www.visit-ulcinj.com\/blog\/2012\/02\/01\/perleshje-verbale-ne-parlamentin-e-ulqinit\/\",\"name\":\"P\u00ebrleshje verbale n\u00eb parlamentin e Ulqinit - Lajme nga Ulqini\",\"isPartOf\":{\"@id\":\"https:\/\/www.visit-ulcinj.com\/blog\/#website\"},\"primaryImageOfPage\":{\"@id\":\"https:\/\/www.visit-ulcinj.com\/blog\/2012\/02\/01\/perleshje-verbale-ne-parlamentin-e-ulqinit\/#primaryimage\"},\"datePublished\":\"2012-02-01T09:54:21+00:00\",\"dateModified\":\"2012-02-03T16:47:30+00:00\",\"author\":{\"@id\":\"https:\/\/www.visit-ulcinj.com\/blog\/#\/schema\/person\/dcab619c614d3038751c63bc2aadc06d\"},\"description\":\"N\u00eb mbledhjen e djeshme t\u00eb Kuvendit t\u00eb Komun\u00ebs s\u00eb Ulqinit, n\u00eb m\u00ebnyr\u00eb verbale jan\u00eb p\u00ebrleshur dy an\u00ebtar\u00eb t\u00eb partive shqiptare q\u00eb p\u00ebrfaq\u00ebsohen n\u00eb Kuvend t\u00eb\",\"breadcrumb\":{\"@id\":\"https:\/\/www.visit-ulcinj.com\/blog\/2012\/02\/01\/perleshje-verbale-ne-parlamentin-e-ulqinit\/#breadcrumb\"},\"inLanguage\":\"en-US\",\"potentialAction\":[{\"@type\":\"ReadAction\",\"target\":[\"https:\/\/www.visit-ulcinj.com\/blog\/2012\/02\/01\/perleshje-verbale-ne-parlamentin-e-ulqinit\/\"]}]},{\"@type\":\"BreadcrumbList\",\"@id\":\"https:\/\/www.visit-ulcinj.com\/blog\/2012\/02\/01\/perleshje-verbale-ne-parlamentin-e-ulqinit\/#breadcrumb\",\"itemListElement\":[{\"@type\":\"ListItem\",\"position\":1,\"name\":\"P\u00ebrleshje verbale n\u00eb parlamentin e Ulqinit\"}]},{\"@type\":\"Person\",\"@id\":\"https:\/\/www.visit-ulcinj.com\/blog\/#\/schema\/person\/dcab619c614d3038751c63bc2aadc06d\",\"name\":\"ulqini\",\"sameAs\":[\"http:\/\/www.visit-ulcinj.com\"],\"url\":\"https:\/\/www.visit-ulcinj.com\/blog\/author\/admin\/\"}]}<\/script>\n<!-- \/ Yoast SEO plugin. -->","yoast_head_json":{"title":"P\u00ebrleshje verbale n\u00eb parlamentin e Ulqinit - Lajme nga Ulqini","description":"N\u00eb mbledhjen e djeshme t\u00eb Kuvendit t\u00eb Komun\u00ebs s\u00eb Ulqinit, n\u00eb m\u00ebnyr\u00eb verbale jan\u00eb p\u00ebrleshur dy an\u00ebtar\u00eb t\u00eb partive shqiptare q\u00eb p\u00ebrfaq\u00ebsohen n\u00eb Kuvend t\u00eb","robots":{"index":"index","follow":"follow","max-snippet":"max-snippet:-1","max-image-preview":"max-image-preview:large","max-video-preview":"max-video-preview:-1"},"canonical":"https:\/\/www.visit-ulcinj.com\/blog\/2012\/02\/01\/perleshje-verbale-ne-parlamentin-e-ulqinit\/","og_locale":"en_US","og_type":"article","og_title":"P\u00ebrleshje verbale n\u00eb parlamentin e Ulqinit - Lajme nga Ulqini","og_description":"N\u00eb mbledhjen e djeshme t\u00eb Kuvendit t\u00eb Komun\u00ebs s\u00eb Ulqinit, n\u00eb m\u00ebnyr\u00eb verbale jan\u00eb p\u00ebrleshur dy an\u00ebtar\u00eb t\u00eb partive shqiptare q\u00eb p\u00ebrfaq\u00ebsohen n\u00eb Kuvend t\u00eb","og_url":"https:\/\/www.visit-ulcinj.com\/blog\/2012\/02\/01\/perleshje-verbale-ne-parlamentin-e-ulqinit\/","og_site_name":"Lajme nga Ulqini","article_published_time":"2012-02-01T09:54:21+00:00","article_modified_time":"2012-02-03T16:47:30+00:00","og_image":[{"url":"http:\/\/www.visit-ulcinj.com\/blog\/wp-content\/uploads\/2012\/01\/Komuna-e-Ulqinit.jpg"}],"twitter_misc":{"Written by":"ulqini","Est. reading time":"1 minute"},"schema":{"@context":"https:\/\/schema.org","@graph":[{"@type":"WebSite","@id":"https:\/\/www.visit-ulcinj.com\/blog\/#website","url":"https:\/\/www.visit-ulcinj.com\/blog\/","name":"Lajme nga Ulqini","description":"Lajme,Vijesti,Ulqini,Ulqin,Crna Gora,Mali i Zi","potentialAction":[{"@type":"SearchAction","target":{"@type":"EntryPoint","urlTemplate":"https:\/\/www.visit-ulcinj.com\/blog\/?s={search_term_string}"},"query-input":"required name=search_term_string"}],"inLanguage":"en-US"},{"@type":"ImageObject","inLanguage":"en-US","@id":"https:\/\/www.visit-ulcinj.com\/blog\/2012\/02\/01\/perleshje-verbale-ne-parlamentin-e-ulqinit\/#primaryimage","url":"https:\/\/www.visit-ulcinj.com\/blog\/wp-content\/uploads\/2012\/01\/Komuna-e-Ulqinit.jpg","contentUrl":"https:\/\/www.visit-ulcinj.com\/blog\/wp-content\/uploads\/2012\/01\/Komuna-e-Ulqinit.jpg","width":"1024","height":"678"},{"@type":"WebPage","@id":"https:\/\/www.visit-ulcinj.com\/blog\/2012\/02\/01\/perleshje-verbale-ne-parlamentin-e-ulqinit\/#webpage","url":"https:\/\/www.visit-ulcinj.com\/blog\/2012\/02\/01\/perleshje-verbale-ne-parlamentin-e-ulqinit\/","name":"P\u00ebrleshje verbale n\u00eb parlamentin e Ulqinit - Lajme nga Ulqini","isPartOf":{"@id":"https:\/\/www.visit-ulcinj.com\/blog\/#website"},"primaryImageOfPage":{"@id":"https:\/\/www.visit-ulcinj.com\/blog\/2012\/02\/01\/perleshje-verbale-ne-parlamentin-e-ulqinit\/#primaryimage"},"datePublished":"2012-02-01T09:54:21+00:00","dateModified":"2012-02-03T16:47:30+00:00","author":{"@id":"https:\/\/www.visit-ulcinj.com\/blog\/#\/schema\/person\/dcab619c614d3038751c63bc2aadc06d"},"description":"N\u00eb mbledhjen e djeshme t\u00eb Kuvendit t\u00eb Komun\u00ebs s\u00eb Ulqinit, n\u00eb m\u00ebnyr\u00eb verbale jan\u00eb p\u00ebrleshur dy an\u00ebtar\u00eb t\u00eb partive shqiptare q\u00eb p\u00ebrfaq\u00ebsohen n\u00eb Kuvend t\u00eb","breadcrumb":{"@id":"https:\/\/www.visit-ulcinj.com\/blog\/2012\/02\/01\/perleshje-verbale-ne-parlamentin-e-ulqinit\/#breadcrumb"},"inLanguage":"en-US","potentialAction":[{"@type":"ReadAction","target":["https:\/\/www.visit-ulcinj.com\/blog\/2012\/02\/01\/perleshje-verbale-ne-parlamentin-e-ulqinit\/"]}]},{"@type":"BreadcrumbList","@id":"https:\/\/www.visit-ulcinj.com\/blog\/2012\/02\/01\/perleshje-verbale-ne-parlamentin-e-ulqinit\/#breadcrumb","itemListElement":[{"@type":"ListItem","position":1,"name":"P\u00ebrleshje verbale n\u00eb parlamentin e Ulqinit"}]},{"@type":"Person","@id":"https:\/\/www.visit-ulcinj.com\/blog\/#\/schema\/person\/dcab619c614d3038751c63bc2aadc06d","name":"ulqini","sameAs":["http:\/\/www.visit-ulcinj.com"],"url":"https:\/\/www.visit-ulcinj.com\/blog\/author\/admin\/"}]}},"jetpack_featured_media_url":"","jetpack_sharing_enabled":true,"jetpack_shortlink":"https:\/\/wp.me\/pe6lTn-eJs","_links":{"self":[{"href":"https:\/\/www.visit-ulcinj.com\/blog\/wp-json\/wp\/v2\/posts\/56634"}],"collection":[{"href":"https:\/\/www.visit-ulcinj.com\/blog\/wp-json\/wp\/v2\/posts"}],"about":[{"href":"https:\/\/www.visit-ulcinj.com\/blog\/wp-json\/wp\/v2\/types\/post"}],"author":[{"embeddable":true,"href":"https:\/\/www.visit-ulcinj.com\/blog\/wp-json\/wp\/v2\/users\/1"}],"replies":[{"embeddable":true,"href":"https:\/\/www.visit-ulcinj.com\/blog\/wp-json\/wp\/v2\/comments?post=56634"}],"version-history":[{"count":7,"href":"https:\/\/www.visit-ulcinj.com\/blog\/wp-json\/wp\/v2\/posts\/56634\/revisions"}],"predecessor-version":[{"id":56648,"href":"https:\/\/www.visit-ulcinj.com\/blog\/wp-json\/wp\/v2\/posts\/56634\/revisions\/56648"}],"wp:attachment":[{"href":"https:\/\/www.visit-ulcinj.com\/blog\/wp-json\/wp\/v2\/media?parent=56634"}],"wp:term":[{"taxonomy":"category","embeddable":true,"href":"https:\/\/www.visit-ulcinj.com\/blog\/wp-json\/wp\/v2\/categories?post=56634"},{"taxonomy":"post_tag","embeddable":true,"href":"https:\/\/www.visit-ulcinj.com\/blog\/wp-json\/wp\/v2\/tags?post=56634"}],"curies":[{"name":"wp","href":"https:\/\/api.w.org\/{rel}","templated":true}]}}