{"id":56650,"date":"2012-02-01T12:14:16","date_gmt":"2012-02-01T11:14:16","guid":{"rendered":"http:\/\/www.visit-ulcinj.com\/blog\/?p=56650"},"modified":"2012-02-01T12:21:17","modified_gmt":"2012-02-01T11:21:17","slug":"sinan-hoxha-sec-kam-nje-energji-te-papare","status":"publish","type":"post","link":"https:\/\/www.visit-ulcinj.com\/blog\/2012\/02\/01\/sinan-hoxha-sec-kam-nje-energji-te-papare\/","title":{"rendered":"Sinan Hoxha: Se\u00e7 kam nj\u00eb energji t\u00eb papar\u00eb\u2026"},"content":{"rendered":"<p><a href=\"http:\/\/www.visit-ulcinj.com\/blog\/wp-content\/uploads\/2012\/02\/Sinan-Hoxha.1.jpg\"><img loading=\"lazy\" class=\"alignleft  wp-image-56651\" title=\"Sinan Hoxha.1\" src=\"http:\/\/www.visit-ulcinj.com\/blog\/wp-content\/uploads\/2012\/02\/Sinan-Hoxha.1.jpg\" alt=\"\" width=\"508\" height=\"380\" \/><\/a>Takimi me Sinan Hoxh\u00ebn \u00ebsht\u00eb i v\u00ebshtir\u00eb deri n\u00eb momentin q\u00eb p\u00ebrballesh me t\u00eb. T\u00eb duhet t\u00eb b\u00ebsh nj\u00eb telefonat\u00eb, e ke n\u00eb Kosov\u00eb. M\u00eb pas nj\u00eb tjet\u00ebr telefonat\u00eb, s\u00ebrish n\u00eb Kosov\u00eb. N\u00eb fund, kur vijon t\u00eb k\u00ebmb\u00ebngul\u00ebsh, merr nj\u00eb p\u00ebrgjigje gjith\u00eb buz\u00ebqeshje: \u201cAkoma s\u2019u dor\u00ebzove?\u201d.<\/p>\n<p>N\u00eb momentin e takimit mund t\u00eb ndihesh e qet\u00eb, pasi e qeshura e tij \u00ebsht\u00eb ngjit\u00ebse. \u201cSe mos m\u2019i transformon fjal\u00ebt q\u00eb them e na dalin pastaj lloj-lloj iderash\u201d, shprehet buzagaz, duke thumbuar k\u00ebshtu lajmet q\u00eb b\u00ebn\u00eb buj\u00eb p\u00ebr t\u00eb n\u00eb mediat e p\u00ebrditshme. E pastaj, si p\u00ebr t\u2019iu p\u00ebrgjigjur vet\u00eb atij thumbi, vijon: \u201cMegjith\u00ebse i fal\u00ebnderoj t\u00eb gjith\u00eb ata q\u00eb shkruajn\u00eb. Fundja n\u00eb momentin q\u00eb shkruajn\u00eb, thjesht tregojn\u00eb q\u00eb jam i r\u00ebnd\u00ebsish\u00ebm e kjo m\u00eb b\u00ebn t\u00eb ndihem mir\u00eb\u201d.<\/p>\n<p>Skena p\u00ebr t\u00eb \u00ebsht\u00eb gjith\u00e7ka. Nuk ngurron t\u00eb rr\u00ebfej\u00eb q\u00eb nga \u00ebndrrat e f\u00ebmij\u00ebris\u00eb e deri n\u00eb at\u00eb q\u00eb ndoshta edhe nuk del, \u201ct\u00eb ulet n\u00eb H\u00ebn\u00eb\u201d. Thot\u00eb se \u00ebsht\u00eb zem\u00ebrgjer\u00eb dhe \u00ebsht\u00eb e v\u00ebshtir\u00eb t\u00eb m\u00ebrzitet. I p\u00eblqen t\u00eb jet\u00ebn n\u00eb qend\u00ebr t\u00eb v\u00ebmendjes, pavar\u00ebsisht se kjo n\u00ebnkupton q\u00eb nuk \u00ebsht\u00eb i lir\u00eb n\u00eb gjith\u00e7ka. M\u00eb posht\u00eb nj\u00eb rr\u00ebfim i plot\u00eb i Sinan Hoxh\u00ebs.<\/p>\n<p><strong>Sinan, duket se karriera juaj \u00ebsht\u00eb n\u00eb dit\u00ebt e saj m\u00eb t\u00eb mira. Kujt ia dedikoni gjith\u00eb k\u00ebt\u00eb sukses?<\/strong><\/p>\n<p>Padyshim familjes time, pun\u00ebs dhe p\u00ebrkushtimit tim dhe n\u00eb m\u00ebnyr\u00eb t\u00eb ve\u00e7ant\u00eb publikut, i cili \u00ebsht\u00eb shum\u00eb i r\u00ebnd\u00ebsish\u00ebm p\u00ebr mua.<\/p>\n<p><strong>Jeni shum\u00eb aktiv edhe n\u00eb Kosov\u00eb. <\/strong><strong>Si ndiheni me publikun atje?<\/strong><\/p>\n<p>Jam m\u00eb shum\u00eb aktiv n\u00eb diaspor\u00eb, por edhe n\u00eb Kosov\u00eb. Publiku i shqiptar\u00ebve n\u00eb diaspor\u00eb ka nj\u00eb kultur\u00eb t\u00eb ndryshme nga publiku k\u00ebtu, t\u00eb t\u00eb d\u00ebgjuarit muzik\u00eb \u201clive\u201d n\u00eb diskoteka, nd\u00ebrsa k\u00ebtu \u00ebsht\u00eb m\u00eb shum\u00eb karaoke dhe \u201cplayback\u201d. Kjo \u00ebsht\u00eb \u00e7\u00ebshtje e menaxhimit.<\/p>\n<p><strong>Kishit nj\u00eb konflikt me policin\u00eb serbe, p\u00ebr shkak t\u00eb xhaket\u00ebs me shqiponj\u00ebn dykrenare\u2026<\/strong><\/p>\n<p>E kam t\u00eb ndaluar t\u00eb flas p\u00ebr k\u00ebt\u00eb \u00e7\u00ebshtje nga avokati, sepse jam n\u00eb gjyq.<\/p>\n<p><a href=\"http:\/\/www.visit-ulcinj.com\/blog\/wp-content\/uploads\/2012\/02\/Sinan-Hoxha.jpg\"><img loading=\"lazy\" class=\"alignleft  wp-image-56652\" title=\"Sinan Hoxha\" src=\"http:\/\/www.visit-ulcinj.com\/blog\/wp-content\/uploads\/2012\/02\/Sinan-Hoxha.jpg\" alt=\"\" width=\"508\" height=\"330\" \/><\/a><\/p>\n<p><strong>Para pak koh\u00ebsh nxor\u00ebt n\u00eb tregun muzikor nj\u00eb k\u00ebng\u00eb t\u00eb re me Seldin dhe Med\u00ebn, e cila rezultoi shum\u00eb e suksesshme. Cilat jan\u00eb planet tuaja m\u00eb t\u00eb af\u00ebrta?<\/strong><\/p>\n<p>P\u00ebrve\u00e7 koncerteve n\u00eb fillim t\u00eb ver\u00ebs, do t\u00eb realizoj nj\u00eb k\u00ebng\u00eb t\u00eb re dhe videoklip. Do t\u00eb jet\u00eb nj\u00eb k\u00ebng\u00eb solo pas shum\u00eb bashk\u00ebpunimeve q\u00eb kam realizuar. Mendoj se \u00ebsht\u00eb nj\u00eb k\u00ebng\u00eb shum\u00eb e mir\u00eb, por do t\u00eb jet\u00eb publiku q\u00eb do ta vler\u00ebsoj\u00eb. Klipi do t\u00eb jet\u00eb ndryshe nga t\u00eb gjitha klipet q\u00eb kam realizuar. Se\u00e7 kam nj\u00eb energji t\u00eb papar\u00eb p\u00ebr t\u00eb punuar (qesh).<\/p>\n<p><strong><a href=\"http:\/\/www.visit-ulcinj.com\/blog\/wp-content\/uploads\/2012\/02\/Sinan-Hoxha.2.jpg\"><img loading=\"lazy\" class=\"alignleft size-full wp-image-56653\" title=\"Sinan Hoxha.2\" src=\"http:\/\/www.visit-ulcinj.com\/blog\/wp-content\/uploads\/2012\/02\/Sinan-Hoxha.2.jpg\" alt=\"\" width=\"298\" height=\"448\" \/><\/a>Gjith\u00eb koh\u00ebs n\u00eb l\u00ebvizje. Ndiheni ndonj\u00ebher\u00eb i lodhur?<\/strong><\/p>\n<p>\u00cbsht\u00eb e lodhshme t\u00eb udh\u00ebtosh me \u00e7anta nga nj\u00eb aeroport n\u00eb tjetrin, nga nj\u00eb hotel n\u00eb tjetrin, nga nj\u00eb shtet n\u00eb tjetrin, nga nj\u00eb qytet n\u00eb tjetrin\u2026 por gjith\u00e7ka shp\u00ebrblehet kur shoh q\u00eb salla ku do t\u00eb k\u00ebndoj \u00ebsht\u00eb plot, duartrokitjet e publikut dhe k\u00ebshtu k\u00ebnaq\u00ebsia e mund lodhjen.<\/p>\n<p><strong>Me cil\u00ebt k\u00ebng\u00ebtar\u00eb ju p\u00eblqen t\u00eb bashk\u00ebpunoni?<\/strong><\/p>\n<p>Kam k\u00ebnduar me disa k\u00ebng\u00ebtar\u00eb t\u00eb njohur dhe t\u00eb suksesh\u00ebm, por \u00ebndrra ime \u00ebsht\u00eb k\u00ebndoj me legjend\u00ebn mbar\u00ebshqiptare Sabri Fejzullahun, t\u00eb cilin e kam si baba t\u00eb dyt\u00eb. Nuk i vjen m\u00eb kombit nj\u00eb artist si ai, ka aft\u00ebsi t\u00eb jasht\u00ebzakonshme njer\u00ebzore edhe artistike. \u00cbsht\u00eb e vetmja d\u00ebshir\u00eb e imja.<\/p>\n<p><strong>Sa koh\u00eb q\u00ebndroni p\u00ebrpara pasqyr\u00ebs?<\/strong><\/p>\n<p>N\u00eb jet\u00ebn e p\u00ebrditshme aspak, para koncertit m\u00eb shum\u00eb se\u00e7 duhet. Sepse e vler\u00ebsoj publikun q\u00eb kam p\u00ebrball\u00eb.<\/p>\n<p><strong>Shpenzoni shum\u00eb p\u00ebr veshjen?<\/strong><\/p>\n<p>Jo. Rrobat gjithmon\u00eb i blej n\u00eb Tiran\u00eb pavar\u00ebsisht se udh\u00ebtoj shum\u00eb. Rrobat q\u00eb p\u00ebrdor n\u00eb jet\u00ebn e p\u00ebrditshme jan\u00eb t\u00eb thjeshta dhe t\u00eb blera lir\u00eb, nd\u00ebrsa n\u00eb sken\u00eb rrobat q\u00eb p\u00ebrdor jan\u00eb t\u00eb kushtueshme, kryesisht kostume klasike.<\/p>\n<p><strong>Vazhdimisht synoni t\u00eb ndiheni mir\u00eb apo t\u00eb dukeni mir\u00eb?<\/strong><\/p>\n<p>Dua t\u00eb ndihem mir\u00eb, por \u00ebsht\u00eb e r\u00ebnd\u00ebsishme q\u00eb para publikut edhe t\u00eb dukem mir\u00eb. T\u00eb ndihem mir\u00eb me veten dhe t\u00eb tjer\u00ebt t\u00eb ndihen mir\u00eb me mua.<\/p>\n<p><strong>Cili \u00ebsht\u00eb personi m\u00eb i r\u00ebnd\u00ebsish\u00ebm p\u00ebr ju?<\/strong><\/p>\n<p>N\u00ebna ime. Nuk e z\u00ebvend\u00ebsoj me asnj\u00eb.<\/p>\n<p><strong>\u00c7far\u00eb vendi z\u00eb familja n\u00eb jet\u00ebn t\u00ebnde?<\/strong><\/p>\n<p>N\u00ebse familja ime nuk \u00ebsht\u00eb mir\u00eb, as un\u00eb nuk jam mir\u00eb. Kam nj\u00eb marr\u00ebdh\u00ebnie shum\u00eb t\u00eb mir\u00eb me familjen. K\u00ebrkoj ndjes\u00eb p\u00ebr modestin\u00eb, por do t\u00eb d\u00ebshiroja q\u00eb si\u00e7 e kam un\u00eb marr\u00ebdh\u00ebnien time me familjen ta kishte \u00e7do shqiptar.<\/p>\n<p><strong>Keni deklaruar se n\u00eb vitin 2012 do t\u00eb martoheni\u2026<\/strong><\/p>\n<p>Dua t\u00eb ndodh\u00eb nj\u00eb gj\u00eb e till\u00eb, e d\u00ebshiroj me gjith\u00eb zem\u00ebr, por t\u00eb shohim\u2026<\/p>\n<p><strong>Do t\u00eb krijoni nj\u00eb familje t\u00eb madhe?<\/strong><\/p>\n<p>Do t\u00eb jet\u00eb nj\u00eb familje e madhe numerike. I dua shum\u00eb f\u00ebmij\u00ebt dhe dua t\u00eb kem shum\u00eb f\u00ebmij\u00eb. Por k\u00ebt\u00eb e ka dor\u00eb Zoti dhe gruaja ime e ardhshme (qesh)<\/p>\n<p><strong>\u00c7far\u00eb b\u00ebn kur je shum\u00eb i m\u00ebrzitur?<\/strong><\/p>\n<p>Ndodh shum\u00eb rrall\u00eb, aq rrall\u00eb sa nuk e di \u00e7far\u00eb b\u00ebj.<\/p>\n<p><strong>Cilit personi i rr\u00ebfeni gjith\u00e7ka?<\/strong><\/p>\n<p>N\u00ebna ime.<\/p>\n<p><a href=\"http:\/\/www.visit-ulcinj.com\/blog\/wp-content\/uploads\/2012\/02\/Sinan-Hoxha.3.jpg\"><img loading=\"lazy\" class=\"alignleft  wp-image-56654\" title=\"Sinan Hoxha.3\" src=\"http:\/\/www.visit-ulcinj.com\/blog\/wp-content\/uploads\/2012\/02\/Sinan-Hoxha.3.jpg\" alt=\"\" width=\"508\" height=\"300\" \/><\/a><\/p>\n<p><strong>\u00c7far\u00eb nuk fal Sinani?<\/strong><\/p>\n<p>Hipokrizin\u00eb, mosmir\u00ebnjohjen, xhelozin\u00eb e tepruar, pabesin\u00eb, tradhtin\u00eb.<\/p>\n<p><strong>\u00c7far\u00eb t\u00eb b\u00ebn t\u00eb ndihesh keq?<\/strong><\/p>\n<p>Kur shoh njer\u00ebz q\u00eb nuk kan\u00eb lek\u00eb t\u00eb han\u00eb buk\u00eb, f\u00ebmij\u00eb t\u00eb s\u00ebmur\u00eb, qeveritar\u00ebt q\u00eb nuk kujdesen p\u00ebr nevojat e qytetar\u00ebve. Edhe t\u00eb pabes\u00ebt m\u00eb b\u00ebjn\u00eb t\u00eb ndihem keq.<\/p>\n<p><strong>E gjeni koh\u00ebn p\u00ebr veten?<\/strong><\/p>\n<p>Shum\u00eb pak koh\u00eb dhe kjo m\u00eb ka b\u00ebr\u00eb q\u00eb edhe t\u00eb anashkaloj martes\u00ebn.<\/p>\n<p><strong>\u00c7far\u00eb ju p\u00eblqen t\u00eb b\u00ebni n\u00eb koh\u00ebn e lir\u00eb p\u00ebrve\u00e7 muzik\u00ebs?<\/strong><\/p>\n<p>M\u00eb p\u00eblqen hipizmi, \u00ebsht\u00eb nj\u00eb nd\u00ebr pasionet e mia.<\/p>\n<p><strong>Si \u00ebsht\u00eb dita e Sinanit kur nuk ka asnj\u00eb koncert\u2026<\/strong><\/p>\n<p>Hahahahaha\u2026 Mos ndill ters! Por ndodh shum\u00eb rrall\u00eb. Pa sken\u00ebn do t\u00eb vdisja. Asgj\u00eb nuk i z\u00ebvend\u00ebson emocionet e saj.<\/p>\n<p><strong>Cili \u00ebsht\u00eb kujtimi m\u00eb i bukur?<\/strong><\/p>\n<p>Dalja p\u00ebr her\u00eb t\u00eb par\u00eb n\u00eb sken\u00eb n\u00eb Pallatin e Kongreseve, isha i vog\u00ebl. Nuk do ta harroj kurr\u00eb at\u00eb moment.<\/p>\n<p><strong>Ju p\u00eblqejn\u00eb kafsh\u00ebt?<\/strong><\/p>\n<p>Po, m\u00eb p\u00eblqejn\u00eb shum\u00eb.<\/p>\n<p><strong>Cila \u00ebsht\u00eb kafsha p\u00ebr t\u00eb cil\u00ebn do t\u00eb donit t\u00eb kujdeseshit?<\/strong><\/p>\n<p>Kali. Kam pasur nj\u00eb kal\u00eb p\u00ebr t\u00eb cilin kujdesesha, por q\u00eb tani nuk e kam m\u00eb dhe m\u00eb mungon. Do doja t\u00eb blija nj\u00eb kal\u00eb.<\/p>\n<p><strong>Kur ishit f\u00ebmij\u00eb, cila ishte loja e preferuar?<\/strong><\/p>\n<p>Me peta dhe kopaca, megjith\u00ebse edhe k\u00ebto nuk i kam shijuar aq sa do t\u00eb doja, sepse f\u00ebmij\u00ebria ime ishte e shkurt\u00ebr. Kam filluar t\u00eb punoj shum\u00eb her\u00ebt, kur isha shum\u00eb i vog\u00ebl. Jam rritur dhe pjekur para kohe dhe dikur nuk m\u00eb ka p\u00eblqyer kjo gj\u00eb, por tani e vler\u00ebsoj k\u00ebt\u00eb fakt, sepse kam arritur t\u00eb di vlerat e pun\u00ebs dhe p\u00ebrgjegj\u00ebsit\u00eb e mia.<\/p>\n<p><strong>N\u00ebse do t\u00eb mund ta ndaloje koh\u00ebn, kur do ta ndaloje?<\/strong><\/p>\n<p>Nuk e di. Sepse p\u00ebr nj\u00eb artist at\u00ebher\u00eb kur ai mendon se ka arritur majat, fillon r\u00ebnia. Artisti k\u00ebrkon gjithmon\u00eb m\u00eb shum\u00eb. Koh\u00ebn nuk do ta ndaloja, por do t\u00eb doja t\u00eb isha edhe nj\u00eb her\u00eb 20 vje\u00e7.<\/p>\n<p><strong>Libri m\u00eb i bukur q\u00eb keni lexuar\u2026<\/strong><\/p>\n<p>\u201cGjuetari i Balonave\u201d<\/p>\n<p><strong>Do t\u00eb donit t\u00eb ishit politikan?<\/strong><\/p>\n<p>Jo, kurr\u00eb! Nuk m\u00eb p\u00eblqen, sepse thon\u00eb q\u00eb politika \u00ebsht\u00eb \u2026 un\u00eb nuk jam\u2026 dhe nuk m\u00eb p\u00eblqejn\u00eb njer\u00ebzit\u2026 (qesh me mungesat e fjal\u00ebve)<\/p>\n<p><strong><a href=\"http:\/\/www.visit-ulcinj.com\/blog\/wp-content\/uploads\/2012\/02\/Sinan-Hoxha.4.jpg\"><img loading=\"lazy\" class=\"alignleft  wp-image-56655\" title=\"Sinan Hoxha.4\" src=\"http:\/\/www.visit-ulcinj.com\/blog\/wp-content\/uploads\/2012\/02\/Sinan-Hoxha.4.jpg\" alt=\"\" width=\"300\" height=\"400\" \/><\/a>\u00cbndrra m\u00eb e bukur q\u00eb keni par\u00eb?<\/strong><\/p>\n<p>Pash\u00eb \u00ebnd\u00ebrr sikur fluturoja dhe u ula n\u00eb H\u00ebn\u00eb! B\u00ebn vaki edhe s\u2019dalin (qesh)<\/p>\n<p><strong>\u00c7far\u00eb do t\u2019u thoni atyre q\u00eb ju kan\u00eb l\u00ebnduar?<\/strong><\/p>\n<p>Asgj\u00eb. N\u00eb Kuran, thuhet: \u00e7far\u00ebdo q\u00eb t\u00eb b\u00ebsh n\u00eb dynja, t\u00eb kthehet mbrapsht. Zoti vonon, por nuk harron. Nuk do t\u00eb l\u00ebndoj ask\u00ebnd edhe n\u00ebse m\u00eb l\u00ebndon.<\/p>\n<p><strong>Si do ta p\u00ebrkufizoje veten me nj\u00eb fjal\u00eb?<\/strong><\/p>\n<p>Zem\u00ebrgjer\u00eb.<\/p>\n<p><strong>Ku do t\u00eb jeni m\u00eb 14 shkurt?<\/strong><\/p>\n<p>P\u00ebr Sh\u00ebn Valentin do t\u00eb jem n\u00eb Prishtin\u00eb n\u00eb nj\u00eb diskotek\u00eb, nd\u00ebrsa p\u00ebr pavar\u00ebsin\u00eb e Kosov\u00ebs do t\u00eb jem n\u00eb Zvic\u00ebr.<\/p>\n<p><strong>Do t\u00eb b\u00ebni dhurat\u00eb p\u00ebr Sh\u00ebn Valentin?<\/strong><\/p>\n<p>Jo, nuk do t\u00eb b\u00ebj. Do doja shum\u00eb, por p\u00ebr momentin nuk kam kujt t\u2019i b\u00ebj. Por kjo s\u2019do t\u00eb thot\u00eb q\u00eb nuk pres dhurata (qesh).<\/p>\n<p><strong>U fol gjat\u00eb p\u00ebr nj\u00eb lidhje tuaj\u00ebn me Seldin. Si \u00ebsht\u00eb e v\u00ebrteta?<\/strong><\/p>\n<p>Nuk ka asgj\u00eb t\u00eb v\u00ebrtet\u00eb. E kam th\u00ebn\u00eb, rith\u00ebn\u00eb dhe do vazhdoj ta them. Shpifjet kan\u00eb arritur kulmin p\u00ebr mua. Me Seldin kemi lidhje gjaku, kjo \u00ebsht\u00eb e vetmja e v\u00ebrtet\u00eb.<\/p>\n<p><strong>Si jan\u00eb marr\u00ebdh\u00ebniet tuaja?<\/strong><\/p>\n<p>Shum\u00eb t\u00eb mira. \u00cbsht\u00eb njeri i mrekulluesh\u00ebm dhe k\u00ebng\u00ebtar i talentuar.<\/p>\n<p><strong>U p\u00ebrfol nj\u00eb z\u00ebnk\u00eb mes jush\u2026<\/strong><\/p>\n<p>Jo. Nuk \u00ebsht\u00eb e v\u00ebrtet\u00eb. Kemi pasur disa koncerte n\u00eb vende t\u00eb ndryshme, dhe jo bashk\u00eb. Kjo \u00ebsht\u00eb normale, sepse n\u00eb koncerte nuk ftohen gjithmon\u00eb dy k\u00ebng\u00ebtar\u00eb. \u00cbsht\u00eb \u00e7\u00ebshtje menaxhimi.<\/p>\n<p><strong>Albina Hoxha<br \/>\nGazeta Shekulli<br \/>\n<!--YouTube Error: bad URL entered--><br \/>\n<\/strong><\/p>\n","protected":false},"excerpt":{"rendered":"<p>Takimi me Sinan Hoxh\u00ebn \u00ebsht\u00eb i v\u00ebshtir\u00eb deri n\u00eb momentin q\u00eb p\u00ebrballesh me t\u00eb. T\u00eb duhet t\u00eb b\u00ebsh nj\u00eb telefonat\u00eb, e ke n\u00eb Kosov\u00eb. M\u00eb pas nj\u00eb tjet\u00ebr telefonat\u00eb, s\u00ebrish n\u00eb Kosov\u00eb. N\u00eb fund, kur vijon t\u00eb k\u00ebmb\u00ebngul\u00ebsh, merr nj\u00eb p\u00ebrgjigje gjith\u00eb buz\u00ebqeshje: \u201cAkoma s\u2019u dor\u00ebzove?\u201d. N\u00eb momentin e takimit mund t\u00eb ndihesh e qet\u00eb, [&hellip;]<\/p>\n","protected":false},"author":1,"featured_media":0,"comment_status":"open","ping_status":"closed","sticky":false,"template":"","format":"standard","meta":{"spay_email":"","jetpack_publicize_message":"","jetpack_is_tweetstorm":false,"jetpack_publicize_feature_enabled":true},"categories":[1],"tags":[19677,19806,16036,8966,19514,19511,12151,19460],"jetpack_publicize_connections":[],"yoast_head":"<!-- This site is optimized with the Yoast SEO plugin v19.1 - https:\/\/yoast.com\/wordpress\/plugins\/seo\/ -->\n<title>Sinan Hoxha: Se\u00e7 kam nj\u00eb energji t\u00eb papar\u00eb\u2026 - Lajme nga Ulqini<\/title>\n<meta name=\"description\" content=\"Takimi me Sinan Hoxh\u00ebn \u00ebsht\u00eb i v\u00ebshtir\u00eb deri n\u00eb momentin q\u00eb p\u00ebrballesh me t\u00eb. T\u00eb duhet t\u00eb b\u00ebsh nj\u00eb telefonat\u00eb, e ke n\u00eb Kosov\u00eb. M\u00eb pas nj\u00eb tjet\u00ebr\" \/>\n<meta name=\"robots\" content=\"index, follow, max-snippet:-1, max-image-preview:large, max-video-preview:-1\" \/>\n<link rel=\"canonical\" href=\"https:\/\/www.visit-ulcinj.com\/blog\/2012\/02\/01\/sinan-hoxha-sec-kam-nje-energji-te-papare\/\" \/>\n<meta property=\"og:locale\" content=\"en_US\" \/>\n<meta property=\"og:type\" content=\"article\" \/>\n<meta property=\"og:title\" content=\"Sinan Hoxha: Se\u00e7 kam nj\u00eb energji t\u00eb papar\u00eb\u2026 - Lajme nga Ulqini\" \/>\n<meta property=\"og:description\" content=\"Takimi me Sinan Hoxh\u00ebn \u00ebsht\u00eb i v\u00ebshtir\u00eb deri n\u00eb momentin q\u00eb p\u00ebrballesh me t\u00eb. T\u00eb duhet t\u00eb b\u00ebsh nj\u00eb telefonat\u00eb, e ke n\u00eb Kosov\u00eb. M\u00eb pas nj\u00eb tjet\u00ebr\" \/>\n<meta property=\"og:url\" content=\"https:\/\/www.visit-ulcinj.com\/blog\/2012\/02\/01\/sinan-hoxha-sec-kam-nje-energji-te-papare\/\" \/>\n<meta property=\"og:site_name\" content=\"Lajme nga Ulqini\" \/>\n<meta property=\"article:published_time\" content=\"2012-02-01T11:14:16+00:00\" \/>\n<meta property=\"article:modified_time\" content=\"2012-02-01T11:21:17+00:00\" \/>\n<meta property=\"og:image\" content=\"http:\/\/www.visit-ulcinj.com\/blog\/wp-content\/uploads\/2012\/02\/Sinan-Hoxha.1.jpg\" \/>\n<meta name=\"twitter:label1\" content=\"Written by\" \/>\n\t<meta name=\"twitter:data1\" content=\"ulqini\" \/>\n\t<meta name=\"twitter:label2\" content=\"Est. reading time\" \/>\n\t<meta name=\"twitter:data2\" content=\"8 minutes\" \/>\n<script type=\"application\/ld+json\" class=\"yoast-schema-graph\">{\"@context\":\"https:\/\/schema.org\",\"@graph\":[{\"@type\":\"WebSite\",\"@id\":\"https:\/\/www.visit-ulcinj.com\/blog\/#website\",\"url\":\"https:\/\/www.visit-ulcinj.com\/blog\/\",\"name\":\"Lajme nga Ulqini\",\"description\":\"Lajme,Vijesti,Ulqini,Ulqin,Crna Gora,Mali i Zi\",\"potentialAction\":[{\"@type\":\"SearchAction\",\"target\":{\"@type\":\"EntryPoint\",\"urlTemplate\":\"https:\/\/www.visit-ulcinj.com\/blog\/?s={search_term_string}\"},\"query-input\":\"required name=search_term_string\"}],\"inLanguage\":\"en-US\"},{\"@type\":\"ImageObject\",\"inLanguage\":\"en-US\",\"@id\":\"https:\/\/www.visit-ulcinj.com\/blog\/2012\/02\/01\/sinan-hoxha-sec-kam-nje-energji-te-papare\/#primaryimage\",\"url\":\"http:\/\/www.visit-ulcinj.com\/blog\/wp-content\/uploads\/2012\/02\/Sinan-Hoxha.1.jpg\",\"contentUrl\":\"http:\/\/www.visit-ulcinj.com\/blog\/wp-content\/uploads\/2012\/02\/Sinan-Hoxha.1.jpg\"},{\"@type\":\"WebPage\",\"@id\":\"https:\/\/www.visit-ulcinj.com\/blog\/2012\/02\/01\/sinan-hoxha-sec-kam-nje-energji-te-papare\/#webpage\",\"url\":\"https:\/\/www.visit-ulcinj.com\/blog\/2012\/02\/01\/sinan-hoxha-sec-kam-nje-energji-te-papare\/\",\"name\":\"Sinan Hoxha: Se\u00e7 kam nj\u00eb energji t\u00eb papar\u00eb\u2026 - Lajme nga Ulqini\",\"isPartOf\":{\"@id\":\"https:\/\/www.visit-ulcinj.com\/blog\/#website\"},\"primaryImageOfPage\":{\"@id\":\"https:\/\/www.visit-ulcinj.com\/blog\/2012\/02\/01\/sinan-hoxha-sec-kam-nje-energji-te-papare\/#primaryimage\"},\"datePublished\":\"2012-02-01T11:14:16+00:00\",\"dateModified\":\"2012-02-01T11:21:17+00:00\",\"author\":{\"@id\":\"https:\/\/www.visit-ulcinj.com\/blog\/#\/schema\/person\/dcab619c614d3038751c63bc2aadc06d\"},\"description\":\"Takimi me Sinan Hoxh\u00ebn \u00ebsht\u00eb i v\u00ebshtir\u00eb deri n\u00eb momentin q\u00eb p\u00ebrballesh me t\u00eb. T\u00eb duhet t\u00eb b\u00ebsh nj\u00eb telefonat\u00eb, e ke n\u00eb Kosov\u00eb. M\u00eb pas nj\u00eb tjet\u00ebr\",\"breadcrumb\":{\"@id\":\"https:\/\/www.visit-ulcinj.com\/blog\/2012\/02\/01\/sinan-hoxha-sec-kam-nje-energji-te-papare\/#breadcrumb\"},\"inLanguage\":\"en-US\",\"potentialAction\":[{\"@type\":\"ReadAction\",\"target\":[\"https:\/\/www.visit-ulcinj.com\/blog\/2012\/02\/01\/sinan-hoxha-sec-kam-nje-energji-te-papare\/\"]}]},{\"@type\":\"BreadcrumbList\",\"@id\":\"https:\/\/www.visit-ulcinj.com\/blog\/2012\/02\/01\/sinan-hoxha-sec-kam-nje-energji-te-papare\/#breadcrumb\",\"itemListElement\":[{\"@type\":\"ListItem\",\"position\":1,\"name\":\"Sinan Hoxha: Se\u00e7 kam nj\u00eb energji t\u00eb papar\u00eb\u2026\"}]},{\"@type\":\"Person\",\"@id\":\"https:\/\/www.visit-ulcinj.com\/blog\/#\/schema\/person\/dcab619c614d3038751c63bc2aadc06d\",\"name\":\"ulqini\",\"sameAs\":[\"http:\/\/www.visit-ulcinj.com\"],\"url\":\"https:\/\/www.visit-ulcinj.com\/blog\/author\/admin\/\"}]}<\/script>\n<!-- \/ Yoast SEO plugin. -->","yoast_head_json":{"title":"Sinan Hoxha: Se\u00e7 kam nj\u00eb energji t\u00eb papar\u00eb\u2026 - Lajme nga Ulqini","description":"Takimi me Sinan Hoxh\u00ebn \u00ebsht\u00eb i v\u00ebshtir\u00eb deri n\u00eb momentin q\u00eb p\u00ebrballesh me t\u00eb. T\u00eb duhet t\u00eb b\u00ebsh nj\u00eb telefonat\u00eb, e ke n\u00eb Kosov\u00eb. M\u00eb pas nj\u00eb tjet\u00ebr","robots":{"index":"index","follow":"follow","max-snippet":"max-snippet:-1","max-image-preview":"max-image-preview:large","max-video-preview":"max-video-preview:-1"},"canonical":"https:\/\/www.visit-ulcinj.com\/blog\/2012\/02\/01\/sinan-hoxha-sec-kam-nje-energji-te-papare\/","og_locale":"en_US","og_type":"article","og_title":"Sinan Hoxha: Se\u00e7 kam nj\u00eb energji t\u00eb papar\u00eb\u2026 - Lajme nga Ulqini","og_description":"Takimi me Sinan Hoxh\u00ebn \u00ebsht\u00eb i v\u00ebshtir\u00eb deri n\u00eb momentin q\u00eb p\u00ebrballesh me t\u00eb. T\u00eb duhet t\u00eb b\u00ebsh nj\u00eb telefonat\u00eb, e ke n\u00eb Kosov\u00eb. M\u00eb pas nj\u00eb tjet\u00ebr","og_url":"https:\/\/www.visit-ulcinj.com\/blog\/2012\/02\/01\/sinan-hoxha-sec-kam-nje-energji-te-papare\/","og_site_name":"Lajme nga Ulqini","article_published_time":"2012-02-01T11:14:16+00:00","article_modified_time":"2012-02-01T11:21:17+00:00","og_image":[{"url":"http:\/\/www.visit-ulcinj.com\/blog\/wp-content\/uploads\/2012\/02\/Sinan-Hoxha.1.jpg"}],"twitter_misc":{"Written by":"ulqini","Est. reading time":"8 minutes"},"schema":{"@context":"https:\/\/schema.org","@graph":[{"@type":"WebSite","@id":"https:\/\/www.visit-ulcinj.com\/blog\/#website","url":"https:\/\/www.visit-ulcinj.com\/blog\/","name":"Lajme nga Ulqini","description":"Lajme,Vijesti,Ulqini,Ulqin,Crna Gora,Mali i Zi","potentialAction":[{"@type":"SearchAction","target":{"@type":"EntryPoint","urlTemplate":"https:\/\/www.visit-ulcinj.com\/blog\/?s={search_term_string}"},"query-input":"required name=search_term_string"}],"inLanguage":"en-US"},{"@type":"ImageObject","inLanguage":"en-US","@id":"https:\/\/www.visit-ulcinj.com\/blog\/2012\/02\/01\/sinan-hoxha-sec-kam-nje-energji-te-papare\/#primaryimage","url":"http:\/\/www.visit-ulcinj.com\/blog\/wp-content\/uploads\/2012\/02\/Sinan-Hoxha.1.jpg","contentUrl":"http:\/\/www.visit-ulcinj.com\/blog\/wp-content\/uploads\/2012\/02\/Sinan-Hoxha.1.jpg"},{"@type":"WebPage","@id":"https:\/\/www.visit-ulcinj.com\/blog\/2012\/02\/01\/sinan-hoxha-sec-kam-nje-energji-te-papare\/#webpage","url":"https:\/\/www.visit-ulcinj.com\/blog\/2012\/02\/01\/sinan-hoxha-sec-kam-nje-energji-te-papare\/","name":"Sinan Hoxha: Se\u00e7 kam nj\u00eb energji t\u00eb papar\u00eb\u2026 - Lajme nga Ulqini","isPartOf":{"@id":"https:\/\/www.visit-ulcinj.com\/blog\/#website"},"primaryImageOfPage":{"@id":"https:\/\/www.visit-ulcinj.com\/blog\/2012\/02\/01\/sinan-hoxha-sec-kam-nje-energji-te-papare\/#primaryimage"},"datePublished":"2012-02-01T11:14:16+00:00","dateModified":"2012-02-01T11:21:17+00:00","author":{"@id":"https:\/\/www.visit-ulcinj.com\/blog\/#\/schema\/person\/dcab619c614d3038751c63bc2aadc06d"},"description":"Takimi me Sinan Hoxh\u00ebn \u00ebsht\u00eb i v\u00ebshtir\u00eb deri n\u00eb momentin q\u00eb p\u00ebrballesh me t\u00eb. T\u00eb duhet t\u00eb b\u00ebsh nj\u00eb telefonat\u00eb, e ke n\u00eb Kosov\u00eb. M\u00eb pas nj\u00eb tjet\u00ebr","breadcrumb":{"@id":"https:\/\/www.visit-ulcinj.com\/blog\/2012\/02\/01\/sinan-hoxha-sec-kam-nje-energji-te-papare\/#breadcrumb"},"inLanguage":"en-US","potentialAction":[{"@type":"ReadAction","target":["https:\/\/www.visit-ulcinj.com\/blog\/2012\/02\/01\/sinan-hoxha-sec-kam-nje-energji-te-papare\/"]}]},{"@type":"BreadcrumbList","@id":"https:\/\/www.visit-ulcinj.com\/blog\/2012\/02\/01\/sinan-hoxha-sec-kam-nje-energji-te-papare\/#breadcrumb","itemListElement":[{"@type":"ListItem","position":1,"name":"Sinan Hoxha: Se\u00e7 kam nj\u00eb energji t\u00eb papar\u00eb\u2026"}]},{"@type":"Person","@id":"https:\/\/www.visit-ulcinj.com\/blog\/#\/schema\/person\/dcab619c614d3038751c63bc2aadc06d","name":"ulqini","sameAs":["http:\/\/www.visit-ulcinj.com"],"url":"https:\/\/www.visit-ulcinj.com\/blog\/author\/admin\/"}]}},"jetpack_featured_media_url":"","jetpack_sharing_enabled":true,"jetpack_shortlink":"https:\/\/wp.me\/pe6lTn-eJI","_links":{"self":[{"href":"https:\/\/www.visit-ulcinj.com\/blog\/wp-json\/wp\/v2\/posts\/56650"}],"collection":[{"href":"https:\/\/www.visit-ulcinj.com\/blog\/wp-json\/wp\/v2\/posts"}],"about":[{"href":"https:\/\/www.visit-ulcinj.com\/blog\/wp-json\/wp\/v2\/types\/post"}],"author":[{"embeddable":true,"href":"https:\/\/www.visit-ulcinj.com\/blog\/wp-json\/wp\/v2\/users\/1"}],"replies":[{"embeddable":true,"href":"https:\/\/www.visit-ulcinj.com\/blog\/wp-json\/wp\/v2\/comments?post=56650"}],"version-history":[{"count":2,"href":"https:\/\/www.visit-ulcinj.com\/blog\/wp-json\/wp\/v2\/posts\/56650\/revisions"}],"predecessor-version":[{"id":56657,"href":"https:\/\/www.visit-ulcinj.com\/blog\/wp-json\/wp\/v2\/posts\/56650\/revisions\/56657"}],"wp:attachment":[{"href":"https:\/\/www.visit-ulcinj.com\/blog\/wp-json\/wp\/v2\/media?parent=56650"}],"wp:term":[{"taxonomy":"category","embeddable":true,"href":"https:\/\/www.visit-ulcinj.com\/blog\/wp-json\/wp\/v2\/categories?post=56650"},{"taxonomy":"post_tag","embeddable":true,"href":"https:\/\/www.visit-ulcinj.com\/blog\/wp-json\/wp\/v2\/tags?post=56650"}],"curies":[{"name":"wp","href":"https:\/\/api.w.org\/{rel}","templated":true}]}}