{"id":5666,"date":"2008-11-07T17:43:19","date_gmt":"2008-11-07T22:43:19","guid":{"rendered":"http:\/\/www.visit-ulcinj.com\/blog\/?p=5666"},"modified":"2008-11-07T17:43:51","modified_gmt":"2008-11-07T22:43:51","slug":"flamuri-shqiptar-molle-sherri-ne-sport","status":"publish","type":"post","link":"https:\/\/www.visit-ulcinj.com\/blog\/2008\/11\/07\/flamuri-shqiptar-molle-sherri-ne-sport\/","title":{"rendered":"Flamuri shqiptar, moll\u00eb sherri n\u00eb sport"},"content":{"rendered":"<p><a href=\"http:\/\/www.visit-ulcinj.com\/blog\/wp-content\/uploads\/2008\/11\/flamuri-shqiptar.jpg\"><img loading=\"lazy\" class=\"alignleft size-medium wp-image-5667\" title=\"flamuri-shqiptar\" src=\"http:\/\/www.visit-ulcinj.com\/blog\/wp-content\/uploads\/2008\/11\/flamuri-shqiptar.jpg\" alt=\"\" width=\"230\" height=\"165\" \/><\/a><strong>Nj\u00eb ngjarje sportive nxit nevoj\u00ebn e ndryshimit t\u00eb ligjit mbi p\u00ebrdorimin e simboleve nacionale<\/strong><br \/>\nNj\u00eb ngjarje sportive e jav\u00ebs s\u00eb kaluar n\u00eb Ulqin d\u00ebshmoi edhe nj\u00eb her\u00eb mang\u00ebsit\u00eb e Ligjit mbi p\u00ebrdorimin e simboleve nacionale dhe nevoj\u00ebn p\u00ebr plot\u00ebsimin dhe ndryshimin e tij.<br \/>\nP\u00ebr shkak t\u00eb flamurit shqiptar t\u00eb vendosur n\u00eb murin e sall\u00ebs s\u00eb Shkoll\u00ebs Fillore &#8220;Mareshali Tito&#8221;, KFV &#8220;Teuta&#8221; e humbi ndeshjen ndaj KFV &#8220;Nikshiq &#8211; Balestra&#8221;.<br \/>\nFederata e Futbollit e Malit t\u00eb Zi kishte k\u00ebrkuar nga drejtuesit e KFV &#8220;Teuta&#8221; q\u00eb t\u00eb m\u00ebnjanoj\u00eb flamurin shqiptar nga muri i sall\u00ebs para zhvillimit t\u00eb ndeshjes.<br \/>\nN\u00eb nj\u00eb shkres\u00eb d\u00ebrguar KFV &#8220;Teuta&#8221;, FFMZ thekson se &#8220;nga procesverbali i delegatit ton\u00eb nga ndeshja e jav\u00ebs s\u00eb dyt\u00eb t\u00eb Lig\u00ebs s\u00eb Par\u00eb t\u00eb Futbollit t\u00eb Vog\u00ebl t\u00eb Malit t\u00eb Zi t\u00eb cil\u00ebn e ka organizuar klubi Juaj me KFV &#8220;Kollashin&#8221; jemi njoftuar se n\u00eb sall\u00ebn n\u00eb t\u00eb cil\u00ebn keni zhvilluar ndeshjen e lartp\u00ebrmendur ka qen\u00eb i vendosur flamuri i shtetit t\u00eb huaj (Shqip\u00ebris\u00eb).&#8221;<br \/>\n&#8220;Duke qen\u00eb se me dispozitat tona (Rregullorja mbi garat futbollistike t\u00eb FFMZ-s\u00eb) n\u00eb garat sportive \u00ebsht\u00eb e ndaluar vendosja e flamujve t\u00eb shteteve t\u00eb huaja, kjo Ju obligon q\u00eb n\u00eb ndeshjen e ardhshme t\u00eb jav\u00ebs s\u00eb kat\u00ebrt kur jeni mikprit\u00ebs i KFV &#8220;Nikshiq &#8211; Balestra&#8221; t\u00eb m\u00ebnjanoni flamurin e shtetit t\u00eb huaj. N\u00eb t\u00eb kund\u00ebrt ndeshja nuk do t\u00eb zhvillohet dhe ajo do t\u00eb regjistrohet me rezultatin zyrtar 3:0 n\u00eb favor t\u00eb ekipit kund\u00ebrshtar,&#8221; thuhet n\u00eb shkres\u00ebn e d\u00ebrguar nga kryetari i Komisionit p\u00ebr gara i Federat\u00ebs s\u00eb Futbollit t\u00eb Malit t\u00eb Zi, Bozhidar Miqunoviq.<br \/>\n<strong>&#8220;Teuta&#8221; pranon humbjen, por jo &#8220;turpin&#8221;<\/strong><br \/>\nP\u00ebrkund\u00ebr k\u00ebsaj shkrese, KFV &#8220;Teuta&#8221; nuk ka pranuar ta m\u00ebnjanoj\u00eb flamurin e vendosur n\u00eb murin e sall\u00ebs me arsyetimin se ata nuk e kan\u00eb vendosur at\u00eb, por k\u00ebt\u00eb e ka b\u00ebr\u00eb dikush tjet\u00ebr.<br \/>\n&#8220;T\u00eb m\u00ebrkur\u00ebn m\u00eb ka telefonuar Bozhidar Miqunoviq, komesar p\u00ebr gara i Federat\u00ebs s\u00eb Futbollit t\u00eb Malit t\u00eb Zi, dhe m\u00eb ka th\u00ebn\u00eb se \u00ebsht\u00eb n\u00eb dijeni nga delegati Momo Saveliq q\u00eb n\u00eb sall\u00ebn ku luhen ndeshjet \u00ebsht\u00eb i vendosur flamuri i shtetit t\u00eb huaj e q\u00eb sipas Rregullores s\u00eb garave t\u00eb futbollit \u00ebsht\u00eb e ndaluar. Un\u00eb i jam p\u00ebrgjigjur se kjo \u00ebsht\u00eb e v\u00ebrtet\u00eb, por ai flamur \u00ebsht\u00eb simbol i shqiptar\u00ebve n\u00eb Mal t\u00eb Zi dhe \u00ebsht\u00eb i vendosur n\u00eb an\u00ebn e majt\u00eb t\u00eb flamurit t\u00eb shtetit t\u00eb Malit t\u00eb Zi, kurse n\u00eb an\u00ebn e tij t\u00eb majt\u00eb \u00ebsht\u00eb i vendosur edhe flamuri i Klubit t\u00eb Basketbollit &#8220;Ulqini&#8221;. At\u00eb flamur nuk e kemi vendosur ne dhe t\u00eb nj\u00ebjtin klubi yn\u00eb nuk e largon. N\u00ebse duhet ta largoj\u00eb dikush, duhet ta largoj\u00eb ai q\u00eb e ka vendosur&#8221;, thot\u00eb Reshit Llolla, kryetar n\u00eb dor\u00ebheqje i K\u00ebshillit Drejtues t\u00eb KFV &#8220;Teuta&#8221;.<br \/>\nEdhe kryesia e KFV &#8220;Teuta&#8221; ka marr\u00eb vendim q\u00eb mos ta m\u00ebnjanoj\u00eb flamurin edhe me \u00e7mimin e humbjes s\u00eb ndeshjes.<br \/>\n&#8220;Kryesia e Klubit \u00ebsht\u00eb mbledhur dhe e ka diskutuar k\u00ebt\u00eb \u00e7\u00ebshtje. Pas konsultimeve me organet kompetente \u00ebsht\u00eb marr\u00eb vendim unanim q\u00eb flamurin ta heq\u00eb ai q\u00eb e ka vendosur, por kurrsesi KFV &#8220;Teuta&#8221;, thot\u00eb Llolla.<br \/>\nLigji dhe flamuri shqiptar<br \/>\nP\u00ebrdorimi i simboleve nacionale, n\u00eb rastin konkret i flamurit shqiptar, \u00ebsht\u00eb i sanksionuar me Ligjin mbi p\u00ebrdorimin e simboleve nacionale, t\u00eb miratuar nga Parlamenti i Malit t\u00eb Zi n\u00eb vitin 2000.<br \/>\nMe p\u00ebrjashtim t\u00eb UDSH-s\u00eb, Ligji n\u00eb fjal\u00eb \u00ebsht\u00eb kritikuar q\u00eb n\u00eb koh\u00ebn e nxjerrjes s\u00eb tij nga LD n\u00eb MZ, e m\u00eb pas edhe nga partit\u00eb e tjera shqiptare dhe shum\u00eb ekspert\u00eb t\u00eb s\u00eb drejt\u00ebs, me arsyetimin se ai ka m\u00eb tep\u00ebr karakter restriktiv sesa liberal.<br \/>\nRastin n\u00eb fjal\u00eb e rregullon pika 3 e nenit 4 t\u00eb k\u00ebtij ligji ku thuhet se &#8220;ndalohet p\u00ebrdorimi, respektivisht vendosja e simboleve nacionale me rastin e festimeve, solemniteteve, manifestimeve sportive, kulturore dhe manifestimeve t\u00eb tjera n\u00eb organizim t\u00eb Republik\u00ebs apo organeve t\u00eb qeverisjes lokale&#8221;.<br \/>\n&#8220;N\u00eb rastin konkret organizator \u00ebsht\u00eb Republika, prandaj bazuar n\u00eb Ligjin mbi p\u00ebrdorimin e simboleve nacionale ndalohet p\u00ebrdorimi i tij&#8221;, sqaron avokati Loro Markiqi.<br \/>\nStandardet e dyfishta<br \/>\nP\u00ebrdorimi i flamurit shqiptar n\u00eb garat sportive u b\u00eb problem publik p\u00ebr her\u00eb t\u00eb par\u00eb me rastin e mbajtjes s\u00eb Kup\u00ebs s\u00eb Malit t\u00eb Zi n\u00eb basketboll n\u00eb Ulqin, t\u00eb par\u00ebs pas shpalljes s\u00eb pavar\u00ebsis\u00eb s\u00eb Malit t\u00eb Zi.<br \/>\nIshte gazeta sportive e asaj kohe &#8220;Start&#8221; e cila kishte shtruar \u00e7\u00ebshtjen se pse n\u00eb k\u00ebt\u00eb gar\u00eb n\u00eb mur ishte i vendosur edhe flamuri shqiptar.<br \/>\nPor Federata e Basketbollit t\u00eb Malit t\u00eb Zi nuk ka reaguar asnj\u00ebher\u00eb lidhur me k\u00ebt\u00eb ngjarje.<br \/>\nQ\u00eb nga ajo koh\u00eb n\u00eb sall\u00ebn e Shkoll\u00ebs Fillore &#8220;Mareshali Tito&#8221; jan\u00eb zhvilluar shum\u00eb ndeshje n\u00eb sporte t\u00eb ndryshme ku organizator ka qen\u00eb Republika apo qeverisja lokale e ku asnj\u00ebher\u00eb nuk \u00ebsht\u00eb b\u00ebr\u00eb problem flamuri shqiptar.<br \/>\nMadje edhe nj\u00eb nat\u00eb m\u00eb pas, n\u00eb t\u00eb nj\u00ebjt\u00ebn sall\u00eb \u00ebsht\u00eb luajtur ndeshja e basketbollit nd\u00ebrmjet KB &#8220;Ulqini&#8221;-t dhe KB &#8220;Jedinstvo&#8221;-s dhe zyrtar\u00ebt e Federat\u00ebs s\u00eb Basketbollit t\u00eb Malit t\u00eb Zi nuk kan\u00eb reaguar.<br \/>\n&#8220;Ne e respektojm\u00eb Ligjin, por nuk duam q\u00eb t\u00eb p\u00ebrdoren dy standarde, por n\u00eb k\u00ebt\u00eb m\u00ebnyr\u00eb t\u00eb veprohet edhe n\u00eb vende t\u00eb tjera n\u00eb Mal t\u00eb Zi ku kemi raste q\u00eb kemi jo vet\u00ebm flamuj zyrtar\u00eb t\u00eb huaj, por edhe flamuj ofendues t\u00eb partive dhe l\u00ebvizjeve t\u00eb ndryshme ideologjike&#8221;, shprehet Reshit Llolla, kryetar n\u00eb dor\u00ebheqje i KD t\u00eb KFV &#8220;Teuta&#8221;, duke p\u00ebrmendur n\u00eb radh\u00eb t\u00eb par\u00eb rastin e ndeshjes s\u00eb vitit t\u00eb kaluar n\u00eb Kollashin ndaj ekipit vendas me \u00e7`rast FFMZ, sipas tij, nuk ka reaguar e as shqiptuar kurrfar\u00eb d\u00ebnimi ndaj ekipit vendas.<br \/>\nN\u00eb pyetjen se pse nuk \u00ebsht\u00eb reaguar m\u00eb par\u00eb duke qen\u00eb se n\u00eb t\u00eb nj\u00ebjt\u00ebn sall\u00eb edhe m\u00eb par\u00eb jan\u00eb luajtur ndeshje futbolli nga KFV &#8220;Teuta&#8221; e ku ka q\u00ebndruar flamuri shqiptar, komesari p\u00ebr gara i FFMZ-s\u00eb, Bozhidar Miqunoviq, thot\u00eb se &#8220;vitin e kaluar nuk kemi qen\u00eb t\u00eb njoftuar dhe nuk e kemi ditur se ky flamur ekziston aty&#8221;.<br \/>\n&#8220;K\u00ebt\u00eb vit sapo jemi njoftuar ia kemi t\u00ebrhequr v\u00ebrejtjen Klubit se nuk ka t\u00eb drejt\u00eb t\u00eb p\u00ebrdorimit t\u00eb flamurit t\u00eb shtetit t\u00eb huaj&#8221;, thot\u00eb ai.<br \/>\nNd\u00ebrsa sa i p\u00ebrket faktit se n\u00eb t\u00eb nj\u00ebjt\u00ebn sall\u00eb vet\u00ebm nj\u00eb nat\u00eb m\u00eb pas \u00ebsht\u00eb zhvilluar ndeshja e basketbollit nd\u00ebrmjet &#8220;Ulqin&#8221;-it dhe &#8220;Jedinstvo&#8221;-s e vlefshme p\u00ebr Lig\u00ebn e Par\u00eb, Miqunoviq thot\u00eb se &#8220;nuk m\u00eb interesojn\u00eb federaratat e tjera dhe nuk jam meritor t\u00eb marr vendime n\u00eb lidhje me to&#8221;.<br \/>\nKomesari p\u00ebr gara hedh posht\u00eb deklaratat lidhur me ndeshjen e vitit t\u00eb kaluar n\u00eb Kollashin.<br \/>\n&#8220;N\u00eb ndeshjen p\u00ebr t\u00eb cil\u00ebn flisni jan\u00eb th\u00ebn\u00eb parulla, por jo edhe vendosur flamujt e vendeve t\u00eb huaja&#8221;, thot\u00eb Miqunoviq.<br \/>\nProblemin e zbatimit t\u00eb standardeve t\u00eb dyfishta kur kemi t\u00eb b\u00ebjm\u00eb me Ligjin mbi p\u00ebrdorimin e simboleve nacionale e potencon edhe avokati Loro Markiqi.<br \/>\n&#8220;Federata e Futbollit her\u00eb e zbaton Ligjin, her\u00eb jo. Kur Ligji aplikohet n\u00eb m\u00ebnyr\u00eb restriktive, kjo rregullisht ndodh n\u00eb rastet kur ka t\u00eb b\u00ebj\u00eb me shqiptar\u00ebt. K\u00ebt\u00eb e them sepse n\u00eb praktik\u00eb nuk ka ndeshje sportive q\u00eb organizohet n\u00eb Mal t\u00eb Zi e ku t\u00eb mos shfaqet flamuri i Serbis\u00eb. Por asnj\u00eb ndeshje deri tani nuk \u00ebsht\u00eb anuluar dhe regjistruar me rezultatin 3:0&#8221;, thot\u00eb Markiqi.<br \/>\n<strong>Askush nuk don ta heq\u00eb flamurin<\/strong><br \/>\nP\u00ebrkund\u00ebr shkres\u00ebs s\u00eb FFMZ-s\u00eb, flamurin shqiptar t\u00eb vendosur n\u00eb sall\u00ebn e Shkoll\u00ebs Fillore &#8220;Mareshali Tito&#8221; nuk pranon ta m\u00ebnjanoj\u00eb askush.<br \/>\nDrejtuesit e KFV &#8220;Teuta&#8221; kan\u00eb th\u00ebn\u00eb se ata nuk do ta heqin flamurin, por k\u00ebt\u00eb le ta b\u00ebjn\u00eb ata q\u00eb e kan\u00eb vendosur.<\/p>\n<div style=\"width: 216px\" class=\"wp-caption alignright\"><a href=\"http:\/\/www.visit-ulcinj.com\/blog\/wp-content\/uploads\/2008\/04\/martin-zadrima.jpg\"><img loading=\"lazy\" title=\"Martin Zadrima\" src=\"http:\/\/www.visit-ulcinj.com\/blog\/wp-content\/uploads\/2008\/04\/martin-zadrima.jpg\" alt=\"Drejtor i Shkoll\u00ebs Fillore Mareshali Tito Martin Zadrima\" width=\"206\" height=\"146\" \/><\/a><p class=\"wp-caption-text\">Drejtor i Shkoll\u00ebs Fillore &quot;Mareshali Tito&quot; Martin Zadrima<\/p><\/div>\n<p>N\u00eb fakt, flamuri \u00ebsht\u00eb vendosur nga Klubi i Basketbollit &#8220;Ulqini&#8221; n\u00eb t\u00eb nj\u00ebjtin vend s\u00eb bashku me flamurin e Malit t\u00eb Zi dhe flamurin e KB &#8220;Ulqini&#8221;.Martin Zadrima, drejtor i Shkoll\u00ebs Fillore &#8220;Mareshali Tito&#8221; n\u00eb kuad\u00ebr t\u00eb s\u00eb cil\u00ebs funksionon salla, thot\u00eb se kjo shkoll\u00eb nuk ka t\u00eb b\u00ebj\u00eb asgj\u00eb me garat e ndryshme sportive q\u00eb organizohen n\u00eb k\u00ebt\u00eb sall\u00eb pasi q\u00eb e jep at\u00eb me qira.<br \/>\n&#8220;Ne as nuk e kemi vendosur flamurin dhe as nuk na pengon&#8221;, thot\u00eb Zadrima.<br \/>\n<strong><br \/>\nDomosdoshm\u00ebria e ndryshimit t\u00eb Ligjit<\/strong><br \/>\nRasti n\u00eb ndeshjen e futbollit ka nxjerr\u00eb edhe nj\u00eb her\u00eb n\u00eb pah domosdoshm\u00ebrin\u00eb e ndryshimit dhe plot\u00ebsimit t\u00eb Ligjit mbi p\u00ebrdorimin e simboleve nacionale.<br \/>\n&#8220;Shpresoj q\u00eb p\u00ebrfaq\u00ebsuesit tan\u00eb k\u00ebt\u00eb rast ta shfryt\u00ebzojn\u00eb p\u00ebr ndryshimin &#8211; p\u00ebrmir\u00ebsimin e Ligjit ku ta parashikojn\u00eb liberalizimin e p\u00ebrdorimit t\u00eb simboleve komb\u00ebtare p\u00ebr \u00e7far\u00eb edhe kan\u00eb dh\u00ebn\u00eb premtime me rastin e aprovimit t\u00eb Ligjit ekzistues&#8221;, thot\u00eb avokati Loro Markiqi.<br \/>\nLidhur me k\u00ebt\u00eb ngjarje nuk ka reaguar as Ministria p\u00ebr Mbrojtjen e t\u00eb Drejtave t\u00eb Njeriut dhe Pakicave dhe as partit\u00eb shqiptare.<br \/>\n<strong>I. Kallaba<br \/>\nKoha Javore<\/strong><\/p>\n","protected":false},"excerpt":{"rendered":"<p>Nj\u00eb ngjarje sportive nxit nevoj\u00ebn e ndryshimit t\u00eb ligjit mbi p\u00ebrdorimin e simboleve nacionale Nj\u00eb ngjarje sportive e jav\u00ebs s\u00eb kaluar n\u00eb Ulqin d\u00ebshmoi edhe nj\u00eb her\u00eb mang\u00ebsit\u00eb e Ligjit mbi p\u00ebrdorimin e simboleve nacionale dhe nevoj\u00ebn p\u00ebr plot\u00ebsimin dhe ndryshimin e tij. P\u00ebr shkak t\u00eb flamurit shqiptar t\u00eb vendosur n\u00eb murin e sall\u00ebs s\u00eb [&hellip;]<\/p>\n","protected":false},"author":1,"featured_media":0,"comment_status":"open","ping_status":"closed","sticky":false,"template":"","format":"standard","meta":{"spay_email":"","jetpack_publicize_message":"","jetpack_is_tweetstorm":false,"jetpack_publicize_feature_enabled":true},"categories":[3],"tags":[1562,2527],"jetpack_publicize_connections":[],"yoast_head":"<!-- This site is optimized with the Yoast SEO plugin v19.1 - https:\/\/yoast.com\/wordpress\/plugins\/seo\/ -->\n<title>Flamuri shqiptar, moll\u00eb sherri n\u00eb sport - Lajme nga Ulqini<\/title>\n<meta name=\"description\" content=\"Nj\u00eb ngjarje sportive nxit nevoj\u00ebn e ndryshimit t\u00eb ligjit mbi p\u00ebrdorimin e simboleve nacionale Nj\u00eb ngjarje sportive e jav\u00ebs s\u00eb kaluar n\u00eb Ulqin d\u00ebshmoi edhe\" \/>\n<meta name=\"robots\" content=\"index, follow, max-snippet:-1, max-image-preview:large, max-video-preview:-1\" \/>\n<link rel=\"canonical\" href=\"https:\/\/www.visit-ulcinj.com\/blog\/2008\/11\/07\/flamuri-shqiptar-molle-sherri-ne-sport\/\" \/>\n<meta property=\"og:locale\" content=\"en_US\" \/>\n<meta property=\"og:type\" content=\"article\" \/>\n<meta property=\"og:title\" content=\"Flamuri shqiptar, moll\u00eb sherri n\u00eb sport - Lajme nga Ulqini\" \/>\n<meta property=\"og:description\" content=\"Nj\u00eb ngjarje sportive nxit nevoj\u00ebn e ndryshimit t\u00eb ligjit mbi p\u00ebrdorimin e simboleve nacionale Nj\u00eb ngjarje sportive e jav\u00ebs s\u00eb kaluar n\u00eb Ulqin d\u00ebshmoi edhe\" \/>\n<meta property=\"og:url\" content=\"https:\/\/www.visit-ulcinj.com\/blog\/2008\/11\/07\/flamuri-shqiptar-molle-sherri-ne-sport\/\" \/>\n<meta property=\"og:site_name\" content=\"Lajme nga Ulqini\" \/>\n<meta property=\"article:published_time\" content=\"2008-11-07T22:43:19+00:00\" \/>\n<meta property=\"article:modified_time\" content=\"2008-11-07T22:43:51+00:00\" \/>\n<meta property=\"og:image\" content=\"http:\/\/www.visit-ulcinj.com\/blog\/wp-content\/uploads\/2008\/11\/flamuri-shqiptar.jpg\" \/>\n<meta name=\"twitter:label1\" content=\"Written by\" \/>\n\t<meta name=\"twitter:data1\" content=\"ulqini\" \/>\n\t<meta name=\"twitter:label2\" content=\"Est. reading time\" \/>\n\t<meta name=\"twitter:data2\" content=\"8 minutes\" \/>\n<script type=\"application\/ld+json\" class=\"yoast-schema-graph\">{\"@context\":\"https:\/\/schema.org\",\"@graph\":[{\"@type\":\"WebSite\",\"@id\":\"https:\/\/www.visit-ulcinj.com\/blog\/#website\",\"url\":\"https:\/\/www.visit-ulcinj.com\/blog\/\",\"name\":\"Lajme nga Ulqini\",\"description\":\"Lajme,Vijesti,Ulqini,Ulqin,Crna Gora,Mali i Zi\",\"potentialAction\":[{\"@type\":\"SearchAction\",\"target\":{\"@type\":\"EntryPoint\",\"urlTemplate\":\"https:\/\/www.visit-ulcinj.com\/blog\/?s={search_term_string}\"},\"query-input\":\"required name=search_term_string\"}],\"inLanguage\":\"en-US\"},{\"@type\":\"ImageObject\",\"inLanguage\":\"en-US\",\"@id\":\"https:\/\/www.visit-ulcinj.com\/blog\/2008\/11\/07\/flamuri-shqiptar-molle-sherri-ne-sport\/#primaryimage\",\"url\":\"http:\/\/www.visit-ulcinj.com\/blog\/wp-content\/uploads\/2008\/11\/flamuri-shqiptar.jpg\",\"contentUrl\":\"http:\/\/www.visit-ulcinj.com\/blog\/wp-content\/uploads\/2008\/11\/flamuri-shqiptar.jpg\"},{\"@type\":\"WebPage\",\"@id\":\"https:\/\/www.visit-ulcinj.com\/blog\/2008\/11\/07\/flamuri-shqiptar-molle-sherri-ne-sport\/#webpage\",\"url\":\"https:\/\/www.visit-ulcinj.com\/blog\/2008\/11\/07\/flamuri-shqiptar-molle-sherri-ne-sport\/\",\"name\":\"Flamuri shqiptar, moll\u00eb sherri n\u00eb sport - Lajme nga Ulqini\",\"isPartOf\":{\"@id\":\"https:\/\/www.visit-ulcinj.com\/blog\/#website\"},\"primaryImageOfPage\":{\"@id\":\"https:\/\/www.visit-ulcinj.com\/blog\/2008\/11\/07\/flamuri-shqiptar-molle-sherri-ne-sport\/#primaryimage\"},\"datePublished\":\"2008-11-07T22:43:19+00:00\",\"dateModified\":\"2008-11-07T22:43:51+00:00\",\"author\":{\"@id\":\"https:\/\/www.visit-ulcinj.com\/blog\/#\/schema\/person\/dcab619c614d3038751c63bc2aadc06d\"},\"description\":\"Nj\u00eb ngjarje sportive nxit nevoj\u00ebn e ndryshimit t\u00eb ligjit mbi p\u00ebrdorimin e simboleve nacionale Nj\u00eb ngjarje sportive e jav\u00ebs s\u00eb kaluar n\u00eb Ulqin d\u00ebshmoi edhe\",\"breadcrumb\":{\"@id\":\"https:\/\/www.visit-ulcinj.com\/blog\/2008\/11\/07\/flamuri-shqiptar-molle-sherri-ne-sport\/#breadcrumb\"},\"inLanguage\":\"en-US\",\"potentialAction\":[{\"@type\":\"ReadAction\",\"target\":[\"https:\/\/www.visit-ulcinj.com\/blog\/2008\/11\/07\/flamuri-shqiptar-molle-sherri-ne-sport\/\"]}]},{\"@type\":\"BreadcrumbList\",\"@id\":\"https:\/\/www.visit-ulcinj.com\/blog\/2008\/11\/07\/flamuri-shqiptar-molle-sherri-ne-sport\/#breadcrumb\",\"itemListElement\":[{\"@type\":\"ListItem\",\"position\":1,\"name\":\"Flamuri shqiptar, moll\u00eb sherri n\u00eb sport\"}]},{\"@type\":\"Person\",\"@id\":\"https:\/\/www.visit-ulcinj.com\/blog\/#\/schema\/person\/dcab619c614d3038751c63bc2aadc06d\",\"name\":\"ulqini\",\"sameAs\":[\"http:\/\/www.visit-ulcinj.com\"],\"url\":\"https:\/\/www.visit-ulcinj.com\/blog\/author\/admin\/\"}]}<\/script>\n<!-- \/ Yoast SEO plugin. -->","yoast_head_json":{"title":"Flamuri shqiptar, moll\u00eb sherri n\u00eb sport - Lajme nga Ulqini","description":"Nj\u00eb ngjarje sportive nxit nevoj\u00ebn e ndryshimit t\u00eb ligjit mbi p\u00ebrdorimin e simboleve nacionale Nj\u00eb ngjarje sportive e jav\u00ebs s\u00eb kaluar n\u00eb Ulqin d\u00ebshmoi edhe","robots":{"index":"index","follow":"follow","max-snippet":"max-snippet:-1","max-image-preview":"max-image-preview:large","max-video-preview":"max-video-preview:-1"},"canonical":"https:\/\/www.visit-ulcinj.com\/blog\/2008\/11\/07\/flamuri-shqiptar-molle-sherri-ne-sport\/","og_locale":"en_US","og_type":"article","og_title":"Flamuri shqiptar, moll\u00eb sherri n\u00eb sport - Lajme nga Ulqini","og_description":"Nj\u00eb ngjarje sportive nxit nevoj\u00ebn e ndryshimit t\u00eb ligjit mbi p\u00ebrdorimin e simboleve nacionale Nj\u00eb ngjarje sportive e jav\u00ebs s\u00eb kaluar n\u00eb Ulqin d\u00ebshmoi edhe","og_url":"https:\/\/www.visit-ulcinj.com\/blog\/2008\/11\/07\/flamuri-shqiptar-molle-sherri-ne-sport\/","og_site_name":"Lajme nga Ulqini","article_published_time":"2008-11-07T22:43:19+00:00","article_modified_time":"2008-11-07T22:43:51+00:00","og_image":[{"url":"http:\/\/www.visit-ulcinj.com\/blog\/wp-content\/uploads\/2008\/11\/flamuri-shqiptar.jpg"}],"twitter_misc":{"Written by":"ulqini","Est. reading time":"8 minutes"},"schema":{"@context":"https:\/\/schema.org","@graph":[{"@type":"WebSite","@id":"https:\/\/www.visit-ulcinj.com\/blog\/#website","url":"https:\/\/www.visit-ulcinj.com\/blog\/","name":"Lajme nga Ulqini","description":"Lajme,Vijesti,Ulqini,Ulqin,Crna Gora,Mali i Zi","potentialAction":[{"@type":"SearchAction","target":{"@type":"EntryPoint","urlTemplate":"https:\/\/www.visit-ulcinj.com\/blog\/?s={search_term_string}"},"query-input":"required name=search_term_string"}],"inLanguage":"en-US"},{"@type":"ImageObject","inLanguage":"en-US","@id":"https:\/\/www.visit-ulcinj.com\/blog\/2008\/11\/07\/flamuri-shqiptar-molle-sherri-ne-sport\/#primaryimage","url":"http:\/\/www.visit-ulcinj.com\/blog\/wp-content\/uploads\/2008\/11\/flamuri-shqiptar.jpg","contentUrl":"http:\/\/www.visit-ulcinj.com\/blog\/wp-content\/uploads\/2008\/11\/flamuri-shqiptar.jpg"},{"@type":"WebPage","@id":"https:\/\/www.visit-ulcinj.com\/blog\/2008\/11\/07\/flamuri-shqiptar-molle-sherri-ne-sport\/#webpage","url":"https:\/\/www.visit-ulcinj.com\/blog\/2008\/11\/07\/flamuri-shqiptar-molle-sherri-ne-sport\/","name":"Flamuri shqiptar, moll\u00eb sherri n\u00eb sport - Lajme nga Ulqini","isPartOf":{"@id":"https:\/\/www.visit-ulcinj.com\/blog\/#website"},"primaryImageOfPage":{"@id":"https:\/\/www.visit-ulcinj.com\/blog\/2008\/11\/07\/flamuri-shqiptar-molle-sherri-ne-sport\/#primaryimage"},"datePublished":"2008-11-07T22:43:19+00:00","dateModified":"2008-11-07T22:43:51+00:00","author":{"@id":"https:\/\/www.visit-ulcinj.com\/blog\/#\/schema\/person\/dcab619c614d3038751c63bc2aadc06d"},"description":"Nj\u00eb ngjarje sportive nxit nevoj\u00ebn e ndryshimit t\u00eb ligjit mbi p\u00ebrdorimin e simboleve nacionale Nj\u00eb ngjarje sportive e jav\u00ebs s\u00eb kaluar n\u00eb Ulqin d\u00ebshmoi edhe","breadcrumb":{"@id":"https:\/\/www.visit-ulcinj.com\/blog\/2008\/11\/07\/flamuri-shqiptar-molle-sherri-ne-sport\/#breadcrumb"},"inLanguage":"en-US","potentialAction":[{"@type":"ReadAction","target":["https:\/\/www.visit-ulcinj.com\/blog\/2008\/11\/07\/flamuri-shqiptar-molle-sherri-ne-sport\/"]}]},{"@type":"BreadcrumbList","@id":"https:\/\/www.visit-ulcinj.com\/blog\/2008\/11\/07\/flamuri-shqiptar-molle-sherri-ne-sport\/#breadcrumb","itemListElement":[{"@type":"ListItem","position":1,"name":"Flamuri shqiptar, moll\u00eb sherri n\u00eb sport"}]},{"@type":"Person","@id":"https:\/\/www.visit-ulcinj.com\/blog\/#\/schema\/person\/dcab619c614d3038751c63bc2aadc06d","name":"ulqini","sameAs":["http:\/\/www.visit-ulcinj.com"],"url":"https:\/\/www.visit-ulcinj.com\/blog\/author\/admin\/"}]}},"jetpack_featured_media_url":"","jetpack_sharing_enabled":true,"jetpack_shortlink":"https:\/\/wp.me\/pe6lTn-1to","_links":{"self":[{"href":"https:\/\/www.visit-ulcinj.com\/blog\/wp-json\/wp\/v2\/posts\/5666"}],"collection":[{"href":"https:\/\/www.visit-ulcinj.com\/blog\/wp-json\/wp\/v2\/posts"}],"about":[{"href":"https:\/\/www.visit-ulcinj.com\/blog\/wp-json\/wp\/v2\/types\/post"}],"author":[{"embeddable":true,"href":"https:\/\/www.visit-ulcinj.com\/blog\/wp-json\/wp\/v2\/users\/1"}],"replies":[{"embeddable":true,"href":"https:\/\/www.visit-ulcinj.com\/blog\/wp-json\/wp\/v2\/comments?post=5666"}],"version-history":[{"count":0,"href":"https:\/\/www.visit-ulcinj.com\/blog\/wp-json\/wp\/v2\/posts\/5666\/revisions"}],"wp:attachment":[{"href":"https:\/\/www.visit-ulcinj.com\/blog\/wp-json\/wp\/v2\/media?parent=5666"}],"wp:term":[{"taxonomy":"category","embeddable":true,"href":"https:\/\/www.visit-ulcinj.com\/blog\/wp-json\/wp\/v2\/categories?post=5666"},{"taxonomy":"post_tag","embeddable":true,"href":"https:\/\/www.visit-ulcinj.com\/blog\/wp-json\/wp\/v2\/tags?post=5666"}],"curies":[{"name":"wp","href":"https:\/\/api.w.org\/{rel}","templated":true}]}}