{"id":56675,"date":"2012-02-01T13:04:15","date_gmt":"2012-02-01T12:04:15","guid":{"rendered":"http:\/\/www.visit-ulcinj.com\/blog\/?p=56675"},"modified":"2012-02-01T13:04:15","modified_gmt":"2012-02-01T12:04:15","slug":"elvana-gjata-premton-nje-vere-edhe-me-te-mire-si-vjet","status":"publish","type":"post","link":"https:\/\/www.visit-ulcinj.com\/blog\/2012\/02\/01\/elvana-gjata-premton-nje-vere-edhe-me-te-mire-si-vjet\/","title":{"rendered":"Elvana Gjata premton nj\u00eb ver\u00eb edhe m\u00eb t\u00eb mir\u00eb si vjet\u2026"},"content":{"rendered":"<p><a href=\"http:\/\/www.visit-ulcinj.com\/blog\/wp-content\/uploads\/2012\/02\/ELVANA-GJATA.jpg\"><img loading=\"lazy\" class=\"alignleft  wp-image-56676\" title=\"ELVANA GJATA\" src=\"http:\/\/www.visit-ulcinj.com\/blog\/wp-content\/uploads\/2012\/02\/ELVANA-GJATA.jpg\" alt=\"\" width=\"508\" height=\"380\" \/><\/a>K\u00ebng\u00ebtarja Elvana Gjata gjat\u00eb vitit q\u00eb lam\u00eb pas ka qen\u00eb shum\u00eb aktive p\u00ebr sa i p\u00ebrket muzik\u00ebs,profesionit dhe nj\u00ebherish pasionit t\u00eb saj.<\/p>\n<p>Krijuesja e hitit \u201cAf\u00ebr dhe Larg\u201d n\u00eb vitin 2011 lansoi edhe albumin e saj t\u00eb par\u00eb me t\u00eb njejtin em\u00ebr \u201cAf\u00ebr dhe Larg\u201d, kurse vera 2012 sipas k\u00ebng\u00ebtares do jet\u00eb nj\u00eb ver\u00eb mjaft\u00eb e nxeht\u00eb dhe m\u00eb e mir\u00eb se ajo e 2011-\u00ebs. K\u00ebshtu paralajmron vet k\u00ebng\u00ebtarja n\u00eb faqen e saj zyrtare n\u00eb rrjetin social \u201cFacebook\u201d,\u201dElvana Gjata Fan Club\u201d.<\/p>\n<p><strong>Grazzi<br \/>\n<!--YouTube Error: bad URL entered--><br \/>\n<\/strong><\/p>\n","protected":false},"excerpt":{"rendered":"<p>K\u00ebng\u00ebtarja Elvana Gjata gjat\u00eb vitit q\u00eb lam\u00eb pas ka qen\u00eb shum\u00eb aktive p\u00ebr sa i p\u00ebrket muzik\u00ebs,profesionit dhe nj\u00ebherish pasionit t\u00eb saj. Krijuesja e hitit \u201cAf\u00ebr dhe Larg\u201d n\u00eb vitin 2011 lansoi edhe albumin e saj t\u00eb par\u00eb me t\u00eb njejtin em\u00ebr \u201cAf\u00ebr dhe Larg\u201d, kurse vera 2012 sipas k\u00ebng\u00ebtares do jet\u00eb nj\u00eb ver\u00eb mjaft\u00eb [&hellip;]<\/p>\n","protected":false},"author":1,"featured_media":0,"comment_status":"open","ping_status":"closed","sticky":false,"template":"","format":"standard","meta":{"spay_email":"","jetpack_publicize_message":"","jetpack_is_tweetstorm":false,"jetpack_publicize_feature_enabled":true},"categories":[1],"tags":[19677,7760,19806,16036,19514,19511,6693,19460],"jetpack_publicize_connections":[],"yoast_head":"<!-- This site is optimized with the Yoast SEO plugin v19.1 - https:\/\/yoast.com\/wordpress\/plugins\/seo\/ -->\n<title>Elvana Gjata premton nj\u00eb ver\u00eb edhe m\u00eb t\u00eb mir\u00eb si vjet\u2026 - Lajme nga Ulqini<\/title>\n<meta name=\"description\" content=\"K\u00ebng\u00ebtarja Elvana Gjata gjat\u00eb vitit q\u00eb lam\u00eb pas ka qen\u00eb shum\u00eb aktive p\u00ebr sa i p\u00ebrket muzik\u00ebs,profesionit dhe nj\u00ebherish pasionit t\u00eb saj. Krijuesja e hitit\" \/>\n<meta name=\"robots\" content=\"index, follow, max-snippet:-1, max-image-preview:large, max-video-preview:-1\" \/>\n<link rel=\"canonical\" href=\"https:\/\/www.visit-ulcinj.com\/blog\/2012\/02\/01\/elvana-gjata-premton-nje-vere-edhe-me-te-mire-si-vjet\/\" \/>\n<meta property=\"og:locale\" content=\"en_US\" \/>\n<meta property=\"og:type\" content=\"article\" \/>\n<meta property=\"og:title\" content=\"Elvana Gjata premton nj\u00eb ver\u00eb edhe m\u00eb t\u00eb mir\u00eb si vjet\u2026 - Lajme nga Ulqini\" \/>\n<meta property=\"og:description\" content=\"K\u00ebng\u00ebtarja Elvana Gjata gjat\u00eb vitit q\u00eb lam\u00eb pas ka qen\u00eb shum\u00eb aktive p\u00ebr sa i p\u00ebrket muzik\u00ebs,profesionit dhe nj\u00ebherish pasionit t\u00eb saj. Krijuesja e hitit\" \/>\n<meta property=\"og:url\" content=\"https:\/\/www.visit-ulcinj.com\/blog\/2012\/02\/01\/elvana-gjata-premton-nje-vere-edhe-me-te-mire-si-vjet\/\" \/>\n<meta property=\"og:site_name\" content=\"Lajme nga Ulqini\" \/>\n<meta property=\"article:published_time\" content=\"2012-02-01T12:04:15+00:00\" \/>\n<meta property=\"og:image\" content=\"http:\/\/www.visit-ulcinj.com\/blog\/wp-content\/uploads\/2012\/02\/ELVANA-GJATA.jpg\" \/>\n<meta name=\"twitter:label1\" content=\"Written by\" \/>\n\t<meta name=\"twitter:data1\" content=\"ulqini\" \/>\n\t<meta name=\"twitter:label2\" content=\"Est. reading time\" \/>\n\t<meta name=\"twitter:data2\" content=\"1 minute\" \/>\n<script type=\"application\/ld+json\" class=\"yoast-schema-graph\">{\"@context\":\"https:\/\/schema.org\",\"@graph\":[{\"@type\":\"WebSite\",\"@id\":\"https:\/\/www.visit-ulcinj.com\/blog\/#website\",\"url\":\"https:\/\/www.visit-ulcinj.com\/blog\/\",\"name\":\"Lajme nga Ulqini\",\"description\":\"Lajme,Vijesti,Ulqini,Ulqin,Crna Gora,Mali i Zi\",\"potentialAction\":[{\"@type\":\"SearchAction\",\"target\":{\"@type\":\"EntryPoint\",\"urlTemplate\":\"https:\/\/www.visit-ulcinj.com\/blog\/?s={search_term_string}\"},\"query-input\":\"required name=search_term_string\"}],\"inLanguage\":\"en-US\"},{\"@type\":\"ImageObject\",\"inLanguage\":\"en-US\",\"@id\":\"https:\/\/www.visit-ulcinj.com\/blog\/2012\/02\/01\/elvana-gjata-premton-nje-vere-edhe-me-te-mire-si-vjet\/#primaryimage\",\"url\":\"http:\/\/www.visit-ulcinj.com\/blog\/wp-content\/uploads\/2012\/02\/ELVANA-GJATA.jpg\",\"contentUrl\":\"http:\/\/www.visit-ulcinj.com\/blog\/wp-content\/uploads\/2012\/02\/ELVANA-GJATA.jpg\"},{\"@type\":\"WebPage\",\"@id\":\"https:\/\/www.visit-ulcinj.com\/blog\/2012\/02\/01\/elvana-gjata-premton-nje-vere-edhe-me-te-mire-si-vjet\/#webpage\",\"url\":\"https:\/\/www.visit-ulcinj.com\/blog\/2012\/02\/01\/elvana-gjata-premton-nje-vere-edhe-me-te-mire-si-vjet\/\",\"name\":\"Elvana Gjata premton nj\u00eb ver\u00eb edhe m\u00eb t\u00eb mir\u00eb si vjet\u2026 - Lajme nga Ulqini\",\"isPartOf\":{\"@id\":\"https:\/\/www.visit-ulcinj.com\/blog\/#website\"},\"primaryImageOfPage\":{\"@id\":\"https:\/\/www.visit-ulcinj.com\/blog\/2012\/02\/01\/elvana-gjata-premton-nje-vere-edhe-me-te-mire-si-vjet\/#primaryimage\"},\"datePublished\":\"2012-02-01T12:04:15+00:00\",\"dateModified\":\"2012-02-01T12:04:15+00:00\",\"author\":{\"@id\":\"https:\/\/www.visit-ulcinj.com\/blog\/#\/schema\/person\/dcab619c614d3038751c63bc2aadc06d\"},\"description\":\"K\u00ebng\u00ebtarja Elvana Gjata gjat\u00eb vitit q\u00eb lam\u00eb pas ka qen\u00eb shum\u00eb aktive p\u00ebr sa i p\u00ebrket muzik\u00ebs,profesionit dhe nj\u00ebherish pasionit t\u00eb saj. Krijuesja e hitit\",\"breadcrumb\":{\"@id\":\"https:\/\/www.visit-ulcinj.com\/blog\/2012\/02\/01\/elvana-gjata-premton-nje-vere-edhe-me-te-mire-si-vjet\/#breadcrumb\"},\"inLanguage\":\"en-US\",\"potentialAction\":[{\"@type\":\"ReadAction\",\"target\":[\"https:\/\/www.visit-ulcinj.com\/blog\/2012\/02\/01\/elvana-gjata-premton-nje-vere-edhe-me-te-mire-si-vjet\/\"]}]},{\"@type\":\"BreadcrumbList\",\"@id\":\"https:\/\/www.visit-ulcinj.com\/blog\/2012\/02\/01\/elvana-gjata-premton-nje-vere-edhe-me-te-mire-si-vjet\/#breadcrumb\",\"itemListElement\":[{\"@type\":\"ListItem\",\"position\":1,\"name\":\"Elvana Gjata premton nj\u00eb ver\u00eb edhe m\u00eb t\u00eb mir\u00eb si vjet\u2026\"}]},{\"@type\":\"Person\",\"@id\":\"https:\/\/www.visit-ulcinj.com\/blog\/#\/schema\/person\/dcab619c614d3038751c63bc2aadc06d\",\"name\":\"ulqini\",\"sameAs\":[\"http:\/\/www.visit-ulcinj.com\"],\"url\":\"https:\/\/www.visit-ulcinj.com\/blog\/author\/admin\/\"}]}<\/script>\n<!-- \/ Yoast SEO plugin. -->","yoast_head_json":{"title":"Elvana Gjata premton nj\u00eb ver\u00eb edhe m\u00eb t\u00eb mir\u00eb si vjet\u2026 - Lajme nga Ulqini","description":"K\u00ebng\u00ebtarja Elvana Gjata gjat\u00eb vitit q\u00eb lam\u00eb pas ka qen\u00eb shum\u00eb aktive p\u00ebr sa i p\u00ebrket muzik\u00ebs,profesionit dhe nj\u00ebherish pasionit t\u00eb saj. Krijuesja e hitit","robots":{"index":"index","follow":"follow","max-snippet":"max-snippet:-1","max-image-preview":"max-image-preview:large","max-video-preview":"max-video-preview:-1"},"canonical":"https:\/\/www.visit-ulcinj.com\/blog\/2012\/02\/01\/elvana-gjata-premton-nje-vere-edhe-me-te-mire-si-vjet\/","og_locale":"en_US","og_type":"article","og_title":"Elvana Gjata premton nj\u00eb ver\u00eb edhe m\u00eb t\u00eb mir\u00eb si vjet\u2026 - Lajme nga Ulqini","og_description":"K\u00ebng\u00ebtarja Elvana Gjata gjat\u00eb vitit q\u00eb lam\u00eb pas ka qen\u00eb shum\u00eb aktive p\u00ebr sa i p\u00ebrket muzik\u00ebs,profesionit dhe nj\u00ebherish pasionit t\u00eb saj. Krijuesja e hitit","og_url":"https:\/\/www.visit-ulcinj.com\/blog\/2012\/02\/01\/elvana-gjata-premton-nje-vere-edhe-me-te-mire-si-vjet\/","og_site_name":"Lajme nga Ulqini","article_published_time":"2012-02-01T12:04:15+00:00","og_image":[{"url":"http:\/\/www.visit-ulcinj.com\/blog\/wp-content\/uploads\/2012\/02\/ELVANA-GJATA.jpg"}],"twitter_misc":{"Written by":"ulqini","Est. reading time":"1 minute"},"schema":{"@context":"https:\/\/schema.org","@graph":[{"@type":"WebSite","@id":"https:\/\/www.visit-ulcinj.com\/blog\/#website","url":"https:\/\/www.visit-ulcinj.com\/blog\/","name":"Lajme nga Ulqini","description":"Lajme,Vijesti,Ulqini,Ulqin,Crna Gora,Mali i Zi","potentialAction":[{"@type":"SearchAction","target":{"@type":"EntryPoint","urlTemplate":"https:\/\/www.visit-ulcinj.com\/blog\/?s={search_term_string}"},"query-input":"required name=search_term_string"}],"inLanguage":"en-US"},{"@type":"ImageObject","inLanguage":"en-US","@id":"https:\/\/www.visit-ulcinj.com\/blog\/2012\/02\/01\/elvana-gjata-premton-nje-vere-edhe-me-te-mire-si-vjet\/#primaryimage","url":"http:\/\/www.visit-ulcinj.com\/blog\/wp-content\/uploads\/2012\/02\/ELVANA-GJATA.jpg","contentUrl":"http:\/\/www.visit-ulcinj.com\/blog\/wp-content\/uploads\/2012\/02\/ELVANA-GJATA.jpg"},{"@type":"WebPage","@id":"https:\/\/www.visit-ulcinj.com\/blog\/2012\/02\/01\/elvana-gjata-premton-nje-vere-edhe-me-te-mire-si-vjet\/#webpage","url":"https:\/\/www.visit-ulcinj.com\/blog\/2012\/02\/01\/elvana-gjata-premton-nje-vere-edhe-me-te-mire-si-vjet\/","name":"Elvana Gjata premton nj\u00eb ver\u00eb edhe m\u00eb t\u00eb mir\u00eb si vjet\u2026 - Lajme nga Ulqini","isPartOf":{"@id":"https:\/\/www.visit-ulcinj.com\/blog\/#website"},"primaryImageOfPage":{"@id":"https:\/\/www.visit-ulcinj.com\/blog\/2012\/02\/01\/elvana-gjata-premton-nje-vere-edhe-me-te-mire-si-vjet\/#primaryimage"},"datePublished":"2012-02-01T12:04:15+00:00","dateModified":"2012-02-01T12:04:15+00:00","author":{"@id":"https:\/\/www.visit-ulcinj.com\/blog\/#\/schema\/person\/dcab619c614d3038751c63bc2aadc06d"},"description":"K\u00ebng\u00ebtarja Elvana Gjata gjat\u00eb vitit q\u00eb lam\u00eb pas ka qen\u00eb shum\u00eb aktive p\u00ebr sa i p\u00ebrket muzik\u00ebs,profesionit dhe nj\u00ebherish pasionit t\u00eb saj. Krijuesja e hitit","breadcrumb":{"@id":"https:\/\/www.visit-ulcinj.com\/blog\/2012\/02\/01\/elvana-gjata-premton-nje-vere-edhe-me-te-mire-si-vjet\/#breadcrumb"},"inLanguage":"en-US","potentialAction":[{"@type":"ReadAction","target":["https:\/\/www.visit-ulcinj.com\/blog\/2012\/02\/01\/elvana-gjata-premton-nje-vere-edhe-me-te-mire-si-vjet\/"]}]},{"@type":"BreadcrumbList","@id":"https:\/\/www.visit-ulcinj.com\/blog\/2012\/02\/01\/elvana-gjata-premton-nje-vere-edhe-me-te-mire-si-vjet\/#breadcrumb","itemListElement":[{"@type":"ListItem","position":1,"name":"Elvana Gjata premton nj\u00eb ver\u00eb edhe m\u00eb t\u00eb mir\u00eb si vjet\u2026"}]},{"@type":"Person","@id":"https:\/\/www.visit-ulcinj.com\/blog\/#\/schema\/person\/dcab619c614d3038751c63bc2aadc06d","name":"ulqini","sameAs":["http:\/\/www.visit-ulcinj.com"],"url":"https:\/\/www.visit-ulcinj.com\/blog\/author\/admin\/"}]}},"jetpack_featured_media_url":"","jetpack_sharing_enabled":true,"jetpack_shortlink":"https:\/\/wp.me\/pe6lTn-eK7","_links":{"self":[{"href":"https:\/\/www.visit-ulcinj.com\/blog\/wp-json\/wp\/v2\/posts\/56675"}],"collection":[{"href":"https:\/\/www.visit-ulcinj.com\/blog\/wp-json\/wp\/v2\/posts"}],"about":[{"href":"https:\/\/www.visit-ulcinj.com\/blog\/wp-json\/wp\/v2\/types\/post"}],"author":[{"embeddable":true,"href":"https:\/\/www.visit-ulcinj.com\/blog\/wp-json\/wp\/v2\/users\/1"}],"replies":[{"embeddable":true,"href":"https:\/\/www.visit-ulcinj.com\/blog\/wp-json\/wp\/v2\/comments?post=56675"}],"version-history":[{"count":1,"href":"https:\/\/www.visit-ulcinj.com\/blog\/wp-json\/wp\/v2\/posts\/56675\/revisions"}],"predecessor-version":[{"id":56677,"href":"https:\/\/www.visit-ulcinj.com\/blog\/wp-json\/wp\/v2\/posts\/56675\/revisions\/56677"}],"wp:attachment":[{"href":"https:\/\/www.visit-ulcinj.com\/blog\/wp-json\/wp\/v2\/media?parent=56675"}],"wp:term":[{"taxonomy":"category","embeddable":true,"href":"https:\/\/www.visit-ulcinj.com\/blog\/wp-json\/wp\/v2\/categories?post=56675"},{"taxonomy":"post_tag","embeddable":true,"href":"https:\/\/www.visit-ulcinj.com\/blog\/wp-json\/wp\/v2\/tags?post=56675"}],"curies":[{"name":"wp","href":"https:\/\/api.w.org\/{rel}","templated":true}]}}