{"id":56678,"date":"2012-02-01T13:17:23","date_gmt":"2012-02-01T12:17:23","guid":{"rendered":"http:\/\/www.visit-ulcinj.com\/blog\/?p=56678"},"modified":"2012-02-01T13:17:56","modified_gmt":"2012-02-01T12:17:56","slug":"ingrid-gjoni-kengetarja-shume-dimensionale-e-skenes-shqiptare","status":"publish","type":"post","link":"https:\/\/www.visit-ulcinj.com\/blog\/2012\/02\/01\/ingrid-gjoni-kengetarja-shume-dimensionale-e-skenes-shqiptare\/","title":{"rendered":"Ingrid Gjoni, k\u00ebng\u00ebtarja shum\u00eb dimensionale e sken\u00ebs shqiptare"},"content":{"rendered":"<p><a href=\"http:\/\/www.visit-ulcinj.com\/blog\/wp-content\/uploads\/2012\/02\/INGRID-GJONI.jpg\"><img loading=\"lazy\" class=\"alignleft  wp-image-56679\" title=\"INGRID GJONI\" src=\"http:\/\/www.visit-ulcinj.com\/blog\/wp-content\/uploads\/2012\/02\/INGRID-GJONI.jpg\" alt=\"\" width=\"508\" height=\"373\" \/><\/a>\u00cbsht\u00eb duartrokitur fort kudo ku ka k\u00ebnduar, \u00ebsht\u00eb adhuruar shum\u00eb fort n\u00eb \u00e7do sken\u00eb ku ka shkelur dhe po kaq shum\u00eb \u00ebsht\u00eb p\u00eblqyer edhe p\u00ebr performancat e saj t\u00eb ve\u00e7anta\u2026 K\u00ebng\u00ebtarja e suksesshme e muzik\u00ebs moderne n\u00eb Shqip\u00ebri, Ingrit Gjoni, \u00ebsht\u00eb sot nj\u00eb nd\u00ebr emrat m\u00eb t\u00eb spikatur t\u00eb sken\u00ebs\u2026 P\u00ebrmes rreshtave n\u00eb vijim do p\u00ebrpiqemi t\u00eb sjellim n\u00eb syt\u00eb tuaj gjith\u00eb dimensionet e k\u00ebng\u00ebtares Gjoni\u2026 Le t\u00eb zbulojm\u00eb bashk\u00eb p\u00ebrmes k\u00ebtij rrug\u00ebtimi aspekte t\u00eb njohura e t\u00eb panjohura nga jeta e show-girl-it t\u00eb famsh\u00ebm t\u00eb ekranit\u2026<\/p>\n<p><strong>Ne foton me siper Ingridi ne moshen 16-vjecare<\/strong><\/p>\n<p><strong>Baleti<\/strong><\/p>\n<p>Qasja e saj e par\u00eb me sken\u00ebn ka qen\u00eb pik\u00ebrisht p\u00ebrmes baletit\u2026 Ishte vet\u00ebm 9 vje\u00e7 kur me aft\u00ebsit\u00eb e saj p\u00ebr t\u00eb k\u00ebrcyer fitoi zemr\u00ebn e koreografit t\u00eb njohur Llaqi Nako, i cili e vuri menj\u00ebher\u00eb soliste t\u00eb grupit t\u00eb tij. \u201cE kujtoj me shum\u00eb nostalgji at\u00eb koh\u00eb\u2026 P\u00ebrmes baletit kam prekur p\u00ebr her\u00eb t\u00eb par\u00eb sken\u00ebn, p\u00ebrmes tij jam ndjer\u00eb p\u00ebr her\u00eb t\u00eb par\u00eb e vler\u00ebsuar, e r\u00ebnd\u00ebsishme\u2026 Mendoni q\u00eb pas meje vinin edhe 40 balerin\u00eb t\u00eb tjer\u00eb. Pjes\u00ebmarrjen n\u00eb at\u00eb grup e \u00e7moj si nj\u00eb nd\u00ebr eksperiencat m\u00eb t\u00eb bukura n\u00eb jet\u00ebn time\u201d, tregon Ingriti.<\/p>\n<p><strong><a href=\"http:\/\/www.visit-ulcinj.com\/blog\/wp-content\/uploads\/2012\/02\/INGRID-GJONI.1.jpg\"><img loading=\"lazy\" class=\"alignleft  wp-image-56680\" title=\"INGRID GJONI.1\" src=\"http:\/\/www.visit-ulcinj.com\/blog\/wp-content\/uploads\/2012\/02\/INGRID-GJONI.1.jpg\" alt=\"\" width=\"508\" height=\"600\" \/><\/a>Fotomodelimi<\/strong><\/p>\n<p>Por, p\u00ebrpos k\u00ebrcimit, q\u00eb ishte dashuria e par\u00eb p\u00ebr t\u00eb, gjat\u00eb adoleshenc\u00ebs morri jet\u00eb nj\u00eb tjet\u00ebr pasion i Ingritit, si\u00e7 ishte dhe fotomodelimi\u2026 Me d\u00ebshir\u00ebn e saj t\u00eb zjarrt\u00eb p\u00ebr t\u2019u b\u00ebr\u00eb pjes\u00eb e faqeve t\u00eb revistave e kalendareve, Ingrit Gjoni u b\u00eb fotomodelja e par\u00eb shqiptare\u2026 Theu jo pak tabu me fotot e saj, madje n\u00eb at\u00eb koh\u00eb u p\u00ebrfol si vajza e par\u00eb n\u00eb Shqip\u00ebri q\u00eb guxoi t\u00eb pozonte topless, ndon\u00ebse nuk ishte tamam k\u00ebshtu. Q\u00eb nga hera e par\u00eb q\u00eb ka pozuar p\u00ebr nj\u00eb aparat profesionist, n\u00eb fototek\u00ebn e k\u00ebng\u00ebtares Gjoni jan\u00eb shtuar me dhjet\u00ebra albume, megjithat\u00eb albumin e par\u00eb profesional ajo e kujton gjithmon\u00eb me shum\u00eb dashuri\u2026 \u201cDo t\u00eb mbeten gjithmon\u00eb t\u00eb ve\u00e7anta p\u00ebr mua fotot e para profesionale. Tani kam b\u00ebr\u00eb shum\u00eb sete t\u00eb tilla, por n\u00eb asnj\u00ebrin prej tyre nuk kam p\u00ebrjetuar emocione si at\u00eb dit\u00eb\u2026 Ka qen\u00eb me t\u00eb v\u00ebrtet\u00eb shum\u00eb special ai sesion fotografik\u201d, pohon bukuroshja e ekranit me buz\u00ebn n\u00eb gaz.<\/p>\n<p><strong>\u00a0<\/strong><\/p>\n<p><strong>Aktrimi<\/strong><\/p>\n<p>\u00cbsht\u00eb diplomuar n\u00eb Akademin\u00eb e Arteve t\u00eb bukura p\u00ebr aktrim, e do shum\u00eb k\u00ebt\u00eb art, pavar\u00ebsisht se deri m\u00eb tani ka preferuar t\u00eb shfaqet n\u00eb sken\u00eb e ekran si k\u00ebng\u00ebtare. Q\u00eb nga koha q\u00eb ishte studente, e ka humbur protagonizmin n\u00eb ndonj\u00eb pjes\u00eb teatrale, apo n\u00eb ndonj\u00eb film, ndon\u00ebse po t\u00eb bashkoheshin klipet q\u00eb ka b\u00ebr\u00eb do t\u00eb krijohej nj\u00eb film mjaft interesant p\u00ebr shikuesit\u2026 P\u00ebrpos k\u00ebsaj Ingriti na tregon se n\u00eb nj\u00eb t\u00eb ardhme do t\u2019i rikthehet fuqish\u00ebm aktrimit. \u201cP\u00ebr momentin i jam p\u00ebrkushtuar muzik\u00ebs, por kurrsesi nuk kam n\u00eb plan ta p\u00ebrjashtoj aktrimin nga jeta ime. Ndoshta n\u00eb nj\u00eb t\u00eb ardhme do t\u2019i p\u00ebrkushtohem seriozisht k\u00ebtij pasioni q\u00eb vijon t\u00eb z\u00ebr\u00eb nj\u00eb vend t\u00eb ve\u00e7ant\u00eb n\u00eb zemr\u00ebn time\u2026\u201d, tregon Gjoni, duke l\u00ebn\u00eb n\u00eb k\u00ebt\u00eb m\u00ebnyr\u00eb t\u00eb hapur rrug\u00ebn p\u00ebr t\u2019u prezantuar para publikut me ndonj\u00eb surpriz\u00eb n\u00eb fush\u00ebn e aktrimit. Ndoshta pse jo, Ingriti mund t\u00eb jet\u00eb protagoniste n\u00eb pjes\u00ebn e ardhshme q\u00eb do t\u00eb v\u00ebr\u00eb n\u00eb teat\u00ebr motra e saj, regjisorja Inis Gjoni.<\/p>\n<p><a href=\"http:\/\/www.visit-ulcinj.com\/blog\/wp-content\/uploads\/2012\/02\/INGRID-GJONI.2.jpg\"><img loading=\"lazy\" class=\"alignleft size-full wp-image-56681\" title=\"INGRID GJONI.2\" src=\"http:\/\/www.visit-ulcinj.com\/blog\/wp-content\/uploads\/2012\/02\/INGRID-GJONI.2.jpg\" alt=\"\" width=\"800\" height=\"531\" \/><\/a><\/p>\n<p><strong>Muzika<\/strong><\/p>\n<p>Nj\u00eb nga d\u00ebshirat e saj m\u00eb t\u00eb zjarrta qysh n\u00eb f\u00ebmij\u00ebri ka qen\u00eb edhe muzika. E ka prekur sken\u00ebn p\u00ebr her\u00eb t\u00eb par\u00eb n\u00ebn petkun e k\u00ebng\u00ebtares n\u00eb mosh\u00eb fare t\u00eb re dhe q\u00eb nga ajo koh\u00eb nuk i \u00ebsht\u00eb ndar\u00eb m\u00eb k\u00ebtij pasioni. Nj\u00eb rrug\u00ebtim i suksessh\u00ebm q\u00eb n\u00eb fillim ka nisur si nj\u00eb hobi kalimtar, por q\u00eb me kalimin e koh\u00ebs u kthye n\u00eb nj\u00eb dashuri t\u00eb jet\u00ebs. T\u00eb gjitha k\u00ebng\u00ebt e saj jan\u00eb b\u00ebr\u00eb hite, duke qen\u00eb se Ingriti ka pasur nuhatjen e duhur p\u00ebr t\u00eb zgjedhur bashk\u00ebpun\u00ebtor\u00ebt q\u00eb do ta \u00e7onin drejt rrug\u00ebs s\u00eb suksesit. Sot \u00ebsht\u00eb nj\u00eb nga k\u00ebng\u00ebtaret m\u00eb t\u00eb paguara t\u00eb aren\u00ebs muzikore n\u00eb Shqip\u00ebri, e jo vet\u00ebm\u2026 Shtrirja e suksesit t\u00eb saj i kalon shpesh her\u00eb kufijt\u00eb shtet\u00ebror, p\u00ebr t\u00eb k\u00ebnaqur fansat e saj kudo ku jan\u00eb n\u00eb Diaspor\u00eb. S\u00eb fundmi \u00ebsht\u00eb b\u00ebr\u00eb pjes\u00eb nj\u00eb turi t\u00eb till\u00eb koncertor q\u00eb ka nisur n\u00eb Zvic\u00ebr p\u00ebr t\u00eb ndaluar m\u00eb pas n\u00eb nj\u00eb s\u00ebr\u00eb stacionesh t\u00eb tjera, si: Itali, Spanj\u00eb, Gjermani, Holand\u00eb, etj. Nj\u00eb tjet\u00ebr pik\u00eb shum\u00eb e fort\u00eb n\u00eb karrier\u00ebn e k\u00ebng\u00ebtares Gjoni kan\u00eb qen\u00eb edhe klipet e saj t\u00eb cilat gjithmon\u00eb jan\u00eb dalluar p\u00ebr frym\u00ebn e re q\u00eb Ingriti \u00ebsht\u00eb p\u00ebrpjekur t\u00eb sjell\u00eb n\u00eb to\u2026 Koreografi t\u00eb ve\u00e7anta, fabula t\u00eb trajtuara shum\u00eb bukur, veshje plot stil, personazhe mjaft interesant\u00eb, vende tejet magjeps\u00ebse\u2026 Ky \u00ebsht\u00eb bilanci i t\u00eb gjitha risive q\u00eb k\u00ebng\u00ebtarja seksi ka sjell\u00eb n\u00eb klipet e saj, t\u00eb cilat kan\u00eb r\u00ebn\u00eb menj\u00ebher\u00eb n\u00eb sy t\u00eb publikut t\u00eb gjer\u00eb, e p\u00ebr t\u00eb cilat Ingriti \u00ebsht\u00eb vler\u00ebsuar jo rrall\u00eb her\u00eb me \u00e7mime t\u00eb r\u00ebnd\u00ebsishme n\u00eb Festivalin e Klipit Shqiptar. Vitet e fundit \u00ebsht\u00eb v\u00ebn\u00eb re edhe nj\u00eb d\u00ebshir\u00eb e k\u00ebng\u00ebtares p\u00ebr t\u00eb konkurruar n\u00eb kompeticione t\u00eb r\u00ebnd\u00ebsishme n\u00eb vend, nga ku ka dal\u00eb shum\u00eb fitimtare\u2026<\/p>\n<p><strong>\u00a0<a href=\"http:\/\/www.visit-ulcinj.com\/blog\/wp-content\/uploads\/2012\/02\/INGRID-GJONI.3.jpg\"><img loading=\"lazy\" class=\"alignleft  wp-image-56682\" title=\"INGRID GJONI.3\" src=\"http:\/\/www.visit-ulcinj.com\/blog\/wp-content\/uploads\/2012\/02\/INGRID-GJONI.3.jpg\" alt=\"\" width=\"508\" height=\"300\" \/><\/a><\/strong><\/p>\n<p><strong>\u00c7mimet<\/strong><\/p>\n<p>K\u00ebrcimtarja m\u00eb mir\u00eb n\u00eb Shqip\u00ebri p\u00ebr vitin 1995<\/p>\n<p>Ajo \u00ebsht\u00eb vler\u00ebsuar shpesh her\u00eb me \u00e7mime n\u00eb festivalin \u201cNet\u00ebt e klipit\u201d. Nga ky sepktak\u00ebl ajo ka rr\u00ebmbyer plot \u00e7mime t\u00eb tilla si:<\/p>\n<p>\u00c7mimi p\u00ebr montazhin m\u00eb t\u00eb mir\u00eb \u2013 Klipi \u201cP\u00ebrse me mua\u201d<\/p>\n<p>Interpretuesja m\u00eb e mir\u00eb fem\u00ebr \u2013 Klipi \u201cBarbie silikon\u201d<\/p>\n<p>\u00c7mimi i publikut \u2013 Klipi \u201cVitamina\u201d<\/p>\n<p>Bashk\u00ebpunimi m\u00eb i mir\u00eb \u2013 Klipi \u201cPu\u00e7i pu\u00e7i\u201d<\/p>\n<p>\u00c7mimi mediatik \u2013 Klipi \u201cHiptonize mi\u201d<\/p>\n<p>\u00c7mimin \u201cTop Albania Radio\u201d n\u00eb festivalin e muzik\u00ebs moderne \u201cTop Fest\u201d<\/p>\n<p>\u00c7mimin \u201cBest Dance\u201d n\u00eb festivali \u201cK\u00ebnga Magjike\u201d<\/p>\n<p><a href=\"http:\/\/www.visit-ulcinj.com\/blog\/wp-content\/uploads\/2012\/02\/INGRID-GJONI.4.jpg\"><img loading=\"lazy\" class=\"alignleft  wp-image-56683\" title=\"INGRID GJONI.4\" src=\"http:\/\/www.visit-ulcinj.com\/blog\/wp-content\/uploads\/2012\/02\/INGRID-GJONI.4.jpg\" alt=\"\" width=\"508\" height=\"300\" \/><\/a><\/p>\n<p><strong>Familja<\/strong><\/p>\n<p>Si m\u00eb e vogla n\u00eb tri motrat, ka pasur fatin t\u00eb jet\u00eb e privilegjuara e sht\u00ebpis\u00eb. Q\u00eb n\u00eb f\u00ebmij\u00ebri prind\u00ebrit e saj jan\u00eb p\u00ebrkujdesur q\u00eb t\u00eb trija vajzave n\u00eb p\u00ebrgjith\u00ebsi, e Ingritit n\u00eb ve\u00e7anti t\u2019i plot\u00ebsonin \u00e7do d\u00ebshir\u00eb a tek\u00eb f\u00ebmij\u00ebrore\u2026 \u201cMeqen\u00ebse kam qen\u00eb e fundit e motrave, dhe n\u00eb koh\u00ebn q\u00eb linda un\u00eb gjendja ekonomike e familjes ka qen\u00eb shum\u00eb e mir\u00eb, un\u00eb kam pasur m\u00eb shum\u00eb privilegje. Prind\u00ebrit nuk i ndajn\u00eb f\u00ebmij\u00ebt, por mami ka pasur pak m\u00eb shum\u00eb dob\u00ebsi\u201d, tregon \u00e7ilt\u00ebrsisht Ingriti. K\u00ebt\u00eb gj\u00eb n\u00eb fakt e pohojn\u00eb edhe dy motrat e k\u00ebng\u00ebtares t\u00eb cilat thon\u00eb se Ingriti \u00ebsht\u00eb pika e dob\u00ebt e mamit. E duke mbetur tek dy motrat kur i k\u00ebrkuam Ingritit t\u00eb na tregonte se me k\u00eb i ndante sekretet ajo na u p\u00ebrgjigj k\u00ebshtu: \u201cMe t\u00eb dyja flas p\u00ebr jet\u00ebn time, por problemet ia tregoj m\u00eb s\u00eb shumti Ild\u00ebs, nd\u00ebrkoh\u00eb q\u00eb me Inisin ndaj m\u00eb tep\u00ebr detaje nga karriera ime\u201d. Por p\u00ebrpos statusit t\u00eb motr\u00ebs e vajz\u00ebs, Ingriti n\u00eb familje g\u00ebzon edhe nj\u00eb tjet\u00ebr status, ajo prej koh\u00ebsh \u00ebsht\u00eb edhe teze e dy mbesave dhe e nj\u00eb nipi. Motra e madhe, Ilda, i ka g\u00ebzuar familjar\u00ebt e saj m\u00eb tre f\u00ebmij\u00eb si \u2018yje\u2019, p\u00ebr t\u00eb cil\u00ebt e vogla e motrave Gjoni ka nj\u00eb debules\u00eb t\u00eb madhe. \u201cI dua shum\u00eb q\u00eb t\u00eb tre, si An\u00ebn, si Vikin ashtu edhe Rodeon. An\u00ebn e kam marr\u00eb un\u00eb n\u00eb patronazh, andaj dhe e kam pak m\u00eb shum\u00eb pik\u00eb t\u00eb dob\u00ebt, por t\u00eb tre i adhuroj n\u00eb infinit. Sa her\u00eb udh\u00ebtoj jasht\u00eb u ble shum\u00eb dhurata atyre, pasi e thash\u00eb i dua pafund\u00ebsisht shum\u00eb dhe p\u00ebr k\u00ebt\u00eb arsye dua q\u00eb t\u00eb mos i mungoj\u00eb asgj\u00eb\u201d, pohon bukuroshja Gjoni. Sakaq Inis Gjoni, motra e mesme e familjes \u00ebsht\u00eb n\u00eb pritje t\u00eb nj\u00eb vajze dhe ne dhjetor t\u00eb k\u00ebtij viti pritet ta g\u00ebzoj\u00eb familjen me k\u00ebt\u00eb engj\u00ebll t\u00eb vog\u00ebl. Vet\u00eb Ingriti ka gjithashtu nj\u00eb surpriz\u00eb t\u00eb till\u00eb. Shum\u00eb shpejt edhe ajo do t\u00eb provoj\u00eb ndjesin\u00eb e t\u00eb qenit n\u00ebn\u00eb, por ndryshe nga Inisi, ajo do t\u00eb b\u00ebhet n\u00ebn\u00eb e nj\u00eb djali.<\/p>\n<p><strong>Marre nga faqa personale e ingridit <a href=\"http:\/\/www.ingridgjoni.com\/\">http:\/\/www.ingridgjoni.com\/<\/a>\u00a0 dhe ne Facebook <a href=\"http:\/\/www.facebook.com\/pages\/Ingrid-Gjoni\/160189707417800\">http:\/\/www.facebook.com\/pages\/Ingrid-Gjoni\/160189707417800<br \/>\n<\/a><\/strong><\/p>\n<p><strong>Vipat.info<a href=\"http:\/\/www.facebook.com\/pages\/Ingrid-Gjoni\/160189707417800\"><br \/>\n<\/a><\/strong><\/p>\n<!--YouTube Error: bad URL entered-->\n","protected":false},"excerpt":{"rendered":"<p>\u00cbsht\u00eb duartrokitur fort kudo ku ka k\u00ebnduar, \u00ebsht\u00eb adhuruar shum\u00eb fort n\u00eb \u00e7do sken\u00eb ku ka shkelur dhe po kaq shum\u00eb \u00ebsht\u00eb p\u00eblqyer edhe p\u00ebr performancat e saj t\u00eb ve\u00e7anta\u2026 K\u00ebng\u00ebtarja e suksesshme e muzik\u00ebs moderne n\u00eb Shqip\u00ebri, Ingrit Gjoni, \u00ebsht\u00eb sot nj\u00eb nd\u00ebr emrat m\u00eb t\u00eb spikatur t\u00eb sken\u00ebs\u2026 P\u00ebrmes rreshtave n\u00eb vijim do [&hellip;]<\/p>\n","protected":false},"author":1,"featured_media":0,"comment_status":"open","ping_status":"closed","sticky":false,"template":"","format":"standard","meta":{"spay_email":"","jetpack_publicize_message":"","jetpack_is_tweetstorm":false,"jetpack_publicize_feature_enabled":true},"categories":[1],"tags":[19677,16036,4966,19514,19511,19459,19513,4684,19460],"jetpack_publicize_connections":[],"yoast_head":"<!-- This site is optimized with the Yoast SEO plugin v19.1 - https:\/\/yoast.com\/wordpress\/plugins\/seo\/ -->\n<title>Ingrid Gjoni, k\u00ebng\u00ebtarja shum\u00eb dimensionale e sken\u00ebs shqiptare - Lajme nga Ulqini<\/title>\n<meta name=\"description\" content=\"\u00cbsht\u00eb duartrokitur fort kudo ku ka k\u00ebnduar, \u00ebsht\u00eb adhuruar shum\u00eb fort n\u00eb \u00e7do sken\u00eb ku ka shkelur dhe po kaq shum\u00eb \u00ebsht\u00eb p\u00eblqyer edhe p\u00ebr performancat e\" \/>\n<meta name=\"robots\" content=\"index, follow, max-snippet:-1, max-image-preview:large, max-video-preview:-1\" \/>\n<link rel=\"canonical\" href=\"https:\/\/www.visit-ulcinj.com\/blog\/2012\/02\/01\/ingrid-gjoni-kengetarja-shume-dimensionale-e-skenes-shqiptare\/\" \/>\n<meta property=\"og:locale\" content=\"en_US\" \/>\n<meta property=\"og:type\" content=\"article\" \/>\n<meta property=\"og:title\" content=\"Ingrid Gjoni, k\u00ebng\u00ebtarja shum\u00eb dimensionale e sken\u00ebs shqiptare - Lajme nga Ulqini\" \/>\n<meta property=\"og:description\" content=\"\u00cbsht\u00eb duartrokitur fort kudo ku ka k\u00ebnduar, \u00ebsht\u00eb adhuruar shum\u00eb fort n\u00eb \u00e7do sken\u00eb ku ka shkelur dhe po kaq shum\u00eb \u00ebsht\u00eb p\u00eblqyer edhe p\u00ebr performancat e\" \/>\n<meta property=\"og:url\" content=\"https:\/\/www.visit-ulcinj.com\/blog\/2012\/02\/01\/ingrid-gjoni-kengetarja-shume-dimensionale-e-skenes-shqiptare\/\" \/>\n<meta property=\"og:site_name\" content=\"Lajme nga Ulqini\" \/>\n<meta property=\"article:published_time\" content=\"2012-02-01T12:17:23+00:00\" \/>\n<meta property=\"article:modified_time\" content=\"2012-02-01T12:17:56+00:00\" \/>\n<meta property=\"og:image\" content=\"http:\/\/www.visit-ulcinj.com\/blog\/wp-content\/uploads\/2012\/02\/INGRID-GJONI.jpg\" \/>\n<meta name=\"twitter:label1\" content=\"Written by\" \/>\n\t<meta name=\"twitter:data1\" content=\"ulqini\" \/>\n\t<meta name=\"twitter:label2\" content=\"Est. reading time\" \/>\n\t<meta name=\"twitter:data2\" content=\"7 minutes\" \/>\n<script type=\"application\/ld+json\" class=\"yoast-schema-graph\">{\"@context\":\"https:\/\/schema.org\",\"@graph\":[{\"@type\":\"WebSite\",\"@id\":\"https:\/\/www.visit-ulcinj.com\/blog\/#website\",\"url\":\"https:\/\/www.visit-ulcinj.com\/blog\/\",\"name\":\"Lajme nga Ulqini\",\"description\":\"Lajme,Vijesti,Ulqini,Ulqin,Crna Gora,Mali i Zi\",\"potentialAction\":[{\"@type\":\"SearchAction\",\"target\":{\"@type\":\"EntryPoint\",\"urlTemplate\":\"https:\/\/www.visit-ulcinj.com\/blog\/?s={search_term_string}\"},\"query-input\":\"required name=search_term_string\"}],\"inLanguage\":\"en-US\"},{\"@type\":\"ImageObject\",\"inLanguage\":\"en-US\",\"@id\":\"https:\/\/www.visit-ulcinj.com\/blog\/2012\/02\/01\/ingrid-gjoni-kengetarja-shume-dimensionale-e-skenes-shqiptare\/#primaryimage\",\"url\":\"http:\/\/www.visit-ulcinj.com\/blog\/wp-content\/uploads\/2012\/02\/INGRID-GJONI.jpg\",\"contentUrl\":\"http:\/\/www.visit-ulcinj.com\/blog\/wp-content\/uploads\/2012\/02\/INGRID-GJONI.jpg\"},{\"@type\":\"WebPage\",\"@id\":\"https:\/\/www.visit-ulcinj.com\/blog\/2012\/02\/01\/ingrid-gjoni-kengetarja-shume-dimensionale-e-skenes-shqiptare\/#webpage\",\"url\":\"https:\/\/www.visit-ulcinj.com\/blog\/2012\/02\/01\/ingrid-gjoni-kengetarja-shume-dimensionale-e-skenes-shqiptare\/\",\"name\":\"Ingrid Gjoni, k\u00ebng\u00ebtarja shum\u00eb dimensionale e sken\u00ebs shqiptare - Lajme nga Ulqini\",\"isPartOf\":{\"@id\":\"https:\/\/www.visit-ulcinj.com\/blog\/#website\"},\"primaryImageOfPage\":{\"@id\":\"https:\/\/www.visit-ulcinj.com\/blog\/2012\/02\/01\/ingrid-gjoni-kengetarja-shume-dimensionale-e-skenes-shqiptare\/#primaryimage\"},\"datePublished\":\"2012-02-01T12:17:23+00:00\",\"dateModified\":\"2012-02-01T12:17:56+00:00\",\"author\":{\"@id\":\"https:\/\/www.visit-ulcinj.com\/blog\/#\/schema\/person\/dcab619c614d3038751c63bc2aadc06d\"},\"description\":\"\u00cbsht\u00eb duartrokitur fort kudo ku ka k\u00ebnduar, \u00ebsht\u00eb adhuruar shum\u00eb fort n\u00eb \u00e7do sken\u00eb ku ka shkelur dhe po kaq shum\u00eb \u00ebsht\u00eb p\u00eblqyer edhe p\u00ebr performancat e\",\"breadcrumb\":{\"@id\":\"https:\/\/www.visit-ulcinj.com\/blog\/2012\/02\/01\/ingrid-gjoni-kengetarja-shume-dimensionale-e-skenes-shqiptare\/#breadcrumb\"},\"inLanguage\":\"en-US\",\"potentialAction\":[{\"@type\":\"ReadAction\",\"target\":[\"https:\/\/www.visit-ulcinj.com\/blog\/2012\/02\/01\/ingrid-gjoni-kengetarja-shume-dimensionale-e-skenes-shqiptare\/\"]}]},{\"@type\":\"BreadcrumbList\",\"@id\":\"https:\/\/www.visit-ulcinj.com\/blog\/2012\/02\/01\/ingrid-gjoni-kengetarja-shume-dimensionale-e-skenes-shqiptare\/#breadcrumb\",\"itemListElement\":[{\"@type\":\"ListItem\",\"position\":1,\"name\":\"Ingrid Gjoni, k\u00ebng\u00ebtarja shum\u00eb dimensionale e sken\u00ebs shqiptare\"}]},{\"@type\":\"Person\",\"@id\":\"https:\/\/www.visit-ulcinj.com\/blog\/#\/schema\/person\/dcab619c614d3038751c63bc2aadc06d\",\"name\":\"ulqini\",\"sameAs\":[\"http:\/\/www.visit-ulcinj.com\"],\"url\":\"https:\/\/www.visit-ulcinj.com\/blog\/author\/admin\/\"}]}<\/script>\n<!-- \/ Yoast SEO plugin. -->","yoast_head_json":{"title":"Ingrid Gjoni, k\u00ebng\u00ebtarja shum\u00eb dimensionale e sken\u00ebs shqiptare - Lajme nga Ulqini","description":"\u00cbsht\u00eb duartrokitur fort kudo ku ka k\u00ebnduar, \u00ebsht\u00eb adhuruar shum\u00eb fort n\u00eb \u00e7do sken\u00eb ku ka shkelur dhe po kaq shum\u00eb \u00ebsht\u00eb p\u00eblqyer edhe p\u00ebr performancat e","robots":{"index":"index","follow":"follow","max-snippet":"max-snippet:-1","max-image-preview":"max-image-preview:large","max-video-preview":"max-video-preview:-1"},"canonical":"https:\/\/www.visit-ulcinj.com\/blog\/2012\/02\/01\/ingrid-gjoni-kengetarja-shume-dimensionale-e-skenes-shqiptare\/","og_locale":"en_US","og_type":"article","og_title":"Ingrid Gjoni, k\u00ebng\u00ebtarja shum\u00eb dimensionale e sken\u00ebs shqiptare - Lajme nga Ulqini","og_description":"\u00cbsht\u00eb duartrokitur fort kudo ku ka k\u00ebnduar, \u00ebsht\u00eb adhuruar shum\u00eb fort n\u00eb \u00e7do sken\u00eb ku ka shkelur dhe po kaq shum\u00eb \u00ebsht\u00eb p\u00eblqyer edhe p\u00ebr performancat e","og_url":"https:\/\/www.visit-ulcinj.com\/blog\/2012\/02\/01\/ingrid-gjoni-kengetarja-shume-dimensionale-e-skenes-shqiptare\/","og_site_name":"Lajme nga Ulqini","article_published_time":"2012-02-01T12:17:23+00:00","article_modified_time":"2012-02-01T12:17:56+00:00","og_image":[{"url":"http:\/\/www.visit-ulcinj.com\/blog\/wp-content\/uploads\/2012\/02\/INGRID-GJONI.jpg"}],"twitter_misc":{"Written by":"ulqini","Est. reading time":"7 minutes"},"schema":{"@context":"https:\/\/schema.org","@graph":[{"@type":"WebSite","@id":"https:\/\/www.visit-ulcinj.com\/blog\/#website","url":"https:\/\/www.visit-ulcinj.com\/blog\/","name":"Lajme nga Ulqini","description":"Lajme,Vijesti,Ulqini,Ulqin,Crna Gora,Mali i Zi","potentialAction":[{"@type":"SearchAction","target":{"@type":"EntryPoint","urlTemplate":"https:\/\/www.visit-ulcinj.com\/blog\/?s={search_term_string}"},"query-input":"required name=search_term_string"}],"inLanguage":"en-US"},{"@type":"ImageObject","inLanguage":"en-US","@id":"https:\/\/www.visit-ulcinj.com\/blog\/2012\/02\/01\/ingrid-gjoni-kengetarja-shume-dimensionale-e-skenes-shqiptare\/#primaryimage","url":"http:\/\/www.visit-ulcinj.com\/blog\/wp-content\/uploads\/2012\/02\/INGRID-GJONI.jpg","contentUrl":"http:\/\/www.visit-ulcinj.com\/blog\/wp-content\/uploads\/2012\/02\/INGRID-GJONI.jpg"},{"@type":"WebPage","@id":"https:\/\/www.visit-ulcinj.com\/blog\/2012\/02\/01\/ingrid-gjoni-kengetarja-shume-dimensionale-e-skenes-shqiptare\/#webpage","url":"https:\/\/www.visit-ulcinj.com\/blog\/2012\/02\/01\/ingrid-gjoni-kengetarja-shume-dimensionale-e-skenes-shqiptare\/","name":"Ingrid Gjoni, k\u00ebng\u00ebtarja shum\u00eb dimensionale e sken\u00ebs shqiptare - Lajme nga Ulqini","isPartOf":{"@id":"https:\/\/www.visit-ulcinj.com\/blog\/#website"},"primaryImageOfPage":{"@id":"https:\/\/www.visit-ulcinj.com\/blog\/2012\/02\/01\/ingrid-gjoni-kengetarja-shume-dimensionale-e-skenes-shqiptare\/#primaryimage"},"datePublished":"2012-02-01T12:17:23+00:00","dateModified":"2012-02-01T12:17:56+00:00","author":{"@id":"https:\/\/www.visit-ulcinj.com\/blog\/#\/schema\/person\/dcab619c614d3038751c63bc2aadc06d"},"description":"\u00cbsht\u00eb duartrokitur fort kudo ku ka k\u00ebnduar, \u00ebsht\u00eb adhuruar shum\u00eb fort n\u00eb \u00e7do sken\u00eb ku ka shkelur dhe po kaq shum\u00eb \u00ebsht\u00eb p\u00eblqyer edhe p\u00ebr performancat e","breadcrumb":{"@id":"https:\/\/www.visit-ulcinj.com\/blog\/2012\/02\/01\/ingrid-gjoni-kengetarja-shume-dimensionale-e-skenes-shqiptare\/#breadcrumb"},"inLanguage":"en-US","potentialAction":[{"@type":"ReadAction","target":["https:\/\/www.visit-ulcinj.com\/blog\/2012\/02\/01\/ingrid-gjoni-kengetarja-shume-dimensionale-e-skenes-shqiptare\/"]}]},{"@type":"BreadcrumbList","@id":"https:\/\/www.visit-ulcinj.com\/blog\/2012\/02\/01\/ingrid-gjoni-kengetarja-shume-dimensionale-e-skenes-shqiptare\/#breadcrumb","itemListElement":[{"@type":"ListItem","position":1,"name":"Ingrid Gjoni, k\u00ebng\u00ebtarja shum\u00eb dimensionale e sken\u00ebs shqiptare"}]},{"@type":"Person","@id":"https:\/\/www.visit-ulcinj.com\/blog\/#\/schema\/person\/dcab619c614d3038751c63bc2aadc06d","name":"ulqini","sameAs":["http:\/\/www.visit-ulcinj.com"],"url":"https:\/\/www.visit-ulcinj.com\/blog\/author\/admin\/"}]}},"jetpack_featured_media_url":"","jetpack_sharing_enabled":true,"jetpack_shortlink":"https:\/\/wp.me\/pe6lTn-eKa","_links":{"self":[{"href":"https:\/\/www.visit-ulcinj.com\/blog\/wp-json\/wp\/v2\/posts\/56678"}],"collection":[{"href":"https:\/\/www.visit-ulcinj.com\/blog\/wp-json\/wp\/v2\/posts"}],"about":[{"href":"https:\/\/www.visit-ulcinj.com\/blog\/wp-json\/wp\/v2\/types\/post"}],"author":[{"embeddable":true,"href":"https:\/\/www.visit-ulcinj.com\/blog\/wp-json\/wp\/v2\/users\/1"}],"replies":[{"embeddable":true,"href":"https:\/\/www.visit-ulcinj.com\/blog\/wp-json\/wp\/v2\/comments?post=56678"}],"version-history":[{"count":2,"href":"https:\/\/www.visit-ulcinj.com\/blog\/wp-json\/wp\/v2\/posts\/56678\/revisions"}],"predecessor-version":[{"id":56685,"href":"https:\/\/www.visit-ulcinj.com\/blog\/wp-json\/wp\/v2\/posts\/56678\/revisions\/56685"}],"wp:attachment":[{"href":"https:\/\/www.visit-ulcinj.com\/blog\/wp-json\/wp\/v2\/media?parent=56678"}],"wp:term":[{"taxonomy":"category","embeddable":true,"href":"https:\/\/www.visit-ulcinj.com\/blog\/wp-json\/wp\/v2\/categories?post=56678"},{"taxonomy":"post_tag","embeddable":true,"href":"https:\/\/www.visit-ulcinj.com\/blog\/wp-json\/wp\/v2\/tags?post=56678"}],"curies":[{"name":"wp","href":"https:\/\/api.w.org\/{rel}","templated":true}]}}