{"id":56688,"date":"2012-02-01T16:14:18","date_gmt":"2012-02-01T15:14:18","guid":{"rendered":"http:\/\/www.visit-ulcinj.com\/blog\/?p=56688"},"modified":"2012-02-01T16:14:18","modified_gmt":"2012-02-01T15:14:18","slug":"genci-nimanbegu-nije-bilo-fizickog-obracuna-sa-zenkom","status":"publish","type":"post","link":"https:\/\/www.visit-ulcinj.com\/blog\/2012\/02\/01\/genci-nimanbegu-nije-bilo-fizickog-obracuna-sa-zenkom\/","title":{"rendered":"Genci Nimanbegu: Nije bilo fizi\u010dkog obra\u010duna sa Zenkom"},"content":{"rendered":"<p><a href=\"http:\/\/www.visit-ulcinj.com\/blog\/wp-content\/uploads\/2012\/02\/Genci-Nimanbegu-Mehmet-Zenka_Ulcinj_Ulqin_Ulqini.jpg\"><img loading=\"lazy\" class=\"alignleft  wp-image-56689\" title=\"Genci Nimanbegu-Mehmet Zenka_Ulcinj_Ulqin_Ulqini\" src=\"http:\/\/www.visit-ulcinj.com\/blog\/wp-content\/uploads\/2012\/02\/Genci-Nimanbegu-Mehmet-Zenka_Ulcinj_Ulqin_Ulqini.jpg\" alt=\"\" width=\"340\" height=\"401\" \/><\/a>Zenka je tra\u017eio da se Cakuli, a Nimanbegu je rekao da bi \u0110onijeva treba da se izvini, nakon \u010dega je uslijedio okr\u0161aj.<\/p>\n<p>Izme\u0111u mene i poslanika Zenke bilo kojeg trenutka nije bilo nikakvog fizi\u010dkog kontakta&#8221;, saop\u0161tio je poslanik Genci Nimanbegu demantuju\u0107i pisanje Dnevnih novina i tekst &#8220;Dohvatili se Zenka i Nimambegu&#8221; \u010dije je navode premio portal Vijesti online.<\/p>\n<p>Dnevne novine pi\u0161u da su se predsjednik Demokratske unije Albanaca (DUA)\u00a0 Zenka i potpredsjednik FORCE Nimanbegu, sukobili\u00a0 kada se potpredsjednik op\u0161tine D\u017eaudet Cakuli odbornici DUA Hatid\u017ei \u0110oni obratio rije\u010dima:&#8221;Sram te bilo!&#8221;.<\/p>\n<p><a href=\"http:\/\/www.vijesti.me\/vijesti\/nimanbegu-nije-bilo-fizickog-obracuna-sa-zenkom-clanak-58744\" target=\"_blank\"><strong>Vijesti online<\/strong><\/a><strong><\/strong><\/p>\n","protected":false},"excerpt":{"rendered":"<p>Zenka je tra\u017eio da se Cakuli, a Nimanbegu je rekao da bi \u0110onijeva treba da se izvini, nakon \u010dega je uslijedio okr\u0161aj. Izme\u0111u mene i poslanika Zenke bilo kojeg trenutka nije bilo nikakvog fizi\u010dkog kontakta&#8221;, saop\u0161tio je poslanik Genci Nimanbegu demantuju\u0107i pisanje Dnevnih novina i tekst &#8220;Dohvatili se Zenka i Nimambegu&#8221; \u010dije je navode premio [&hellip;]<\/p>\n","protected":false},"author":1,"featured_media":0,"comment_status":"open","ping_status":"closed","sticky":false,"template":"","format":"standard","meta":{"spay_email":"","jetpack_publicize_message":"","jetpack_is_tweetstorm":false,"jetpack_publicize_feature_enabled":true},"categories":[8337],"tags":[19955,1525,20,19956,19957,1073,19958,12576,1388,19959,19104,19960,19961],"jetpack_publicize_connections":[],"yoast_head":"<!-- This site is optimized with the Yoast SEO plugin v19.1 - https:\/\/yoast.com\/wordpress\/plugins\/seo\/ -->\n<title>Genci Nimanbegu: Nije bilo fizi\u010dkog obra\u010duna sa Zenkom - Lajme nga Ulqini<\/title>\n<meta name=\"description\" content=\"Zenka je tra\u017eio da se Cakuli, a Nimanbegu je rekao da bi \u0110onijeva treba da se izvini, nakon \u010dega je uslijedio okr\u0161aj. Izme\u0111u mene i poslanika Zenke bilo\" \/>\n<meta name=\"robots\" content=\"index, follow, max-snippet:-1, max-image-preview:large, max-video-preview:-1\" \/>\n<link rel=\"canonical\" href=\"https:\/\/www.visit-ulcinj.com\/blog\/2012\/02\/01\/genci-nimanbegu-nije-bilo-fizickog-obracuna-sa-zenkom\/\" \/>\n<meta property=\"og:locale\" content=\"en_US\" \/>\n<meta property=\"og:type\" content=\"article\" \/>\n<meta property=\"og:title\" content=\"Genci Nimanbegu: Nije bilo fizi\u010dkog obra\u010duna sa Zenkom - Lajme nga Ulqini\" \/>\n<meta property=\"og:description\" content=\"Zenka je tra\u017eio da se Cakuli, a Nimanbegu je rekao da bi \u0110onijeva treba da se izvini, nakon \u010dega je uslijedio okr\u0161aj. Izme\u0111u mene i poslanika Zenke bilo\" \/>\n<meta property=\"og:url\" content=\"https:\/\/www.visit-ulcinj.com\/blog\/2012\/02\/01\/genci-nimanbegu-nije-bilo-fizickog-obracuna-sa-zenkom\/\" \/>\n<meta property=\"og:site_name\" content=\"Lajme nga Ulqini\" \/>\n<meta property=\"article:published_time\" content=\"2012-02-01T15:14:18+00:00\" \/>\n<meta property=\"og:image\" content=\"http:\/\/www.visit-ulcinj.com\/blog\/wp-content\/uploads\/2012\/02\/Genci-Nimanbegu-Mehmet-Zenka_Ulcinj_Ulqin_Ulqini.jpg\" \/>\n<meta name=\"twitter:label1\" content=\"Written by\" \/>\n\t<meta name=\"twitter:data1\" content=\"ulqini\" \/>\n\t<meta name=\"twitter:label2\" content=\"Est. reading time\" \/>\n\t<meta name=\"twitter:data2\" content=\"1 minute\" \/>\n<script type=\"application\/ld+json\" class=\"yoast-schema-graph\">{\"@context\":\"https:\/\/schema.org\",\"@graph\":[{\"@type\":\"WebSite\",\"@id\":\"https:\/\/www.visit-ulcinj.com\/blog\/#website\",\"url\":\"https:\/\/www.visit-ulcinj.com\/blog\/\",\"name\":\"Lajme nga Ulqini\",\"description\":\"Lajme,Vijesti,Ulqini,Ulqin,Crna Gora,Mali i Zi\",\"potentialAction\":[{\"@type\":\"SearchAction\",\"target\":{\"@type\":\"EntryPoint\",\"urlTemplate\":\"https:\/\/www.visit-ulcinj.com\/blog\/?s={search_term_string}\"},\"query-input\":\"required name=search_term_string\"}],\"inLanguage\":\"en-US\"},{\"@type\":\"ImageObject\",\"inLanguage\":\"en-US\",\"@id\":\"https:\/\/www.visit-ulcinj.com\/blog\/2012\/02\/01\/genci-nimanbegu-nije-bilo-fizickog-obracuna-sa-zenkom\/#primaryimage\",\"url\":\"https:\/\/www.visit-ulcinj.com\/blog\/wp-content\/uploads\/2012\/02\/Genci-Nimanbegu-Mehmet-Zenka_Ulcinj_Ulqin_Ulqini.jpg\",\"contentUrl\":\"https:\/\/www.visit-ulcinj.com\/blog\/wp-content\/uploads\/2012\/02\/Genci-Nimanbegu-Mehmet-Zenka_Ulcinj_Ulqin_Ulqini.jpg\",\"width\":\"388\",\"height\":\"401\"},{\"@type\":\"WebPage\",\"@id\":\"https:\/\/www.visit-ulcinj.com\/blog\/2012\/02\/01\/genci-nimanbegu-nije-bilo-fizickog-obracuna-sa-zenkom\/#webpage\",\"url\":\"https:\/\/www.visit-ulcinj.com\/blog\/2012\/02\/01\/genci-nimanbegu-nije-bilo-fizickog-obracuna-sa-zenkom\/\",\"name\":\"Genci Nimanbegu: Nije bilo fizi\u010dkog obra\u010duna sa Zenkom - Lajme nga Ulqini\",\"isPartOf\":{\"@id\":\"https:\/\/www.visit-ulcinj.com\/blog\/#website\"},\"primaryImageOfPage\":{\"@id\":\"https:\/\/www.visit-ulcinj.com\/blog\/2012\/02\/01\/genci-nimanbegu-nije-bilo-fizickog-obracuna-sa-zenkom\/#primaryimage\"},\"datePublished\":\"2012-02-01T15:14:18+00:00\",\"dateModified\":\"2012-02-01T15:14:18+00:00\",\"author\":{\"@id\":\"https:\/\/www.visit-ulcinj.com\/blog\/#\/schema\/person\/dcab619c614d3038751c63bc2aadc06d\"},\"description\":\"Zenka je tra\u017eio da se Cakuli, a Nimanbegu je rekao da bi \u0110onijeva treba da se izvini, nakon \u010dega je uslijedio okr\u0161aj. Izme\u0111u mene i poslanika Zenke bilo\",\"breadcrumb\":{\"@id\":\"https:\/\/www.visit-ulcinj.com\/blog\/2012\/02\/01\/genci-nimanbegu-nije-bilo-fizickog-obracuna-sa-zenkom\/#breadcrumb\"},\"inLanguage\":\"en-US\",\"potentialAction\":[{\"@type\":\"ReadAction\",\"target\":[\"https:\/\/www.visit-ulcinj.com\/blog\/2012\/02\/01\/genci-nimanbegu-nije-bilo-fizickog-obracuna-sa-zenkom\/\"]}]},{\"@type\":\"BreadcrumbList\",\"@id\":\"https:\/\/www.visit-ulcinj.com\/blog\/2012\/02\/01\/genci-nimanbegu-nije-bilo-fizickog-obracuna-sa-zenkom\/#breadcrumb\",\"itemListElement\":[{\"@type\":\"ListItem\",\"position\":1,\"name\":\"Genci Nimanbegu: Nije bilo fizi\u010dkog obra\u010duna sa Zenkom\"}]},{\"@type\":\"Person\",\"@id\":\"https:\/\/www.visit-ulcinj.com\/blog\/#\/schema\/person\/dcab619c614d3038751c63bc2aadc06d\",\"name\":\"ulqini\",\"sameAs\":[\"http:\/\/www.visit-ulcinj.com\"],\"url\":\"https:\/\/www.visit-ulcinj.com\/blog\/author\/admin\/\"}]}<\/script>\n<!-- \/ Yoast SEO plugin. -->","yoast_head_json":{"title":"Genci Nimanbegu: Nije bilo fizi\u010dkog obra\u010duna sa Zenkom - Lajme nga Ulqini","description":"Zenka je tra\u017eio da se Cakuli, a Nimanbegu je rekao da bi \u0110onijeva treba da se izvini, nakon \u010dega je uslijedio okr\u0161aj. Izme\u0111u mene i poslanika Zenke bilo","robots":{"index":"index","follow":"follow","max-snippet":"max-snippet:-1","max-image-preview":"max-image-preview:large","max-video-preview":"max-video-preview:-1"},"canonical":"https:\/\/www.visit-ulcinj.com\/blog\/2012\/02\/01\/genci-nimanbegu-nije-bilo-fizickog-obracuna-sa-zenkom\/","og_locale":"en_US","og_type":"article","og_title":"Genci Nimanbegu: Nije bilo fizi\u010dkog obra\u010duna sa Zenkom - Lajme nga Ulqini","og_description":"Zenka je tra\u017eio da se Cakuli, a Nimanbegu je rekao da bi \u0110onijeva treba da se izvini, nakon \u010dega je uslijedio okr\u0161aj. Izme\u0111u mene i poslanika Zenke bilo","og_url":"https:\/\/www.visit-ulcinj.com\/blog\/2012\/02\/01\/genci-nimanbegu-nije-bilo-fizickog-obracuna-sa-zenkom\/","og_site_name":"Lajme nga Ulqini","article_published_time":"2012-02-01T15:14:18+00:00","og_image":[{"url":"http:\/\/www.visit-ulcinj.com\/blog\/wp-content\/uploads\/2012\/02\/Genci-Nimanbegu-Mehmet-Zenka_Ulcinj_Ulqin_Ulqini.jpg"}],"twitter_misc":{"Written by":"ulqini","Est. reading time":"1 minute"},"schema":{"@context":"https:\/\/schema.org","@graph":[{"@type":"WebSite","@id":"https:\/\/www.visit-ulcinj.com\/blog\/#website","url":"https:\/\/www.visit-ulcinj.com\/blog\/","name":"Lajme nga Ulqini","description":"Lajme,Vijesti,Ulqini,Ulqin,Crna Gora,Mali i Zi","potentialAction":[{"@type":"SearchAction","target":{"@type":"EntryPoint","urlTemplate":"https:\/\/www.visit-ulcinj.com\/blog\/?s={search_term_string}"},"query-input":"required name=search_term_string"}],"inLanguage":"en-US"},{"@type":"ImageObject","inLanguage":"en-US","@id":"https:\/\/www.visit-ulcinj.com\/blog\/2012\/02\/01\/genci-nimanbegu-nije-bilo-fizickog-obracuna-sa-zenkom\/#primaryimage","url":"https:\/\/www.visit-ulcinj.com\/blog\/wp-content\/uploads\/2012\/02\/Genci-Nimanbegu-Mehmet-Zenka_Ulcinj_Ulqin_Ulqini.jpg","contentUrl":"https:\/\/www.visit-ulcinj.com\/blog\/wp-content\/uploads\/2012\/02\/Genci-Nimanbegu-Mehmet-Zenka_Ulcinj_Ulqin_Ulqini.jpg","width":"388","height":"401"},{"@type":"WebPage","@id":"https:\/\/www.visit-ulcinj.com\/blog\/2012\/02\/01\/genci-nimanbegu-nije-bilo-fizickog-obracuna-sa-zenkom\/#webpage","url":"https:\/\/www.visit-ulcinj.com\/blog\/2012\/02\/01\/genci-nimanbegu-nije-bilo-fizickog-obracuna-sa-zenkom\/","name":"Genci Nimanbegu: Nije bilo fizi\u010dkog obra\u010duna sa Zenkom - Lajme nga Ulqini","isPartOf":{"@id":"https:\/\/www.visit-ulcinj.com\/blog\/#website"},"primaryImageOfPage":{"@id":"https:\/\/www.visit-ulcinj.com\/blog\/2012\/02\/01\/genci-nimanbegu-nije-bilo-fizickog-obracuna-sa-zenkom\/#primaryimage"},"datePublished":"2012-02-01T15:14:18+00:00","dateModified":"2012-02-01T15:14:18+00:00","author":{"@id":"https:\/\/www.visit-ulcinj.com\/blog\/#\/schema\/person\/dcab619c614d3038751c63bc2aadc06d"},"description":"Zenka je tra\u017eio da se Cakuli, a Nimanbegu je rekao da bi \u0110onijeva treba da se izvini, nakon \u010dega je uslijedio okr\u0161aj. Izme\u0111u mene i poslanika Zenke bilo","breadcrumb":{"@id":"https:\/\/www.visit-ulcinj.com\/blog\/2012\/02\/01\/genci-nimanbegu-nije-bilo-fizickog-obracuna-sa-zenkom\/#breadcrumb"},"inLanguage":"en-US","potentialAction":[{"@type":"ReadAction","target":["https:\/\/www.visit-ulcinj.com\/blog\/2012\/02\/01\/genci-nimanbegu-nije-bilo-fizickog-obracuna-sa-zenkom\/"]}]},{"@type":"BreadcrumbList","@id":"https:\/\/www.visit-ulcinj.com\/blog\/2012\/02\/01\/genci-nimanbegu-nije-bilo-fizickog-obracuna-sa-zenkom\/#breadcrumb","itemListElement":[{"@type":"ListItem","position":1,"name":"Genci Nimanbegu: Nije bilo fizi\u010dkog obra\u010duna sa Zenkom"}]},{"@type":"Person","@id":"https:\/\/www.visit-ulcinj.com\/blog\/#\/schema\/person\/dcab619c614d3038751c63bc2aadc06d","name":"ulqini","sameAs":["http:\/\/www.visit-ulcinj.com"],"url":"https:\/\/www.visit-ulcinj.com\/blog\/author\/admin\/"}]}},"jetpack_featured_media_url":"","jetpack_sharing_enabled":true,"jetpack_shortlink":"https:\/\/wp.me\/pe6lTn-eKk","_links":{"self":[{"href":"https:\/\/www.visit-ulcinj.com\/blog\/wp-json\/wp\/v2\/posts\/56688"}],"collection":[{"href":"https:\/\/www.visit-ulcinj.com\/blog\/wp-json\/wp\/v2\/posts"}],"about":[{"href":"https:\/\/www.visit-ulcinj.com\/blog\/wp-json\/wp\/v2\/types\/post"}],"author":[{"embeddable":true,"href":"https:\/\/www.visit-ulcinj.com\/blog\/wp-json\/wp\/v2\/users\/1"}],"replies":[{"embeddable":true,"href":"https:\/\/www.visit-ulcinj.com\/blog\/wp-json\/wp\/v2\/comments?post=56688"}],"version-history":[{"count":1,"href":"https:\/\/www.visit-ulcinj.com\/blog\/wp-json\/wp\/v2\/posts\/56688\/revisions"}],"predecessor-version":[{"id":56690,"href":"https:\/\/www.visit-ulcinj.com\/blog\/wp-json\/wp\/v2\/posts\/56688\/revisions\/56690"}],"wp:attachment":[{"href":"https:\/\/www.visit-ulcinj.com\/blog\/wp-json\/wp\/v2\/media?parent=56688"}],"wp:term":[{"taxonomy":"category","embeddable":true,"href":"https:\/\/www.visit-ulcinj.com\/blog\/wp-json\/wp\/v2\/categories?post=56688"},{"taxonomy":"post_tag","embeddable":true,"href":"https:\/\/www.visit-ulcinj.com\/blog\/wp-json\/wp\/v2\/tags?post=56688"}],"curies":[{"name":"wp","href":"https:\/\/api.w.org\/{rel}","templated":true}]}}