{"id":567,"date":"2008-02-19T14:02:45","date_gmt":"2008-02-19T19:02:45","guid":{"rendered":"http:\/\/www.visit-ulcinj.com\/blog\/2008\/02\/19\/hotelijeri-zagaduju-port-milenu\/"},"modified":"2008-02-19T15:23:25","modified_gmt":"2008-02-19T20:23:25","slug":"hotelijeri-zagaduju-port-milenu","status":"publish","type":"post","link":"https:\/\/www.visit-ulcinj.com\/blog\/2008\/02\/19\/hotelijeri-zagaduju-port-milenu\/","title":{"rendered":"Hotelijeri zaga?uju Port Milenu"},"content":{"rendered":"<p><a href=\"http:\/\/www.visit-ulcinj.com\/blog\/2008\/02\/13\/zastitite-port-milenu\/port-milena-ulqin-2\/\" rel=\"attachment wp-att-502\" title=\"Port Milena ulqin\"><img loading=\"lazy\" src=\"http:\/\/www.visit-ulcinj.com\/blog\/wp-content\/uploads\/2008\/02\/plazha-e-madhe5.jpg\" alt=\"Port Milena ulqin\" align=\"left\" height=\"219\" width=\"308\" \/><\/a><strong>Ulcinjske NVO pisale glavnom turistickom inspektoru<\/strong><br \/>\n<a href=\"http:\/\/www.visit-ulcinj.com\/gallery\/main.php\" target=\"_blank\"> ULCINj<\/a> &#8211; Nevladine organizacije iz Ulcinja \u201eZeleni korak&#8221; i \u201eBojana&#8221; pozvale su glavnog turisti?kog inspektora u Ministarstvu turizma i za\u0161tite \u017eivotne sredine, Bo\u017eidara Vu?ekovi?a, da obave\u017ee sve zaga?iva?e Port Milene da postave filtere na ispustima i izgrade mini sisteme za pre?i\u0161?avanje otpadnih voda.<br \/>\n&#8211; U potpunosti podr\u017eavamo nastojanje i rad turisti?ke inspekcije, me?utim, ono \u0161to najvi\u0161e zabrinjava Ulcinjane i mnogobrojne turiste je stanje na Port Mileni, pa Vas pitamo da li hoteli i privatni pansioni, koji ispu\u0161taju otpadne vode u kanal Port Milenu, imaju upotrebne dozvole za rad. Ote\u017eavaju?a okolnost za Ulcinj je \u0161to je sticajem slu?aja jedina primorska op\u0161tina koja nije uklju?ena u regionalni sistem za rje\u0161avanje otpadnih voda. S obzirom na to da nadle\u017ene dr\u017eavne institucije ne preduzimaju potrebne mjere da se ubla\u017ei ili sanira \u0161tetno dejstvo ispu\u0161tanja otpadnih voda, uklju?uju?i i opasni otpad, otpadna motorna ulja, smatramo da Vi mo\u017eete da preduzmete konkretne i efikasne mjere za\u0161tite &#8211; navodi se u pismu koje su potpisali predsjednici te dvije NVO Mi\u0161ko Lekovi? i D\u017eelal Hod\u017ei?. Ekolo\u0161ke organizacije predlo\u017eile su i organizovanje zajedni?kog sastanka sa menad\u017eerima i vlasnicima objekata koji ispu\u0161taju otpadne vode u Port Milenu.<\/p>\n<p>M.K<\/p>\n<p>www.dan.cg.yu<\/p>\n","protected":false},"excerpt":{"rendered":"<p><img loading=\"lazy\" src=\"http:\/\/www.visit-ulcinj.com\/blog\/wp-content\/uploads\/2008\/02\/plazha-e-madhe5.jpg\" alt=\"Port Milena ulqin\" align=\"left\" height=\"140\" width=\"140\"\/><\/p>\n","protected":false},"author":1,"featured_media":0,"comment_status":"open","ping_status":"closed","sticky":false,"template":"","format":"standard","meta":{"spay_email":"","jetpack_publicize_message":"","jetpack_is_tweetstorm":false,"jetpack_publicize_feature_enabled":true},"categories":[11],"tags":[1434,1438,1435,1445,1628,1627,295,1629,19,1437],"jetpack_publicize_connections":[],"yoast_head":"<!-- This site is optimized with the Yoast SEO plugin v19.1 - https:\/\/yoast.com\/wordpress\/plugins\/seo\/ -->\n<title>Hotelijeri zaga?uju Port Milenu - Lajme nga Ulqini<\/title>\n<meta name=\"robots\" content=\"index, follow, max-snippet:-1, max-image-preview:large, max-video-preview:-1\" \/>\n<link rel=\"canonical\" href=\"https:\/\/www.visit-ulcinj.com\/blog\/2008\/02\/19\/hotelijeri-zagaduju-port-milenu\/\" \/>\n<meta property=\"og:locale\" content=\"en_US\" \/>\n<meta property=\"og:type\" content=\"article\" \/>\n<meta property=\"og:title\" content=\"Hotelijeri zaga?uju Port Milenu - Lajme nga Ulqini\" \/>\n<meta property=\"og:url\" content=\"https:\/\/www.visit-ulcinj.com\/blog\/2008\/02\/19\/hotelijeri-zagaduju-port-milenu\/\" \/>\n<meta property=\"og:site_name\" content=\"Lajme nga Ulqini\" \/>\n<meta property=\"article:published_time\" content=\"2008-02-19T19:02:45+00:00\" \/>\n<meta property=\"article:modified_time\" content=\"2008-02-19T20:23:25+00:00\" \/>\n<meta property=\"og:image\" content=\"http:\/\/www.visit-ulcinj.com\/blog\/wp-content\/uploads\/2008\/02\/plazha-e-madhe5.jpg\" \/>\n<meta name=\"twitter:label1\" content=\"Written by\" \/>\n\t<meta name=\"twitter:data1\" content=\"ulqini\" \/>\n\t<meta name=\"twitter:label2\" content=\"Est. reading time\" \/>\n\t<meta name=\"twitter:data2\" content=\"1 minute\" \/>\n<script type=\"application\/ld+json\" class=\"yoast-schema-graph\">{\"@context\":\"https:\/\/schema.org\",\"@graph\":[{\"@type\":\"WebSite\",\"@id\":\"https:\/\/www.visit-ulcinj.com\/blog\/#website\",\"url\":\"https:\/\/www.visit-ulcinj.com\/blog\/\",\"name\":\"Lajme nga Ulqini\",\"description\":\"Lajme,Vijesti,Ulqini,Ulqin,Crna Gora,Mali i Zi\",\"potentialAction\":[{\"@type\":\"SearchAction\",\"target\":{\"@type\":\"EntryPoint\",\"urlTemplate\":\"https:\/\/www.visit-ulcinj.com\/blog\/?s={search_term_string}\"},\"query-input\":\"required name=search_term_string\"}],\"inLanguage\":\"en-US\"},{\"@type\":\"ImageObject\",\"inLanguage\":\"en-US\",\"@id\":\"https:\/\/www.visit-ulcinj.com\/blog\/2008\/02\/19\/hotelijeri-zagaduju-port-milenu\/#primaryimage\",\"url\":\"http:\/\/www.visit-ulcinj.com\/blog\/wp-content\/uploads\/2008\/02\/plazha-e-madhe5.jpg\",\"contentUrl\":\"http:\/\/www.visit-ulcinj.com\/blog\/wp-content\/uploads\/2008\/02\/plazha-e-madhe5.jpg\"},{\"@type\":\"WebPage\",\"@id\":\"https:\/\/www.visit-ulcinj.com\/blog\/2008\/02\/19\/hotelijeri-zagaduju-port-milenu\/#webpage\",\"url\":\"https:\/\/www.visit-ulcinj.com\/blog\/2008\/02\/19\/hotelijeri-zagaduju-port-milenu\/\",\"name\":\"Hotelijeri zaga?uju Port Milenu - Lajme nga Ulqini\",\"isPartOf\":{\"@id\":\"https:\/\/www.visit-ulcinj.com\/blog\/#website\"},\"primaryImageOfPage\":{\"@id\":\"https:\/\/www.visit-ulcinj.com\/blog\/2008\/02\/19\/hotelijeri-zagaduju-port-milenu\/#primaryimage\"},\"datePublished\":\"2008-02-19T19:02:45+00:00\",\"dateModified\":\"2008-02-19T20:23:25+00:00\",\"author\":{\"@id\":\"https:\/\/www.visit-ulcinj.com\/blog\/#\/schema\/person\/dcab619c614d3038751c63bc2aadc06d\"},\"breadcrumb\":{\"@id\":\"https:\/\/www.visit-ulcinj.com\/blog\/2008\/02\/19\/hotelijeri-zagaduju-port-milenu\/#breadcrumb\"},\"inLanguage\":\"en-US\",\"potentialAction\":[{\"@type\":\"ReadAction\",\"target\":[\"https:\/\/www.visit-ulcinj.com\/blog\/2008\/02\/19\/hotelijeri-zagaduju-port-milenu\/\"]}]},{\"@type\":\"BreadcrumbList\",\"@id\":\"https:\/\/www.visit-ulcinj.com\/blog\/2008\/02\/19\/hotelijeri-zagaduju-port-milenu\/#breadcrumb\",\"itemListElement\":[{\"@type\":\"ListItem\",\"position\":1,\"name\":\"Hotelijeri zaga?uju Port Milenu\"}]},{\"@type\":\"Person\",\"@id\":\"https:\/\/www.visit-ulcinj.com\/blog\/#\/schema\/person\/dcab619c614d3038751c63bc2aadc06d\",\"name\":\"ulqini\",\"sameAs\":[\"http:\/\/www.visit-ulcinj.com\"],\"url\":\"https:\/\/www.visit-ulcinj.com\/blog\/author\/admin\/\"}]}<\/script>\n<!-- \/ Yoast SEO plugin. -->","yoast_head_json":{"title":"Hotelijeri zaga?uju Port Milenu - Lajme nga Ulqini","robots":{"index":"index","follow":"follow","max-snippet":"max-snippet:-1","max-image-preview":"max-image-preview:large","max-video-preview":"max-video-preview:-1"},"canonical":"https:\/\/www.visit-ulcinj.com\/blog\/2008\/02\/19\/hotelijeri-zagaduju-port-milenu\/","og_locale":"en_US","og_type":"article","og_title":"Hotelijeri zaga?uju Port Milenu - Lajme nga Ulqini","og_url":"https:\/\/www.visit-ulcinj.com\/blog\/2008\/02\/19\/hotelijeri-zagaduju-port-milenu\/","og_site_name":"Lajme nga Ulqini","article_published_time":"2008-02-19T19:02:45+00:00","article_modified_time":"2008-02-19T20:23:25+00:00","og_image":[{"url":"http:\/\/www.visit-ulcinj.com\/blog\/wp-content\/uploads\/2008\/02\/plazha-e-madhe5.jpg"}],"twitter_misc":{"Written by":"ulqini","Est. reading time":"1 minute"},"schema":{"@context":"https:\/\/schema.org","@graph":[{"@type":"WebSite","@id":"https:\/\/www.visit-ulcinj.com\/blog\/#website","url":"https:\/\/www.visit-ulcinj.com\/blog\/","name":"Lajme nga Ulqini","description":"Lajme,Vijesti,Ulqini,Ulqin,Crna Gora,Mali i Zi","potentialAction":[{"@type":"SearchAction","target":{"@type":"EntryPoint","urlTemplate":"https:\/\/www.visit-ulcinj.com\/blog\/?s={search_term_string}"},"query-input":"required name=search_term_string"}],"inLanguage":"en-US"},{"@type":"ImageObject","inLanguage":"en-US","@id":"https:\/\/www.visit-ulcinj.com\/blog\/2008\/02\/19\/hotelijeri-zagaduju-port-milenu\/#primaryimage","url":"http:\/\/www.visit-ulcinj.com\/blog\/wp-content\/uploads\/2008\/02\/plazha-e-madhe5.jpg","contentUrl":"http:\/\/www.visit-ulcinj.com\/blog\/wp-content\/uploads\/2008\/02\/plazha-e-madhe5.jpg"},{"@type":"WebPage","@id":"https:\/\/www.visit-ulcinj.com\/blog\/2008\/02\/19\/hotelijeri-zagaduju-port-milenu\/#webpage","url":"https:\/\/www.visit-ulcinj.com\/blog\/2008\/02\/19\/hotelijeri-zagaduju-port-milenu\/","name":"Hotelijeri zaga?uju Port Milenu - Lajme nga Ulqini","isPartOf":{"@id":"https:\/\/www.visit-ulcinj.com\/blog\/#website"},"primaryImageOfPage":{"@id":"https:\/\/www.visit-ulcinj.com\/blog\/2008\/02\/19\/hotelijeri-zagaduju-port-milenu\/#primaryimage"},"datePublished":"2008-02-19T19:02:45+00:00","dateModified":"2008-02-19T20:23:25+00:00","author":{"@id":"https:\/\/www.visit-ulcinj.com\/blog\/#\/schema\/person\/dcab619c614d3038751c63bc2aadc06d"},"breadcrumb":{"@id":"https:\/\/www.visit-ulcinj.com\/blog\/2008\/02\/19\/hotelijeri-zagaduju-port-milenu\/#breadcrumb"},"inLanguage":"en-US","potentialAction":[{"@type":"ReadAction","target":["https:\/\/www.visit-ulcinj.com\/blog\/2008\/02\/19\/hotelijeri-zagaduju-port-milenu\/"]}]},{"@type":"BreadcrumbList","@id":"https:\/\/www.visit-ulcinj.com\/blog\/2008\/02\/19\/hotelijeri-zagaduju-port-milenu\/#breadcrumb","itemListElement":[{"@type":"ListItem","position":1,"name":"Hotelijeri zaga?uju Port Milenu"}]},{"@type":"Person","@id":"https:\/\/www.visit-ulcinj.com\/blog\/#\/schema\/person\/dcab619c614d3038751c63bc2aadc06d","name":"ulqini","sameAs":["http:\/\/www.visit-ulcinj.com"],"url":"https:\/\/www.visit-ulcinj.com\/blog\/author\/admin\/"}]}},"jetpack_featured_media_url":"","jetpack_sharing_enabled":true,"jetpack_shortlink":"https:\/\/wp.me\/pe6lTn-99","_links":{"self":[{"href":"https:\/\/www.visit-ulcinj.com\/blog\/wp-json\/wp\/v2\/posts\/567"}],"collection":[{"href":"https:\/\/www.visit-ulcinj.com\/blog\/wp-json\/wp\/v2\/posts"}],"about":[{"href":"https:\/\/www.visit-ulcinj.com\/blog\/wp-json\/wp\/v2\/types\/post"}],"author":[{"embeddable":true,"href":"https:\/\/www.visit-ulcinj.com\/blog\/wp-json\/wp\/v2\/users\/1"}],"replies":[{"embeddable":true,"href":"https:\/\/www.visit-ulcinj.com\/blog\/wp-json\/wp\/v2\/comments?post=567"}],"version-history":[{"count":0,"href":"https:\/\/www.visit-ulcinj.com\/blog\/wp-json\/wp\/v2\/posts\/567\/revisions"}],"wp:attachment":[{"href":"https:\/\/www.visit-ulcinj.com\/blog\/wp-json\/wp\/v2\/media?parent=567"}],"wp:term":[{"taxonomy":"category","embeddable":true,"href":"https:\/\/www.visit-ulcinj.com\/blog\/wp-json\/wp\/v2\/categories?post=567"},{"taxonomy":"post_tag","embeddable":true,"href":"https:\/\/www.visit-ulcinj.com\/blog\/wp-json\/wp\/v2\/tags?post=567"}],"curies":[{"name":"wp","href":"https:\/\/api.w.org\/{rel}","templated":true}]}}