{"id":56700,"date":"2012-02-01T19:24:24","date_gmt":"2012-02-01T18:24:24","guid":{"rendered":"http:\/\/www.visit-ulcinj.com\/blog\/?p=56700"},"modified":"2012-02-01T19:24:24","modified_gmt":"2012-02-01T18:24:24","slug":"so-ulcinj-obracun-sa-teskim-uvredama","status":"publish","type":"post","link":"https:\/\/www.visit-ulcinj.com\/blog\/2012\/02\/01\/so-ulcinj-obracun-sa-teskim-uvredama\/","title":{"rendered":"SO Ulcinj: obra\u010dun sa te\u0161kim uvredama"},"content":{"rendered":"<p><strong><a href=\"http:\/\/www.visit-ulcinj.com\/blog\/wp-content\/uploads\/2012\/02\/Skupstina-opstine-Ulcinj.jpg\"><img loading=\"lazy\" class=\"alignleft  wp-image-56701\" title=\"Skupstina opstine Ulcinj\" src=\"http:\/\/www.visit-ulcinj.com\/blog\/wp-content\/uploads\/2012\/02\/Skupstina-opstine-Ulcinj.jpg\" alt=\"\" width=\"508\" height=\"380\" \/><\/a>Nemate ni ljudskosti ni \u010dojstva. Vi i nijeste mu\u0161karci- kazao je Zenka odbornicima Force nakon \u010dega je do\u0161lo do verbalnog duela sa voza\u010dem predsjednika SO I petominutne pauze.<\/strong><\/p>\n<p>Ve\u0107inom glasova, odbornici ulcinjskog parlamenta ju\u010de su usvojili Odluku o dono\u0161enju izmjena I dopuna DUP \u201cUlcinj Grad\u201d za lokalitet Pristan u Ulcinju ali je zasijedanje proteklo u sjenci incidenta kada je odbornik DUA Mehmet Zenka odgurnuo \u0161efa obezbje\u0111enja Izeta Dragu koji je pogre\u0161no shvatio namjeru poslanika da popri\u010da sa kolegom Gencijem Nimanbeguom iz Force.<\/p>\n<p>Predsjedenik SO Milazim Mustafa odmah je dao pauzu a direktno snimanje zasijedanja istog trenutka prekinula je I lokalna TVTeuta. Incidentu, koje se zavr\u0161io na tome, prethodile su \u017eu\u010dne rasprave odbornika DUA sa jedne i Force i potpredsjednika Op\u0161tine D\u017eaudeta Cakulija sa druge strane. Tako se sjednica, na \u010dijem dnevnom redu je bilo usvajanje prijeko potrebnih urbanisti\u010dkih planova i koja je trebalo da protekne u mirnom tonu, pretvorila u obra\u010dun te\u0161kih uvreda, koji je zamalo kulminirao tu\u010dom.<\/p>\n<p><strong>&#8220;Vi nijeste mu\u0161karci&#8221;<\/strong><\/p>\n<p>Sve je po\u010delo kada je odbornica DUA Hatid\u017ea \u0110oni ustvrdila da je objekat Cakulija na ulazu grad, povezan na vodovodnu I kanalizacionu mre\u017eu, koja se, kako je kazala, nalazi ispod samog objekta. Ona je navela I da je Cakuli u\u0161ao u tu\u0111e imanje oko 800m2 i izrazila sumnju u validnost dozvole za izgradnju. Cakuli joj je sa mjesta dobacio da treba da se stidi zbog takvih pri\u010da \u0161to je bio povod Zenki da iza\u0111e za govornicu I tra\u017ei izvinjenje za uvrede.<\/p>\n<p>-Nemate ni ljudskosti ni \u010dojstva. Vi i nijeste mu\u0161karci- kazao je Zenka odbornicima Force nakon \u010dega je do\u0161lo do verbalnog duela sa voza\u010dem predsjednika SO I petominutne pauze.<\/p>\n<p>Nakon pauze, Cakuli se izvinio kolegama i gra\u0111anima gra\u0111anima zbog incidenta ali ne I koleginici \u0110oni.<\/p>\n<p>-Ona me stalno a neosnovano napada. Ne stoje njene konstatacije kada je moj objekat u pitanju. Nikad je nijesam uvrijedio ali zato ona jeste i mene I moje kolege I to radi u kontinuitetu- kazao je Cakuli. I odbornik Force Fuad Had\u017eibeti kazao je da nije istina da ispod objekta Cakulija postoji vodovodna I kanalizaciona mre\u017ea dok je sekretar za urbanizam Valjon Buzuku ustvrdio da je dozvola Cakulija za gradnju \u201c\u010dista kao suza\u201d.<\/p>\n<p>-Vi ste kao tada\u0161nja ve\u0107ina, stvorili pretpostavke za davanje dozvole za gradnju Cakuliju. Osim \u0161to ste mu akontativno naplatili komunalije, usvojili ste I izmjene I dipoune DUP Toto\u0161i. Dozvolu sam ja potpisao i ona je \u010dista kao suza- kazao je Buzuku \u0110onijevoj.<\/p>\n<p><a href=\"http:\/\/www.visit-ulcinj.com\/blog\/wp-content\/uploads\/2012\/02\/Skupstina-opstine-Ulcinj.1.jpg\"><img loading=\"lazy\" class=\"alignleft size-full wp-image-56702\" title=\"Skupstina opstine Ulcinj.1\" src=\"http:\/\/www.visit-ulcinj.com\/blog\/wp-content\/uploads\/2012\/02\/Skupstina-opstine-Ulcinj.1.jpg\" alt=\"\" width=\"508\" height=\"355\" srcset=\"https:\/\/www.visit-ulcinj.com\/blog\/wp-content\/uploads\/2012\/02\/Skupstina-opstine-Ulcinj.1.jpg 508w, https:\/\/www.visit-ulcinj.com\/blog\/wp-content\/uploads\/2012\/02\/Skupstina-opstine-Ulcinj.1-300x209.jpg 300w\" sizes=\"(max-width: 508px) 100vw, 508px\" \/><\/a><\/p>\n<p><strong>Voza\u010d pogrije\u0161io<\/strong><\/p>\n<p>\u0110oni je poru\u010dila Cakuliju da je on poslednja osoba koja mo\u017ee da joj dr\u017ei moralne pridike.<\/p>\n<p>-Ja sam polo\u017eila ispit I kao majka I kao supruga I kao radnik \u201cUlcinjske rivijere\u201d ali I kao odbornik. Ne mo\u017ee pridike iz morala da mi dr\u017ei \u010dovjek koji gradi na tu\u0111em I prema \u010dijim interesima se kroje planovi-kazala je \u0110oni.<\/p>\n<p>Nakon \u0161to se situacija u parlamentu smirila, Zenka je potvrdio Vijestima da je do incidenta do\u0161lo zbog nesporazuma.<\/p>\n<p>-Voza\u010d \u0161efa parlamenta, pogre\u0161no je protuma\u010dio moju namjeru da popri\u010dam sa Gencijem- kazao je Zenka rekav\u0161i da je o\u010dekivao da \u0107e se Cakuli izviniti zbog uvrede.<\/p>\n<p>-Na\u017ealost, nije smogao ljudske snage za to- ocijenio je Zenka.<\/p>\n<p><strong>Zbog kanalizacije, ku\u0107a van plana <\/strong><\/p>\n<p>Sama sjednica imala je \u010dudan tok nakon \u0161to je Had\u017eibeti kazao da je ve\u0107ini te\u0161ko da usvoji te odluke.<\/p>\n<p>-Planovi se rade godinama a nama je pripalo da ih donesemo nakon svega dva tri mjeseca koliko smo u vlasti- kazao je Had\u017eibeti.<\/p>\n<p>Odbornik DPS Ljui\u0111 \u0160krelja tra\u017eio je obja\u0161njenje od Had\u017eibetija.<\/p>\n<p>-Vi ste planove uvrstili u dnevni red I sad nam ka\u017eete da vam je te\u0161ko da ih usvojite. \u0160ta mi onda, kao opozicija, da ka\u017eemo ili uradimo- pitao je \u0160krelja. Zenka je kazao da je plan bio prihvatljiv da je vlast iza\u0161la u susret zahtejvu jednog sugra\u0111anina \u010dija ku\u0107a je je zbog bizarnosti ostala van granica akta.<\/p>\n<p>-On je tra\u017eio da sam snosi tro\u0161kove dislokacije kanalizacije objekta. U pitanju je bilo svega 5 metara I vi mu nijeste iza\u0161li u susret- kazao je Zenka zbog \u010dega je DUA bila uzdr\u017eana tokom glasanja.<\/p>\n<p><strong><a href=\"http:\/\/www.visit-ulcinj.com\/blog\/wp-content\/uploads\/2012\/02\/Genci-Nimanbegu_Forca_Ulcinj.jpg\"><img loading=\"lazy\" class=\"alignleft size-thumbnail wp-image-56703\" title=\"Genci-Nimanbegu_Forca_Ulcinj\" src=\"http:\/\/www.visit-ulcinj.com\/blog\/wp-content\/uploads\/2012\/02\/Genci-Nimanbegu_Forca_Ulcinj-150x150.jpg\" alt=\"\" width=\"150\" height=\"150\" \/><\/a>Demant<\/strong><\/p>\n<p>Izme\u0111u mene i poslanika Zenke bilo kojeg trenutka nije bilo nikakvog fizi\u010dkog kontakta&#8221;, saop\u0161tio je poslanik Genci Nimanbegu demantuju\u0107i pisanje Dnevnih novina i tekst &#8220;Dohvatili se Zenka i Nimambegu&#8221; \u010dije je navode premio portal Vijesti online.<\/p>\n<p>Dnevne novine pi\u0161u da su se predsjednik Demokratske unije Albanaca (DUA)\u00a0 Zenka i potpredsjednik FORCE Nimanbegu, sukobili\u00a0 kada se potpredsjednik op\u0161tine D\u017eaudet Cakuli odbornici DUA Hatid\u017ei \u0110oni obratio rije\u010dima:&#8221;Sram te bilo!&#8221;.<\/p>\n<p><a href=\"http:\/\/www.vijesti.me\/vijesti\/so-ulcinj-obracun-sa-teskim-uvredama-clanak-58744\" target=\"_blank\"><strong>Vijesti online<\/strong><\/a><strong><\/strong><\/p>\n","protected":false},"excerpt":{"rendered":"<p>Nemate ni ljudskosti ni \u010dojstva. Vi i nijeste mu\u0161karci- kazao je Zenka odbornicima Force nakon \u010dega je do\u0161lo do verbalnog duela sa voza\u010dem predsjednika SO I petominutne pauze. Ve\u0107inom glasova, odbornici ulcinjskog parlamenta ju\u010de su usvojili Odluku o dono\u0161enju izmjena I dopuna DUP \u201cUlcinj Grad\u201d za lokalitet Pristan u Ulcinju ali je zasijedanje proteklo u [&hellip;]<\/p>\n","protected":false},"author":1,"featured_media":0,"comment_status":"open","ping_status":"closed","sticky":false,"template":"","format":"standard","meta":{"spay_email":"","jetpack_publicize_message":"","jetpack_is_tweetstorm":false,"jetpack_publicize_feature_enabled":true},"categories":[8337],"tags":[17635,19963],"jetpack_publicize_connections":[],"yoast_head":"<!-- This site is optimized with the Yoast SEO plugin v19.1 - https:\/\/yoast.com\/wordpress\/plugins\/seo\/ -->\n<title>SO Ulcinj: obra\u010dun sa te\u0161kim uvredama - Lajme nga Ulqini<\/title>\n<meta name=\"description\" content=\"Nemate ni ljudskosti ni \u010dojstva. Vi i nijeste mu\u0161karci- kazao je Zenka odbornicima Force nakon \u010dega je do\u0161lo do verbalnog duela sa voza\u010dem predsjednika SO\" \/>\n<meta name=\"robots\" content=\"index, follow, max-snippet:-1, max-image-preview:large, max-video-preview:-1\" \/>\n<link rel=\"canonical\" href=\"https:\/\/www.visit-ulcinj.com\/blog\/2012\/02\/01\/so-ulcinj-obracun-sa-teskim-uvredama\/\" \/>\n<meta property=\"og:locale\" content=\"en_US\" \/>\n<meta property=\"og:type\" content=\"article\" \/>\n<meta property=\"og:title\" content=\"SO Ulcinj: obra\u010dun sa te\u0161kim uvredama - Lajme nga Ulqini\" \/>\n<meta property=\"og:description\" content=\"Nemate ni ljudskosti ni \u010dojstva. Vi i nijeste mu\u0161karci- kazao je Zenka odbornicima Force nakon \u010dega je do\u0161lo do verbalnog duela sa voza\u010dem predsjednika SO\" \/>\n<meta property=\"og:url\" content=\"https:\/\/www.visit-ulcinj.com\/blog\/2012\/02\/01\/so-ulcinj-obracun-sa-teskim-uvredama\/\" \/>\n<meta property=\"og:site_name\" content=\"Lajme nga Ulqini\" \/>\n<meta property=\"article:published_time\" content=\"2012-02-01T18:24:24+00:00\" \/>\n<meta property=\"og:image\" content=\"http:\/\/www.visit-ulcinj.com\/blog\/wp-content\/uploads\/2012\/02\/Skupstina-opstine-Ulcinj.jpg\" \/>\n<meta name=\"twitter:label1\" content=\"Written by\" \/>\n\t<meta name=\"twitter:data1\" content=\"ulqini\" \/>\n\t<meta name=\"twitter:label2\" content=\"Est. reading time\" \/>\n\t<meta name=\"twitter:data2\" content=\"4 minutes\" \/>\n<script type=\"application\/ld+json\" class=\"yoast-schema-graph\">{\"@context\":\"https:\/\/schema.org\",\"@graph\":[{\"@type\":\"WebSite\",\"@id\":\"https:\/\/www.visit-ulcinj.com\/blog\/#website\",\"url\":\"https:\/\/www.visit-ulcinj.com\/blog\/\",\"name\":\"Lajme nga Ulqini\",\"description\":\"Lajme,Vijesti,Ulqini,Ulqin,Crna Gora,Mali i Zi\",\"potentialAction\":[{\"@type\":\"SearchAction\",\"target\":{\"@type\":\"EntryPoint\",\"urlTemplate\":\"https:\/\/www.visit-ulcinj.com\/blog\/?s={search_term_string}\"},\"query-input\":\"required name=search_term_string\"}],\"inLanguage\":\"en-US\"},{\"@type\":\"ImageObject\",\"inLanguage\":\"en-US\",\"@id\":\"https:\/\/www.visit-ulcinj.com\/blog\/2012\/02\/01\/so-ulcinj-obracun-sa-teskim-uvredama\/#primaryimage\",\"url\":\"https:\/\/www.visit-ulcinj.com\/blog\/wp-content\/uploads\/2012\/02\/Skupstina-opstine-Ulcinj.jpg\",\"contentUrl\":\"https:\/\/www.visit-ulcinj.com\/blog\/wp-content\/uploads\/2012\/02\/Skupstina-opstine-Ulcinj.jpg\",\"width\":\"720\",\"height\":\"480\"},{\"@type\":\"WebPage\",\"@id\":\"https:\/\/www.visit-ulcinj.com\/blog\/2012\/02\/01\/so-ulcinj-obracun-sa-teskim-uvredama\/#webpage\",\"url\":\"https:\/\/www.visit-ulcinj.com\/blog\/2012\/02\/01\/so-ulcinj-obracun-sa-teskim-uvredama\/\",\"name\":\"SO Ulcinj: obra\u010dun sa te\u0161kim uvredama - Lajme nga Ulqini\",\"isPartOf\":{\"@id\":\"https:\/\/www.visit-ulcinj.com\/blog\/#website\"},\"primaryImageOfPage\":{\"@id\":\"https:\/\/www.visit-ulcinj.com\/blog\/2012\/02\/01\/so-ulcinj-obracun-sa-teskim-uvredama\/#primaryimage\"},\"datePublished\":\"2012-02-01T18:24:24+00:00\",\"dateModified\":\"2012-02-01T18:24:24+00:00\",\"author\":{\"@id\":\"https:\/\/www.visit-ulcinj.com\/blog\/#\/schema\/person\/dcab619c614d3038751c63bc2aadc06d\"},\"description\":\"Nemate ni ljudskosti ni \u010dojstva. Vi i nijeste mu\u0161karci- kazao je Zenka odbornicima Force nakon \u010dega je do\u0161lo do verbalnog duela sa voza\u010dem predsjednika SO\",\"breadcrumb\":{\"@id\":\"https:\/\/www.visit-ulcinj.com\/blog\/2012\/02\/01\/so-ulcinj-obracun-sa-teskim-uvredama\/#breadcrumb\"},\"inLanguage\":\"en-US\",\"potentialAction\":[{\"@type\":\"ReadAction\",\"target\":[\"https:\/\/www.visit-ulcinj.com\/blog\/2012\/02\/01\/so-ulcinj-obracun-sa-teskim-uvredama\/\"]}]},{\"@type\":\"BreadcrumbList\",\"@id\":\"https:\/\/www.visit-ulcinj.com\/blog\/2012\/02\/01\/so-ulcinj-obracun-sa-teskim-uvredama\/#breadcrumb\",\"itemListElement\":[{\"@type\":\"ListItem\",\"position\":1,\"name\":\"SO Ulcinj: obra\u010dun sa te\u0161kim uvredama\"}]},{\"@type\":\"Person\",\"@id\":\"https:\/\/www.visit-ulcinj.com\/blog\/#\/schema\/person\/dcab619c614d3038751c63bc2aadc06d\",\"name\":\"ulqini\",\"sameAs\":[\"http:\/\/www.visit-ulcinj.com\"],\"url\":\"https:\/\/www.visit-ulcinj.com\/blog\/author\/admin\/\"}]}<\/script>\n<!-- \/ Yoast SEO plugin. -->","yoast_head_json":{"title":"SO Ulcinj: obra\u010dun sa te\u0161kim uvredama - Lajme nga Ulqini","description":"Nemate ni ljudskosti ni \u010dojstva. Vi i nijeste mu\u0161karci- kazao je Zenka odbornicima Force nakon \u010dega je do\u0161lo do verbalnog duela sa voza\u010dem predsjednika SO","robots":{"index":"index","follow":"follow","max-snippet":"max-snippet:-1","max-image-preview":"max-image-preview:large","max-video-preview":"max-video-preview:-1"},"canonical":"https:\/\/www.visit-ulcinj.com\/blog\/2012\/02\/01\/so-ulcinj-obracun-sa-teskim-uvredama\/","og_locale":"en_US","og_type":"article","og_title":"SO Ulcinj: obra\u010dun sa te\u0161kim uvredama - Lajme nga Ulqini","og_description":"Nemate ni ljudskosti ni \u010dojstva. Vi i nijeste mu\u0161karci- kazao je Zenka odbornicima Force nakon \u010dega je do\u0161lo do verbalnog duela sa voza\u010dem predsjednika SO","og_url":"https:\/\/www.visit-ulcinj.com\/blog\/2012\/02\/01\/so-ulcinj-obracun-sa-teskim-uvredama\/","og_site_name":"Lajme nga Ulqini","article_published_time":"2012-02-01T18:24:24+00:00","og_image":[{"url":"http:\/\/www.visit-ulcinj.com\/blog\/wp-content\/uploads\/2012\/02\/Skupstina-opstine-Ulcinj.jpg"}],"twitter_misc":{"Written by":"ulqini","Est. reading time":"4 minutes"},"schema":{"@context":"https:\/\/schema.org","@graph":[{"@type":"WebSite","@id":"https:\/\/www.visit-ulcinj.com\/blog\/#website","url":"https:\/\/www.visit-ulcinj.com\/blog\/","name":"Lajme nga Ulqini","description":"Lajme,Vijesti,Ulqini,Ulqin,Crna Gora,Mali i Zi","potentialAction":[{"@type":"SearchAction","target":{"@type":"EntryPoint","urlTemplate":"https:\/\/www.visit-ulcinj.com\/blog\/?s={search_term_string}"},"query-input":"required name=search_term_string"}],"inLanguage":"en-US"},{"@type":"ImageObject","inLanguage":"en-US","@id":"https:\/\/www.visit-ulcinj.com\/blog\/2012\/02\/01\/so-ulcinj-obracun-sa-teskim-uvredama\/#primaryimage","url":"https:\/\/www.visit-ulcinj.com\/blog\/wp-content\/uploads\/2012\/02\/Skupstina-opstine-Ulcinj.jpg","contentUrl":"https:\/\/www.visit-ulcinj.com\/blog\/wp-content\/uploads\/2012\/02\/Skupstina-opstine-Ulcinj.jpg","width":"720","height":"480"},{"@type":"WebPage","@id":"https:\/\/www.visit-ulcinj.com\/blog\/2012\/02\/01\/so-ulcinj-obracun-sa-teskim-uvredama\/#webpage","url":"https:\/\/www.visit-ulcinj.com\/blog\/2012\/02\/01\/so-ulcinj-obracun-sa-teskim-uvredama\/","name":"SO Ulcinj: obra\u010dun sa te\u0161kim uvredama - Lajme nga Ulqini","isPartOf":{"@id":"https:\/\/www.visit-ulcinj.com\/blog\/#website"},"primaryImageOfPage":{"@id":"https:\/\/www.visit-ulcinj.com\/blog\/2012\/02\/01\/so-ulcinj-obracun-sa-teskim-uvredama\/#primaryimage"},"datePublished":"2012-02-01T18:24:24+00:00","dateModified":"2012-02-01T18:24:24+00:00","author":{"@id":"https:\/\/www.visit-ulcinj.com\/blog\/#\/schema\/person\/dcab619c614d3038751c63bc2aadc06d"},"description":"Nemate ni ljudskosti ni \u010dojstva. Vi i nijeste mu\u0161karci- kazao je Zenka odbornicima Force nakon \u010dega je do\u0161lo do verbalnog duela sa voza\u010dem predsjednika SO","breadcrumb":{"@id":"https:\/\/www.visit-ulcinj.com\/blog\/2012\/02\/01\/so-ulcinj-obracun-sa-teskim-uvredama\/#breadcrumb"},"inLanguage":"en-US","potentialAction":[{"@type":"ReadAction","target":["https:\/\/www.visit-ulcinj.com\/blog\/2012\/02\/01\/so-ulcinj-obracun-sa-teskim-uvredama\/"]}]},{"@type":"BreadcrumbList","@id":"https:\/\/www.visit-ulcinj.com\/blog\/2012\/02\/01\/so-ulcinj-obracun-sa-teskim-uvredama\/#breadcrumb","itemListElement":[{"@type":"ListItem","position":1,"name":"SO Ulcinj: obra\u010dun sa te\u0161kim uvredama"}]},{"@type":"Person","@id":"https:\/\/www.visit-ulcinj.com\/blog\/#\/schema\/person\/dcab619c614d3038751c63bc2aadc06d","name":"ulqini","sameAs":["http:\/\/www.visit-ulcinj.com"],"url":"https:\/\/www.visit-ulcinj.com\/blog\/author\/admin\/"}]}},"jetpack_featured_media_url":"","jetpack_sharing_enabled":true,"jetpack_shortlink":"https:\/\/wp.me\/pe6lTn-eKw","_links":{"self":[{"href":"https:\/\/www.visit-ulcinj.com\/blog\/wp-json\/wp\/v2\/posts\/56700"}],"collection":[{"href":"https:\/\/www.visit-ulcinj.com\/blog\/wp-json\/wp\/v2\/posts"}],"about":[{"href":"https:\/\/www.visit-ulcinj.com\/blog\/wp-json\/wp\/v2\/types\/post"}],"author":[{"embeddable":true,"href":"https:\/\/www.visit-ulcinj.com\/blog\/wp-json\/wp\/v2\/users\/1"}],"replies":[{"embeddable":true,"href":"https:\/\/www.visit-ulcinj.com\/blog\/wp-json\/wp\/v2\/comments?post=56700"}],"version-history":[{"count":1,"href":"https:\/\/www.visit-ulcinj.com\/blog\/wp-json\/wp\/v2\/posts\/56700\/revisions"}],"predecessor-version":[{"id":56704,"href":"https:\/\/www.visit-ulcinj.com\/blog\/wp-json\/wp\/v2\/posts\/56700\/revisions\/56704"}],"wp:attachment":[{"href":"https:\/\/www.visit-ulcinj.com\/blog\/wp-json\/wp\/v2\/media?parent=56700"}],"wp:term":[{"taxonomy":"category","embeddable":true,"href":"https:\/\/www.visit-ulcinj.com\/blog\/wp-json\/wp\/v2\/categories?post=56700"},{"taxonomy":"post_tag","embeddable":true,"href":"https:\/\/www.visit-ulcinj.com\/blog\/wp-json\/wp\/v2\/tags?post=56700"}],"curies":[{"name":"wp","href":"https:\/\/api.w.org\/{rel}","templated":true}]}}