{"id":5675,"date":"2008-11-08T05:42:08","date_gmt":"2008-11-08T10:42:08","guid":{"rendered":"http:\/\/www.visit-ulcinj.com\/blog\/?p=5675"},"modified":"2008-11-08T05:42:08","modified_gmt":"2008-11-08T10:42:08","slug":"joanaja-pse-refuzoj-te-kendoj-ne-koncerte","status":"publish","type":"post","link":"https:\/\/www.visit-ulcinj.com\/blog\/2008\/11\/08\/joanaja-pse-refuzoj-te-kendoj-ne-koncerte\/","title":{"rendered":"Joana:Ja pse refuzoj t\u00eb k\u00ebndoj n\u00eb koncerte"},"content":{"rendered":"<p><a href=\"http:\/\/www.visit-ulcinj.com\/blog\/wp-content\/uploads\/2008\/11\/joanac2a0smakajvajza1.jpg\"><img loading=\"lazy\" class=\"alignleft size-medium wp-image-5678\" title=\"Joana\u00a0Smakaj dhe vajza\" src=\"http:\/\/www.visit-ulcinj.com\/blog\/wp-content\/uploads\/2008\/11\/joanac2a0smakajvajza1.jpg\" alt=\"\" width=\"269\" height=\"374\" \/><\/a><strong>\u201cB\u00ebj at\u00eb q\u00eb m\u00eb p\u00eblqen dhe q\u00eb mendoj se nuk \u00ebsht\u00eb e egkzagjeruar\u201d<\/strong><br \/>\nMund t\u2019u jet\u00eb dukur ekstravagante,\u00a0e pavarur dhe\u00a0tip i lir\u00eb. Natyrisht q\u00eb \u00ebsht\u00eb,\u00a0por pa c\u00ebnuar asgj\u00eb nga detyrimet\u00a0e familjes s\u00eb saj. Joana\u00a0Smakaj, vajza bjonde q\u00eb\u00a0vet\u00ebm 1 vit e gjysm\u00eb m\u00eb par\u00eb\u00a0goditi n\u00eb shenj\u00eb me vet\u00ebm nj\u00eb\u00a0klip \u201cZemr\u00ebn ndeze\u201d, pohon\u00a0se n\u00eb rradh\u00eb t\u00eb par\u00eb \u00ebsht\u00eb nj\u00eb\u00a0mami e kujdesshme e djalit\u00a0t\u00eb saj 3-vje\u00e7ar, Aron. Refuzon\u00a0koncertet sepse nuk ka q\u00ebllim\u00a0t\u00eb fitoj\u00eb para nga muzika, e\u00a0cila mbetet p\u00ebr t\u00eb thjesht pasioni\u00a0p\u00ebr t\u00eb thyer monotonin\u00eb:<\/p>\n<p><strong> \u201cLUTEM\u201d N\u00cb K\u00cbNGA\u00a0MAGJIKE<\/strong><br \/>\n\u00cbsht\u00eb titulli i k\u00ebng\u00ebs s\u00eb saj\u00a0t\u00eb re, me t\u00eb cil\u00ebn konkuron n\u00eb\u00a0festivalin \u201cK\u00ebnga Magjike\u201d,\u00a0ku i k\u00ebndohet nj\u00eb dashurie t\u00eb\u00a0humbur. \u00cbsht\u00eb k\u00ebnga e saj e\u00a0tret\u00eb n\u00eb bashk\u00ebpunim me Flori\u00a0Mumajesin, n\u00eb ritmet pop\u00a0dhe R and B. \u201cPretendoj t\u00eb\u00a0pranohem dhe p\u00eblqehem nga\u00a0publiku kjo k\u00ebng\u00eb, pasi n\u00eb\u00a0planet e mia personale \u00ebsht\u00eb\u00a0dhe nj\u00eb tjet\u00ebr k\u00ebng\u00eb ritmike,\u00a0t\u00eb cil\u00ebn e kisha planifikuar ta\u00a0publikoja n\u00eb ver\u00eb, por u shty\u00a0p\u00ebr n\u00eb dim\u00ebr\u201d, tha Joana.\u00a0\u00cbsht\u00eb nj\u00eb klip, q\u00eb ka nj\u00eb vit q\u00eb\u00a0\u00ebsht\u00eb realizuar, dhe me t\u00eb cilin\u00a0synon t\u00eb godas\u00eb s\u00ebrish,\u00a0pasi ka nj\u00eb tekst t\u00eb bukur nga\u00a0Big Basta. Gjithsesi plani i saj\u00a0ishte t\u00eb merrte pjes\u00eb dhe n\u00eb\u00a0Festivalin e RTSH-s\u00eb, por nuk\u00a0arriti t\u00eb b\u00ebnte k\u00ebng\u00ebn gati n\u00eb\u00a0koh\u00eb. Edhe pse duetet jan\u00eb\u00a0ende n\u00eb mod\u00eb, ajo ende nuk e\u00a0ka menduar nj\u00eb dalje t\u00eb till\u00eb,\u00a0por gjithsesi p\u00eblqen z\u00ebrin e\u00a0Ermal Fejzullahut, me t\u00eb cilin\u00a0mund t\u2019i shkonte nj\u00eb duet.<\/p>\n<p><strong>REFUZON KONCERTET<\/strong><\/p>\n<div id=\"attachment_5679\" style=\"width: 242px\" class=\"wp-caption alignright\"><a href=\"http:\/\/www.visit-ulcinj.com\/blog\/wp-content\/uploads\/2008\/11\/joanac2a0smakaj_1.jpg\"><img aria-describedby=\"caption-attachment-5679\" loading=\"lazy\" class=\"size-medium wp-image-5679\" title=\"Joana\u00a0Smakaj\" src=\"http:\/\/www.visit-ulcinj.com\/blog\/wp-content\/uploads\/2008\/11\/joanac2a0smakaj_1-232x300.jpg\" alt=\"Joana\u00a0Smakaj\" width=\"232\" height=\"300\" srcset=\"https:\/\/www.visit-ulcinj.com\/blog\/wp-content\/uploads\/2008\/11\/joanac2a0smakaj_1-232x300.jpg 232w, https:\/\/www.visit-ulcinj.com\/blog\/wp-content\/uploads\/2008\/11\/joanac2a0smakaj_1.jpg 479w\" sizes=\"(max-width: 232px) 100vw, 232px\" \/><\/a><p id=\"caption-attachment-5679\" class=\"wp-caption-text\">Joana Smakaj<\/p><\/div>\n<p>N\u00eb fillim ftesat i kishte t\u00eb\u00a0shpeshta, por tashm\u00eb ua ka\u00a0b\u00ebr\u00eb t\u00eb qart\u00eb organizator\u00ebve\u00a0t\u00eb koncerteve, se nuk ka plan\u00a0t\u00eb marr\u00eb pjes\u00eb t\u00eb k\u00ebndoj\u00eb n\u00eb\u00a0ambiente t\u00eb hapura dhe skena\u00a0t\u00eb improvizuara. Nuk e ka\u00a0n\u00eb m\u00ebndje t\u00eb fitoj\u00eb para nga\u00a0koncertet. Ka nj\u00eb sht\u00ebpi n\u00eb\u00a0zon\u00ebn e ish-bllokut, dhe nj\u00eb\u00a0dyqan veshjesh p\u00ebr femra, q\u00eb\u00a0e administron bashk\u00eb me\u00a0shoqen e saj, sepse ka pasion\u00a0t\u00eb madh dhe veshjet. Dhe nuk\u00a0i p\u00eblqen t\u00eb shk\u00ebputet me dit\u00eb\u00a0t\u00eb t\u00ebra, udh\u00ebtime t\u00eb gjata\u00a0n\u00ebp\u00ebr koncerte. \u201cDo t\u00eb vazhdoj\u00a0t\u00eb k\u00ebndoj n\u00eb festivale, por\u00a0asnj\u00ebher\u00eb nuk kam p\u00ebr ta\u00a0kthyer k\u00ebng\u00ebn q\u00ebllim n\u00eb\u00a0vetvete\u201d, tha Joana. Po ndjek\u00a0nj\u00eb linj\u00eb t\u00eb menduar, dhe nuk\u00a0m\u00eb p\u00eblqen t\u00eb provoj emocionet\u00a0e forta t\u00eb nj\u00eb karriere muzikore\u00a0me ulje dhe ngritje\u201d. A\u00a0mund t\u00eb quhet kjo nj\u00eb\u00a0strategji? \u201cJo-thot\u00eb ajo- nuk\u00a0b\u00ebhet fjal\u00eb p\u00ebr ndonj\u00eb\u00a0strategji, thjesht b\u00ebj at\u00eb q\u00eb m\u00eb\u00a0p\u00eblqen dhe q\u00eb mendoj se nuk\u00a0\u00ebsht\u00eb e ekzagjeruar\u201d.<\/p>\n<p><strong>PASIONET DHE FOBIT\u00cb\u00a0E JOAN\u00cbS <\/strong><br \/>\nSi fillim videoklipet. Tregon\u00a0se klipi i par\u00eb ishte dhurat\u00eb\u00a0nga bashk\u00ebshorti. Pastaj\u00a0veshjet, t\u00eb cilat i preferon, q\u00eb\u00a0nga sportivet e deri te\u00a0klasiket. Dyqani i veshjeve\u00a0q\u00eb e administron, \u00ebsht\u00eb vendi\u00a0ku ajo takon pasionin p\u00ebr\u00a0rrobat e bukura dhe t\u00eb shtrenja,\u00a0por jo d\u00ebshir\u00ebn p\u00ebr\u00a0biznesn, pasi nuk \u00ebsht\u00eb nj\u00eb\u00a0biznesmene e mir\u00eb. Linjat\u00a0perfekte t\u00eb trupit, nuk kan\u00eb\u00a0ndryshuar shum\u00eb tani pas\u00a0lindjes s\u00eb djalit, dhe q\u00eb nga\u00a0koha erdhi nga Lezha n\u00eb Tiran\u00eb\u00a0p\u00ebr t\u00eb konkuruar n\u00eb\u00a0\u201cMiss Shqip\u00ebria\u201d, dhe ku\u00a0doli e treta. Q\u00eb nga ajo koh\u00eb\u00a0vazhdon t\u00eb jet\u00eb po ashtu\u00a0bjonde, pasi mendon se \u00ebsht\u00eb\u00a0ngjyra q\u00eb i p\u00ebrshtatet mir\u00eb.\u00a0Pasioni tjet\u00ebr \u00ebsht\u00eb gatimi,\u00a0dhe e b\u00ebn me d\u00ebshir\u00eb t\u00eb madhe,\u00a0sepse mendon q\u00eb nj\u00eb\u00a0fem\u00ebr duhet t\u00eb b\u00ebj gjith\u00e7ka\u00a0p\u00ebr familjen e saj.\u00a0Por si e kalon koh\u00ebn e\u00a0lir\u00eb? Pasdite shp\u00ebrfillsh\u00ebm\u00a0me mikeshat e saj n\u00eb kafe,\u00a0dhe darkat duke lexuar romane.\u00a0Sa p\u00ebr fobit\u00eb m\u00eb mir\u00eb\u00a0mos e pyet: Jan\u00eb dy dhe q\u00eb i\u00a0duken shum\u00eb t\u00eb tmerrshme,\u00a0deti dhe lart\u00ebsit\u00eb.<br \/>\n<strong>Panorama plus <\/strong><\/p>\n<!--YouTube Error: bad URL entered-->\n","protected":false},"excerpt":{"rendered":"<p>\u201cB\u00ebj at\u00eb q\u00eb m\u00eb p\u00eblqen dhe q\u00eb mendoj se nuk \u00ebsht\u00eb e egkzagjeruar\u201d Mund t\u2019u jet\u00eb dukur ekstravagante,\u00a0e pavarur dhe\u00a0tip i lir\u00eb. Natyrisht q\u00eb \u00ebsht\u00eb,\u00a0por pa c\u00ebnuar asgj\u00eb nga detyrimet\u00a0e familjes s\u00eb saj. Joana\u00a0Smakaj, vajza bjonde q\u00eb\u00a0vet\u00ebm 1 vit e gjysm\u00eb m\u00eb par\u00eb\u00a0goditi n\u00eb shenj\u00eb me vet\u00ebm nj\u00eb\u00a0klip \u201cZemr\u00ebn ndeze\u201d, pohon\u00a0se n\u00eb rradh\u00eb t\u00eb par\u00eb [&hellip;]<\/p>\n","protected":false},"author":1,"featured_media":0,"comment_status":"open","ping_status":"closed","sticky":false,"template":"","format":"standard","meta":{"spay_email":"","jetpack_publicize_message":"","jetpack_is_tweetstorm":false,"jetpack_publicize_feature_enabled":true},"categories":[1],"tags":[4969],"jetpack_publicize_connections":[],"yoast_head":"<!-- This site is optimized with the Yoast SEO plugin v19.1 - https:\/\/yoast.com\/wordpress\/plugins\/seo\/ -->\n<title>Joana:Ja pse refuzoj t\u00eb k\u00ebndoj n\u00eb koncerte - Lajme nga Ulqini<\/title>\n<meta name=\"description\" content=\"\u201cB\u00ebj at\u00eb q\u00eb m\u00eb p\u00eblqen dhe q\u00eb mendoj se nuk \u00ebsht\u00eb e egkzagjeruar\u201d Mund t\u2019u jet\u00eb dukur ekstravagante,\u00a0e pavarur dhe\u00a0tip i lir\u00eb. Natyrisht q\u00eb \u00ebsht\u00eb,\u00a0por pa\" \/>\n<meta name=\"robots\" content=\"index, follow, max-snippet:-1, max-image-preview:large, max-video-preview:-1\" \/>\n<link rel=\"canonical\" href=\"https:\/\/www.visit-ulcinj.com\/blog\/2008\/11\/08\/joanaja-pse-refuzoj-te-kendoj-ne-koncerte\/\" \/>\n<meta property=\"og:locale\" content=\"en_US\" \/>\n<meta property=\"og:type\" content=\"article\" \/>\n<meta property=\"og:title\" content=\"Joana:Ja pse refuzoj t\u00eb k\u00ebndoj n\u00eb koncerte - Lajme nga Ulqini\" \/>\n<meta property=\"og:description\" content=\"\u201cB\u00ebj at\u00eb q\u00eb m\u00eb p\u00eblqen dhe q\u00eb mendoj se nuk \u00ebsht\u00eb e egkzagjeruar\u201d Mund t\u2019u jet\u00eb dukur ekstravagante,\u00a0e pavarur dhe\u00a0tip i lir\u00eb. Natyrisht q\u00eb \u00ebsht\u00eb,\u00a0por pa\" \/>\n<meta property=\"og:url\" content=\"https:\/\/www.visit-ulcinj.com\/blog\/2008\/11\/08\/joanaja-pse-refuzoj-te-kendoj-ne-koncerte\/\" \/>\n<meta property=\"og:site_name\" content=\"Lajme nga Ulqini\" \/>\n<meta property=\"article:published_time\" content=\"2008-11-08T10:42:08+00:00\" \/>\n<meta property=\"og:image\" content=\"http:\/\/www.visit-ulcinj.com\/blog\/wp-content\/uploads\/2008\/11\/joanac2a0smakajvajza1.jpg\" \/>\n<meta name=\"twitter:label1\" content=\"Written by\" \/>\n\t<meta name=\"twitter:data1\" content=\"ulqini\" \/>\n\t<meta name=\"twitter:label2\" content=\"Est. reading time\" \/>\n\t<meta name=\"twitter:data2\" content=\"3 minutes\" \/>\n<script type=\"application\/ld+json\" class=\"yoast-schema-graph\">{\"@context\":\"https:\/\/schema.org\",\"@graph\":[{\"@type\":\"WebSite\",\"@id\":\"https:\/\/www.visit-ulcinj.com\/blog\/#website\",\"url\":\"https:\/\/www.visit-ulcinj.com\/blog\/\",\"name\":\"Lajme nga Ulqini\",\"description\":\"Lajme,Vijesti,Ulqini,Ulqin,Crna Gora,Mali i Zi\",\"potentialAction\":[{\"@type\":\"SearchAction\",\"target\":{\"@type\":\"EntryPoint\",\"urlTemplate\":\"https:\/\/www.visit-ulcinj.com\/blog\/?s={search_term_string}\"},\"query-input\":\"required name=search_term_string\"}],\"inLanguage\":\"en-US\"},{\"@type\":\"ImageObject\",\"inLanguage\":\"en-US\",\"@id\":\"https:\/\/www.visit-ulcinj.com\/blog\/2008\/11\/08\/joanaja-pse-refuzoj-te-kendoj-ne-koncerte\/#primaryimage\",\"url\":\"http:\/\/www.visit-ulcinj.com\/blog\/wp-content\/uploads\/2008\/11\/joanac2a0smakajvajza1.jpg\",\"contentUrl\":\"http:\/\/www.visit-ulcinj.com\/blog\/wp-content\/uploads\/2008\/11\/joanac2a0smakajvajza1.jpg\"},{\"@type\":\"WebPage\",\"@id\":\"https:\/\/www.visit-ulcinj.com\/blog\/2008\/11\/08\/joanaja-pse-refuzoj-te-kendoj-ne-koncerte\/#webpage\",\"url\":\"https:\/\/www.visit-ulcinj.com\/blog\/2008\/11\/08\/joanaja-pse-refuzoj-te-kendoj-ne-koncerte\/\",\"name\":\"Joana:Ja pse refuzoj t\u00eb k\u00ebndoj n\u00eb koncerte - Lajme nga Ulqini\",\"isPartOf\":{\"@id\":\"https:\/\/www.visit-ulcinj.com\/blog\/#website\"},\"primaryImageOfPage\":{\"@id\":\"https:\/\/www.visit-ulcinj.com\/blog\/2008\/11\/08\/joanaja-pse-refuzoj-te-kendoj-ne-koncerte\/#primaryimage\"},\"datePublished\":\"2008-11-08T10:42:08+00:00\",\"dateModified\":\"2008-11-08T10:42:08+00:00\",\"author\":{\"@id\":\"https:\/\/www.visit-ulcinj.com\/blog\/#\/schema\/person\/dcab619c614d3038751c63bc2aadc06d\"},\"description\":\"\u201cB\u00ebj at\u00eb q\u00eb m\u00eb p\u00eblqen dhe q\u00eb mendoj se nuk \u00ebsht\u00eb e egkzagjeruar\u201d Mund t\u2019u jet\u00eb dukur ekstravagante,\u00a0e pavarur dhe\u00a0tip i lir\u00eb. Natyrisht q\u00eb \u00ebsht\u00eb,\u00a0por pa\",\"breadcrumb\":{\"@id\":\"https:\/\/www.visit-ulcinj.com\/blog\/2008\/11\/08\/joanaja-pse-refuzoj-te-kendoj-ne-koncerte\/#breadcrumb\"},\"inLanguage\":\"en-US\",\"potentialAction\":[{\"@type\":\"ReadAction\",\"target\":[\"https:\/\/www.visit-ulcinj.com\/blog\/2008\/11\/08\/joanaja-pse-refuzoj-te-kendoj-ne-koncerte\/\"]}]},{\"@type\":\"BreadcrumbList\",\"@id\":\"https:\/\/www.visit-ulcinj.com\/blog\/2008\/11\/08\/joanaja-pse-refuzoj-te-kendoj-ne-koncerte\/#breadcrumb\",\"itemListElement\":[{\"@type\":\"ListItem\",\"position\":1,\"name\":\"Joana:Ja pse refuzoj t\u00eb k\u00ebndoj n\u00eb koncerte\"}]},{\"@type\":\"Person\",\"@id\":\"https:\/\/www.visit-ulcinj.com\/blog\/#\/schema\/person\/dcab619c614d3038751c63bc2aadc06d\",\"name\":\"ulqini\",\"sameAs\":[\"http:\/\/www.visit-ulcinj.com\"],\"url\":\"https:\/\/www.visit-ulcinj.com\/blog\/author\/admin\/\"}]}<\/script>\n<!-- \/ Yoast SEO plugin. -->","yoast_head_json":{"title":"Joana:Ja pse refuzoj t\u00eb k\u00ebndoj n\u00eb koncerte - Lajme nga Ulqini","description":"\u201cB\u00ebj at\u00eb q\u00eb m\u00eb p\u00eblqen dhe q\u00eb mendoj se nuk \u00ebsht\u00eb e egkzagjeruar\u201d Mund t\u2019u jet\u00eb dukur ekstravagante,\u00a0e pavarur dhe\u00a0tip i lir\u00eb. Natyrisht q\u00eb \u00ebsht\u00eb,\u00a0por pa","robots":{"index":"index","follow":"follow","max-snippet":"max-snippet:-1","max-image-preview":"max-image-preview:large","max-video-preview":"max-video-preview:-1"},"canonical":"https:\/\/www.visit-ulcinj.com\/blog\/2008\/11\/08\/joanaja-pse-refuzoj-te-kendoj-ne-koncerte\/","og_locale":"en_US","og_type":"article","og_title":"Joana:Ja pse refuzoj t\u00eb k\u00ebndoj n\u00eb koncerte - Lajme nga Ulqini","og_description":"\u201cB\u00ebj at\u00eb q\u00eb m\u00eb p\u00eblqen dhe q\u00eb mendoj se nuk \u00ebsht\u00eb e egkzagjeruar\u201d Mund t\u2019u jet\u00eb dukur ekstravagante,\u00a0e pavarur dhe\u00a0tip i lir\u00eb. Natyrisht q\u00eb \u00ebsht\u00eb,\u00a0por pa","og_url":"https:\/\/www.visit-ulcinj.com\/blog\/2008\/11\/08\/joanaja-pse-refuzoj-te-kendoj-ne-koncerte\/","og_site_name":"Lajme nga Ulqini","article_published_time":"2008-11-08T10:42:08+00:00","og_image":[{"url":"http:\/\/www.visit-ulcinj.com\/blog\/wp-content\/uploads\/2008\/11\/joanac2a0smakajvajza1.jpg"}],"twitter_misc":{"Written by":"ulqini","Est. reading time":"3 minutes"},"schema":{"@context":"https:\/\/schema.org","@graph":[{"@type":"WebSite","@id":"https:\/\/www.visit-ulcinj.com\/blog\/#website","url":"https:\/\/www.visit-ulcinj.com\/blog\/","name":"Lajme nga Ulqini","description":"Lajme,Vijesti,Ulqini,Ulqin,Crna Gora,Mali i Zi","potentialAction":[{"@type":"SearchAction","target":{"@type":"EntryPoint","urlTemplate":"https:\/\/www.visit-ulcinj.com\/blog\/?s={search_term_string}"},"query-input":"required name=search_term_string"}],"inLanguage":"en-US"},{"@type":"ImageObject","inLanguage":"en-US","@id":"https:\/\/www.visit-ulcinj.com\/blog\/2008\/11\/08\/joanaja-pse-refuzoj-te-kendoj-ne-koncerte\/#primaryimage","url":"http:\/\/www.visit-ulcinj.com\/blog\/wp-content\/uploads\/2008\/11\/joanac2a0smakajvajza1.jpg","contentUrl":"http:\/\/www.visit-ulcinj.com\/blog\/wp-content\/uploads\/2008\/11\/joanac2a0smakajvajza1.jpg"},{"@type":"WebPage","@id":"https:\/\/www.visit-ulcinj.com\/blog\/2008\/11\/08\/joanaja-pse-refuzoj-te-kendoj-ne-koncerte\/#webpage","url":"https:\/\/www.visit-ulcinj.com\/blog\/2008\/11\/08\/joanaja-pse-refuzoj-te-kendoj-ne-koncerte\/","name":"Joana:Ja pse refuzoj t\u00eb k\u00ebndoj n\u00eb koncerte - Lajme nga Ulqini","isPartOf":{"@id":"https:\/\/www.visit-ulcinj.com\/blog\/#website"},"primaryImageOfPage":{"@id":"https:\/\/www.visit-ulcinj.com\/blog\/2008\/11\/08\/joanaja-pse-refuzoj-te-kendoj-ne-koncerte\/#primaryimage"},"datePublished":"2008-11-08T10:42:08+00:00","dateModified":"2008-11-08T10:42:08+00:00","author":{"@id":"https:\/\/www.visit-ulcinj.com\/blog\/#\/schema\/person\/dcab619c614d3038751c63bc2aadc06d"},"description":"\u201cB\u00ebj at\u00eb q\u00eb m\u00eb p\u00eblqen dhe q\u00eb mendoj se nuk \u00ebsht\u00eb e egkzagjeruar\u201d Mund t\u2019u jet\u00eb dukur ekstravagante,\u00a0e pavarur dhe\u00a0tip i lir\u00eb. Natyrisht q\u00eb \u00ebsht\u00eb,\u00a0por pa","breadcrumb":{"@id":"https:\/\/www.visit-ulcinj.com\/blog\/2008\/11\/08\/joanaja-pse-refuzoj-te-kendoj-ne-koncerte\/#breadcrumb"},"inLanguage":"en-US","potentialAction":[{"@type":"ReadAction","target":["https:\/\/www.visit-ulcinj.com\/blog\/2008\/11\/08\/joanaja-pse-refuzoj-te-kendoj-ne-koncerte\/"]}]},{"@type":"BreadcrumbList","@id":"https:\/\/www.visit-ulcinj.com\/blog\/2008\/11\/08\/joanaja-pse-refuzoj-te-kendoj-ne-koncerte\/#breadcrumb","itemListElement":[{"@type":"ListItem","position":1,"name":"Joana:Ja pse refuzoj t\u00eb k\u00ebndoj n\u00eb koncerte"}]},{"@type":"Person","@id":"https:\/\/www.visit-ulcinj.com\/blog\/#\/schema\/person\/dcab619c614d3038751c63bc2aadc06d","name":"ulqini","sameAs":["http:\/\/www.visit-ulcinj.com"],"url":"https:\/\/www.visit-ulcinj.com\/blog\/author\/admin\/"}]}},"jetpack_featured_media_url":"","jetpack_sharing_enabled":true,"jetpack_shortlink":"https:\/\/wp.me\/pe6lTn-1tx","_links":{"self":[{"href":"https:\/\/www.visit-ulcinj.com\/blog\/wp-json\/wp\/v2\/posts\/5675"}],"collection":[{"href":"https:\/\/www.visit-ulcinj.com\/blog\/wp-json\/wp\/v2\/posts"}],"about":[{"href":"https:\/\/www.visit-ulcinj.com\/blog\/wp-json\/wp\/v2\/types\/post"}],"author":[{"embeddable":true,"href":"https:\/\/www.visit-ulcinj.com\/blog\/wp-json\/wp\/v2\/users\/1"}],"replies":[{"embeddable":true,"href":"https:\/\/www.visit-ulcinj.com\/blog\/wp-json\/wp\/v2\/comments?post=5675"}],"version-history":[{"count":0,"href":"https:\/\/www.visit-ulcinj.com\/blog\/wp-json\/wp\/v2\/posts\/5675\/revisions"}],"wp:attachment":[{"href":"https:\/\/www.visit-ulcinj.com\/blog\/wp-json\/wp\/v2\/media?parent=5675"}],"wp:term":[{"taxonomy":"category","embeddable":true,"href":"https:\/\/www.visit-ulcinj.com\/blog\/wp-json\/wp\/v2\/categories?post=5675"},{"taxonomy":"post_tag","embeddable":true,"href":"https:\/\/www.visit-ulcinj.com\/blog\/wp-json\/wp\/v2\/tags?post=5675"}],"curies":[{"name":"wp","href":"https:\/\/api.w.org\/{rel}","templated":true}]}}