{"id":568,"date":"2008-02-19T14:12:07","date_gmt":"2008-02-19T19:12:07","guid":{"rendered":"http:\/\/www.visit-ulcinj.com\/blog\/2008\/02\/19\/amir-holaj-se-ne-predaje\/"},"modified":"2008-02-19T15:24:47","modified_gmt":"2008-02-19T20:24:47","slug":"amir-holaj-se-ne-predaje","status":"publish","type":"post","link":"https:\/\/www.visit-ulcinj.com\/blog\/2008\/02\/19\/amir-holaj-se-ne-predaje\/","title":{"rendered":"Amir Holaj se ne predaje"},"content":{"rendered":"<p><a href=\"http:\/\/www.visit-ulcinj.com\/blog\/2008\/02\/14\/holaj-ponudio-ostavku\/amir-hollaj-2\/\" rel=\"attachment wp-att-515\" title=\"Amir Hollaj\"><img loading=\"lazy\" src=\"http:\/\/www.visit-ulcinj.com\/blog\/wp-content\/uploads\/2008\/02\/amir-hollaj-ulqin.jpg\" alt=\"Amir Hollaj\" align=\"left\" height=\"179\" width=\"239\" \/><\/a><strong>Lider Partije Demokratskog Prosperiteta nema namjeru da podnosi ostavku zbog sukoba sa dijelom GO<\/strong><br \/>\n<font color=\"#ff0000\"><em>Pojednici su zbog li?nih interesa stavili sa strane interese partije i ?lanstva i zbog toga ne mogu predstvljati PDP u SO iako to ?ine, objasnio je lider PDP<\/em><\/font><br \/>\n<a href=\"http:\/\/www.visit-ulcinj.com\/gallery\/main.php\" title=\"Ulcinj-ulqini-ulqin,montenegro\" target=\"_blank\"> ULCINj<\/a> &#8211; Predsjednik Partije demokratskog prosperiteta Amir Holaj izjavio je da nema namjeru da se povu?e sa mjesta prvog ?ovjeka stranke uprkos vi\u0161emjese?noj krizi koja drma tu albansku nacionalnu partiju. Holaj je u izjavi \u201eDanu rekao da su nedavne informaciju u pojednim medijima o njegovoj ostavci, zbog ?injenice da u GO partije nema ve?insku podr\u0161ku, obi?ne medijske spekulacije.<br \/>\n\u2013 Po prirodi sam borac i ne odustajem tek tako. Izabran sam na redovnom kongresu stranke voljom ?lanstva i nemam namjeru da izigram povjerenje koje mi je ukazano. Koliko god bude trebalo bori?u se kako bi se ostvarili partijski ciljevi. Insistira?u na po\u0161tovanju statuta partije i na osnovama na kojima je formirana PDP &#8211; kazao je Holaj.<br \/>\nOn je istakao kako u stranci i dalje postoje dvije struje.<br \/>\n\u2013 Tri odbornika PDP su mimo volje ?lanstva podr\u017eala Koaliciju \u201eZa evropski Ulcinj? i tako omogu?ili DPS, SDP i DUA ve?inu u SO. Pojednici su zbog li?nih interesa stavili sa strane interese partije i ?lanstva i zbog toga ne mogu predstavljati PDP u SO, iako to ?ine &#8211; objasnio je lider PDP.<br \/>\nHolaj nije \u017eelio da precizira na koji na?in mo\u017ee do?i do rje\u0161enja problema unutar partije, ali je naglasio da se nada da se na to ne?e dugo ?ekati. Sa druge strane, ?lan GO PDP i aktuelni predsjednik Skup\u0161tine op\u0161tine Ulcinj Muhamed Nika navodi kako je Holaj na sjednici GO ostao u manjini, koja se izjasnila da odbornici PDP ne treba da vladaju?oj koaliciji u Ulcinju daju podr\u0161ku i da shodno tome ne budu u upravnim odborima javnih preduze?a.<br \/>\n&#8211; Od 16 prisutnih ?lanova GO devet je bilo za tu opciju. ?ak sam i ja u jednom dijelu bio u manjini, odnosno na strani na kojoj je i predsjednik, me?utim zbog te pozicije niko ga nije pozivao da da ostavku, ve? je on sam rekao da ?e to u?initi. Da li se u me?uvremenu predomislio ne znam, ali je sigurno da to \u0161to se ne sla\u017ee sa dijelom partije predstavlja dokaz da jedna moderna partija treba da uva\u017eava razli?ita mi\u0161ljenja njenih funkcionera, a ne da po?iva na jednoumlju &#8211; konstatovao je Nika.<br \/>\nOn je lidera partije pozvao da privede sjednicu kraju kako bi partija mogla da zauzme zvani?an stav o tome koga ?e predsjedni?kog kandidata podr\u017eati na predstoje?im izborima.<br \/>\nPrema saznanjima \u201eDana dio GO Partije demokratskog prosperiteta zala\u017ee se da ta partija podr\u017ei onog predsjedni?kog kandidata koji je spreman da po eventualnom samoprogla\u0161enju nezavisnosti ju\u017ene srpske pokrajine prizna novu dr\u017eavu na Balkanu.<\/p>\n<p>M.K<\/p>\n<p>www.dan.cg.yu<\/p>\n","protected":false},"excerpt":{"rendered":"<p><img loading=\"lazy\" src=\"http:\/\/www.visit-ulcinj.com\/blog\/wp-content\/uploads\/2008\/02\/amir-hollaj-ulqin.jpg\" alt=\"Amir Hollaj\" align=\"left\" height=\"140\" width=\"140\"\/><\/p>\n","protected":false},"author":1,"featured_media":0,"comment_status":"open","ping_status":"closed","sticky":false,"template":"","format":"standard","meta":{"spay_email":"","jetpack_publicize_message":"","jetpack_is_tweetstorm":false,"jetpack_publicize_feature_enabled":true},"categories":[6],"tags":[1630,530,87,514,1603,1634,1633,1420,702,1635,1632,701,19],"jetpack_publicize_connections":[],"yoast_head":"<!-- This site is optimized with the Yoast SEO plugin v19.1 - https:\/\/yoast.com\/wordpress\/plugins\/seo\/ -->\n<title>Amir Holaj se ne predaje - Lajme nga Ulqini<\/title>\n<meta name=\"robots\" content=\"index, follow, max-snippet:-1, max-image-preview:large, max-video-preview:-1\" \/>\n<link rel=\"canonical\" href=\"https:\/\/www.visit-ulcinj.com\/blog\/2008\/02\/19\/amir-holaj-se-ne-predaje\/\" \/>\n<meta property=\"og:locale\" content=\"en_US\" \/>\n<meta property=\"og:type\" content=\"article\" \/>\n<meta property=\"og:title\" content=\"Amir Holaj se ne predaje - Lajme nga Ulqini\" \/>\n<meta property=\"og:url\" content=\"https:\/\/www.visit-ulcinj.com\/blog\/2008\/02\/19\/amir-holaj-se-ne-predaje\/\" \/>\n<meta property=\"og:site_name\" content=\"Lajme nga Ulqini\" \/>\n<meta property=\"article:published_time\" content=\"2008-02-19T19:12:07+00:00\" \/>\n<meta property=\"article:modified_time\" content=\"2008-02-19T20:24:47+00:00\" \/>\n<meta property=\"og:image\" content=\"http:\/\/www.visit-ulcinj.com\/blog\/wp-content\/uploads\/2008\/02\/amir-hollaj-ulqin.jpg\" \/>\n<meta name=\"twitter:label1\" content=\"Written by\" \/>\n\t<meta name=\"twitter:data1\" content=\"ulqini\" \/>\n\t<meta name=\"twitter:label2\" content=\"Est. reading time\" \/>\n\t<meta name=\"twitter:data2\" content=\"2 minutes\" \/>\n<script type=\"application\/ld+json\" class=\"yoast-schema-graph\">{\"@context\":\"https:\/\/schema.org\",\"@graph\":[{\"@type\":\"WebSite\",\"@id\":\"https:\/\/www.visit-ulcinj.com\/blog\/#website\",\"url\":\"https:\/\/www.visit-ulcinj.com\/blog\/\",\"name\":\"Lajme nga Ulqini\",\"description\":\"Lajme,Vijesti,Ulqini,Ulqin,Crna Gora,Mali i Zi\",\"potentialAction\":[{\"@type\":\"SearchAction\",\"target\":{\"@type\":\"EntryPoint\",\"urlTemplate\":\"https:\/\/www.visit-ulcinj.com\/blog\/?s={search_term_string}\"},\"query-input\":\"required name=search_term_string\"}],\"inLanguage\":\"en-US\"},{\"@type\":\"ImageObject\",\"inLanguage\":\"en-US\",\"@id\":\"https:\/\/www.visit-ulcinj.com\/blog\/2008\/02\/19\/amir-holaj-se-ne-predaje\/#primaryimage\",\"url\":\"http:\/\/www.visit-ulcinj.com\/blog\/wp-content\/uploads\/2008\/02\/amir-hollaj-ulqin.jpg\",\"contentUrl\":\"http:\/\/www.visit-ulcinj.com\/blog\/wp-content\/uploads\/2008\/02\/amir-hollaj-ulqin.jpg\"},{\"@type\":\"WebPage\",\"@id\":\"https:\/\/www.visit-ulcinj.com\/blog\/2008\/02\/19\/amir-holaj-se-ne-predaje\/#webpage\",\"url\":\"https:\/\/www.visit-ulcinj.com\/blog\/2008\/02\/19\/amir-holaj-se-ne-predaje\/\",\"name\":\"Amir Holaj se ne predaje - Lajme nga Ulqini\",\"isPartOf\":{\"@id\":\"https:\/\/www.visit-ulcinj.com\/blog\/#website\"},\"primaryImageOfPage\":{\"@id\":\"https:\/\/www.visit-ulcinj.com\/blog\/2008\/02\/19\/amir-holaj-se-ne-predaje\/#primaryimage\"},\"datePublished\":\"2008-02-19T19:12:07+00:00\",\"dateModified\":\"2008-02-19T20:24:47+00:00\",\"author\":{\"@id\":\"https:\/\/www.visit-ulcinj.com\/blog\/#\/schema\/person\/dcab619c614d3038751c63bc2aadc06d\"},\"breadcrumb\":{\"@id\":\"https:\/\/www.visit-ulcinj.com\/blog\/2008\/02\/19\/amir-holaj-se-ne-predaje\/#breadcrumb\"},\"inLanguage\":\"en-US\",\"potentialAction\":[{\"@type\":\"ReadAction\",\"target\":[\"https:\/\/www.visit-ulcinj.com\/blog\/2008\/02\/19\/amir-holaj-se-ne-predaje\/\"]}]},{\"@type\":\"BreadcrumbList\",\"@id\":\"https:\/\/www.visit-ulcinj.com\/blog\/2008\/02\/19\/amir-holaj-se-ne-predaje\/#breadcrumb\",\"itemListElement\":[{\"@type\":\"ListItem\",\"position\":1,\"name\":\"Amir Holaj se ne predaje\"}]},{\"@type\":\"Person\",\"@id\":\"https:\/\/www.visit-ulcinj.com\/blog\/#\/schema\/person\/dcab619c614d3038751c63bc2aadc06d\",\"name\":\"ulqini\",\"sameAs\":[\"http:\/\/www.visit-ulcinj.com\"],\"url\":\"https:\/\/www.visit-ulcinj.com\/blog\/author\/admin\/\"}]}<\/script>\n<!-- \/ Yoast SEO plugin. -->","yoast_head_json":{"title":"Amir Holaj se ne predaje - Lajme nga Ulqini","robots":{"index":"index","follow":"follow","max-snippet":"max-snippet:-1","max-image-preview":"max-image-preview:large","max-video-preview":"max-video-preview:-1"},"canonical":"https:\/\/www.visit-ulcinj.com\/blog\/2008\/02\/19\/amir-holaj-se-ne-predaje\/","og_locale":"en_US","og_type":"article","og_title":"Amir Holaj se ne predaje - Lajme nga Ulqini","og_url":"https:\/\/www.visit-ulcinj.com\/blog\/2008\/02\/19\/amir-holaj-se-ne-predaje\/","og_site_name":"Lajme nga Ulqini","article_published_time":"2008-02-19T19:12:07+00:00","article_modified_time":"2008-02-19T20:24:47+00:00","og_image":[{"url":"http:\/\/www.visit-ulcinj.com\/blog\/wp-content\/uploads\/2008\/02\/amir-hollaj-ulqin.jpg"}],"twitter_misc":{"Written by":"ulqini","Est. reading time":"2 minutes"},"schema":{"@context":"https:\/\/schema.org","@graph":[{"@type":"WebSite","@id":"https:\/\/www.visit-ulcinj.com\/blog\/#website","url":"https:\/\/www.visit-ulcinj.com\/blog\/","name":"Lajme nga Ulqini","description":"Lajme,Vijesti,Ulqini,Ulqin,Crna Gora,Mali i Zi","potentialAction":[{"@type":"SearchAction","target":{"@type":"EntryPoint","urlTemplate":"https:\/\/www.visit-ulcinj.com\/blog\/?s={search_term_string}"},"query-input":"required name=search_term_string"}],"inLanguage":"en-US"},{"@type":"ImageObject","inLanguage":"en-US","@id":"https:\/\/www.visit-ulcinj.com\/blog\/2008\/02\/19\/amir-holaj-se-ne-predaje\/#primaryimage","url":"http:\/\/www.visit-ulcinj.com\/blog\/wp-content\/uploads\/2008\/02\/amir-hollaj-ulqin.jpg","contentUrl":"http:\/\/www.visit-ulcinj.com\/blog\/wp-content\/uploads\/2008\/02\/amir-hollaj-ulqin.jpg"},{"@type":"WebPage","@id":"https:\/\/www.visit-ulcinj.com\/blog\/2008\/02\/19\/amir-holaj-se-ne-predaje\/#webpage","url":"https:\/\/www.visit-ulcinj.com\/blog\/2008\/02\/19\/amir-holaj-se-ne-predaje\/","name":"Amir Holaj se ne predaje - Lajme nga Ulqini","isPartOf":{"@id":"https:\/\/www.visit-ulcinj.com\/blog\/#website"},"primaryImageOfPage":{"@id":"https:\/\/www.visit-ulcinj.com\/blog\/2008\/02\/19\/amir-holaj-se-ne-predaje\/#primaryimage"},"datePublished":"2008-02-19T19:12:07+00:00","dateModified":"2008-02-19T20:24:47+00:00","author":{"@id":"https:\/\/www.visit-ulcinj.com\/blog\/#\/schema\/person\/dcab619c614d3038751c63bc2aadc06d"},"breadcrumb":{"@id":"https:\/\/www.visit-ulcinj.com\/blog\/2008\/02\/19\/amir-holaj-se-ne-predaje\/#breadcrumb"},"inLanguage":"en-US","potentialAction":[{"@type":"ReadAction","target":["https:\/\/www.visit-ulcinj.com\/blog\/2008\/02\/19\/amir-holaj-se-ne-predaje\/"]}]},{"@type":"BreadcrumbList","@id":"https:\/\/www.visit-ulcinj.com\/blog\/2008\/02\/19\/amir-holaj-se-ne-predaje\/#breadcrumb","itemListElement":[{"@type":"ListItem","position":1,"name":"Amir Holaj se ne predaje"}]},{"@type":"Person","@id":"https:\/\/www.visit-ulcinj.com\/blog\/#\/schema\/person\/dcab619c614d3038751c63bc2aadc06d","name":"ulqini","sameAs":["http:\/\/www.visit-ulcinj.com"],"url":"https:\/\/www.visit-ulcinj.com\/blog\/author\/admin\/"}]}},"jetpack_featured_media_url":"","jetpack_sharing_enabled":true,"jetpack_shortlink":"https:\/\/wp.me\/pe6lTn-9a","_links":{"self":[{"href":"https:\/\/www.visit-ulcinj.com\/blog\/wp-json\/wp\/v2\/posts\/568"}],"collection":[{"href":"https:\/\/www.visit-ulcinj.com\/blog\/wp-json\/wp\/v2\/posts"}],"about":[{"href":"https:\/\/www.visit-ulcinj.com\/blog\/wp-json\/wp\/v2\/types\/post"}],"author":[{"embeddable":true,"href":"https:\/\/www.visit-ulcinj.com\/blog\/wp-json\/wp\/v2\/users\/1"}],"replies":[{"embeddable":true,"href":"https:\/\/www.visit-ulcinj.com\/blog\/wp-json\/wp\/v2\/comments?post=568"}],"version-history":[{"count":0,"href":"https:\/\/www.visit-ulcinj.com\/blog\/wp-json\/wp\/v2\/posts\/568\/revisions"}],"wp:attachment":[{"href":"https:\/\/www.visit-ulcinj.com\/blog\/wp-json\/wp\/v2\/media?parent=568"}],"wp:term":[{"taxonomy":"category","embeddable":true,"href":"https:\/\/www.visit-ulcinj.com\/blog\/wp-json\/wp\/v2\/categories?post=568"},{"taxonomy":"post_tag","embeddable":true,"href":"https:\/\/www.visit-ulcinj.com\/blog\/wp-json\/wp\/v2\/tags?post=568"}],"curies":[{"name":"wp","href":"https:\/\/api.w.org\/{rel}","templated":true}]}}