{"id":5686,"date":"2008-11-08T07:07:45","date_gmt":"2008-11-08T12:07:45","guid":{"rendered":"http:\/\/www.visit-ulcinj.com\/blog\/?p=5686"},"modified":"2008-11-08T07:08:44","modified_gmt":"2008-11-08T12:08:44","slug":"tunae-verteta-e-ndarjes-sime-nga-merti-asllani","status":"publish","type":"post","link":"https:\/\/www.visit-ulcinj.com\/blog\/2008\/11\/08\/tunae-verteta-e-ndarjes-sime-nga-merti-asllani\/","title":{"rendered":"TUNA:E v\u00ebrteta e ndarjes sime nga Merti Asllani"},"content":{"rendered":"<p><!--[if gte mso 9]><xml> <w:WordDocument> <w:View>Normal<\/w:View> <w:Zoom>0<\/w:Zoom> <w:TrackMoves \/> <w:TrackFormatting \/> <w:HyphenationZone>21<\/w:HyphenationZone> <w:PunctuationKerning \/> <w:ValidateAgainstSchemas \/> <w:SaveIfXMLInvalid>false<\/w:SaveIfXMLInvalid> <w:IgnoreMixedContent>false<\/w:IgnoreMixedContent> <w:AlwaysShowPlaceholderText>false<\/w:AlwaysShowPlaceholderText> <w:DoNotPromoteQF \/> <w:LidThemeOther>FR-CH<\/w:LidThemeOther> <w:LidThemeAsian>X-NONE<\/w:LidThemeAsian> <w:LidThemeComplexScript>X-NONE<\/w:LidThemeComplexScript> <w:Compatibility> <w:BreakWrappedTables \/> <w:SnapToGridInCell \/> <w:WrapTextWithPunct \/> <w:UseAsianBreakRules \/> <w:DontGrowAutofit \/> <w:SplitPgBreakAndParaMark \/> <w:DontVertAlignCellWithSp \/> <w:DontBreakConstrainedForcedTables \/> <w:DontVertAlignInTxbx \/> <w:Word11KerningPairs \/> <w:CachedColBalance \/> <\/w:Compatibility> <w:BrowserLevel>MicrosoftInternetExplorer4<\/w:BrowserLevel> <m:mathPr> <m:mathFont m:val=\"Cambria Math\" \/> <m:brkBin m:val=\"before\" \/> <m:brkBinSub m:val=\"&#45;-\" \/> <m:smallFrac m:val=\"off\" \/> <m:dispDef \/> <m:lMargin m:val=\"0\" \/> <m:rMargin m:val=\"0\" \/> <m:defJc m:val=\"centerGroup\" \/> <m:wrapIndent m:val=\"1440\" \/> <m:intLim m:val=\"subSup\" \/> <m:naryLim m:val=\"undOvr\" \/> <\/m:mathPr><\/w:WordDocument> <\/xml><![endif]--><!--[if gte mso 9]><xml> <w:LatentStyles DefLockedState=\"false\" DefUnhideWhenUsed=\"true\"   DefSemiHidden=\"true\" DefQFormat=\"false\" DefPriority=\"99\"   LatentStyleCount=\"267\"> <w:LsdException Locked=\"false\" Priority=\"0\" SemiHidden=\"false\"    UnhideWhenUsed=\"false\" QFormat=\"true\" Name=\"Normal\" \/> <w:LsdException Locked=\"false\" Priority=\"9\" SemiHidden=\"false\"    UnhideWhenUsed=\"false\" QFormat=\"true\" Name=\"heading 1\" \/> <w:LsdException Locked=\"false\" Priority=\"9\" QFormat=\"true\" Name=\"heading 2\" \/> <w:LsdException Locked=\"false\" Priority=\"9\" QFormat=\"true\" Name=\"heading 3\" \/> <w:LsdException Locked=\"false\" Priority=\"9\" QFormat=\"true\" Name=\"heading 4\" \/> <w:LsdException Locked=\"false\" Priority=\"9\" QFormat=\"true\" Name=\"heading 5\" \/> <w:LsdException Locked=\"false\" Priority=\"9\" QFormat=\"true\" Name=\"heading 6\" \/> <w:LsdException Locked=\"false\" Priority=\"9\" QFormat=\"true\" Name=\"heading 7\" \/> <w:LsdException Locked=\"false\" Priority=\"9\" QFormat=\"true\" Name=\"heading 8\" \/> <w:LsdException Locked=\"false\" Priority=\"9\" QFormat=\"true\" Name=\"heading 9\" \/> <w:LsdException Locked=\"false\" Priority=\"39\" Name=\"toc 1\" \/> <w:LsdException Locked=\"false\" Priority=\"39\" Name=\"toc 2\" \/> <w:LsdException Locked=\"false\" Priority=\"39\" Name=\"toc 3\" \/> <w:LsdException Locked=\"false\" Priority=\"39\" Name=\"toc 4\" \/> <w:LsdException Locked=\"false\" Priority=\"39\" Name=\"toc 5\" \/> <w:LsdException Locked=\"false\" Priority=\"39\" Name=\"toc 6\" \/> <w:LsdException Locked=\"false\" Priority=\"39\" Name=\"toc 7\" \/> <w:LsdException Locked=\"false\" Priority=\"39\" Name=\"toc 8\" \/> <w:LsdException Locked=\"false\" Priority=\"39\" Name=\"toc 9\" \/> <w:LsdException Locked=\"false\" Priority=\"35\" QFormat=\"true\" Name=\"caption\" \/> <w:LsdException Locked=\"false\" Priority=\"10\" SemiHidden=\"false\"    UnhideWhenUsed=\"false\" QFormat=\"true\" Name=\"Title\" \/> <w:LsdException Locked=\"false\" Priority=\"1\" Name=\"Default Paragraph Font\" \/> <w:LsdException Locked=\"false\" Priority=\"11\" SemiHidden=\"false\"    UnhideWhenUsed=\"false\" QFormat=\"true\" Name=\"Subtitle\" \/> <w:LsdException Locked=\"false\" Priority=\"22\" SemiHidden=\"false\"    UnhideWhenUsed=\"false\" QFormat=\"true\" Name=\"Strong\" \/> <w:LsdException Locked=\"false\" Priority=\"20\" SemiHidden=\"false\"    UnhideWhenUsed=\"false\" QFormat=\"true\" Name=\"Emphasis\" \/> <w:LsdException Locked=\"false\" Priority=\"59\" SemiHidden=\"false\"    UnhideWhenUsed=\"false\" Name=\"Table Grid\" \/> <w:LsdException Locked=\"false\" UnhideWhenUsed=\"false\" Name=\"Placeholder Text\" \/> <w:LsdException Locked=\"false\" Priority=\"1\" SemiHidden=\"false\"    UnhideWhenUsed=\"false\" QFormat=\"true\" Name=\"No Spacing\" \/> <w:LsdException Locked=\"false\" Priority=\"60\" SemiHidden=\"false\"    UnhideWhenUsed=\"false\" Name=\"Light Shading\" \/> <w:LsdException Locked=\"false\" Priority=\"61\" SemiHidden=\"false\"    UnhideWhenUsed=\"false\" Name=\"Light List\" \/> <w:LsdException Locked=\"false\" Priority=\"62\" SemiHidden=\"false\"    UnhideWhenUsed=\"false\" Name=\"Light Grid\" \/> <w:LsdException Locked=\"false\" Priority=\"63\" SemiHidden=\"false\"    UnhideWhenUsed=\"false\" Name=\"Medium Shading 1\" \/> <w:LsdException Locked=\"false\" Priority=\"64\" SemiHidden=\"false\"    UnhideWhenUsed=\"false\" Name=\"Medium Shading 2\" \/> <w:LsdException Locked=\"false\" Priority=\"65\" SemiHidden=\"false\"    UnhideWhenUsed=\"false\" Name=\"Medium List 1\" \/> <w:LsdException Locked=\"false\" Priority=\"66\" SemiHidden=\"false\"    UnhideWhenUsed=\"false\" Name=\"Medium List 2\" \/> <w:LsdException Locked=\"false\" Priority=\"67\" SemiHidden=\"false\"    UnhideWhenUsed=\"false\" Name=\"Medium Grid 1\" \/> <w:LsdException Locked=\"false\" Priority=\"68\" SemiHidden=\"false\"    UnhideWhenUsed=\"false\" Name=\"Medium Grid 2\" \/> <w:LsdException Locked=\"false\" Priority=\"69\" SemiHidden=\"false\"    UnhideWhenUsed=\"false\" Name=\"Medium Grid 3\" \/> <w:LsdException Locked=\"false\" Priority=\"70\" SemiHidden=\"false\"    UnhideWhenUsed=\"false\" Name=\"Dark List\" \/> <w:LsdException Locked=\"false\" Priority=\"71\" SemiHidden=\"false\"    UnhideWhenUsed=\"false\" Name=\"Colorful Shading\" \/> <w:LsdException Locked=\"false\" Priority=\"72\" SemiHidden=\"false\"    UnhideWhenUsed=\"false\" Name=\"Colorful List\" \/> <w:LsdException Locked=\"false\" Priority=\"73\" SemiHidden=\"false\"    UnhideWhenUsed=\"false\" Name=\"Colorful Grid\" \/> <w:LsdException Locked=\"false\" Priority=\"60\" SemiHidden=\"false\"    UnhideWhenUsed=\"false\" Name=\"Light Shading Accent 1\" \/> <w:LsdException Locked=\"false\" Priority=\"61\" SemiHidden=\"false\"    UnhideWhenUsed=\"false\" Name=\"Light List Accent 1\" \/> <w:LsdException Locked=\"false\" Priority=\"62\" SemiHidden=\"false\"    UnhideWhenUsed=\"false\" Name=\"Light Grid Accent 1\" \/> <w:LsdException Locked=\"false\" Priority=\"63\" SemiHidden=\"false\"    UnhideWhenUsed=\"false\" Name=\"Medium Shading 1 Accent 1\" \/> <w:LsdException Locked=\"false\" Priority=\"64\" SemiHidden=\"false\"    UnhideWhenUsed=\"false\" Name=\"Medium Shading 2 Accent 1\" \/> <w:LsdException Locked=\"false\" Priority=\"65\" SemiHidden=\"false\"    UnhideWhenUsed=\"false\" Name=\"Medium List 1 Accent 1\" \/> <w:LsdException Locked=\"false\" UnhideWhenUsed=\"false\" Name=\"Revision\" \/> <w:LsdException Locked=\"false\" Priority=\"34\" SemiHidden=\"false\"    UnhideWhenUsed=\"false\" QFormat=\"true\" Name=\"List Paragraph\" \/> <w:LsdException Locked=\"false\" Priority=\"29\" SemiHidden=\"false\"    UnhideWhenUsed=\"false\" QFormat=\"true\" Name=\"Quote\" \/> <w:LsdException Locked=\"false\" Priority=\"30\" SemiHidden=\"false\"    UnhideWhenUsed=\"false\" QFormat=\"true\" Name=\"Intense Quote\" \/> <w:LsdException Locked=\"false\" Priority=\"66\" SemiHidden=\"false\"    UnhideWhenUsed=\"false\" Name=\"Medium List 2 Accent 1\" \/> <w:LsdException Locked=\"false\" Priority=\"67\" SemiHidden=\"false\"    UnhideWhenUsed=\"false\" Name=\"Medium Grid 1 Accent 1\" \/> <w:LsdException Locked=\"false\" Priority=\"68\" SemiHidden=\"false\"    UnhideWhenUsed=\"false\" Name=\"Medium Grid 2 Accent 1\" \/> <w:LsdException Locked=\"false\" Priority=\"69\" SemiHidden=\"false\"    UnhideWhenUsed=\"false\" Name=\"Medium Grid 3 Accent 1\" \/> <w:LsdException Locked=\"false\" Priority=\"70\" SemiHidden=\"false\"    UnhideWhenUsed=\"false\" Name=\"Dark List Accent 1\" \/> <w:LsdException Locked=\"false\" Priority=\"71\" SemiHidden=\"false\"    UnhideWhenUsed=\"false\" Name=\"Colorful Shading Accent 1\" \/> <w:LsdException Locked=\"false\" Priority=\"72\" SemiHidden=\"false\"    UnhideWhenUsed=\"false\" Name=\"Colorful List Accent 1\" \/> <w:LsdException Locked=\"false\" Priority=\"73\" SemiHidden=\"false\"    UnhideWhenUsed=\"false\" Name=\"Colorful Grid Accent 1\" \/> <w:LsdException Locked=\"false\" Priority=\"60\" SemiHidden=\"false\"    UnhideWhenUsed=\"false\" Name=\"Light Shading Accent 2\" \/> <w:LsdException Locked=\"false\" Priority=\"61\" SemiHidden=\"false\"    UnhideWhenUsed=\"false\" Name=\"Light List Accent 2\" \/> <w:LsdException Locked=\"false\" Priority=\"62\" SemiHidden=\"false\"    UnhideWhenUsed=\"false\" Name=\"Light Grid Accent 2\" \/> <w:LsdException Locked=\"false\" Priority=\"63\" SemiHidden=\"false\"    UnhideWhenUsed=\"false\" Name=\"Medium Shading 1 Accent 2\" \/> <w:LsdException Locked=\"false\" Priority=\"64\" SemiHidden=\"false\"    UnhideWhenUsed=\"false\" Name=\"Medium Shading 2 Accent 2\" \/> <w:LsdException Locked=\"false\" Priority=\"65\" SemiHidden=\"false\"    UnhideWhenUsed=\"false\" Name=\"Medium List 1 Accent 2\" \/> <w:LsdException Locked=\"false\" Priority=\"66\" SemiHidden=\"false\"    UnhideWhenUsed=\"false\" Name=\"Medium List 2 Accent 2\" \/> <w:LsdException Locked=\"false\" Priority=\"67\" SemiHidden=\"false\"    UnhideWhenUsed=\"false\" Name=\"Medium Grid 1 Accent 2\" \/> <w:LsdException Locked=\"false\" Priority=\"68\" SemiHidden=\"false\"    UnhideWhenUsed=\"false\" Name=\"Medium Grid 2 Accent 2\" \/> <w:LsdException Locked=\"false\" Priority=\"69\" SemiHidden=\"false\"    UnhideWhenUsed=\"false\" Name=\"Medium Grid 3 Accent 2\" \/> <w:LsdException Locked=\"false\" Priority=\"70\" SemiHidden=\"false\"    UnhideWhenUsed=\"false\" Name=\"Dark List Accent 2\" \/> <w:LsdException Locked=\"false\" Priority=\"71\" SemiHidden=\"false\"    UnhideWhenUsed=\"false\" Name=\"Colorful Shading Accent 2\" \/> <w:LsdException Locked=\"false\" Priority=\"72\" SemiHidden=\"false\"    UnhideWhenUsed=\"false\" Name=\"Colorful List Accent 2\" \/> <w:LsdException Locked=\"false\" Priority=\"73\" SemiHidden=\"false\"    UnhideWhenUsed=\"false\" Name=\"Colorful Grid Accent 2\" \/> <w:LsdException Locked=\"false\" Priority=\"60\" SemiHidden=\"false\"    UnhideWhenUsed=\"false\" Name=\"Light Shading Accent 3\" \/> <w:LsdException Locked=\"false\" Priority=\"61\" SemiHidden=\"false\"    UnhideWhenUsed=\"false\" Name=\"Light List Accent 3\" \/> <w:LsdException Locked=\"false\" Priority=\"62\" SemiHidden=\"false\"    UnhideWhenUsed=\"false\" Name=\"Light Grid Accent 3\" \/> <w:LsdException Locked=\"false\" Priority=\"63\" SemiHidden=\"false\"    UnhideWhenUsed=\"false\" Name=\"Medium Shading 1 Accent 3\" \/> <w:LsdException Locked=\"false\" Priority=\"64\" SemiHidden=\"false\"    UnhideWhenUsed=\"false\" Name=\"Medium Shading 2 Accent 3\" \/> <w:LsdException Locked=\"false\" Priority=\"65\" SemiHidden=\"false\"    UnhideWhenUsed=\"false\" Name=\"Medium List 1 Accent 3\" \/> <w:LsdException Locked=\"false\" Priority=\"66\" SemiHidden=\"false\"    UnhideWhenUsed=\"false\" Name=\"Medium List 2 Accent 3\" \/> <w:LsdException Locked=\"false\" Priority=\"67\" SemiHidden=\"false\"    UnhideWhenUsed=\"false\" Name=\"Medium Grid 1 Accent 3\" \/> <w:LsdException Locked=\"false\" Priority=\"68\" SemiHidden=\"false\"    UnhideWhenUsed=\"false\" Name=\"Medium Grid 2 Accent 3\" \/> <w:LsdException Locked=\"false\" Priority=\"69\" SemiHidden=\"false\"    UnhideWhenUsed=\"false\" Name=\"Medium Grid 3 Accent 3\" \/> <w:LsdException Locked=\"false\" Priority=\"70\" SemiHidden=\"false\"    UnhideWhenUsed=\"false\" Name=\"Dark List Accent 3\" \/> <w:LsdException Locked=\"false\" Priority=\"71\" SemiHidden=\"false\"    UnhideWhenUsed=\"false\" Name=\"Colorful Shading Accent 3\" \/> <w:LsdException Locked=\"false\" Priority=\"72\" SemiHidden=\"false\"    UnhideWhenUsed=\"false\" Name=\"Colorful List Accent 3\" \/> <w:LsdException Locked=\"false\" Priority=\"73\" SemiHidden=\"false\"    UnhideWhenUsed=\"false\" Name=\"Colorful Grid Accent 3\" \/> <w:LsdException Locked=\"false\" Priority=\"60\" SemiHidden=\"false\"    UnhideWhenUsed=\"false\" Name=\"Light Shading Accent 4\" \/> <w:LsdException Locked=\"false\" Priority=\"61\" SemiHidden=\"false\"    UnhideWhenUsed=\"false\" Name=\"Light List Accent 4\" \/> <w:LsdException Locked=\"false\" Priority=\"62\" SemiHidden=\"false\"    UnhideWhenUsed=\"false\" Name=\"Light Grid Accent 4\" \/> <w:LsdException Locked=\"false\" Priority=\"63\" SemiHidden=\"false\"    UnhideWhenUsed=\"false\" Name=\"Medium Shading 1 Accent 4\" \/> <w:LsdException Locked=\"false\" Priority=\"64\" SemiHidden=\"false\"    UnhideWhenUsed=\"false\" Name=\"Medium Shading 2 Accent 4\" \/> <w:LsdException Locked=\"false\" Priority=\"65\" SemiHidden=\"false\"    UnhideWhenUsed=\"false\" Name=\"Medium List 1 Accent 4\" \/> <w:LsdException Locked=\"false\" Priority=\"66\" SemiHidden=\"false\"    UnhideWhenUsed=\"false\" Name=\"Medium List 2 Accent 4\" \/> <w:LsdException Locked=\"false\" Priority=\"67\" SemiHidden=\"false\"    UnhideWhenUsed=\"false\" Name=\"Medium Grid 1 Accent 4\" \/> <w:LsdException Locked=\"false\" Priority=\"68\" SemiHidden=\"false\"    UnhideWhenUsed=\"false\" Name=\"Medium Grid 2 Accent 4\" \/> <w:LsdException Locked=\"false\" Priority=\"69\" SemiHidden=\"false\"    UnhideWhenUsed=\"false\" Name=\"Medium Grid 3 Accent 4\" \/> <w:LsdException Locked=\"false\" Priority=\"70\" SemiHidden=\"false\"    UnhideWhenUsed=\"false\" Name=\"Dark List Accent 4\" \/> <w:LsdException Locked=\"false\" Priority=\"71\" SemiHidden=\"false\"    UnhideWhenUsed=\"false\" Name=\"Colorful Shading Accent 4\" \/> <w:LsdException Locked=\"false\" Priority=\"72\" SemiHidden=\"false\"    UnhideWhenUsed=\"false\" Name=\"Colorful List Accent 4\" \/> <w:LsdException Locked=\"false\" Priority=\"73\" SemiHidden=\"false\"    UnhideWhenUsed=\"false\" Name=\"Colorful Grid Accent 4\" \/> <w:LsdException Locked=\"false\" Priority=\"60\" SemiHidden=\"false\"    UnhideWhenUsed=\"false\" Name=\"Light Shading Accent 5\" \/> <w:LsdException Locked=\"false\" Priority=\"61\" SemiHidden=\"false\"    UnhideWhenUsed=\"false\" Name=\"Light List Accent 5\" \/> <w:LsdException Locked=\"false\" Priority=\"62\" SemiHidden=\"false\"    UnhideWhenUsed=\"false\" Name=\"Light Grid Accent 5\" \/> <w:LsdException Locked=\"false\" Priority=\"63\" SemiHidden=\"false\"    UnhideWhenUsed=\"false\" Name=\"Medium Shading 1 Accent 5\" \/> <w:LsdException Locked=\"false\" Priority=\"64\" SemiHidden=\"false\"    UnhideWhenUsed=\"false\" Name=\"Medium Shading 2 Accent 5\" \/> <w:LsdException Locked=\"false\" Priority=\"65\" SemiHidden=\"false\"    UnhideWhenUsed=\"false\" Name=\"Medium List 1 Accent 5\" \/> <w:LsdException Locked=\"false\" Priority=\"66\" SemiHidden=\"false\"    UnhideWhenUsed=\"false\" Name=\"Medium List 2 Accent 5\" \/> <w:LsdException Locked=\"false\" Priority=\"67\" SemiHidden=\"false\"    UnhideWhenUsed=\"false\" Name=\"Medium Grid 1 Accent 5\" \/> <w:LsdException Locked=\"false\" Priority=\"68\" SemiHidden=\"false\"    UnhideWhenUsed=\"false\" Name=\"Medium Grid 2 Accent 5\" \/> <w:LsdException Locked=\"false\" Priority=\"69\" SemiHidden=\"false\"    UnhideWhenUsed=\"false\" Name=\"Medium Grid 3 Accent 5\" \/> <w:LsdException Locked=\"false\" Priority=\"70\" SemiHidden=\"false\"    UnhideWhenUsed=\"false\" Name=\"Dark List Accent 5\" \/> <w:LsdException Locked=\"false\" Priority=\"71\" SemiHidden=\"false\"    UnhideWhenUsed=\"false\" Name=\"Colorful Shading Accent 5\" \/> <w:LsdException Locked=\"false\" Priority=\"72\" SemiHidden=\"false\"    UnhideWhenUsed=\"false\" Name=\"Colorful List Accent 5\" \/> <w:LsdException Locked=\"false\" Priority=\"73\" SemiHidden=\"false\"    UnhideWhenUsed=\"false\" Name=\"Colorful Grid Accent 5\" \/> <w:LsdException Locked=\"false\" Priority=\"60\" SemiHidden=\"false\"    UnhideWhenUsed=\"false\" Name=\"Light Shading Accent 6\" \/> <w:LsdException Locked=\"false\" Priority=\"61\" SemiHidden=\"false\"    UnhideWhenUsed=\"false\" Name=\"Light List Accent 6\" \/> <w:LsdException Locked=\"false\" Priority=\"62\" SemiHidden=\"false\"    UnhideWhenUsed=\"false\" Name=\"Light Grid Accent 6\" \/> <w:LsdException Locked=\"false\" Priority=\"63\" SemiHidden=\"false\"    UnhideWhenUsed=\"false\" Name=\"Medium Shading 1 Accent 6\" \/> <w:LsdException Locked=\"false\" Priority=\"64\" SemiHidden=\"false\"    UnhideWhenUsed=\"false\" Name=\"Medium Shading 2 Accent 6\" \/> <w:LsdException Locked=\"false\" Priority=\"65\" SemiHidden=\"false\"    UnhideWhenUsed=\"false\" Name=\"Medium List 1 Accent 6\" \/> <w:LsdException Locked=\"false\" Priority=\"66\" SemiHidden=\"false\"    UnhideWhenUsed=\"false\" Name=\"Medium List 2 Accent 6\" \/> <w:LsdException Locked=\"false\" Priority=\"67\" SemiHidden=\"false\"    UnhideWhenUsed=\"false\" Name=\"Medium Grid 1 Accent 6\" \/> <w:LsdException Locked=\"false\" Priority=\"68\" SemiHidden=\"false\"    UnhideWhenUsed=\"false\" Name=\"Medium Grid 2 Accent 6\" \/> <w:LsdException Locked=\"false\" Priority=\"69\" SemiHidden=\"false\"    UnhideWhenUsed=\"false\" Name=\"Medium Grid 3 Accent 6\" \/> <w:LsdException Locked=\"false\" Priority=\"70\" SemiHidden=\"false\"    UnhideWhenUsed=\"false\" Name=\"Dark List Accent 6\" \/> <w:LsdException Locked=\"false\" Priority=\"71\" SemiHidden=\"false\"    UnhideWhenUsed=\"false\" Name=\"Colorful Shading Accent 6\" \/> <w:LsdException Locked=\"false\" Priority=\"72\" SemiHidden=\"false\"    UnhideWhenUsed=\"false\" Name=\"Colorful List Accent 6\" \/> <w:LsdException Locked=\"false\" Priority=\"73\" SemiHidden=\"false\"    UnhideWhenUsed=\"false\" Name=\"Colorful Grid Accent 6\" \/> <w:LsdException Locked=\"false\" Priority=\"19\" SemiHidden=\"false\"    UnhideWhenUsed=\"false\" QFormat=\"true\" Name=\"Subtle Emphasis\" \/> <w:LsdException Locked=\"false\" Priority=\"21\" SemiHidden=\"false\"    UnhideWhenUsed=\"false\" QFormat=\"true\" Name=\"Intense Emphasis\" \/> <w:LsdException Locked=\"false\" Priority=\"31\" SemiHidden=\"false\"    UnhideWhenUsed=\"false\" QFormat=\"true\" Name=\"Subtle Reference\" \/> <w:LsdException Locked=\"false\" Priority=\"32\" SemiHidden=\"false\"    UnhideWhenUsed=\"false\" QFormat=\"true\" Name=\"Intense Reference\" \/> <w:LsdException Locked=\"false\" Priority=\"33\" SemiHidden=\"false\"    UnhideWhenUsed=\"false\" QFormat=\"true\" Name=\"Book Title\" \/> <w:LsdException Locked=\"false\" Priority=\"37\" Name=\"Bibliography\" \/> <w:LsdException Locked=\"false\" Priority=\"39\" QFormat=\"true\" Name=\"TOC Heading\" \/> <\/w:LatentStyles> <\/xml><![endif]--> <!--[if gte mso 10]>\n<mce:style><!   \/* Style Definitions *\/  table.MsoNormalTable \t{mso-style-name:\"Tableau Normal\"; \tmso-tstyle-rowband-size:0; \tmso-tstyle-colband-size:0; \tmso-style-noshow:yes; \tmso-style-priority:99; \tmso-style-qformat:yes; \tmso-style-parent:\"\"; \tmso-padding-alt:0cm 5.4pt 0cm 5.4pt; \tmso-para-margin-top:0cm; \tmso-para-margin-right:0cm; \tmso-para-margin-bottom:10.0pt; \tmso-para-margin-left:0cm; \tline-height:115%; \tmso-pagination:widow-orphan; \tfont-size:11.0pt; \tfont-family:\"Calibri\",\"sans-serif\"; \tmso-ascii-font-family:Calibri; \tmso-ascii-theme-font:minor-latin; \tmso-fareast-font-family:\"Times New Roman\"; \tmso-fareast-theme-font:minor-fareast; \tmso-hansi-font-family:Calibri; \tmso-hansi-theme-font:minor-latin;} --><\/p>\n<p><!--[endif]--><\/p>\n<p class=\"MsoNormal\"><a href=\"http:\/\/www.visit-ulcinj.com\/blog\/wp-content\/uploads\/2008\/11\/tuna-sejdiu_1.jpg\"><img loading=\"lazy\" class=\"alignleft size-medium wp-image-5687\" title=\"tuna-sejdiu_1\" src=\"http:\/\/www.visit-ulcinj.com\/blog\/wp-content\/uploads\/2008\/11\/tuna-sejdiu_1-183x300.jpg\" alt=\"\" width=\"183\" height=\"300\" srcset=\"https:\/\/www.visit-ulcinj.com\/blog\/wp-content\/uploads\/2008\/11\/tuna-sejdiu_1-183x300.jpg 183w, https:\/\/www.visit-ulcinj.com\/blog\/wp-content\/uploads\/2008\/11\/tuna-sejdiu_1.jpg 368w\" sizes=\"(max-width: 183px) 100vw, 183px\" \/><\/a><span style=\"font-size: 10pt; line-height: 115%; font-family: &quot;Arial&quot;,&quot;sans-serif&quot;;\">Arsyeja pse mori fund\u00a0lidhja e bujshme e k\u00ebng\u00ebtares\u00a0maqedonase Altuna Sejdiu\u00a0me Mertin, v\u00ebllain e Bertan\u00a0Asllanit. Ajo rr\u00ebfen p\u00ebr her\u00eb\u00a0t\u00eb par\u00eb p\u00ebr gazet\u00ebn \u201cPanorama\u201d\u00a0se nuk \u00ebsht\u00eb e lidhur p\u00ebr\u00a0momentin, dhe se me Mertin\u00a0s\u2019ka qen\u00eb asnj\u00ebher\u00eb e fejuar:<br \/>\n<strong>Tuna me \u00e7far\u00eb po merreni\u00a0aktualisht n\u00eb krijimtarin\u00eb\u00a0tuaj muzikore?<br \/>\n<\/strong>P\u00ebr momentin po punoj\u00a0me disa projekte muzikore t\u00eb\u00a0cilat dua te mbeten sekret p\u00ebr\u00a0publikun<strong>.<br \/>\nJeta juaj n\u00eb Selanik, nd\u00ebrsa\u00a0vazhdoni studimet atje\u00a0cila \u00ebsht\u00eb?<br \/>\n<\/strong>Jet\u00eb e r\u00ebndomt\u00eb studentore,\u00a0me shum\u00eb shopping.<br \/>\n<strong>Nj\u00eb vajz\u00eb rebele dikur n\u00eb\u00a0sken\u00eb, tani e maturuar e\u00a0natyrisht me m\u00eb shum\u00eb\u00a0klas. Ku mendoni se ju \u00e7on\u00a0ky imazh i ri?<br \/>\n<\/strong>Vitet b\u00ebjn\u00eb t\u00eb vet\u00ebn. Nuk do\u00a0t\u00eb thot\u00eb q\u00eb nuk jam m\u00eb rebele\u00a0n\u00ebse vesh di\u00e7ka m\u00eb\u00a0serioze&#8230;Rebelizmin thjesht e\u00a0kam n\u00eb gjak<br \/>\n<strong>Jeni shprehur p\u00ebr nj\u00eb\u00a0bashk\u00ebpunim tjet\u00ebr me\u00a0k\u00ebng\u00ebtar shqiptar, pas duetit\u00a0me Jonida Maliqin. Por q\u00eb\u00a0k\u00ebt\u00eb her\u00eb do t\u00eb ishte\u00a0k\u00ebng\u00ebtar mashkull. \u00cbsht\u00eb\u00a0konkretizuar di\u00e7ka?<br \/>\n<\/strong>Po.S\u00eb shpejti fansat e mi do\u00a0t\u00eb ken\u00eb mund\u00ebsin\u00eb t\u00eb d\u00ebgjojn\u00eb\u00a0nj\u00eb k\u00ebng\u00eb t\u00eb re n\u00eb duet,\u00a0p\u00ebr t\u00eb cil\u00ebn nuk dyshoj q\u00eb do\u00a0t\u00eb behet hit.<br \/>\n<strong>Kur nxor\u00ebt klipin \u201cBileta\u201d,\u00a0u p\u00ebrfol p\u00ebr nj\u00eb ngjashm\u00ebri\u00a0me \u201cBack to Black\u201d t\u00eb\u00a0Amy Winehouse. N\u00eb \u00e7\u2019pik\u00eb\u00a0do d\u00ebshironit t\u2019i ngjasonit\u00a0k\u00ebsaj k\u00ebng\u00ebtareje, dhe ku\u00a0jo?<br \/>\n<\/strong>Kjo ishte shum\u00eb e rast\u00ebsishme\u00a0me q\u00eb \u201cBileta\u201d u in\u00e7izua\u00a0shum\u00eb m\u00eb her\u00ebt. Nd\u00ebrsa\u00a0sa do t\u00eb doja t\u2019i ngjasoja\u00a0k\u00ebsaj k\u00ebng\u00ebtareje p\u00ebr momentin\u00a0aspak!<br \/>\n<strong>Ju jeni e pranishme\u00a0shpesh n\u00eb jet\u00ebn artistike shqiptare.\u00a0\u00c7far\u00eb u b\u00ebn t\u00eb mos\u00a0mungoni asnj\u00ebher\u00eb, dhe\u00a0p\u00ebr \u00e7\u2019arsye nuk do t\u00eb shkelnit\u00a0m\u00eb n\u00eb Tiran\u00eb? <\/strong><\/span><a href=\"http:\/\/www.visit-ulcinj.com\/blog\/wp-content\/uploads\/2008\/11\/altuna-sejdiu_1.jpg\"><img loading=\"lazy\" class=\"alignright size-thumbnail wp-image-5688\" title=\"altuna-sejdiu_1\" src=\"http:\/\/www.visit-ulcinj.com\/blog\/wp-content\/uploads\/2008\/11\/altuna-sejdiu_1-150x150.jpg\" alt=\"\" width=\"150\" height=\"150\" \/><\/a><\/p>\n<p class=\"MsoNormal\"><span style=\"font-size: 10pt; line-height: 115%; font-family: &quot;Arial&quot;,&quot;sans-serif&quot;;\"><strong> <\/strong>Nuk kam arsye pse mos\u00a0t\u00eb shkelja n\u00eb Tiran\u00eb, kam\u00a0shum\u00eb fansa dhe nuk ka di\u00e7ka\u00a0q\u00eb do t\u00eb m\u00eb pengonte p\u00ebr\u00a0momentin.\u00a0<strong>As ju nuk u keni shp\u00ebtuar\u00a0thashethemeve p\u00ebr foto\u00a0nudo n\u00eb internet. Si do i komentonit?<br \/>\n<\/strong>Komentet nuk m\u00eb l\u00ebn\u00eb\u00a0p\u00ebrshtypje aspak. Ajo q\u00eb m\u00eb\u00a0intereson \u00ebsht\u00eb suksesi si\u00a0k\u00ebng\u00ebtare, dhe deri tani ka\u00a0qen\u00eb v\u00ebrtet i madh. Nuk ka\u00a0k\u00ebnaq\u00ebsi m\u00eb e madhe se kjo.<br \/>\n<strong>Por k\u00ebt\u00eb vit ju jeni p\u00ebrfolur\u00a0n\u00eb media m\u00eb shum\u00eb\u00a0p\u00ebr jet\u00ebn tuaj private. Cila\u00a0\u00ebsht\u00eb e v\u00ebrteta e ndarjes\u00a0nga Merti Asllani?<br \/>\n<\/strong>Nuk jam e lidhur lm\u00eb me\u00a0Mertin, dhe nuk kam pasur\u00a0asnj\u00ebher\u00eb fejes\u00eb apo di\u00e7ka e\u00a0ngjashme.<br \/>\n<strong>\u00cbsht\u00eb e v\u00ebrtet\u00eb q\u00eb Merti\u00a0ju ka tradh\u00ebtuar?<br \/>\n<\/strong>\u00cbsht\u00eb shum\u00eb private kjo\u00a0pyetje dhe \u00ebsht\u00eb nj\u00eb tem\u00eb q\u00eb\u00a0u p\u00ebrfol shum\u00eb n\u00ebp\u00ebr mediat\u00a0n\u00eb Kosov\u00eb dhe Maqedoni.<br \/>\n<strong>Por nuk e mohoni?<br \/>\n<\/strong>Gjith\u00e7ka ka qen\u00eb nj\u00eb\u00a0shpifje e mediave kosovare\u00a0dhe maqedonase.<br \/>\n<strong>KLOTILDA HARKA <\/strong><\/span><\/p>\n<p><a href=\"http:\/\/www.visit-ulcinj.com\/blog\/wp-content\/uploads\/2008\/11\/tuna-sejdiu1.jpg\"><img loading=\"lazy\" class=\"alignleft size-thumbnail wp-image-5689\" title=\"tuna-sejdiu1\" src=\"http:\/\/www.visit-ulcinj.com\/blog\/wp-content\/uploads\/2008\/11\/tuna-sejdiu1-150x150.jpg\" alt=\"\" width=\"150\" height=\"150\" \/><\/a><span style=\"font-size: 10pt; line-height: 115%; font-family: &quot;Arial&quot;,&quot;sans-serif&quot;;\"><span style=\"color: #999999;\"><strong>&#8220;Komentet\u00a0nuk m\u00eb\u00a0l\u00ebn\u00eb\u00a0p\u00ebrshtypje\u00a0aspak. Ajo q\u00eb\u00a0m\u00eb intereson\u00a0\u00ebsht\u00eb suksesi i\u00a0k\u00ebng\u00ebs, dhe deri\u00a0tani ka qen\u00eb i\u00a0madh. Nuk ka\u00a0k\u00ebnaq\u00ebsi m\u00eb t\u00eb\u00a0madhe se\u00a0kjo&#8230;.Nuk jam n\u00eb\u00a0lidhje m\u00eb dhe\u00a0nuk kam pasur\u00a0asnj\u00ebher\u00eb\u00a0fejes\u00eb apo\u00a0di\u00e7ka e\u00a0ngjashm\u00a0&#8221;<br \/>\nK\u00ebng\u00ebtarja nga Maqedonia, Altuna Sejdiu\u00a0pavar\u00ebsisht lidhjes q\u00eb kishte me Mertin, i mohoi\u00a0spekulimet e mediave se ajo \u00ebsht\u00eb fejuar, por ka\u00a0th\u00ebn\u00eb se ajo \u00ebsht\u00eb e dashuruar. Muajin e kaluar ishte\u00a0spekuluar se k\u00ebng\u00ebtarja \u00ebsht\u00eb fejuar me v\u00ebllan\u00eb e\u00a0Bertanit, Merti Asllanin, derisa n\u00eb media kishin dal\u00eb\u00a0disa fotografi ceremonie, n\u00eb baz\u00eb t\u00eb t\u00eb cilave gazetar\u00ebt\u00a0i mb\u00ebshtetnin informatat e tyre. Nd\u00ebrkaq Tuna ka\u00a0pohuar se k\u00ebto fotografi ishin b\u00ebr\u00eb gjat\u00eb festimit t\u00eb\u00a0dit\u00eblindjes s\u00eb saj nd\u00ebrkoh\u00eb q\u00eb gjith\u00e7ka \u00ebsht\u00eb\u00a0komentuar ndryshe.\u201cDua t\u00eb p\u00ebrg\u00ebnjeshtroj gjith\u00e7ka\u00a0q\u00eb \u00ebsht\u00eb th\u00ebn\u00eb n\u00eb media p\u00ebr fejes\u00ebn time. Un\u00eb nuk\u00a0jam fejuar. \u00cbsht\u00eb e v\u00ebrtet\u00eb se jam e\u00a0dashuruar, mir\u00ebpo asgj\u00eb nuk \u00ebsht\u00eb e\u00a0v\u00ebrtet\u00eb sa i takon fejes\u00ebs. Kur do t\u00eb\u00a0vendos t\u00eb fejohem do t\u2019i informoj t\u00eb\u00a0gjith\u00eb, mir\u00ebpo gazetar\u00ebt nuk do t\u00eb\u00a0jen\u00eb t\u00eb ftuar\u201d, ka th\u00ebn\u00eb Tuna p\u00ebr\u00a0emisionin \u201cIn&amp;Out\u201d.<\/strong><\/span><\/span><\/p>\n<p><strong>Panorama Plus <\/strong><\/p>\n<p class=\"MsoNormal\">\n\t\t<style type=\"text\/css\">\n\t\t\t#gallery-1 {\n\t\t\t\tmargin: auto;\n\t\t\t}\n\t\t\t#gallery-1 .gallery-item {\n\t\t\t\tfloat: left;\n\t\t\t\tmargin-top: 10px;\n\t\t\t\ttext-align: center;\n\t\t\t\twidth: 33%;\n\t\t\t}\n\t\t\t#gallery-1 img {\n\t\t\t\tborder: 2px solid #cfcfcf;\n\t\t\t}\n\t\t\t#gallery-1 .gallery-caption {\n\t\t\t\tmargin-left: 0;\n\t\t\t}\n\t\t\t\/* see gallery_shortcode() in wp-includes\/media.php *\/\n\t\t<\/style>\n\t\t<div id='gallery-1' class='gallery galleryid-5686 gallery-columns-3 gallery-size-thumbnail'><dl class='gallery-item'>\n\t\t\t<dt class='gallery-icon portrait'>\n\t\t\t\t<a href='https:\/\/www.visit-ulcinj.com\/blog\/2008\/11\/08\/tunae-verteta-e-ndarjes-sime-nga-merti-asllani\/tuna-sejdiu_1\/'><img width=\"150\" height=\"150\" src=\"https:\/\/www.visit-ulcinj.com\/blog\/wp-content\/uploads\/2008\/11\/tuna-sejdiu_1-150x150.jpg\" class=\"attachment-thumbnail size-thumbnail\" alt=\"\" loading=\"lazy\" \/><\/a>\n\t\t\t<\/dt><\/dl><dl class='gallery-item'>\n\t\t\t<dt class='gallery-icon portrait'>\n\t\t\t\t<a href='https:\/\/www.visit-ulcinj.com\/blog\/2008\/11\/08\/tunae-verteta-e-ndarjes-sime-nga-merti-asllani\/altuna-sejdiu_1\/'><img width=\"150\" height=\"150\" src=\"https:\/\/www.visit-ulcinj.com\/blog\/wp-content\/uploads\/2008\/11\/altuna-sejdiu_1-150x150.jpg\" class=\"attachment-thumbnail size-thumbnail\" alt=\"\" loading=\"lazy\" \/><\/a>\n\t\t\t<\/dt><\/dl><dl class='gallery-item'>\n\t\t\t<dt class='gallery-icon portrait'>\n\t\t\t\t<a href='https:\/\/www.visit-ulcinj.com\/blog\/2008\/11\/08\/tunae-verteta-e-ndarjes-sime-nga-merti-asllani\/tuna-sejdiu1\/'><img width=\"150\" height=\"150\" src=\"https:\/\/www.visit-ulcinj.com\/blog\/wp-content\/uploads\/2008\/11\/tuna-sejdiu1-150x150.jpg\" class=\"attachment-thumbnail size-thumbnail\" alt=\"\" loading=\"lazy\" \/><\/a>\n\t\t\t<\/dt><\/dl><br style=\"clear: both\" \/>\n\t\t<\/div>\n<\/p>\n<p class=\"MsoNormal\"><!--YouTube Error: bad URL entered--><\/p>\n","protected":false},"excerpt":{"rendered":"<p>Arsyeja pse mori fund\u00a0lidhja e bujshme e k\u00ebng\u00ebtares\u00a0maqedonase Altuna Sejdiu\u00a0me Mertin, v\u00ebllain e Bertan\u00a0Asllanit. Ajo rr\u00ebfen p\u00ebr her\u00eb\u00a0t\u00eb par\u00eb p\u00ebr gazet\u00ebn \u201cPanorama\u201d\u00a0se nuk \u00ebsht\u00eb e lidhur p\u00ebr\u00a0momentin, dhe se me Mertin\u00a0s\u2019ka qen\u00eb asnj\u00ebher\u00eb e fejuar: Tuna me \u00e7far\u00eb po merreni\u00a0aktualisht n\u00eb krijimtarin\u00eb\u00a0tuaj muzikore? P\u00ebr momentin po punoj\u00a0me disa projekte muzikore t\u00eb\u00a0cilat dua te mbeten sekret [&hellip;]<\/p>\n","protected":false},"author":1,"featured_media":0,"comment_status":"open","ping_status":"closed","sticky":false,"template":"","format":"standard","meta":{"spay_email":"","jetpack_publicize_message":"","jetpack_is_tweetstorm":false,"jetpack_publicize_feature_enabled":true},"categories":[1],"tags":[4972,4971,4973,4970],"jetpack_publicize_connections":[],"yoast_head":"<!-- This site is optimized with the Yoast SEO plugin v19.1 - https:\/\/yoast.com\/wordpress\/plugins\/seo\/ -->\n<title>TUNA:E v\u00ebrteta e ndarjes sime nga Merti Asllani - Lajme nga Ulqini<\/title>\n<meta name=\"description\" content=\"Normal 0 21 false false false FR-CH X-NONE X-NONE MicrosoftInternetExplorer4 Arsyeja pse mori fund\u00a0lidhja e bujshme e k\u00ebng\u00ebtares\u00a0maqedonase Altuna\" \/>\n<meta name=\"robots\" content=\"index, follow, max-snippet:-1, max-image-preview:large, max-video-preview:-1\" \/>\n<link rel=\"canonical\" href=\"https:\/\/www.visit-ulcinj.com\/blog\/2008\/11\/08\/tunae-verteta-e-ndarjes-sime-nga-merti-asllani\/\" \/>\n<meta property=\"og:locale\" content=\"en_US\" \/>\n<meta property=\"og:type\" content=\"article\" \/>\n<meta property=\"og:title\" content=\"TUNA:E v\u00ebrteta e ndarjes sime nga Merti Asllani - Lajme nga Ulqini\" \/>\n<meta property=\"og:description\" content=\"Normal 0 21 false false false FR-CH X-NONE X-NONE MicrosoftInternetExplorer4 Arsyeja pse mori fund\u00a0lidhja e bujshme e k\u00ebng\u00ebtares\u00a0maqedonase Altuna\" \/>\n<meta property=\"og:url\" content=\"https:\/\/www.visit-ulcinj.com\/blog\/2008\/11\/08\/tunae-verteta-e-ndarjes-sime-nga-merti-asllani\/\" \/>\n<meta property=\"og:site_name\" content=\"Lajme nga Ulqini\" \/>\n<meta property=\"article:published_time\" content=\"2008-11-08T12:07:45+00:00\" \/>\n<meta property=\"article:modified_time\" content=\"2008-11-08T12:08:44+00:00\" \/>\n<meta property=\"og:image\" content=\"https:\/\/www.visit-ulcinj.com\/blog\/wp-content\/uploads\/2008\/11\/tuna-sejdiu_1-150x150.jpg\" \/>\n<meta name=\"twitter:label1\" content=\"Written by\" \/>\n\t<meta name=\"twitter:data1\" content=\"ulqini\" \/>\n\t<meta name=\"twitter:label2\" content=\"Est. reading time\" \/>\n\t<meta name=\"twitter:data2\" content=\"4 minutes\" \/>\n<script type=\"application\/ld+json\" class=\"yoast-schema-graph\">{\"@context\":\"https:\/\/schema.org\",\"@graph\":[{\"@type\":\"WebSite\",\"@id\":\"https:\/\/www.visit-ulcinj.com\/blog\/#website\",\"url\":\"https:\/\/www.visit-ulcinj.com\/blog\/\",\"name\":\"Lajme nga Ulqini\",\"description\":\"Lajme,Vijesti,Ulqini,Ulqin,Crna Gora,Mali i Zi\",\"potentialAction\":[{\"@type\":\"SearchAction\",\"target\":{\"@type\":\"EntryPoint\",\"urlTemplate\":\"https:\/\/www.visit-ulcinj.com\/blog\/?s={search_term_string}\"},\"query-input\":\"required name=search_term_string\"}],\"inLanguage\":\"en-US\"},{\"@type\":\"ImageObject\",\"inLanguage\":\"en-US\",\"@id\":\"https:\/\/www.visit-ulcinj.com\/blog\/2008\/11\/08\/tunae-verteta-e-ndarjes-sime-nga-merti-asllani\/#primaryimage\",\"url\":\"http:\/\/www.visit-ulcinj.com\/blog\/wp-content\/uploads\/2008\/11\/tuna-sejdiu_1-183x300.jpg\",\"contentUrl\":\"http:\/\/www.visit-ulcinj.com\/blog\/wp-content\/uploads\/2008\/11\/tuna-sejdiu_1-183x300.jpg\"},{\"@type\":\"WebPage\",\"@id\":\"https:\/\/www.visit-ulcinj.com\/blog\/2008\/11\/08\/tunae-verteta-e-ndarjes-sime-nga-merti-asllani\/#webpage\",\"url\":\"https:\/\/www.visit-ulcinj.com\/blog\/2008\/11\/08\/tunae-verteta-e-ndarjes-sime-nga-merti-asllani\/\",\"name\":\"TUNA:E v\u00ebrteta e ndarjes sime nga Merti Asllani - Lajme nga Ulqini\",\"isPartOf\":{\"@id\":\"https:\/\/www.visit-ulcinj.com\/blog\/#website\"},\"primaryImageOfPage\":{\"@id\":\"https:\/\/www.visit-ulcinj.com\/blog\/2008\/11\/08\/tunae-verteta-e-ndarjes-sime-nga-merti-asllani\/#primaryimage\"},\"datePublished\":\"2008-11-08T12:07:45+00:00\",\"dateModified\":\"2008-11-08T12:08:44+00:00\",\"author\":{\"@id\":\"https:\/\/www.visit-ulcinj.com\/blog\/#\/schema\/person\/dcab619c614d3038751c63bc2aadc06d\"},\"description\":\"Normal 0 21 false false false FR-CH X-NONE X-NONE MicrosoftInternetExplorer4 Arsyeja pse mori fund\u00a0lidhja e bujshme e k\u00ebng\u00ebtares\u00a0maqedonase Altuna\",\"breadcrumb\":{\"@id\":\"https:\/\/www.visit-ulcinj.com\/blog\/2008\/11\/08\/tunae-verteta-e-ndarjes-sime-nga-merti-asllani\/#breadcrumb\"},\"inLanguage\":\"en-US\",\"potentialAction\":[{\"@type\":\"ReadAction\",\"target\":[\"https:\/\/www.visit-ulcinj.com\/blog\/2008\/11\/08\/tunae-verteta-e-ndarjes-sime-nga-merti-asllani\/\"]}]},{\"@type\":\"BreadcrumbList\",\"@id\":\"https:\/\/www.visit-ulcinj.com\/blog\/2008\/11\/08\/tunae-verteta-e-ndarjes-sime-nga-merti-asllani\/#breadcrumb\",\"itemListElement\":[{\"@type\":\"ListItem\",\"position\":1,\"name\":\"TUNA:E v\u00ebrteta e ndarjes sime nga Merti Asllani\"}]},{\"@type\":\"Person\",\"@id\":\"https:\/\/www.visit-ulcinj.com\/blog\/#\/schema\/person\/dcab619c614d3038751c63bc2aadc06d\",\"name\":\"ulqini\",\"sameAs\":[\"http:\/\/www.visit-ulcinj.com\"],\"url\":\"https:\/\/www.visit-ulcinj.com\/blog\/author\/admin\/\"}]}<\/script>\n<!-- \/ Yoast SEO plugin. -->","yoast_head_json":{"title":"TUNA:E v\u00ebrteta e ndarjes sime nga Merti Asllani - Lajme nga Ulqini","description":"Normal 0 21 false false false FR-CH X-NONE X-NONE MicrosoftInternetExplorer4 Arsyeja pse mori fund\u00a0lidhja e bujshme e k\u00ebng\u00ebtares\u00a0maqedonase Altuna","robots":{"index":"index","follow":"follow","max-snippet":"max-snippet:-1","max-image-preview":"max-image-preview:large","max-video-preview":"max-video-preview:-1"},"canonical":"https:\/\/www.visit-ulcinj.com\/blog\/2008\/11\/08\/tunae-verteta-e-ndarjes-sime-nga-merti-asllani\/","og_locale":"en_US","og_type":"article","og_title":"TUNA:E v\u00ebrteta e ndarjes sime nga Merti Asllani - Lajme nga Ulqini","og_description":"Normal 0 21 false false false FR-CH X-NONE X-NONE MicrosoftInternetExplorer4 Arsyeja pse mori fund\u00a0lidhja e bujshme e k\u00ebng\u00ebtares\u00a0maqedonase Altuna","og_url":"https:\/\/www.visit-ulcinj.com\/blog\/2008\/11\/08\/tunae-verteta-e-ndarjes-sime-nga-merti-asllani\/","og_site_name":"Lajme nga Ulqini","article_published_time":"2008-11-08T12:07:45+00:00","article_modified_time":"2008-11-08T12:08:44+00:00","og_image":[{"url":"https:\/\/www.visit-ulcinj.com\/blog\/wp-content\/uploads\/2008\/11\/tuna-sejdiu_1-150x150.jpg"}],"twitter_misc":{"Written by":"ulqini","Est. reading time":"4 minutes"},"schema":{"@context":"https:\/\/schema.org","@graph":[{"@type":"WebSite","@id":"https:\/\/www.visit-ulcinj.com\/blog\/#website","url":"https:\/\/www.visit-ulcinj.com\/blog\/","name":"Lajme nga Ulqini","description":"Lajme,Vijesti,Ulqini,Ulqin,Crna Gora,Mali i Zi","potentialAction":[{"@type":"SearchAction","target":{"@type":"EntryPoint","urlTemplate":"https:\/\/www.visit-ulcinj.com\/blog\/?s={search_term_string}"},"query-input":"required name=search_term_string"}],"inLanguage":"en-US"},{"@type":"ImageObject","inLanguage":"en-US","@id":"https:\/\/www.visit-ulcinj.com\/blog\/2008\/11\/08\/tunae-verteta-e-ndarjes-sime-nga-merti-asllani\/#primaryimage","url":"http:\/\/www.visit-ulcinj.com\/blog\/wp-content\/uploads\/2008\/11\/tuna-sejdiu_1-183x300.jpg","contentUrl":"http:\/\/www.visit-ulcinj.com\/blog\/wp-content\/uploads\/2008\/11\/tuna-sejdiu_1-183x300.jpg"},{"@type":"WebPage","@id":"https:\/\/www.visit-ulcinj.com\/blog\/2008\/11\/08\/tunae-verteta-e-ndarjes-sime-nga-merti-asllani\/#webpage","url":"https:\/\/www.visit-ulcinj.com\/blog\/2008\/11\/08\/tunae-verteta-e-ndarjes-sime-nga-merti-asllani\/","name":"TUNA:E v\u00ebrteta e ndarjes sime nga Merti Asllani - Lajme nga Ulqini","isPartOf":{"@id":"https:\/\/www.visit-ulcinj.com\/blog\/#website"},"primaryImageOfPage":{"@id":"https:\/\/www.visit-ulcinj.com\/blog\/2008\/11\/08\/tunae-verteta-e-ndarjes-sime-nga-merti-asllani\/#primaryimage"},"datePublished":"2008-11-08T12:07:45+00:00","dateModified":"2008-11-08T12:08:44+00:00","author":{"@id":"https:\/\/www.visit-ulcinj.com\/blog\/#\/schema\/person\/dcab619c614d3038751c63bc2aadc06d"},"description":"Normal 0 21 false false false FR-CH X-NONE X-NONE MicrosoftInternetExplorer4 Arsyeja pse mori fund\u00a0lidhja e bujshme e k\u00ebng\u00ebtares\u00a0maqedonase Altuna","breadcrumb":{"@id":"https:\/\/www.visit-ulcinj.com\/blog\/2008\/11\/08\/tunae-verteta-e-ndarjes-sime-nga-merti-asllani\/#breadcrumb"},"inLanguage":"en-US","potentialAction":[{"@type":"ReadAction","target":["https:\/\/www.visit-ulcinj.com\/blog\/2008\/11\/08\/tunae-verteta-e-ndarjes-sime-nga-merti-asllani\/"]}]},{"@type":"BreadcrumbList","@id":"https:\/\/www.visit-ulcinj.com\/blog\/2008\/11\/08\/tunae-verteta-e-ndarjes-sime-nga-merti-asllani\/#breadcrumb","itemListElement":[{"@type":"ListItem","position":1,"name":"TUNA:E v\u00ebrteta e ndarjes sime nga Merti Asllani"}]},{"@type":"Person","@id":"https:\/\/www.visit-ulcinj.com\/blog\/#\/schema\/person\/dcab619c614d3038751c63bc2aadc06d","name":"ulqini","sameAs":["http:\/\/www.visit-ulcinj.com"],"url":"https:\/\/www.visit-ulcinj.com\/blog\/author\/admin\/"}]}},"jetpack_featured_media_url":"","jetpack_sharing_enabled":true,"jetpack_shortlink":"https:\/\/wp.me\/pe6lTn-1tI","_links":{"self":[{"href":"https:\/\/www.visit-ulcinj.com\/blog\/wp-json\/wp\/v2\/posts\/5686"}],"collection":[{"href":"https:\/\/www.visit-ulcinj.com\/blog\/wp-json\/wp\/v2\/posts"}],"about":[{"href":"https:\/\/www.visit-ulcinj.com\/blog\/wp-json\/wp\/v2\/types\/post"}],"author":[{"embeddable":true,"href":"https:\/\/www.visit-ulcinj.com\/blog\/wp-json\/wp\/v2\/users\/1"}],"replies":[{"embeddable":true,"href":"https:\/\/www.visit-ulcinj.com\/blog\/wp-json\/wp\/v2\/comments?post=5686"}],"version-history":[{"count":0,"href":"https:\/\/www.visit-ulcinj.com\/blog\/wp-json\/wp\/v2\/posts\/5686\/revisions"}],"wp:attachment":[{"href":"https:\/\/www.visit-ulcinj.com\/blog\/wp-json\/wp\/v2\/media?parent=5686"}],"wp:term":[{"taxonomy":"category","embeddable":true,"href":"https:\/\/www.visit-ulcinj.com\/blog\/wp-json\/wp\/v2\/categories?post=5686"},{"taxonomy":"post_tag","embeddable":true,"href":"https:\/\/www.visit-ulcinj.com\/blog\/wp-json\/wp\/v2\/tags?post=5686"}],"curies":[{"name":"wp","href":"https:\/\/api.w.org\/{rel}","templated":true}]}}