{"id":56880,"date":"2012-02-03T18:22:05","date_gmt":"2012-02-03T17:22:05","guid":{"rendered":"http:\/\/www.visit-ulcinj.com\/blog\/?p=56880"},"modified":"2012-02-04T16:09:27","modified_gmt":"2012-02-04T15:09:27","slug":"nema-zime-za-sportiste-u-htp-%e2%80%9eulcinjska-rivijera","status":"publish","type":"post","link":"https:\/\/www.visit-ulcinj.com\/blog\/2012\/02\/03\/nema-zime-za-sportiste-u-htp-%e2%80%9eulcinjska-rivijera\/","title":{"rendered":"Nema zime za sportiste u HTP \u201eUlcinjska rivijera\u201d"},"content":{"rendered":"<p><a href=\"http:\/\/www.visit-ulcinj.com\/blog\/?attachment_id=56881\" rel=\"attachment wp-att-56881\"><img loading=\"lazy\" class=\"alignleft  wp-image-56881\" title=\"Maximalna posjeta u htp ulcinjska rivijera.1\" src=\"http:\/\/www.visit-ulcinj.com\/blog\/wp-content\/uploads\/2012\/02\/Maximalna-posjeta-u-htp-ulcinjska-rivijera.1.jpg\" alt=\"\" width=\"508\" height=\"380\" srcset=\"https:\/\/www.visit-ulcinj.com\/blog\/wp-content\/uploads\/2012\/02\/Maximalna-posjeta-u-htp-ulcinjska-rivijera.1.jpg 720w, https:\/\/www.visit-ulcinj.com\/blog\/wp-content\/uploads\/2012\/02\/Maximalna-posjeta-u-htp-ulcinjska-rivijera.1-300x225.jpg 300w\" sizes=\"(max-width: 508px) 100vw, 508px\" \/><\/a>Vremenske neprilike u Ulcinju nijesu omele pripreme fudbalskih ekipa koje su smje\u0161tene u hotelu \u201eOlimpik\u201d na Velikoj pla\u017ei i ne\u0107e omesti najavljeni dolazak sportista koji su rezervisali smje\u0161taj u hotelu, saop\u0161teno je ju\u010de iz HTP \u201eUlcinjska rivijera\u201d. Prema rije\u010dima portparola tog preduze\u0107a Ane \u017divanovi\u0107, fudbaleri su, i pored snije\u017enih padavina, obavili planirane treninge.<br \/>\n\u2013 U\u010dini\u0107emo sve kako bismo na\u0161im gostima omogu\u0107ili da rade po predvi\u0111enim planovima. Hotel ima centralno grijanje i agregat, pa na\u0161i gosti ne\u0107e osjetiti nikakve nedostatke u slu\u010daju eventualnih problema na strujnoj mre\u017ei.<br \/>\n<a href=\"http:\/\/www.visit-ulcinj.com\/blog\/?attachment_id=56886\" rel=\"attachment wp-att-56886\"><img loading=\"lazy\" class=\"alignleft  wp-image-56886\" title=\"Maximalna posjeta u htp ulcinjska rivijera\" src=\"http:\/\/www.visit-ulcinj.com\/blog\/wp-content\/uploads\/2012\/02\/Maximalna-posjeta-u-htp-ulcinjska-rivijera.jpg\" alt=\"\" width=\"508\" height=\"300\" \/><\/a><\/p>\n<p>U hotelu \u201eOlimpik\u201d na Velikoj pla\u017ei trenutno na pripremama borave dva fudbalska kluba poljski \u201eLeh\u201d i FK \u201eBerane\u201d. Tokom februara o\u010dekujemo dolazak klubova iz Crne Gore, Srbije, BiH i Makedonije. U januaru su na pripremama u na\u0161im objektima boravile ekipe FK \u201ePri\u0161tina\u201d, albanski prvoliga\u0161i \u201eLju\u0161nja\u201d i \u201eBerat\u201d, kao i crnogorska atleti\u010darka Sla\u0111ana Perunovi\u0107 sa trenerom \u2013 kazala je \u017divanovi\u0107eva.<br \/>\nOna je podsjetila da boravak za fudbalere u hotelu iznosi 33 eura po osobi, a za atleti\u010dare, karatiste, odbojka\u0161e i ko\u0161arka\u0161e dnevni pansion ko\u0161ta 25 eura.<br \/>\n\u2013 U cijenu je ura\u010dunata i boravi\u0161na taksa, a u ponudu su uklju\u010deni poja\u010dani re\u017eim ishrane prilago\u0111en svakom klubu, kori\u0161\u0107enje fudbalskih terena, teretane, atletske staze, trim staza i sale za sastanke \u2013 naglasila je \u017divanovi\u0107eva.<\/p>\n<p><a href=\"http:\/\/www.dan.co.me\/?nivo=3&amp;rubrika=Regioni&amp;clanak=318463&amp;datum=2012-02-03\" target=\"_blank\"><strong>Izvor: DAN<\/strong><\/a><\/p>\n<p>\n\t\t<style type=\"text\/css\">\n\t\t\t#gallery-1 {\n\t\t\t\tmargin: auto;\n\t\t\t}\n\t\t\t#gallery-1 .gallery-item {\n\t\t\t\tfloat: left;\n\t\t\t\tmargin-top: 10px;\n\t\t\t\ttext-align: center;\n\t\t\t\twidth: 33%;\n\t\t\t}\n\t\t\t#gallery-1 img {\n\t\t\t\tborder: 2px solid #cfcfcf;\n\t\t\t}\n\t\t\t#gallery-1 .gallery-caption {\n\t\t\t\tmargin-left: 0;\n\t\t\t}\n\t\t\t\/* see gallery_shortcode() in wp-includes\/media.php *\/\n\t\t<\/style>\n\t\t<div id='gallery-1' class='gallery galleryid-56880 gallery-columns-3 gallery-size-thumbnail'><dl class='gallery-item'>\n\t\t\t<dt class='gallery-icon landscape'>\n\t\t\t\t<a href='https:\/\/www.visit-ulcinj.com\/blog\/wp-content\/uploads\/2012\/02\/Maximalna-posjeta-u-htp-ulcinjska-rivijera.1.jpg'><img width=\"150\" height=\"150\" src=\"https:\/\/www.visit-ulcinj.com\/blog\/wp-content\/uploads\/2012\/02\/Maximalna-posjeta-u-htp-ulcinjska-rivijera.1-150x150.jpg\" class=\"attachment-thumbnail size-thumbnail\" alt=\"\" loading=\"lazy\" \/><\/a>\n\t\t\t<\/dt><\/dl><dl class='gallery-item'>\n\t\t\t<dt class='gallery-icon landscape'>\n\t\t\t\t<a href='https:\/\/www.visit-ulcinj.com\/blog\/wp-content\/uploads\/2012\/02\/Maximalna-posjeta-u-htp-ulcinjska-rivijera.2.jpg'><img width=\"150\" height=\"150\" src=\"https:\/\/www.visit-ulcinj.com\/blog\/wp-content\/uploads\/2012\/02\/Maximalna-posjeta-u-htp-ulcinjska-rivijera.2-150x150.jpg\" class=\"attachment-thumbnail size-thumbnail\" alt=\"\" loading=\"lazy\" \/><\/a>\n\t\t\t<\/dt><\/dl><dl class='gallery-item'>\n\t\t\t<dt class='gallery-icon landscape'>\n\t\t\t\t<a href='https:\/\/www.visit-ulcinj.com\/blog\/wp-content\/uploads\/2012\/02\/Maximalna-posjeta-u-htp-ulcinjska-rivijera.3.jpg'><img width=\"150\" height=\"150\" src=\"https:\/\/www.visit-ulcinj.com\/blog\/wp-content\/uploads\/2012\/02\/Maximalna-posjeta-u-htp-ulcinjska-rivijera.3-150x150.jpg\" class=\"attachment-thumbnail size-thumbnail\" alt=\"\" loading=\"lazy\" \/><\/a>\n\t\t\t<\/dt><\/dl><br style=\"clear: both\" \/><dl class='gallery-item'>\n\t\t\t<dt class='gallery-icon landscape'>\n\t\t\t\t<a href='https:\/\/www.visit-ulcinj.com\/blog\/wp-content\/uploads\/2012\/02\/Maximalna-posjeta-u-htp-ulcinjska-rivijera.4.jpg'><img width=\"150\" height=\"150\" src=\"https:\/\/www.visit-ulcinj.com\/blog\/wp-content\/uploads\/2012\/02\/Maximalna-posjeta-u-htp-ulcinjska-rivijera.4-150x150.jpg\" class=\"attachment-thumbnail size-thumbnail\" alt=\"\" loading=\"lazy\" \/><\/a>\n\t\t\t<\/dt><\/dl><dl class='gallery-item'>\n\t\t\t<dt class='gallery-icon landscape'>\n\t\t\t\t<a href='https:\/\/www.visit-ulcinj.com\/blog\/wp-content\/uploads\/2012\/02\/Maximalna-posjeta-u-htp-ulcinjska-rivijera.5.jpg'><img width=\"150\" height=\"150\" src=\"https:\/\/www.visit-ulcinj.com\/blog\/wp-content\/uploads\/2012\/02\/Maximalna-posjeta-u-htp-ulcinjska-rivijera.5-150x150.jpg\" class=\"attachment-thumbnail size-thumbnail\" alt=\"\" loading=\"lazy\" \/><\/a>\n\t\t\t<\/dt><\/dl><dl class='gallery-item'>\n\t\t\t<dt class='gallery-icon landscape'>\n\t\t\t\t<a href='https:\/\/www.visit-ulcinj.com\/blog\/wp-content\/uploads\/2012\/02\/Maximalna-posjeta-u-htp-ulcinjska-rivijera.jpg'><img width=\"150\" height=\"150\" src=\"https:\/\/www.visit-ulcinj.com\/blog\/wp-content\/uploads\/2012\/02\/Maximalna-posjeta-u-htp-ulcinjska-rivijera-150x150.jpg\" class=\"attachment-thumbnail size-thumbnail\" alt=\"\" loading=\"lazy\" \/><\/a>\n\t\t\t<\/dt><\/dl><br style=\"clear: both\" \/>\n\t\t<\/div>\n<br \/>\n<!--YouTube Error: bad URL entered--><\/p>\n","protected":false},"excerpt":{"rendered":"<p>Vremenske neprilike u Ulcinju nijesu omele pripreme fudbalskih ekipa koje su smje\u0161tene u hotelu \u201eOlimpik\u201d na Velikoj pla\u017ei i ne\u0107e omesti najavljeni dolazak sportista koji su rezervisali smje\u0161taj u hotelu, saop\u0161teno je ju\u010de iz HTP \u201eUlcinjska rivijera\u201d. Prema rije\u010dima portparola tog preduze\u0107a Ane \u017divanovi\u0107, fudbaleri su, i pored snije\u017enih padavina, obavili planirane treninge. \u2013 U\u010dini\u0107emo [&hellip;]<\/p>\n","protected":false},"author":1,"featured_media":0,"comment_status":"open","ping_status":"closed","sticky":false,"template":"","format":"standard","meta":{"spay_email":"","jetpack_publicize_message":"","jetpack_is_tweetstorm":false,"jetpack_publicize_feature_enabled":true},"categories":[8337],"tags":[138,14618,1860,3651,11251,14623,10342,20,15500,2118,3967,11145,5673,11253,14061,15497,11570,11272,14619,14624,15496,13834,11256,10343,14620,79,14617,14622,10345,14621,11578,15043,11285,11830,11258,15499,15498,15501,11032,15602,1642,11260,11833,11261,15495,11579,14625,11262,3936,22009,2185,14066,11137,14616,3696,19,849,4620,11854],"jetpack_publicize_connections":[],"yoast_head":"<!-- This site is optimized with the Yoast SEO plugin v19.1 - https:\/\/yoast.com\/wordpress\/plugins\/seo\/ -->\n<title>Nema zime za sportiste u HTP \u201eUlcinjska rivijera\u201d - Lajme nga Ulqini<\/title>\n<meta name=\"description\" content=\"Vremenske neprilike u Ulcinju nijesu omele pripreme fudbalskih ekipa koje su smje\u0161tene u hotelu \u201eOlimpik\u201d na Velikoj pla\u017ei i ne\u0107e omesti najavljeni\" \/>\n<meta name=\"robots\" content=\"index, follow, max-snippet:-1, max-image-preview:large, max-video-preview:-1\" \/>\n<link rel=\"canonical\" href=\"https:\/\/www.visit-ulcinj.com\/blog\/2012\/02\/03\/nema-zime-za-sportiste-u-htp-\u201eulcinjska-rivijera\/\" \/>\n<meta property=\"og:locale\" content=\"en_US\" \/>\n<meta property=\"og:type\" content=\"article\" \/>\n<meta property=\"og:title\" content=\"Nema zime za sportiste u HTP \u201eUlcinjska rivijera\u201d - Lajme nga Ulqini\" \/>\n<meta property=\"og:description\" content=\"Vremenske neprilike u Ulcinju nijesu omele pripreme fudbalskih ekipa koje su smje\u0161tene u hotelu \u201eOlimpik\u201d na Velikoj pla\u017ei i ne\u0107e omesti najavljeni\" \/>\n<meta property=\"og:url\" content=\"https:\/\/www.visit-ulcinj.com\/blog\/2012\/02\/03\/nema-zime-za-sportiste-u-htp-\u201eulcinjska-rivijera\/\" \/>\n<meta property=\"og:site_name\" content=\"Lajme nga Ulqini\" \/>\n<meta property=\"article:published_time\" content=\"2012-02-03T17:22:05+00:00\" \/>\n<meta property=\"article:modified_time\" content=\"2012-02-04T15:09:27+00:00\" \/>\n<meta property=\"og:image\" content=\"https:\/\/www.visit-ulcinj.com\/blog\/wp-content\/uploads\/2012\/02\/Maximalna-posjeta-u-htp-ulcinjska-rivijera.1-150x150.jpg\" \/>\n<meta name=\"twitter:label1\" content=\"Written by\" \/>\n\t<meta name=\"twitter:data1\" content=\"ulqini\" \/>\n\t<meta name=\"twitter:label2\" content=\"Est. reading time\" \/>\n\t<meta name=\"twitter:data2\" content=\"1 minute\" \/>\n<script type=\"application\/ld+json\" class=\"yoast-schema-graph\">{\"@context\":\"https:\/\/schema.org\",\"@graph\":[{\"@type\":\"WebSite\",\"@id\":\"https:\/\/www.visit-ulcinj.com\/blog\/#website\",\"url\":\"https:\/\/www.visit-ulcinj.com\/blog\/\",\"name\":\"Lajme nga Ulqini\",\"description\":\"Lajme,Vijesti,Ulqini,Ulqin,Crna Gora,Mali i Zi\",\"potentialAction\":[{\"@type\":\"SearchAction\",\"target\":{\"@type\":\"EntryPoint\",\"urlTemplate\":\"https:\/\/www.visit-ulcinj.com\/blog\/?s={search_term_string}\"},\"query-input\":\"required name=search_term_string\"}],\"inLanguage\":\"en-US\"},{\"@type\":\"ImageObject\",\"inLanguage\":\"en-US\",\"@id\":\"https:\/\/www.visit-ulcinj.com\/blog\/2012\/02\/03\/nema-zime-za-sportiste-u-htp-%e2%80%9eulcinjska-rivijera\/#primaryimage\",\"url\":\"https:\/\/www.visit-ulcinj.com\/blog\/wp-content\/uploads\/2012\/02\/Maximalna-posjeta-u-htp-ulcinjska-rivijera.1.jpg\",\"contentUrl\":\"https:\/\/www.visit-ulcinj.com\/blog\/wp-content\/uploads\/2012\/02\/Maximalna-posjeta-u-htp-ulcinjska-rivijera.1.jpg\",\"width\":\"720\",\"height\":\"540\"},{\"@type\":\"WebPage\",\"@id\":\"https:\/\/www.visit-ulcinj.com\/blog\/2012\/02\/03\/nema-zime-za-sportiste-u-htp-%e2%80%9eulcinjska-rivijera\/#webpage\",\"url\":\"https:\/\/www.visit-ulcinj.com\/blog\/2012\/02\/03\/nema-zime-za-sportiste-u-htp-%e2%80%9eulcinjska-rivijera\/\",\"name\":\"Nema zime za sportiste u HTP \u201eUlcinjska rivijera\u201d - Lajme nga Ulqini\",\"isPartOf\":{\"@id\":\"https:\/\/www.visit-ulcinj.com\/blog\/#website\"},\"primaryImageOfPage\":{\"@id\":\"https:\/\/www.visit-ulcinj.com\/blog\/2012\/02\/03\/nema-zime-za-sportiste-u-htp-%e2%80%9eulcinjska-rivijera\/#primaryimage\"},\"datePublished\":\"2012-02-03T17:22:05+00:00\",\"dateModified\":\"2012-02-04T15:09:27+00:00\",\"author\":{\"@id\":\"https:\/\/www.visit-ulcinj.com\/blog\/#\/schema\/person\/dcab619c614d3038751c63bc2aadc06d\"},\"description\":\"Vremenske neprilike u Ulcinju nijesu omele pripreme fudbalskih ekipa koje su smje\u0161tene u hotelu \u201eOlimpik\u201d na Velikoj pla\u017ei i ne\u0107e omesti najavljeni\",\"breadcrumb\":{\"@id\":\"https:\/\/www.visit-ulcinj.com\/blog\/2012\/02\/03\/nema-zime-za-sportiste-u-htp-%e2%80%9eulcinjska-rivijera\/#breadcrumb\"},\"inLanguage\":\"en-US\",\"potentialAction\":[{\"@type\":\"ReadAction\",\"target\":[\"https:\/\/www.visit-ulcinj.com\/blog\/2012\/02\/03\/nema-zime-za-sportiste-u-htp-%e2%80%9eulcinjska-rivijera\/\"]}]},{\"@type\":\"BreadcrumbList\",\"@id\":\"https:\/\/www.visit-ulcinj.com\/blog\/2012\/02\/03\/nema-zime-za-sportiste-u-htp-%e2%80%9eulcinjska-rivijera\/#breadcrumb\",\"itemListElement\":[{\"@type\":\"ListItem\",\"position\":1,\"name\":\"Nema zime za sportiste u HTP \u201eUlcinjska rivijera\u201d\"}]},{\"@type\":\"Person\",\"@id\":\"https:\/\/www.visit-ulcinj.com\/blog\/#\/schema\/person\/dcab619c614d3038751c63bc2aadc06d\",\"name\":\"ulqini\",\"sameAs\":[\"http:\/\/www.visit-ulcinj.com\"],\"url\":\"https:\/\/www.visit-ulcinj.com\/blog\/author\/admin\/\"}]}<\/script>\n<!-- \/ Yoast SEO plugin. -->","yoast_head_json":{"title":"Nema zime za sportiste u HTP \u201eUlcinjska rivijera\u201d - Lajme nga Ulqini","description":"Vremenske neprilike u Ulcinju nijesu omele pripreme fudbalskih ekipa koje su smje\u0161tene u hotelu \u201eOlimpik\u201d na Velikoj pla\u017ei i ne\u0107e omesti najavljeni","robots":{"index":"index","follow":"follow","max-snippet":"max-snippet:-1","max-image-preview":"max-image-preview:large","max-video-preview":"max-video-preview:-1"},"canonical":"https:\/\/www.visit-ulcinj.com\/blog\/2012\/02\/03\/nema-zime-za-sportiste-u-htp-\u201eulcinjska-rivijera\/","og_locale":"en_US","og_type":"article","og_title":"Nema zime za sportiste u HTP \u201eUlcinjska rivijera\u201d - Lajme nga Ulqini","og_description":"Vremenske neprilike u Ulcinju nijesu omele pripreme fudbalskih ekipa koje su smje\u0161tene u hotelu \u201eOlimpik\u201d na Velikoj pla\u017ei i ne\u0107e omesti najavljeni","og_url":"https:\/\/www.visit-ulcinj.com\/blog\/2012\/02\/03\/nema-zime-za-sportiste-u-htp-\u201eulcinjska-rivijera\/","og_site_name":"Lajme nga Ulqini","article_published_time":"2012-02-03T17:22:05+00:00","article_modified_time":"2012-02-04T15:09:27+00:00","og_image":[{"url":"https:\/\/www.visit-ulcinj.com\/blog\/wp-content\/uploads\/2012\/02\/Maximalna-posjeta-u-htp-ulcinjska-rivijera.1-150x150.jpg"}],"twitter_misc":{"Written by":"ulqini","Est. reading time":"1 minute"},"schema":{"@context":"https:\/\/schema.org","@graph":[{"@type":"WebSite","@id":"https:\/\/www.visit-ulcinj.com\/blog\/#website","url":"https:\/\/www.visit-ulcinj.com\/blog\/","name":"Lajme nga Ulqini","description":"Lajme,Vijesti,Ulqini,Ulqin,Crna Gora,Mali i Zi","potentialAction":[{"@type":"SearchAction","target":{"@type":"EntryPoint","urlTemplate":"https:\/\/www.visit-ulcinj.com\/blog\/?s={search_term_string}"},"query-input":"required name=search_term_string"}],"inLanguage":"en-US"},{"@type":"ImageObject","inLanguage":"en-US","@id":"https:\/\/www.visit-ulcinj.com\/blog\/2012\/02\/03\/nema-zime-za-sportiste-u-htp-%e2%80%9eulcinjska-rivijera\/#primaryimage","url":"https:\/\/www.visit-ulcinj.com\/blog\/wp-content\/uploads\/2012\/02\/Maximalna-posjeta-u-htp-ulcinjska-rivijera.1.jpg","contentUrl":"https:\/\/www.visit-ulcinj.com\/blog\/wp-content\/uploads\/2012\/02\/Maximalna-posjeta-u-htp-ulcinjska-rivijera.1.jpg","width":"720","height":"540"},{"@type":"WebPage","@id":"https:\/\/www.visit-ulcinj.com\/blog\/2012\/02\/03\/nema-zime-za-sportiste-u-htp-%e2%80%9eulcinjska-rivijera\/#webpage","url":"https:\/\/www.visit-ulcinj.com\/blog\/2012\/02\/03\/nema-zime-za-sportiste-u-htp-%e2%80%9eulcinjska-rivijera\/","name":"Nema zime za sportiste u HTP \u201eUlcinjska rivijera\u201d - Lajme nga Ulqini","isPartOf":{"@id":"https:\/\/www.visit-ulcinj.com\/blog\/#website"},"primaryImageOfPage":{"@id":"https:\/\/www.visit-ulcinj.com\/blog\/2012\/02\/03\/nema-zime-za-sportiste-u-htp-%e2%80%9eulcinjska-rivijera\/#primaryimage"},"datePublished":"2012-02-03T17:22:05+00:00","dateModified":"2012-02-04T15:09:27+00:00","author":{"@id":"https:\/\/www.visit-ulcinj.com\/blog\/#\/schema\/person\/dcab619c614d3038751c63bc2aadc06d"},"description":"Vremenske neprilike u Ulcinju nijesu omele pripreme fudbalskih ekipa koje su smje\u0161tene u hotelu \u201eOlimpik\u201d na Velikoj pla\u017ei i ne\u0107e omesti najavljeni","breadcrumb":{"@id":"https:\/\/www.visit-ulcinj.com\/blog\/2012\/02\/03\/nema-zime-za-sportiste-u-htp-%e2%80%9eulcinjska-rivijera\/#breadcrumb"},"inLanguage":"en-US","potentialAction":[{"@type":"ReadAction","target":["https:\/\/www.visit-ulcinj.com\/blog\/2012\/02\/03\/nema-zime-za-sportiste-u-htp-%e2%80%9eulcinjska-rivijera\/"]}]},{"@type":"BreadcrumbList","@id":"https:\/\/www.visit-ulcinj.com\/blog\/2012\/02\/03\/nema-zime-za-sportiste-u-htp-%e2%80%9eulcinjska-rivijera\/#breadcrumb","itemListElement":[{"@type":"ListItem","position":1,"name":"Nema zime za sportiste u HTP \u201eUlcinjska rivijera\u201d"}]},{"@type":"Person","@id":"https:\/\/www.visit-ulcinj.com\/blog\/#\/schema\/person\/dcab619c614d3038751c63bc2aadc06d","name":"ulqini","sameAs":["http:\/\/www.visit-ulcinj.com"],"url":"https:\/\/www.visit-ulcinj.com\/blog\/author\/admin\/"}]}},"jetpack_featured_media_url":"","jetpack_sharing_enabled":true,"jetpack_shortlink":"https:\/\/wp.me\/pe6lTn-eNq","_links":{"self":[{"href":"https:\/\/www.visit-ulcinj.com\/blog\/wp-json\/wp\/v2\/posts\/56880"}],"collection":[{"href":"https:\/\/www.visit-ulcinj.com\/blog\/wp-json\/wp\/v2\/posts"}],"about":[{"href":"https:\/\/www.visit-ulcinj.com\/blog\/wp-json\/wp\/v2\/types\/post"}],"author":[{"embeddable":true,"href":"https:\/\/www.visit-ulcinj.com\/blog\/wp-json\/wp\/v2\/users\/1"}],"replies":[{"embeddable":true,"href":"https:\/\/www.visit-ulcinj.com\/blog\/wp-json\/wp\/v2\/comments?post=56880"}],"version-history":[{"count":2,"href":"https:\/\/www.visit-ulcinj.com\/blog\/wp-json\/wp\/v2\/posts\/56880\/revisions"}],"predecessor-version":[{"id":56996,"href":"https:\/\/www.visit-ulcinj.com\/blog\/wp-json\/wp\/v2\/posts\/56880\/revisions\/56996"}],"wp:attachment":[{"href":"https:\/\/www.visit-ulcinj.com\/blog\/wp-json\/wp\/v2\/media?parent=56880"}],"wp:term":[{"taxonomy":"category","embeddable":true,"href":"https:\/\/www.visit-ulcinj.com\/blog\/wp-json\/wp\/v2\/categories?post=56880"},{"taxonomy":"post_tag","embeddable":true,"href":"https:\/\/www.visit-ulcinj.com\/blog\/wp-json\/wp\/v2\/tags?post=56880"}],"curies":[{"name":"wp","href":"https:\/\/api.w.org\/{rel}","templated":true}]}}