{"id":56919,"date":"2012-02-03T19:59:08","date_gmt":"2012-02-03T18:59:08","guid":{"rendered":"http:\/\/www.visit-ulcinj.com\/blog\/?p=56919"},"modified":"2012-02-03T21:22:09","modified_gmt":"2012-02-03T20:22:09","slug":"ulqini-shikuar-nga-diaspora-ulqinake","status":"publish","type":"post","link":"https:\/\/www.visit-ulcinj.com\/blog\/2012\/02\/03\/ulqini-shikuar-nga-diaspora-ulqinake\/","title":{"rendered":"U plakme tuj prit 40 vjet,Planin p\u00ebr Shtepi n\u00eb token ton  ku na ka lan\u00eb BABA"},"content":{"rendered":"<p><a href=\"http:\/\/www.visit-ulcinj.com\/blog\/wp-content\/uploads\/2012\/02\/Diaspora-SHQIPTARE-NE-AMERIKE-NGA-ULQINI.jpg\"><img loading=\"lazy\" class=\"alignleft  wp-image-56920\" title=\"Diaspora-SHQIPTARE-NE-AMERIKE NGA ULQINI\" src=\"http:\/\/www.visit-ulcinj.com\/blog\/wp-content\/uploads\/2012\/02\/Diaspora-SHQIPTARE-NE-AMERIKE-NGA-ULQINI.jpg\" alt=\"\" width=\"340\" height=\"330\" \/><\/a>N\u00eb se \u00a0Komuna e \u00a0Uljqinit intersohet p\u00ebr\u00a0rritjen e \u00a0\u00a0ekonomis\u00a0\u00a0\u00a0 n\u00eb Uljqinj\u00a0 dhe \u00a0 kusdesoheni p\u00ebr t\u00eb miren e popullit, at\u00ebhere pse spo mundoheni me sh\u00ebpejtsue\u00a0\u00a0me \u00a0planin e sh\u00ebtepijave , e mu dhan\u00eb \u00a0popullit \u00a0liri me godit shtepia\u00a0 per turist, ka 35 vjet qe po kerkoj me godit nji shtepi\u00a0ne token time ,\u00a0ku na kan lan\u00eb t\u00eb part ton, dhe ala ai plan spo ban hapje,<\/p>\n<p>Populli lan punet e veta dhe \u00a0dohet t\u00eb vijm\u00eb 100 her mos deret, kur ju jani tuj pi kafe, prej ora 9 deri ne ora 12\u00a0\u00a0\u00a0dhe n\u00eb 12 ora\u00a0\u00a0at\u00ebher, filloni pushimimn, k\u00ebshtu qe \u00e7do njeri te vij mos deret 100 her\u00eb, dhe me 100 lutje si\u00a0 me qen kreminala\u00a0 tuj prit\u00eb\u00a0n\u00ebper shkall, e\u00a0tuj ju lut vetem p\u00ebr nji lete, \u00a0q\u00eb ai ka te drejt me a fitue at let\u00ebr\u00a0 apo ( dokument )<\/p>\n<p>Por un\u00eb\u00a0su vej faj \u00a0aspak juve, se ju se keni fillue k\u00ebt gja, \u00a0kjo pritja mos deret neper \u00a0 shkalla\u00a0\u00a0t\u00eb kumuns\u00a0t\u00eb Uljqin ,asht si s\u00ebmundje\u00a0 n\u00ebgjitse, brez mos brezit po vazhdon e k\u00ebrkush\u00a0nuk \u00a0po a z\u00ebgjill at problem\u00a0,<\/p>\n<p>Un\u00eb e besopj se\u00a0ju gjith i \u00a0keni nedigju prindet tuaj tuj\u00a0 u ankua per ket problemin e pritjes mos deret, dhe\u00a0\u00e7do \u00a0Zyre \u00a0qe shkon t\u00eb nis tjeter kun\u00a0(\u00a0nex door ) e kurrkush nuk din me i dhan maje se \u00e7efer mundsiet mundet me t\u00eb dhan , sepse kurrkush nuk i din te drejtat e vete se \u00e7efer t\u00eb drjtesh ka si \u00a0nenpuns,\u00a0po n\u00ebderrnoni zavensat e ligjet po\u00a0rrijn\u00a0 si karrigat t\u00eb njajt,<\/p>\n<p>Arhere n\u00eb\u00a0se njeriu duhet te pres per nji dokument\u00a0 , asht e qart\u00eb se gjithku n\u00eb bot\u00eb dohet t\u00eb\u00a0presin \u00a0n\u00eb rradh ,\u00a0por jo neper shkalla; por si njeri ne zyre\u00a0 n\u00eb dhomen ku pritet dhe tuj lezua n\u00ebdoj gazet apo magazine,<\/p>\n<p>N\u00eb se ju \u00a0doni\u00a0 qe turisti te vij\u00eb\u00a0\u00a0 n\u00eb Uljqinj atehere,\u00a0 pastroni e z\u00ebbukuroni token\u00a0e shteti\u00a0 per \u00e7do vend e per \u00e7do plam\u00eb, ku ta shof\u00eb syni, \u00a0se\u00a0 pse turisti don me pa bukuri, pasterti, e rregull dhe koh t\u00eb sigurt pa ferig,<\/p>\n<p>\u00e7do an rruget te jet e paster e jo me ferra, dhe kjo nuk asht nji gja qe kushton shum ,<\/p>\n<p>Uljqini asht i vetmi qytet qe ka\u00a0 popullsin\u00a0\u00a0ma te madhe per jashta\u00a0\u00a0qe jan largua e nga vendlindja\u00a0\u00a0<a href=\"http:\/\/d.m.th\/\" target=\"_blank\">d.m.th<\/a>,rrethit t\u00eb Ulqinit at\u00ebhere\u00a0\u00a0ju\u00a0 nuk keni nevoj per turis qe u rrijn 10 dit\u00eb, por ju kishin me ardh populli\u00a0\u00a0 i juaj\u00a0 shqiptar\u00a0 qe kishin me godit shtepia pencionert\u00a0qe kan dishrue\u00a0vendlindjen \u00a0e vet,\u00a0shqiptart vijn \u00a0turista\u00a0 me famile me muaj\u00a0 te gjith ata qe jan lagrgue nga\u00a0 katundet ,Re\u00e7, Sh\u00ebngjerq, Sutjeli, Kodra , Zogaj, Bratic, Kullomc, Shtoij e ma e ma tjer ju e didnji vet,<\/p>\n<p>E populli i shkret \u00a0ku te vijn\u00a0 kurr rrugat jan mush me ferra me gjarpi me pluhun, qe kjo asht nji gja shum pa harxhim vetem me pastrue me traktora , me vu qynkat e ujt gjithku afer rrugave me kosit barin me lag qe mos te \u00e7ohet pluhun , ateher shifni se sa dobi do te kishi vetem prej popullit tuaj,<\/p>\n<p>e kshtu rritet ekonomija e Ulqjinit to te bukur,<\/p>\n<p>Si domos te vdekurit te gjith dishroin te vijn\u00eb me u vorrue ne vendlinje por skan ku me ardh<\/p>\n<p>Sot asht koha e kultures e Komuna e Uljqinit hala nuk keni Funeral per t\u00eb Vdekuri, por i mani\u00a0 neper shtepija tuj u trem\u00a0populli \u00a0se mos tu ngjitet doj smundje,<\/p>\n<p>Un\u00eb e due\u00a0 shum\u00eb \u00a0at\u00ebdhen tim\u00eb me Zemer se\u00a0 pse\u00a0\u00a0 jemi\u00a0 larguar\u00a0 shum t\u00eb rij, e\u00a0 kemi shum mall\u00eb\u00a0 e dashuri per \u00a0vendlindjen ton\u00a0 t\u00eb dashur, dhe \u00a0\u00a0gjith jeten\u00a0neve \u00a0kurr nuk\u00a0 e kimi\u00a0largua nga\u00a0\u00a0 zemres\u00a0 as nji minut te jetes ton,,<\/p>\n<p>&nbsp;<\/p>\n<p>Paska ra edhe bor e Zoyi u baft nim\u00eb se nuk asht e kullajshme bora per ndoshta e keni\u00a0prit se po bijen,<\/p>\n<p>Urime Vendlindja ime e dashur<\/p>\n<p>Rroft Mali ZI vendlinja ime\u00a0 e dashur pa kufi\u00a0,<\/p>\n<p>&nbsp;<\/p>\n<p><strong>Per Lajme nga Ulqini<br \/>\nLena Catalic<\/strong><\/p>\n<p><strong><a href=\"mailto:Lena.Catalic@nbhn.net\" target=\"_blank\">Lena.Catalic@nbhn.net<\/a><\/strong><\/p>\n<!--YouTube Error: bad URL entered-->\n","protected":false},"excerpt":{"rendered":"<p>N\u00eb se \u00a0Komuna e \u00a0Uljqinit intersohet p\u00ebr\u00a0rritjen e \u00a0\u00a0ekonomis\u00a0\u00a0\u00a0 n\u00eb Uljqinj\u00a0 dhe \u00a0 kusdesoheni p\u00ebr t\u00eb miren e popullit, at\u00ebhere pse spo mundoheni me sh\u00ebpejtsue\u00a0\u00a0me \u00a0planin e sh\u00ebtepijave , e mu dhan\u00eb \u00a0popullit \u00a0liri me godit shtepia\u00a0 per turist, ka 35 vjet qe po kerkoj me godit nji shtepi\u00a0ne token time ,\u00a0ku na kan lan\u00eb [&hellip;]<\/p>\n","protected":false},"author":1,"featured_media":0,"comment_status":"open","ping_status":"closed","sticky":false,"template":"","format":"standard","meta":{"spay_email":"","jetpack_publicize_message":"","jetpack_is_tweetstorm":false,"jetpack_publicize_feature_enabled":true},"categories":[14249],"tags":[19968,19970,19971,297,200,18,19969],"jetpack_publicize_connections":[],"yoast_head":"<!-- This site is optimized with the Yoast SEO plugin v19.1 - https:\/\/yoast.com\/wordpress\/plugins\/seo\/ -->\n<title>U plakme tuj prit 40 vjet,Planin p\u00ebr Shtepi n\u00eb token ton ku na ka lan\u00eb BABA - Lajme nga Ulqini<\/title>\n<meta name=\"description\" content=\"N\u00eb se \u00a0Komuna e \u00a0Uljqinit intersohet p\u00ebr\u00a0rritjen e \u00a0\u00a0ekonomis\u00a0\u00a0\u00a0 n\u00eb Uljqinj\u00a0 dhe \u00a0 kusdesoheni p\u00ebr t\u00eb miren e popullit, at\u00ebhere pse spo mundoheni me\" \/>\n<meta name=\"robots\" content=\"index, follow, max-snippet:-1, max-image-preview:large, max-video-preview:-1\" \/>\n<link rel=\"canonical\" href=\"https:\/\/www.visit-ulcinj.com\/blog\/2012\/02\/03\/ulqini-shikuar-nga-diaspora-ulqinake\/\" \/>\n<meta property=\"og:locale\" content=\"en_US\" \/>\n<meta property=\"og:type\" content=\"article\" \/>\n<meta property=\"og:title\" content=\"U plakme tuj prit 40 vjet,Planin p\u00ebr Shtepi n\u00eb token ton ku na ka lan\u00eb BABA - Lajme nga Ulqini\" \/>\n<meta property=\"og:description\" content=\"N\u00eb se \u00a0Komuna e \u00a0Uljqinit intersohet p\u00ebr\u00a0rritjen e \u00a0\u00a0ekonomis\u00a0\u00a0\u00a0 n\u00eb Uljqinj\u00a0 dhe \u00a0 kusdesoheni p\u00ebr t\u00eb miren e popullit, at\u00ebhere pse spo mundoheni me\" \/>\n<meta property=\"og:url\" content=\"https:\/\/www.visit-ulcinj.com\/blog\/2012\/02\/03\/ulqini-shikuar-nga-diaspora-ulqinake\/\" \/>\n<meta property=\"og:site_name\" content=\"Lajme nga Ulqini\" \/>\n<meta property=\"article:published_time\" content=\"2012-02-03T18:59:08+00:00\" \/>\n<meta property=\"article:modified_time\" content=\"2012-02-03T20:22:09+00:00\" \/>\n<meta property=\"og:image\" content=\"http:\/\/www.visit-ulcinj.com\/blog\/wp-content\/uploads\/2012\/02\/Diaspora-SHQIPTARE-NE-AMERIKE-NGA-ULQINI.jpg\" \/>\n<meta name=\"twitter:label1\" content=\"Written by\" \/>\n\t<meta name=\"twitter:data1\" content=\"ulqini\" \/>\n\t<meta name=\"twitter:label2\" content=\"Est. reading time\" \/>\n\t<meta name=\"twitter:data2\" content=\"3 minutes\" \/>\n<script type=\"application\/ld+json\" class=\"yoast-schema-graph\">{\"@context\":\"https:\/\/schema.org\",\"@graph\":[{\"@type\":\"WebSite\",\"@id\":\"https:\/\/www.visit-ulcinj.com\/blog\/#website\",\"url\":\"https:\/\/www.visit-ulcinj.com\/blog\/\",\"name\":\"Lajme nga Ulqini\",\"description\":\"Lajme,Vijesti,Ulqini,Ulqin,Crna Gora,Mali i Zi\",\"potentialAction\":[{\"@type\":\"SearchAction\",\"target\":{\"@type\":\"EntryPoint\",\"urlTemplate\":\"https:\/\/www.visit-ulcinj.com\/blog\/?s={search_term_string}\"},\"query-input\":\"required name=search_term_string\"}],\"inLanguage\":\"en-US\"},{\"@type\":\"ImageObject\",\"inLanguage\":\"en-US\",\"@id\":\"https:\/\/www.visit-ulcinj.com\/blog\/2012\/02\/03\/ulqini-shikuar-nga-diaspora-ulqinake\/#primaryimage\",\"url\":\"https:\/\/www.visit-ulcinj.com\/blog\/wp-content\/uploads\/2012\/02\/Diaspora-SHQIPTARE-NE-AMERIKE-NGA-ULQINI.jpg\",\"contentUrl\":\"https:\/\/www.visit-ulcinj.com\/blog\/wp-content\/uploads\/2012\/02\/Diaspora-SHQIPTARE-NE-AMERIKE-NGA-ULQINI.jpg\",\"width\":\"1055\",\"height\":\"1005\"},{\"@type\":\"WebPage\",\"@id\":\"https:\/\/www.visit-ulcinj.com\/blog\/2012\/02\/03\/ulqini-shikuar-nga-diaspora-ulqinake\/#webpage\",\"url\":\"https:\/\/www.visit-ulcinj.com\/blog\/2012\/02\/03\/ulqini-shikuar-nga-diaspora-ulqinake\/\",\"name\":\"U plakme tuj prit 40 vjet,Planin p\u00ebr Shtepi n\u00eb token ton ku na ka lan\u00eb BABA - Lajme nga Ulqini\",\"isPartOf\":{\"@id\":\"https:\/\/www.visit-ulcinj.com\/blog\/#website\"},\"primaryImageOfPage\":{\"@id\":\"https:\/\/www.visit-ulcinj.com\/blog\/2012\/02\/03\/ulqini-shikuar-nga-diaspora-ulqinake\/#primaryimage\"},\"datePublished\":\"2012-02-03T18:59:08+00:00\",\"dateModified\":\"2012-02-03T20:22:09+00:00\",\"author\":{\"@id\":\"https:\/\/www.visit-ulcinj.com\/blog\/#\/schema\/person\/dcab619c614d3038751c63bc2aadc06d\"},\"description\":\"N\u00eb se \u00a0Komuna e \u00a0Uljqinit intersohet p\u00ebr\u00a0rritjen e \u00a0\u00a0ekonomis\u00a0\u00a0\u00a0 n\u00eb Uljqinj\u00a0 dhe \u00a0 kusdesoheni p\u00ebr t\u00eb miren e popullit, at\u00ebhere pse spo mundoheni me\",\"breadcrumb\":{\"@id\":\"https:\/\/www.visit-ulcinj.com\/blog\/2012\/02\/03\/ulqini-shikuar-nga-diaspora-ulqinake\/#breadcrumb\"},\"inLanguage\":\"en-US\",\"potentialAction\":[{\"@type\":\"ReadAction\",\"target\":[\"https:\/\/www.visit-ulcinj.com\/blog\/2012\/02\/03\/ulqini-shikuar-nga-diaspora-ulqinake\/\"]}]},{\"@type\":\"BreadcrumbList\",\"@id\":\"https:\/\/www.visit-ulcinj.com\/blog\/2012\/02\/03\/ulqini-shikuar-nga-diaspora-ulqinake\/#breadcrumb\",\"itemListElement\":[{\"@type\":\"ListItem\",\"position\":1,\"name\":\"U plakme tuj prit 40 vjet,Planin p\u00ebr Shtepi n\u00eb token ton ku na ka lan\u00eb BABA\"}]},{\"@type\":\"Person\",\"@id\":\"https:\/\/www.visit-ulcinj.com\/blog\/#\/schema\/person\/dcab619c614d3038751c63bc2aadc06d\",\"name\":\"ulqini\",\"sameAs\":[\"http:\/\/www.visit-ulcinj.com\"],\"url\":\"https:\/\/www.visit-ulcinj.com\/blog\/author\/admin\/\"}]}<\/script>\n<!-- \/ Yoast SEO plugin. -->","yoast_head_json":{"title":"U plakme tuj prit 40 vjet,Planin p\u00ebr Shtepi n\u00eb token ton ku na ka lan\u00eb BABA - Lajme nga Ulqini","description":"N\u00eb se \u00a0Komuna e \u00a0Uljqinit intersohet p\u00ebr\u00a0rritjen e \u00a0\u00a0ekonomis\u00a0\u00a0\u00a0 n\u00eb Uljqinj\u00a0 dhe \u00a0 kusdesoheni p\u00ebr t\u00eb miren e popullit, at\u00ebhere pse spo mundoheni me","robots":{"index":"index","follow":"follow","max-snippet":"max-snippet:-1","max-image-preview":"max-image-preview:large","max-video-preview":"max-video-preview:-1"},"canonical":"https:\/\/www.visit-ulcinj.com\/blog\/2012\/02\/03\/ulqini-shikuar-nga-diaspora-ulqinake\/","og_locale":"en_US","og_type":"article","og_title":"U plakme tuj prit 40 vjet,Planin p\u00ebr Shtepi n\u00eb token ton ku na ka lan\u00eb BABA - Lajme nga Ulqini","og_description":"N\u00eb se \u00a0Komuna e \u00a0Uljqinit intersohet p\u00ebr\u00a0rritjen e \u00a0\u00a0ekonomis\u00a0\u00a0\u00a0 n\u00eb Uljqinj\u00a0 dhe \u00a0 kusdesoheni p\u00ebr t\u00eb miren e popullit, at\u00ebhere pse spo mundoheni me","og_url":"https:\/\/www.visit-ulcinj.com\/blog\/2012\/02\/03\/ulqini-shikuar-nga-diaspora-ulqinake\/","og_site_name":"Lajme nga Ulqini","article_published_time":"2012-02-03T18:59:08+00:00","article_modified_time":"2012-02-03T20:22:09+00:00","og_image":[{"url":"http:\/\/www.visit-ulcinj.com\/blog\/wp-content\/uploads\/2012\/02\/Diaspora-SHQIPTARE-NE-AMERIKE-NGA-ULQINI.jpg"}],"twitter_misc":{"Written by":"ulqini","Est. reading time":"3 minutes"},"schema":{"@context":"https:\/\/schema.org","@graph":[{"@type":"WebSite","@id":"https:\/\/www.visit-ulcinj.com\/blog\/#website","url":"https:\/\/www.visit-ulcinj.com\/blog\/","name":"Lajme nga Ulqini","description":"Lajme,Vijesti,Ulqini,Ulqin,Crna Gora,Mali i Zi","potentialAction":[{"@type":"SearchAction","target":{"@type":"EntryPoint","urlTemplate":"https:\/\/www.visit-ulcinj.com\/blog\/?s={search_term_string}"},"query-input":"required name=search_term_string"}],"inLanguage":"en-US"},{"@type":"ImageObject","inLanguage":"en-US","@id":"https:\/\/www.visit-ulcinj.com\/blog\/2012\/02\/03\/ulqini-shikuar-nga-diaspora-ulqinake\/#primaryimage","url":"https:\/\/www.visit-ulcinj.com\/blog\/wp-content\/uploads\/2012\/02\/Diaspora-SHQIPTARE-NE-AMERIKE-NGA-ULQINI.jpg","contentUrl":"https:\/\/www.visit-ulcinj.com\/blog\/wp-content\/uploads\/2012\/02\/Diaspora-SHQIPTARE-NE-AMERIKE-NGA-ULQINI.jpg","width":"1055","height":"1005"},{"@type":"WebPage","@id":"https:\/\/www.visit-ulcinj.com\/blog\/2012\/02\/03\/ulqini-shikuar-nga-diaspora-ulqinake\/#webpage","url":"https:\/\/www.visit-ulcinj.com\/blog\/2012\/02\/03\/ulqini-shikuar-nga-diaspora-ulqinake\/","name":"U plakme tuj prit 40 vjet,Planin p\u00ebr Shtepi n\u00eb token ton ku na ka lan\u00eb BABA - Lajme nga Ulqini","isPartOf":{"@id":"https:\/\/www.visit-ulcinj.com\/blog\/#website"},"primaryImageOfPage":{"@id":"https:\/\/www.visit-ulcinj.com\/blog\/2012\/02\/03\/ulqini-shikuar-nga-diaspora-ulqinake\/#primaryimage"},"datePublished":"2012-02-03T18:59:08+00:00","dateModified":"2012-02-03T20:22:09+00:00","author":{"@id":"https:\/\/www.visit-ulcinj.com\/blog\/#\/schema\/person\/dcab619c614d3038751c63bc2aadc06d"},"description":"N\u00eb se \u00a0Komuna e \u00a0Uljqinit intersohet p\u00ebr\u00a0rritjen e \u00a0\u00a0ekonomis\u00a0\u00a0\u00a0 n\u00eb Uljqinj\u00a0 dhe \u00a0 kusdesoheni p\u00ebr t\u00eb miren e popullit, at\u00ebhere pse spo mundoheni me","breadcrumb":{"@id":"https:\/\/www.visit-ulcinj.com\/blog\/2012\/02\/03\/ulqini-shikuar-nga-diaspora-ulqinake\/#breadcrumb"},"inLanguage":"en-US","potentialAction":[{"@type":"ReadAction","target":["https:\/\/www.visit-ulcinj.com\/blog\/2012\/02\/03\/ulqini-shikuar-nga-diaspora-ulqinake\/"]}]},{"@type":"BreadcrumbList","@id":"https:\/\/www.visit-ulcinj.com\/blog\/2012\/02\/03\/ulqini-shikuar-nga-diaspora-ulqinake\/#breadcrumb","itemListElement":[{"@type":"ListItem","position":1,"name":"U plakme tuj prit 40 vjet,Planin p\u00ebr Shtepi n\u00eb token ton ku na ka lan\u00eb BABA"}]},{"@type":"Person","@id":"https:\/\/www.visit-ulcinj.com\/blog\/#\/schema\/person\/dcab619c614d3038751c63bc2aadc06d","name":"ulqini","sameAs":["http:\/\/www.visit-ulcinj.com"],"url":"https:\/\/www.visit-ulcinj.com\/blog\/author\/admin\/"}]}},"jetpack_featured_media_url":"","jetpack_sharing_enabled":true,"jetpack_shortlink":"https:\/\/wp.me\/pe6lTn-eO3","_links":{"self":[{"href":"https:\/\/www.visit-ulcinj.com\/blog\/wp-json\/wp\/v2\/posts\/56919"}],"collection":[{"href":"https:\/\/www.visit-ulcinj.com\/blog\/wp-json\/wp\/v2\/posts"}],"about":[{"href":"https:\/\/www.visit-ulcinj.com\/blog\/wp-json\/wp\/v2\/types\/post"}],"author":[{"embeddable":true,"href":"https:\/\/www.visit-ulcinj.com\/blog\/wp-json\/wp\/v2\/users\/1"}],"replies":[{"embeddable":true,"href":"https:\/\/www.visit-ulcinj.com\/blog\/wp-json\/wp\/v2\/comments?post=56919"}],"version-history":[{"count":4,"href":"https:\/\/www.visit-ulcinj.com\/blog\/wp-json\/wp\/v2\/posts\/56919\/revisions"}],"predecessor-version":[{"id":56923,"href":"https:\/\/www.visit-ulcinj.com\/blog\/wp-json\/wp\/v2\/posts\/56919\/revisions\/56923"}],"wp:attachment":[{"href":"https:\/\/www.visit-ulcinj.com\/blog\/wp-json\/wp\/v2\/media?parent=56919"}],"wp:term":[{"taxonomy":"category","embeddable":true,"href":"https:\/\/www.visit-ulcinj.com\/blog\/wp-json\/wp\/v2\/categories?post=56919"},{"taxonomy":"post_tag","embeddable":true,"href":"https:\/\/www.visit-ulcinj.com\/blog\/wp-json\/wp\/v2\/tags?post=56919"}],"curies":[{"name":"wp","href":"https:\/\/api.w.org\/{rel}","templated":true}]}}