{"id":5693,"date":"2008-11-08T07:32:05","date_gmt":"2008-11-08T12:32:05","guid":{"rendered":"http:\/\/www.visit-ulcinj.com\/blog\/?p=5693"},"modified":"2008-11-08T07:32:05","modified_gmt":"2008-11-08T12:32:05","slug":"zbulohet-i-dashuri-i-rozana-radit","status":"publish","type":"post","link":"https:\/\/www.visit-ulcinj.com\/blog\/2008\/11\/08\/zbulohet-i-dashuri-i-rozana-radit\/","title":{"rendered":"Zbulohet i dashuri i Rozana Radit"},"content":{"rendered":"<p><a href=\"http:\/\/www.visit-ulcinj.com\/blog\/wp-content\/uploads\/2008\/11\/rozana-radi-dhe-i-dashuri_3.jpg\"><img loading=\"lazy\" class=\"alignleft size-medium wp-image-5694\" title=\"rozana-radi-dhe-i-dashuri_3\" src=\"http:\/\/www.visit-ulcinj.com\/blog\/wp-content\/uploads\/2008\/11\/rozana-radi-dhe-i-dashuri_3-276x300.jpg\" alt=\"\" width=\"276\" height=\"300\" srcset=\"https:\/\/www.visit-ulcinj.com\/blog\/wp-content\/uploads\/2008\/11\/rozana-radi-dhe-i-dashuri_3-276x300.jpg 276w, https:\/\/www.visit-ulcinj.com\/blog\/wp-content\/uploads\/2008\/11\/rozana-radi-dhe-i-dashuri_3.jpg 628w\" sizes=\"(max-width: 276px) 100vw, 276px\" \/><\/a>Ajo tashm\u00eb ka krijuar steriotipin e saj, si nj\u00eb vajz\u00eb pa\u00a0komplekse q\u00eb nuk e vret shum\u00eb mendjen se \u00e7far\u00eb thon\u00eb\u00a0apo mendojn\u00eb t\u00eb tjer\u00ebt. \u00cbsht\u00eb aktore, k\u00ebng\u00ebtare, autore\u00a0tekstesh dhe ka nj\u00eb mij\u00eb interesa n\u00eb jet\u00eb. Mbi t\u00eb gjitha i\u00a0p\u00eblqen t\u00eb eksperimentoj\u00eb pasi dihet, \u00e7do gj\u00eb e re \u00ebsht\u00eb e\u00a0bukur. Rozana Radi ka b\u00ebr\u00eb bumin e rradh\u00ebs me k\u00ebng\u00ebn\u00a0\u201cFly\u201d jo vet\u00ebm se k\u00ebnga ishte shum\u00eb ritmke, tipike p\u00ebr\u00a0nj\u00eb single vere, por edhe p\u00ebr faktin tjet\u00ebr se Rozana me\u00a0nj\u00eb look totalisht t\u00eb ndryshuar, ngjante m\u00eb seksi dhe m\u00eb\u00a0e bukur se asnj\u00ebher\u00eb tjet\u00ebr.\u00a0Nd\u00ebrkoh\u00eb kan\u00eb munguar lajmet nga jeta e saj private.\u00a0Tregonte shpesh n\u00eb intervista q\u00eb ishte vet\u00ebm prej shum\u00eb\u00a0koh\u00ebsh tashm\u00eb, q\u00eb kur nj\u00eb lidhje e saj e cila zgjati jo pak,\u00a0kishte marr\u00eb fund. Po me k\u00eb po shoq\u00ebrohej Rozi? Sa her\u00eb\u00a0nj\u00eb djal\u00eb ishte n\u00eb krah t\u00eb saj, paparaci yn\u00eb nuk e kursente\u00a0shkrepjen, nd\u00ebrkoh\u00eb q\u00eb Rozana pohonte se nuk kishte\u00a0asgj\u00eb m\u00eb shum\u00eb se sa thjesht nj\u00eb miq\u00ebsi. Po ky djali q\u00eb\u00a0po shihni n\u00eb foto? Asnj\u00eb informacion nuk kemi se cili\u00a0\u00ebsht\u00eb. Por t\u00eb premten e kaluar, fest\u00ebn e \u201cHalloween\u201d-it\u00a0Rozana Radi ka preferuar ta kaloj\u00eb tek \u201cMagic 4\u201d n\u00eb shoq\u00ebrin\u00eb\u00a0e k\u00ebtij djaloshi. Sipas burimeve tona., Rozi e prezantonte\u00a0djalin tek miqt\u00eb e saj si i dashuri, nd\u00ebrkoh\u00eb q\u00eb\u00a0nuk e dim\u00eb se sa e v\u00ebrtet\u00eb \u00ebsht\u00eb pasi nuk mund\u00ebm t\u00eb\u00a0marrim nj\u00eb prononcim prej goj\u00ebs s\u00eb saj. Gjat\u00eb gjith\u00eb dark\u00ebs\u00a0dy t\u00eb rinjt\u00eb jan\u00eb zbavitur me muzik\u00ebn e k\u00ebndshme t\u00eb\u00a0lokalit, kan\u00eb k\u00ebrcyer intimisht s\u00eb bashku dhe kan\u00eb pir\u00eb\u00a0n\u00eb gotat e nj\u00ebri tjetrit. Me siguri do t\u00eb m\u00ebsojm\u00eb di\u00e7ka m\u00eb\u00a0shum\u00eb n\u00eb jav\u00ebt n\u00eb vazhdim.<\/p>\n<p><strong>Panorama Plus <\/strong><\/p>\n<p>\n\t\t<style type=\"text\/css\">\n\t\t\t#gallery-1 {\n\t\t\t\tmargin: auto;\n\t\t\t}\n\t\t\t#gallery-1 .gallery-item {\n\t\t\t\tfloat: left;\n\t\t\t\tmargin-top: 10px;\n\t\t\t\ttext-align: center;\n\t\t\t\twidth: 33%;\n\t\t\t}\n\t\t\t#gallery-1 img {\n\t\t\t\tborder: 2px solid #cfcfcf;\n\t\t\t}\n\t\t\t#gallery-1 .gallery-caption {\n\t\t\t\tmargin-left: 0;\n\t\t\t}\n\t\t\t\/* see gallery_shortcode() in wp-includes\/media.php *\/\n\t\t<\/style>\n\t\t<div id='gallery-1' class='gallery galleryid-5693 gallery-columns-3 gallery-size-thumbnail'><dl class='gallery-item'>\n\t\t\t<dt class='gallery-icon portrait'>\n\t\t\t\t<a href='https:\/\/www.visit-ulcinj.com\/blog\/2008\/11\/08\/zbulohet-i-dashuri-i-rozana-radit\/rozana-radi-dhe-i-dashuri_3\/'><img width=\"150\" height=\"150\" src=\"https:\/\/www.visit-ulcinj.com\/blog\/wp-content\/uploads\/2008\/11\/rozana-radi-dhe-i-dashuri_3-150x150.jpg\" class=\"attachment-thumbnail size-thumbnail\" alt=\"\" loading=\"lazy\" \/><\/a>\n\t\t\t<\/dt><\/dl><dl class='gallery-item'>\n\t\t\t<dt class='gallery-icon portrait'>\n\t\t\t\t<a href='https:\/\/www.visit-ulcinj.com\/blog\/2008\/11\/08\/zbulohet-i-dashuri-i-rozana-radit\/rozana-radi-dhe-i-dashuri_2\/'><img width=\"150\" height=\"150\" src=\"https:\/\/www.visit-ulcinj.com\/blog\/wp-content\/uploads\/2008\/11\/rozana-radi-dhe-i-dashuri_2-150x150.jpg\" class=\"attachment-thumbnail size-thumbnail\" alt=\"\" loading=\"lazy\" \/><\/a>\n\t\t\t<\/dt><\/dl><dl class='gallery-item'>\n\t\t\t<dt class='gallery-icon portrait'>\n\t\t\t\t<a href='https:\/\/www.visit-ulcinj.com\/blog\/2008\/11\/08\/zbulohet-i-dashuri-i-rozana-radit\/rozana-radi-dhe-i-dashuri_1\/'><img width=\"150\" height=\"150\" src=\"https:\/\/www.visit-ulcinj.com\/blog\/wp-content\/uploads\/2008\/11\/rozana-radi-dhe-i-dashuri_1-150x150.jpg\" class=\"attachment-thumbnail size-thumbnail\" alt=\"\" loading=\"lazy\" \/><\/a>\n\t\t\t<\/dt><\/dl><br style=\"clear: both\" \/>\n\t\t<\/div>\n<br \/>\n<!--YouTube Error: bad URL entered--><\/p>\n","protected":false},"excerpt":{"rendered":"<p>Ajo tashm\u00eb ka krijuar steriotipin e saj, si nj\u00eb vajz\u00eb pa\u00a0komplekse q\u00eb nuk e vret shum\u00eb mendjen se \u00e7far\u00eb thon\u00eb\u00a0apo mendojn\u00eb t\u00eb tjer\u00ebt. \u00cbsht\u00eb aktore, k\u00ebng\u00ebtare, autore\u00a0tekstesh dhe ka nj\u00eb mij\u00eb interesa n\u00eb jet\u00eb. Mbi t\u00eb gjitha i\u00a0p\u00eblqen t\u00eb eksperimentoj\u00eb pasi dihet, \u00e7do gj\u00eb e re \u00ebsht\u00eb e\u00a0bukur. Rozana Radi ka b\u00ebr\u00eb bumin e rradh\u00ebs [&hellip;]<\/p>\n","protected":false},"author":1,"featured_media":0,"comment_status":"open","ping_status":"closed","sticky":false,"template":"","format":"standard","meta":{"spay_email":"","jetpack_publicize_message":"","jetpack_is_tweetstorm":false,"jetpack_publicize_feature_enabled":true},"categories":[1],"tags":[4974],"jetpack_publicize_connections":[],"yoast_head":"<!-- This site is optimized with the Yoast SEO plugin v19.1 - https:\/\/yoast.com\/wordpress\/plugins\/seo\/ -->\n<title>Zbulohet i dashuri i Rozana Radit - Lajme nga Ulqini<\/title>\n<meta name=\"description\" content=\"Ajo tashm\u00eb ka krijuar steriotipin e saj, si nj\u00eb vajz\u00eb pa\u00a0komplekse q\u00eb nuk e vret shum\u00eb mendjen se \u00e7far\u00eb thon\u00eb\u00a0apo mendojn\u00eb t\u00eb tjer\u00ebt. \u00cbsht\u00eb aktore,\" \/>\n<meta name=\"robots\" content=\"index, follow, max-snippet:-1, max-image-preview:large, max-video-preview:-1\" \/>\n<link rel=\"canonical\" href=\"https:\/\/www.visit-ulcinj.com\/blog\/2008\/11\/08\/zbulohet-i-dashuri-i-rozana-radit\/\" \/>\n<meta property=\"og:locale\" content=\"en_US\" \/>\n<meta property=\"og:type\" content=\"article\" \/>\n<meta property=\"og:title\" content=\"Zbulohet i dashuri i Rozana Radit - Lajme nga Ulqini\" \/>\n<meta property=\"og:description\" content=\"Ajo tashm\u00eb ka krijuar steriotipin e saj, si nj\u00eb vajz\u00eb pa\u00a0komplekse q\u00eb nuk e vret shum\u00eb mendjen se \u00e7far\u00eb thon\u00eb\u00a0apo mendojn\u00eb t\u00eb tjer\u00ebt. \u00cbsht\u00eb aktore,\" \/>\n<meta property=\"og:url\" content=\"https:\/\/www.visit-ulcinj.com\/blog\/2008\/11\/08\/zbulohet-i-dashuri-i-rozana-radit\/\" \/>\n<meta property=\"og:site_name\" content=\"Lajme nga Ulqini\" \/>\n<meta property=\"article:published_time\" content=\"2008-11-08T12:32:05+00:00\" \/>\n<meta property=\"og:image\" content=\"https:\/\/www.visit-ulcinj.com\/blog\/wp-content\/uploads\/2008\/11\/rozana-radi-dhe-i-dashuri_3-150x150.jpg\" \/>\n<meta name=\"twitter:label1\" content=\"Written by\" \/>\n\t<meta name=\"twitter:data1\" content=\"ulqini\" \/>\n\t<meta name=\"twitter:label2\" content=\"Est. reading time\" \/>\n\t<meta name=\"twitter:data2\" content=\"2 minutes\" \/>\n<script type=\"application\/ld+json\" class=\"yoast-schema-graph\">{\"@context\":\"https:\/\/schema.org\",\"@graph\":[{\"@type\":\"WebSite\",\"@id\":\"https:\/\/www.visit-ulcinj.com\/blog\/#website\",\"url\":\"https:\/\/www.visit-ulcinj.com\/blog\/\",\"name\":\"Lajme nga Ulqini\",\"description\":\"Lajme,Vijesti,Ulqini,Ulqin,Crna Gora,Mali i Zi\",\"potentialAction\":[{\"@type\":\"SearchAction\",\"target\":{\"@type\":\"EntryPoint\",\"urlTemplate\":\"https:\/\/www.visit-ulcinj.com\/blog\/?s={search_term_string}\"},\"query-input\":\"required name=search_term_string\"}],\"inLanguage\":\"en-US\"},{\"@type\":\"ImageObject\",\"inLanguage\":\"en-US\",\"@id\":\"https:\/\/www.visit-ulcinj.com\/blog\/2008\/11\/08\/zbulohet-i-dashuri-i-rozana-radit\/#primaryimage\",\"url\":\"http:\/\/www.visit-ulcinj.com\/blog\/wp-content\/uploads\/2008\/11\/rozana-radi-dhe-i-dashuri_3-276x300.jpg\",\"contentUrl\":\"http:\/\/www.visit-ulcinj.com\/blog\/wp-content\/uploads\/2008\/11\/rozana-radi-dhe-i-dashuri_3-276x300.jpg\"},{\"@type\":\"WebPage\",\"@id\":\"https:\/\/www.visit-ulcinj.com\/blog\/2008\/11\/08\/zbulohet-i-dashuri-i-rozana-radit\/#webpage\",\"url\":\"https:\/\/www.visit-ulcinj.com\/blog\/2008\/11\/08\/zbulohet-i-dashuri-i-rozana-radit\/\",\"name\":\"Zbulohet i dashuri i Rozana Radit - Lajme nga Ulqini\",\"isPartOf\":{\"@id\":\"https:\/\/www.visit-ulcinj.com\/blog\/#website\"},\"primaryImageOfPage\":{\"@id\":\"https:\/\/www.visit-ulcinj.com\/blog\/2008\/11\/08\/zbulohet-i-dashuri-i-rozana-radit\/#primaryimage\"},\"datePublished\":\"2008-11-08T12:32:05+00:00\",\"dateModified\":\"2008-11-08T12:32:05+00:00\",\"author\":{\"@id\":\"https:\/\/www.visit-ulcinj.com\/blog\/#\/schema\/person\/dcab619c614d3038751c63bc2aadc06d\"},\"description\":\"Ajo tashm\u00eb ka krijuar steriotipin e saj, si nj\u00eb vajz\u00eb pa\u00a0komplekse q\u00eb nuk e vret shum\u00eb mendjen se \u00e7far\u00eb thon\u00eb\u00a0apo mendojn\u00eb t\u00eb tjer\u00ebt. \u00cbsht\u00eb aktore,\",\"breadcrumb\":{\"@id\":\"https:\/\/www.visit-ulcinj.com\/blog\/2008\/11\/08\/zbulohet-i-dashuri-i-rozana-radit\/#breadcrumb\"},\"inLanguage\":\"en-US\",\"potentialAction\":[{\"@type\":\"ReadAction\",\"target\":[\"https:\/\/www.visit-ulcinj.com\/blog\/2008\/11\/08\/zbulohet-i-dashuri-i-rozana-radit\/\"]}]},{\"@type\":\"BreadcrumbList\",\"@id\":\"https:\/\/www.visit-ulcinj.com\/blog\/2008\/11\/08\/zbulohet-i-dashuri-i-rozana-radit\/#breadcrumb\",\"itemListElement\":[{\"@type\":\"ListItem\",\"position\":1,\"name\":\"Zbulohet i dashuri i Rozana Radit\"}]},{\"@type\":\"Person\",\"@id\":\"https:\/\/www.visit-ulcinj.com\/blog\/#\/schema\/person\/dcab619c614d3038751c63bc2aadc06d\",\"name\":\"ulqini\",\"sameAs\":[\"http:\/\/www.visit-ulcinj.com\"],\"url\":\"https:\/\/www.visit-ulcinj.com\/blog\/author\/admin\/\"}]}<\/script>\n<!-- \/ Yoast SEO plugin. -->","yoast_head_json":{"title":"Zbulohet i dashuri i Rozana Radit - Lajme nga Ulqini","description":"Ajo tashm\u00eb ka krijuar steriotipin e saj, si nj\u00eb vajz\u00eb pa\u00a0komplekse q\u00eb nuk e vret shum\u00eb mendjen se \u00e7far\u00eb thon\u00eb\u00a0apo mendojn\u00eb t\u00eb tjer\u00ebt. \u00cbsht\u00eb aktore,","robots":{"index":"index","follow":"follow","max-snippet":"max-snippet:-1","max-image-preview":"max-image-preview:large","max-video-preview":"max-video-preview:-1"},"canonical":"https:\/\/www.visit-ulcinj.com\/blog\/2008\/11\/08\/zbulohet-i-dashuri-i-rozana-radit\/","og_locale":"en_US","og_type":"article","og_title":"Zbulohet i dashuri i Rozana Radit - Lajme nga Ulqini","og_description":"Ajo tashm\u00eb ka krijuar steriotipin e saj, si nj\u00eb vajz\u00eb pa\u00a0komplekse q\u00eb nuk e vret shum\u00eb mendjen se \u00e7far\u00eb thon\u00eb\u00a0apo mendojn\u00eb t\u00eb tjer\u00ebt. \u00cbsht\u00eb aktore,","og_url":"https:\/\/www.visit-ulcinj.com\/blog\/2008\/11\/08\/zbulohet-i-dashuri-i-rozana-radit\/","og_site_name":"Lajme nga Ulqini","article_published_time":"2008-11-08T12:32:05+00:00","og_image":[{"url":"https:\/\/www.visit-ulcinj.com\/blog\/wp-content\/uploads\/2008\/11\/rozana-radi-dhe-i-dashuri_3-150x150.jpg"}],"twitter_misc":{"Written by":"ulqini","Est. reading time":"2 minutes"},"schema":{"@context":"https:\/\/schema.org","@graph":[{"@type":"WebSite","@id":"https:\/\/www.visit-ulcinj.com\/blog\/#website","url":"https:\/\/www.visit-ulcinj.com\/blog\/","name":"Lajme nga Ulqini","description":"Lajme,Vijesti,Ulqini,Ulqin,Crna Gora,Mali i Zi","potentialAction":[{"@type":"SearchAction","target":{"@type":"EntryPoint","urlTemplate":"https:\/\/www.visit-ulcinj.com\/blog\/?s={search_term_string}"},"query-input":"required name=search_term_string"}],"inLanguage":"en-US"},{"@type":"ImageObject","inLanguage":"en-US","@id":"https:\/\/www.visit-ulcinj.com\/blog\/2008\/11\/08\/zbulohet-i-dashuri-i-rozana-radit\/#primaryimage","url":"http:\/\/www.visit-ulcinj.com\/blog\/wp-content\/uploads\/2008\/11\/rozana-radi-dhe-i-dashuri_3-276x300.jpg","contentUrl":"http:\/\/www.visit-ulcinj.com\/blog\/wp-content\/uploads\/2008\/11\/rozana-radi-dhe-i-dashuri_3-276x300.jpg"},{"@type":"WebPage","@id":"https:\/\/www.visit-ulcinj.com\/blog\/2008\/11\/08\/zbulohet-i-dashuri-i-rozana-radit\/#webpage","url":"https:\/\/www.visit-ulcinj.com\/blog\/2008\/11\/08\/zbulohet-i-dashuri-i-rozana-radit\/","name":"Zbulohet i dashuri i Rozana Radit - Lajme nga Ulqini","isPartOf":{"@id":"https:\/\/www.visit-ulcinj.com\/blog\/#website"},"primaryImageOfPage":{"@id":"https:\/\/www.visit-ulcinj.com\/blog\/2008\/11\/08\/zbulohet-i-dashuri-i-rozana-radit\/#primaryimage"},"datePublished":"2008-11-08T12:32:05+00:00","dateModified":"2008-11-08T12:32:05+00:00","author":{"@id":"https:\/\/www.visit-ulcinj.com\/blog\/#\/schema\/person\/dcab619c614d3038751c63bc2aadc06d"},"description":"Ajo tashm\u00eb ka krijuar steriotipin e saj, si nj\u00eb vajz\u00eb pa\u00a0komplekse q\u00eb nuk e vret shum\u00eb mendjen se \u00e7far\u00eb thon\u00eb\u00a0apo mendojn\u00eb t\u00eb tjer\u00ebt. \u00cbsht\u00eb aktore,","breadcrumb":{"@id":"https:\/\/www.visit-ulcinj.com\/blog\/2008\/11\/08\/zbulohet-i-dashuri-i-rozana-radit\/#breadcrumb"},"inLanguage":"en-US","potentialAction":[{"@type":"ReadAction","target":["https:\/\/www.visit-ulcinj.com\/blog\/2008\/11\/08\/zbulohet-i-dashuri-i-rozana-radit\/"]}]},{"@type":"BreadcrumbList","@id":"https:\/\/www.visit-ulcinj.com\/blog\/2008\/11\/08\/zbulohet-i-dashuri-i-rozana-radit\/#breadcrumb","itemListElement":[{"@type":"ListItem","position":1,"name":"Zbulohet i dashuri i Rozana Radit"}]},{"@type":"Person","@id":"https:\/\/www.visit-ulcinj.com\/blog\/#\/schema\/person\/dcab619c614d3038751c63bc2aadc06d","name":"ulqini","sameAs":["http:\/\/www.visit-ulcinj.com"],"url":"https:\/\/www.visit-ulcinj.com\/blog\/author\/admin\/"}]}},"jetpack_featured_media_url":"","jetpack_sharing_enabled":true,"jetpack_shortlink":"https:\/\/wp.me\/pe6lTn-1tP","_links":{"self":[{"href":"https:\/\/www.visit-ulcinj.com\/blog\/wp-json\/wp\/v2\/posts\/5693"}],"collection":[{"href":"https:\/\/www.visit-ulcinj.com\/blog\/wp-json\/wp\/v2\/posts"}],"about":[{"href":"https:\/\/www.visit-ulcinj.com\/blog\/wp-json\/wp\/v2\/types\/post"}],"author":[{"embeddable":true,"href":"https:\/\/www.visit-ulcinj.com\/blog\/wp-json\/wp\/v2\/users\/1"}],"replies":[{"embeddable":true,"href":"https:\/\/www.visit-ulcinj.com\/blog\/wp-json\/wp\/v2\/comments?post=5693"}],"version-history":[{"count":0,"href":"https:\/\/www.visit-ulcinj.com\/blog\/wp-json\/wp\/v2\/posts\/5693\/revisions"}],"wp:attachment":[{"href":"https:\/\/www.visit-ulcinj.com\/blog\/wp-json\/wp\/v2\/media?parent=5693"}],"wp:term":[{"taxonomy":"category","embeddable":true,"href":"https:\/\/www.visit-ulcinj.com\/blog\/wp-json\/wp\/v2\/categories?post=5693"},{"taxonomy":"post_tag","embeddable":true,"href":"https:\/\/www.visit-ulcinj.com\/blog\/wp-json\/wp\/v2\/tags?post=5693"}],"curies":[{"name":"wp","href":"https:\/\/api.w.org\/{rel}","templated":true}]}}