{"id":56993,"date":"2012-02-04T16:08:44","date_gmt":"2012-02-04T15:08:44","guid":{"rendered":"http:\/\/www.visit-ulcinj.com\/blog\/?p=56993"},"modified":"2012-02-04T16:12:03","modified_gmt":"2012-02-04T15:12:03","slug":"ulcinj-je-grad-u-crnoj-gori-a-ne-crnogorski-grad","status":"publish","type":"post","link":"https:\/\/www.visit-ulcinj.com\/blog\/2012\/02\/04\/ulcinj-je-grad-u-crnoj-gori-a-ne-crnogorski-grad\/","title":{"rendered":"Ulcinj je grad u Crnoj Gori, a ne crnogorski grad"},"content":{"rendered":"<p><a href=\"http:\/\/www.visit-ulcinj.com\/blog\/wp-content\/uploads\/2012\/02\/Mehmet-Zenka_Predsjednik-Demokratske-unije-Albanaca-DUA.jpg\"><img loading=\"lazy\" class=\"alignleft size-full wp-image-56994\" title=\"Mehmet Zenka_Predsjednik Demokratske unije Albanaca -DUA\" src=\"http:\/\/www.visit-ulcinj.com\/blog\/wp-content\/uploads\/2012\/02\/Mehmet-Zenka_Predsjednik-Demokratske-unije-Albanaca-DUA.jpg\" alt=\"\" width=\"490\" height=\"474\" srcset=\"https:\/\/www.visit-ulcinj.com\/blog\/wp-content\/uploads\/2012\/02\/Mehmet-Zenka_Predsjednik-Demokratske-unije-Albanaca-DUA.jpg 490w, https:\/\/www.visit-ulcinj.com\/blog\/wp-content\/uploads\/2012\/02\/Mehmet-Zenka_Predsjednik-Demokratske-unije-Albanaca-DUA-300x290.jpg 300w\" sizes=\"(max-width: 490px) 100vw, 490px\" \/><\/a>Vr\u0161ilac du\u017enosti predsjednika Demokratske unije Albanaca (DUA) Mehmet Zenka kazao je da aktuelna situacija i odnos dr\u017eave prema albanskom narodu navode na razmi\u0161ljanje da Ulcinj trenutno nije crnogorski grad, ve\u0107 samo grad u Crnoj Gori.<\/p>\n<p>Insistiraju\u0107i da odgovori na pitanje koje su \u201cVijesti\u201d u nedavnom intervjuu postavile gradona\u010delniku Nazifu Cunguu da li je za njega Ulcinj crnogorski grad ili grad u Crnoj Gori, Zenka je rekao da je za takvu percepciju zaslu\u017ene vlasti koje su u poslednjih 30 godina donosile odluke koje nijesu uvijek korespondirale sa interesima Albanaca u Crnoj Gori.<\/p>\n<p>&#8220;Za sada je percepcija takva, a da li \u0107e Ulcinj biti i crnogorski grad i da li \u0107e se Ulcinjani osje\u0107ati komotno u Crnoj Gori kao u svojoj dr\u017eavi, isklju\u010divo zavisi od dr\u017eave. Za to je potrebno samo malo vi\u0161e volje i rada na demokratizaciji dru\u0161tva&#8221;, kazao je Zenka u intervjuu &#8220;Vijestima&#8221;.<\/p>\n<p><strong>Da li su ta\u010dne spekulacije u javnosti i dijelu medija o raskidanju koalicije DUA i DPS-a na dr\u017eavnom i lokalnim nivoima?<\/strong><\/p>\n<p>To nije ta\u010dno. Rije\u010d o spekulacijama. Koalicija funkcioni\u0161e obostrano korektno, s tim \u0161to svako po\u0161tuje svoje programe i partijske interese.<\/p>\n<p>Za sada smo zadovoljni tim odnosima, a va\u017eno je da nas nijesu vezali sitni interesi nego evropske i evroatlanske integracije, \u0161to je DUA dokazala u klju\u010dnim i istorijski bitnim momentima za Crnu Goru. Naravno, usvajanje izbornog zakona je korak unazad kao i predlog Zakona o javnom redu i miru.<\/p>\n<p><strong>Mislite na upotrebu nacionalnih simbola?<\/strong><\/p>\n<p>Da. Sramotno je da u 21. vijeku raspravljamo o upotrebi nacionalnih simbola i sankcijama ukoliko se oni koriste. Ne \u017eelim da ulazim u igre oko definisanja nacionalnih simbola jer znamo da Albanci imaju jedan jedini simbol, a to je zastava. Nije to zastava samo dr\u017eave Albanije, ve\u0107 zastava svih Albanaca.<\/p>\n<p>Kosovska zastava u skorije vrijeme dobi\u0107e jo\u0161 jednu zvjezdicu koja \u0107e simbolizovati postojanje crnogorskog naroda na Kosovu. S pravom o\u010dekujem da Crnogorci na Kosovu ili u Albaniji, nose i viju zastave Crne Gore. Tako ni nama niko drugi ne treba da spo\u010ditava, pokazuje ili usmjerava kako da defini\u0161emo na\u0161 simbol. Ne dolazi u obzir da na na\u0161im privatnim veseljima ili svadbama nosimo bilo koju drugu zastavu, osim na\u0161e. Ne vidim ni razlog za\u0161to bi to nekom smetalo.<\/p>\n<p><strong>Op\u0161irnije u \u0161tampanom izdanju<\/strong><\/p>\n<p><a href=\"http:\/\/www.vijesti.me\/vijesti\/ulcinj-je-grad-crnoj-gori-a-ne-crnogorski-grad-clanak-59190\" target=\"_blank\"><strong>Samir Adrovi\u0107<\/strong><br \/>\n<strong>Vijesti<\/strong><\/a><\/p>\n","protected":false},"excerpt":{"rendered":"<p>Vr\u0161ilac du\u017enosti predsjednika Demokratske unije Albanaca (DUA) Mehmet Zenka kazao je da aktuelna situacija i odnos dr\u017eave prema albanskom narodu navode na razmi\u0161ljanje da Ulcinj trenutno nije crnogorski grad, ve\u0107 samo grad u Crnoj Gori. Insistiraju\u0107i da odgovori na pitanje koje su \u201cVijesti\u201d u nedavnom intervjuu postavile gradona\u010delniku Nazifu Cunguu da li je za njega [&hellip;]<\/p>\n","protected":false},"author":1,"featured_media":0,"comment_status":"open","ping_status":"closed","sticky":false,"template":"","format":"standard","meta":{"spay_email":"","jetpack_publicize_message":"","jetpack_is_tweetstorm":false,"jetpack_publicize_feature_enabled":true},"categories":[8337],"tags":[3371,19],"jetpack_publicize_connections":[],"yoast_head":"<!-- This site is optimized with the Yoast SEO plugin v19.1 - https:\/\/yoast.com\/wordpress\/plugins\/seo\/ -->\n<title>Ulcinj je grad u Crnoj Gori, a ne crnogorski grad - Lajme nga Ulqini<\/title>\n<meta name=\"description\" content=\"Vr\u0161ilac du\u017enosti predsjednika Demokratske unije Albanaca (DUA) Mehmet Zenka kazao je da aktuelna situacija i odnos dr\u017eave prema albanskom narodu navode na\" \/>\n<meta name=\"robots\" content=\"index, follow, max-snippet:-1, max-image-preview:large, max-video-preview:-1\" \/>\n<link rel=\"canonical\" href=\"https:\/\/www.visit-ulcinj.com\/blog\/2012\/02\/04\/ulcinj-je-grad-u-crnoj-gori-a-ne-crnogorski-grad\/\" \/>\n<meta property=\"og:locale\" content=\"en_US\" \/>\n<meta property=\"og:type\" content=\"article\" \/>\n<meta property=\"og:title\" content=\"Ulcinj je grad u Crnoj Gori, a ne crnogorski grad - Lajme nga Ulqini\" \/>\n<meta property=\"og:description\" content=\"Vr\u0161ilac du\u017enosti predsjednika Demokratske unije Albanaca (DUA) Mehmet Zenka kazao je da aktuelna situacija i odnos dr\u017eave prema albanskom narodu navode na\" \/>\n<meta property=\"og:url\" content=\"https:\/\/www.visit-ulcinj.com\/blog\/2012\/02\/04\/ulcinj-je-grad-u-crnoj-gori-a-ne-crnogorski-grad\/\" \/>\n<meta property=\"og:site_name\" content=\"Lajme nga Ulqini\" \/>\n<meta property=\"article:published_time\" content=\"2012-02-04T15:08:44+00:00\" \/>\n<meta property=\"article:modified_time\" content=\"2012-02-04T15:12:03+00:00\" \/>\n<meta property=\"og:image\" content=\"http:\/\/www.visit-ulcinj.com\/blog\/wp-content\/uploads\/2012\/02\/Mehmet-Zenka_Predsjednik-Demokratske-unije-Albanaca-DUA.jpg\" \/>\n<meta name=\"twitter:label1\" content=\"Written by\" \/>\n\t<meta name=\"twitter:data1\" content=\"ulqini\" \/>\n\t<meta name=\"twitter:label2\" content=\"Est. reading time\" \/>\n\t<meta name=\"twitter:data2\" content=\"2 minutes\" \/>\n<script type=\"application\/ld+json\" class=\"yoast-schema-graph\">{\"@context\":\"https:\/\/schema.org\",\"@graph\":[{\"@type\":\"WebSite\",\"@id\":\"https:\/\/www.visit-ulcinj.com\/blog\/#website\",\"url\":\"https:\/\/www.visit-ulcinj.com\/blog\/\",\"name\":\"Lajme nga Ulqini\",\"description\":\"Lajme,Vijesti,Ulqini,Ulqin,Crna Gora,Mali i Zi\",\"potentialAction\":[{\"@type\":\"SearchAction\",\"target\":{\"@type\":\"EntryPoint\",\"urlTemplate\":\"https:\/\/www.visit-ulcinj.com\/blog\/?s={search_term_string}\"},\"query-input\":\"required name=search_term_string\"}],\"inLanguage\":\"en-US\"},{\"@type\":\"ImageObject\",\"inLanguage\":\"en-US\",\"@id\":\"https:\/\/www.visit-ulcinj.com\/blog\/2012\/02\/04\/ulcinj-je-grad-u-crnoj-gori-a-ne-crnogorski-grad\/#primaryimage\",\"url\":\"https:\/\/www.visit-ulcinj.com\/blog\/wp-content\/uploads\/2012\/02\/Mehmet-Zenka_Predsjednik-Demokratske-unije-Albanaca-DUA.jpg\",\"contentUrl\":\"https:\/\/www.visit-ulcinj.com\/blog\/wp-content\/uploads\/2012\/02\/Mehmet-Zenka_Predsjednik-Demokratske-unije-Albanaca-DUA.jpg\",\"width\":\"490\",\"height\":\"474\"},{\"@type\":\"WebPage\",\"@id\":\"https:\/\/www.visit-ulcinj.com\/blog\/2012\/02\/04\/ulcinj-je-grad-u-crnoj-gori-a-ne-crnogorski-grad\/#webpage\",\"url\":\"https:\/\/www.visit-ulcinj.com\/blog\/2012\/02\/04\/ulcinj-je-grad-u-crnoj-gori-a-ne-crnogorski-grad\/\",\"name\":\"Ulcinj je grad u Crnoj Gori, a ne crnogorski grad - Lajme nga Ulqini\",\"isPartOf\":{\"@id\":\"https:\/\/www.visit-ulcinj.com\/blog\/#website\"},\"primaryImageOfPage\":{\"@id\":\"https:\/\/www.visit-ulcinj.com\/blog\/2012\/02\/04\/ulcinj-je-grad-u-crnoj-gori-a-ne-crnogorski-grad\/#primaryimage\"},\"datePublished\":\"2012-02-04T15:08:44+00:00\",\"dateModified\":\"2012-02-04T15:12:03+00:00\",\"author\":{\"@id\":\"https:\/\/www.visit-ulcinj.com\/blog\/#\/schema\/person\/dcab619c614d3038751c63bc2aadc06d\"},\"description\":\"Vr\u0161ilac du\u017enosti predsjednika Demokratske unije Albanaca (DUA) Mehmet Zenka kazao je da aktuelna situacija i odnos dr\u017eave prema albanskom narodu navode na\",\"breadcrumb\":{\"@id\":\"https:\/\/www.visit-ulcinj.com\/blog\/2012\/02\/04\/ulcinj-je-grad-u-crnoj-gori-a-ne-crnogorski-grad\/#breadcrumb\"},\"inLanguage\":\"en-US\",\"potentialAction\":[{\"@type\":\"ReadAction\",\"target\":[\"https:\/\/www.visit-ulcinj.com\/blog\/2012\/02\/04\/ulcinj-je-grad-u-crnoj-gori-a-ne-crnogorski-grad\/\"]}]},{\"@type\":\"BreadcrumbList\",\"@id\":\"https:\/\/www.visit-ulcinj.com\/blog\/2012\/02\/04\/ulcinj-je-grad-u-crnoj-gori-a-ne-crnogorski-grad\/#breadcrumb\",\"itemListElement\":[{\"@type\":\"ListItem\",\"position\":1,\"name\":\"Ulcinj je grad u Crnoj Gori, a ne crnogorski grad\"}]},{\"@type\":\"Person\",\"@id\":\"https:\/\/www.visit-ulcinj.com\/blog\/#\/schema\/person\/dcab619c614d3038751c63bc2aadc06d\",\"name\":\"ulqini\",\"sameAs\":[\"http:\/\/www.visit-ulcinj.com\"],\"url\":\"https:\/\/www.visit-ulcinj.com\/blog\/author\/admin\/\"}]}<\/script>\n<!-- \/ Yoast SEO plugin. -->","yoast_head_json":{"title":"Ulcinj je grad u Crnoj Gori, a ne crnogorski grad - Lajme nga Ulqini","description":"Vr\u0161ilac du\u017enosti predsjednika Demokratske unije Albanaca (DUA) Mehmet Zenka kazao je da aktuelna situacija i odnos dr\u017eave prema albanskom narodu navode na","robots":{"index":"index","follow":"follow","max-snippet":"max-snippet:-1","max-image-preview":"max-image-preview:large","max-video-preview":"max-video-preview:-1"},"canonical":"https:\/\/www.visit-ulcinj.com\/blog\/2012\/02\/04\/ulcinj-je-grad-u-crnoj-gori-a-ne-crnogorski-grad\/","og_locale":"en_US","og_type":"article","og_title":"Ulcinj je grad u Crnoj Gori, a ne crnogorski grad - Lajme nga Ulqini","og_description":"Vr\u0161ilac du\u017enosti predsjednika Demokratske unije Albanaca (DUA) Mehmet Zenka kazao je da aktuelna situacija i odnos dr\u017eave prema albanskom narodu navode na","og_url":"https:\/\/www.visit-ulcinj.com\/blog\/2012\/02\/04\/ulcinj-je-grad-u-crnoj-gori-a-ne-crnogorski-grad\/","og_site_name":"Lajme nga Ulqini","article_published_time":"2012-02-04T15:08:44+00:00","article_modified_time":"2012-02-04T15:12:03+00:00","og_image":[{"url":"http:\/\/www.visit-ulcinj.com\/blog\/wp-content\/uploads\/2012\/02\/Mehmet-Zenka_Predsjednik-Demokratske-unije-Albanaca-DUA.jpg"}],"twitter_misc":{"Written by":"ulqini","Est. reading time":"2 minutes"},"schema":{"@context":"https:\/\/schema.org","@graph":[{"@type":"WebSite","@id":"https:\/\/www.visit-ulcinj.com\/blog\/#website","url":"https:\/\/www.visit-ulcinj.com\/blog\/","name":"Lajme nga Ulqini","description":"Lajme,Vijesti,Ulqini,Ulqin,Crna Gora,Mali i Zi","potentialAction":[{"@type":"SearchAction","target":{"@type":"EntryPoint","urlTemplate":"https:\/\/www.visit-ulcinj.com\/blog\/?s={search_term_string}"},"query-input":"required name=search_term_string"}],"inLanguage":"en-US"},{"@type":"ImageObject","inLanguage":"en-US","@id":"https:\/\/www.visit-ulcinj.com\/blog\/2012\/02\/04\/ulcinj-je-grad-u-crnoj-gori-a-ne-crnogorski-grad\/#primaryimage","url":"https:\/\/www.visit-ulcinj.com\/blog\/wp-content\/uploads\/2012\/02\/Mehmet-Zenka_Predsjednik-Demokratske-unije-Albanaca-DUA.jpg","contentUrl":"https:\/\/www.visit-ulcinj.com\/blog\/wp-content\/uploads\/2012\/02\/Mehmet-Zenka_Predsjednik-Demokratske-unije-Albanaca-DUA.jpg","width":"490","height":"474"},{"@type":"WebPage","@id":"https:\/\/www.visit-ulcinj.com\/blog\/2012\/02\/04\/ulcinj-je-grad-u-crnoj-gori-a-ne-crnogorski-grad\/#webpage","url":"https:\/\/www.visit-ulcinj.com\/blog\/2012\/02\/04\/ulcinj-je-grad-u-crnoj-gori-a-ne-crnogorski-grad\/","name":"Ulcinj je grad u Crnoj Gori, a ne crnogorski grad - Lajme nga Ulqini","isPartOf":{"@id":"https:\/\/www.visit-ulcinj.com\/blog\/#website"},"primaryImageOfPage":{"@id":"https:\/\/www.visit-ulcinj.com\/blog\/2012\/02\/04\/ulcinj-je-grad-u-crnoj-gori-a-ne-crnogorski-grad\/#primaryimage"},"datePublished":"2012-02-04T15:08:44+00:00","dateModified":"2012-02-04T15:12:03+00:00","author":{"@id":"https:\/\/www.visit-ulcinj.com\/blog\/#\/schema\/person\/dcab619c614d3038751c63bc2aadc06d"},"description":"Vr\u0161ilac du\u017enosti predsjednika Demokratske unije Albanaca (DUA) Mehmet Zenka kazao je da aktuelna situacija i odnos dr\u017eave prema albanskom narodu navode na","breadcrumb":{"@id":"https:\/\/www.visit-ulcinj.com\/blog\/2012\/02\/04\/ulcinj-je-grad-u-crnoj-gori-a-ne-crnogorski-grad\/#breadcrumb"},"inLanguage":"en-US","potentialAction":[{"@type":"ReadAction","target":["https:\/\/www.visit-ulcinj.com\/blog\/2012\/02\/04\/ulcinj-je-grad-u-crnoj-gori-a-ne-crnogorski-grad\/"]}]},{"@type":"BreadcrumbList","@id":"https:\/\/www.visit-ulcinj.com\/blog\/2012\/02\/04\/ulcinj-je-grad-u-crnoj-gori-a-ne-crnogorski-grad\/#breadcrumb","itemListElement":[{"@type":"ListItem","position":1,"name":"Ulcinj je grad u Crnoj Gori, a ne crnogorski grad"}]},{"@type":"Person","@id":"https:\/\/www.visit-ulcinj.com\/blog\/#\/schema\/person\/dcab619c614d3038751c63bc2aadc06d","name":"ulqini","sameAs":["http:\/\/www.visit-ulcinj.com"],"url":"https:\/\/www.visit-ulcinj.com\/blog\/author\/admin\/"}]}},"jetpack_featured_media_url":"","jetpack_sharing_enabled":true,"jetpack_shortlink":"https:\/\/wp.me\/pe6lTn-ePf","_links":{"self":[{"href":"https:\/\/www.visit-ulcinj.com\/blog\/wp-json\/wp\/v2\/posts\/56993"}],"collection":[{"href":"https:\/\/www.visit-ulcinj.com\/blog\/wp-json\/wp\/v2\/posts"}],"about":[{"href":"https:\/\/www.visit-ulcinj.com\/blog\/wp-json\/wp\/v2\/types\/post"}],"author":[{"embeddable":true,"href":"https:\/\/www.visit-ulcinj.com\/blog\/wp-json\/wp\/v2\/users\/1"}],"replies":[{"embeddable":true,"href":"https:\/\/www.visit-ulcinj.com\/blog\/wp-json\/wp\/v2\/comments?post=56993"}],"version-history":[{"count":2,"href":"https:\/\/www.visit-ulcinj.com\/blog\/wp-json\/wp\/v2\/posts\/56993\/revisions"}],"predecessor-version":[{"id":56998,"href":"https:\/\/www.visit-ulcinj.com\/blog\/wp-json\/wp\/v2\/posts\/56993\/revisions\/56998"}],"wp:attachment":[{"href":"https:\/\/www.visit-ulcinj.com\/blog\/wp-json\/wp\/v2\/media?parent=56993"}],"wp:term":[{"taxonomy":"category","embeddable":true,"href":"https:\/\/www.visit-ulcinj.com\/blog\/wp-json\/wp\/v2\/categories?post=56993"},{"taxonomy":"post_tag","embeddable":true,"href":"https:\/\/www.visit-ulcinj.com\/blog\/wp-json\/wp\/v2\/tags?post=56993"}],"curies":[{"name":"wp","href":"https:\/\/api.w.org\/{rel}","templated":true}]}}