{"id":56999,"date":"2012-02-04T17:33:26","date_gmt":"2012-02-04T16:33:26","guid":{"rendered":"http:\/\/www.visit-ulcinj.com\/blog\/?p=56999"},"modified":"2012-02-04T17:40:48","modified_gmt":"2012-02-04T16:40:48","slug":"sugestije-o-izmjeni-odluke-o-naknadi-za-koriscenje-privremenih-objekata-na-obali-rijeke-bojane","status":"publish","type":"post","link":"https:\/\/www.visit-ulcinj.com\/blog\/2012\/02\/04\/sugestije-o-izmjeni-odluke-o-naknadi-za-koriscenje-privremenih-objekata-na-obali-rijeke-bojane\/","title":{"rendered":"Sugestije o izmjeni Odluke o naknadi za kori\u0161\u0107enje privremenih objekata na obali rijeke Bojane"},"content":{"rendered":"<p><a href=\"http:\/\/www.visit-ulcinj.com\/blog\/wp-content\/uploads\/2012\/02\/Ada-Bojana.3.jpg\"><img loading=\"lazy\" class=\"alignleft  wp-image-57000\" title=\"&lt;Digimax S500 \/ Kenox S500 \/ Digimax Cyber 530&gt;\" src=\"http:\/\/www.visit-ulcinj.com\/blog\/wp-content\/uploads\/2012\/02\/Ada-Bojana.3.jpg\" alt=\"\" width=\"508\" height=\"380\" srcset=\"https:\/\/www.visit-ulcinj.com\/blog\/wp-content\/uploads\/2012\/02\/Ada-Bojana.3.jpg 778w, https:\/\/www.visit-ulcinj.com\/blog\/wp-content\/uploads\/2012\/02\/Ada-Bojana.3-300x224.jpg 300w\" sizes=\"(max-width: 508px) 100vw, 508px\" \/><\/a>Sekretar za privedu i ekonomski razvoj Valdet\u00a0Ad\u017eemovi\u0107 je poslao dopis nadleznim ministarstvima sa sugestijama na izmjeni Odluke o naknadi za kori\u0161\u0107enje privremenih objekata na obali rijeke Bojane.<\/p>\n<p>Ovim pismom lokalna uprava jos jednom daje podrsku iniciativi vlasnicima ribarskih kucica koji ne \u017eele da njihovi objekti budu tretirani kao objekti koji slu\u017ee kao vikendice, i da se svrstavaju kao komercijalni objekti nego da se tretiraju posebnom kategorijom, ribarska kucica .<\/p>\n<p>Pismo je prosljedjeno<\/p>\n<p>Ministarstvu ekonomije<br \/>\nMinistarstvu odr\u017eivog razvoja i turizma<br \/>\nMinistarstvu Finansija<br \/>\nJP Morsko Dobro<\/p>\n<p><a href=\"http:\/\/www.visit-ulcinj.com\/blog\/wp-content\/uploads\/2012\/02\/OPSTINA-ULCINJ-KOMUNA-ULQINIT.jpg\"><img loading=\"lazy\" class=\"alignleft size-full wp-image-57001\" title=\"OPSTINA ULCINJ - KOMUNA ULQINIT\" src=\"http:\/\/www.visit-ulcinj.com\/blog\/wp-content\/uploads\/2012\/02\/OPSTINA-ULCINJ-KOMUNA-ULQINIT.jpg\" alt=\"\" width=\"508\" height=\"78\" srcset=\"https:\/\/www.visit-ulcinj.com\/blog\/wp-content\/uploads\/2012\/02\/OPSTINA-ULCINJ-KOMUNA-ULQINIT.jpg 508w, https:\/\/www.visit-ulcinj.com\/blog\/wp-content\/uploads\/2012\/02\/OPSTINA-ULCINJ-KOMUNA-ULQINIT-300x46.jpg 300w\" sizes=\"(max-width: 508px) 100vw, 508px\" \/><\/a><\/p>\n<p><strong>Crna Gora<\/strong><\/p>\n<p><strong>Mali i zi<\/strong><\/p>\n<p><strong>Op\u0161tina Ulcinj<\/strong><\/p>\n<p><strong>Komuna e Ulqinit<\/strong><\/p>\n<p><strong>Sekretarijat za privredu i ekonomski razvoj<\/strong><\/p>\n<p><strong>Sekretariati per ekonomi<\/strong><\/p>\n<p><strong>\u00a0<\/strong><\/p>\n<p>Br\/Nr: 08 \u2013 584\/1 -12<\/p>\n<p>Ulcinj \/ Ulqin , 30.01.2012godine<\/p>\n<p>&nbsp;<\/p>\n<p align=\"center\"><strong>VLADA CRNE GORE<\/strong><\/p>\n<p align=\"center\"><strong>n\/r \u2013 Igor Luk\u0161i\u0107, predsjednik<\/strong><\/p>\n<p align=\"right\"><strong>\u00a0<\/strong><\/p>\n<p align=\"right\"><strong>Podgorica<\/strong><\/p>\n<p align=\"right\"><strong>\u00a0<\/strong><\/p>\n<p><strong>Predmet: Sugestije o izmjeni Odluke o naknadi za kori\u0161\u0107enje privremenih<\/strong><\/p>\n<p><strong>objekata na obali rijeke Bojane<\/strong><\/p>\n<p><strong>\u00a0<\/strong><\/p>\n<p>Po\u0161tovani Predsjedni\u010de,<\/p>\n<p>Na 44. sjednici Vlada Crne Gore odr\u017eanoj 08.12.2011. godine na predlog JP Morsko Dobro ta\u010dka 11. Vlada je donijela zaklju\u010dke o privremenim objektima na obali rijeke Bojane.<\/p>\n<p>S obzirom da je ovim zaklju\u010dcima done\u0161ena odluka da se termin ribarske ku\u0107e ukine i da se uvede novi na\u010din obra\u010dunavanja naknade za zakup-kori\u0161\u0107enje privremenih lokacija u skladu sa predlo\u017eenim cjenovnikom od strane JP Morsko<\/p>\n<p>Dobro, mi\u0161ljenja smo da bi isti trebalo ponovno razmotriti i vratiti termin ribarska ku\u0107a.<\/p>\n<p>Naime JP Morsko Dobro je u svom obrazlo\u017eenju za ukidanjem termina ribarska ku\u0107a dostavljenom Vladi, kazalo da uva\u017eavaju\u0107i da visina zakupnine zavisi od kvadrature i kategorizacije privremenog objekta, odnosno \u010dinjenice da je<\/p>\n<p>privremeni objekat prepoznat kao vikend objekat ili ribarska ku\u0107ica, JP cijeni da za 2011 godinu treba izbje\u0107i nedore\u010denost, koja je posledica nepreciznosti kriterijuma koji odre\u0111uju da li je neki objekat vikendica ili ribarska ku\u0107ica u smislu objekta male povr\u0161ine i manjeg stepena izgra\u0111enosti.<\/p>\n<p>Cijenimo da je istim kriterijumima vr\u0161ena nadoknada i u 2010 godini, i smatramo da je bilo dovoljno vremena da se ukoliko se uvidjela nedore\u010denost, odnosno nepreciznosti kriterijuma, krene u izradu novih kriterijuma u cilju o\u010duvanja rijeke Bojane i njenih vrijednosti ribarskih ku\u0107ica, a ne isklju\u010divanjem istih.<\/p>\n<p>Tako\u0111e ovom odlukom nisu zadovoljni ni vlasnici ribarskih ku\u0107ica koji ne \u017eele da njihovi objekti budu tretirani kao objekti koji slu\u017ee kao vikendice, i da se svrstavaju kao komercijalni objekti.<\/p>\n<p>Mi kao lokalna samouprava podr\u017eavamo njihovu inicijativu, pa shodno tome,molimo Vas da jos jednom razmotrite navedenu odluku, da se razmotri usvajanje novih kriterijuma za kategorizaciju ribarskih ku\u0107ica u saradnji sa lokalnomsamoupravom i ribarima na Bojani.<\/p>\n<p>Smatramo da bi ova nova kategorzacija u skladu sa donesenim kriteterijumima i formiranje komisije koja bi izvr\u0161ila procjenu ku\u0107ica spre\u010dila dalja nezadovoljstva ribara i mje\u0161tana op\u0161tine Ulcinj.<\/p>\n<p>U cilju iznala\u017eenja rje\u0161enja ovog problema, kao i o\u010duvanja autenti\u010dnosti i turisti\u010dke atrakcije, odnosno prirodnih vrijednosti rijeke Bojane, molimo Vas da razmotrite na\u0161e sugestije i predloge.<\/p>\n<p>&nbsp;<\/p>\n<p>Unaprijed hvala,<\/p>\n<p>&nbsp;<\/p>\n<p align=\"right\">S po\u0161tovanjem,<\/p>\n<p align=\"right\"><strong>V.D. SEKRETAR<\/strong><\/p>\n<p align=\"right\"><strong>\u00a0\u00a0\u00a0\u00a0\u00a0\u00a0\u00a0\u00a0\u00a0\u00a0\u00a0\u00a0\u00a0\u00a0\u00a0\u00a0\u00a0\u00a0\u00a0\u00a0\u00a0\u00a0\u00a0\u00a0\u00a0\u00a0\u00a0\u00a0\u00a0\u00a0\u00a0\u00a0\u00a0\u00a0\u00a0\u00a0\u00a0\u00a0\u00a0\u00a0\u00a0\u00a0\u00a0\u00a0\u00a0\u00a0\u00a0\u00a0\u00a0 Valdet Ad\u017eemovi\u0107\u00a0\u00a0\u00a0\u00a0\u00a0 <\/strong><\/p>\n<p><strong>\u00a0<\/strong><\/p>\n<p><strong>\u00a0<\/strong><\/p>\n<p><strong>Dostavljeno:<\/strong><\/p>\n<p>&#8211; <strong>Ministarstvu ekonomije<\/strong><\/p>\n<p>&#8211; <strong>Ministarstvu odr\u017eivog razvoja i turizma<\/strong><\/p>\n<p>&#8211; <strong>Ministarstvu Finansija<\/strong><\/p>\n<p>&#8211; <strong>JP Morsko Dobro<\/strong><\/p>\n<p>&nbsp;<\/p>\n<p><strong>Izvor: Op\u0161tina Ulcinj<\/strong><\/p>\n","protected":false},"excerpt":{"rendered":"<p>Sekretar za privedu i ekonomski razvoj Valdet\u00a0Ad\u017eemovi\u0107 je poslao dopis nadleznim ministarstvima sa sugestijama na izmjeni Odluke o naknadi za kori\u0161\u0107enje privremenih objekata na obali rijeke Bojane. Ovim pismom lokalna uprava jos jednom daje podrsku iniciativi vlasnicima ribarskih kucica koji ne \u017eele da njihovi objekti budu tretirani kao objekti koji slu\u017ee kao vikendice, i da [&hellip;]<\/p>\n","protected":false},"author":1,"featured_media":0,"comment_status":"open","ping_status":"closed","sticky":false,"template":"","format":"standard","meta":{"spay_email":"","jetpack_publicize_message":"","jetpack_is_tweetstorm":false,"jetpack_publicize_feature_enabled":true},"categories":[8337],"tags":[138,19972,2725,19973],"jetpack_publicize_connections":[],"yoast_head":"<!-- This site is optimized with the Yoast SEO plugin v19.1 - https:\/\/yoast.com\/wordpress\/plugins\/seo\/ -->\n<title>Sugestije o izmjeni Odluke o naknadi za kori\u0161\u0107enje privremenih objekata na obali rijeke Bojane - Lajme nga Ulqini<\/title>\n<meta name=\"description\" content=\"Sekretar za privedu i ekonomski razvoj Valdet\u00a0Ad\u017eemovi\u0107 je poslao dopis nadleznim ministarstvima sa sugestijama na izmjeni Odluke o naknadi za kori\u0161\u0107enje\" \/>\n<meta name=\"robots\" content=\"index, follow, max-snippet:-1, max-image-preview:large, max-video-preview:-1\" \/>\n<link rel=\"canonical\" href=\"https:\/\/www.visit-ulcinj.com\/blog\/2012\/02\/04\/sugestije-o-izmjeni-odluke-o-naknadi-za-koriscenje-privremenih-objekata-na-obali-rijeke-bojane\/\" \/>\n<meta property=\"og:locale\" content=\"en_US\" \/>\n<meta property=\"og:type\" content=\"article\" \/>\n<meta property=\"og:title\" content=\"Sugestije o izmjeni Odluke o naknadi za kori\u0161\u0107enje privremenih objekata na obali rijeke Bojane - Lajme nga Ulqini\" \/>\n<meta property=\"og:description\" content=\"Sekretar za privedu i ekonomski razvoj Valdet\u00a0Ad\u017eemovi\u0107 je poslao dopis nadleznim ministarstvima sa sugestijama na izmjeni Odluke o naknadi za kori\u0161\u0107enje\" \/>\n<meta property=\"og:url\" content=\"https:\/\/www.visit-ulcinj.com\/blog\/2012\/02\/04\/sugestije-o-izmjeni-odluke-o-naknadi-za-koriscenje-privremenih-objekata-na-obali-rijeke-bojane\/\" \/>\n<meta property=\"og:site_name\" content=\"Lajme nga Ulqini\" \/>\n<meta property=\"article:published_time\" content=\"2012-02-04T16:33:26+00:00\" \/>\n<meta property=\"article:modified_time\" content=\"2012-02-04T16:40:48+00:00\" \/>\n<meta property=\"og:image\" content=\"http:\/\/www.visit-ulcinj.com\/blog\/wp-content\/uploads\/2012\/02\/Ada-Bojana.3.jpg\" \/>\n<meta name=\"twitter:label1\" content=\"Written by\" \/>\n\t<meta name=\"twitter:data1\" content=\"ulqini\" \/>\n\t<meta name=\"twitter:label2\" content=\"Est. reading time\" \/>\n\t<meta name=\"twitter:data2\" content=\"3 minutes\" \/>\n<script type=\"application\/ld+json\" class=\"yoast-schema-graph\">{\"@context\":\"https:\/\/schema.org\",\"@graph\":[{\"@type\":\"WebSite\",\"@id\":\"https:\/\/www.visit-ulcinj.com\/blog\/#website\",\"url\":\"https:\/\/www.visit-ulcinj.com\/blog\/\",\"name\":\"Lajme nga Ulqini\",\"description\":\"Lajme,Vijesti,Ulqini,Ulqin,Crna Gora,Mali i Zi\",\"potentialAction\":[{\"@type\":\"SearchAction\",\"target\":{\"@type\":\"EntryPoint\",\"urlTemplate\":\"https:\/\/www.visit-ulcinj.com\/blog\/?s={search_term_string}\"},\"query-input\":\"required name=search_term_string\"}],\"inLanguage\":\"en-US\"},{\"@type\":\"ImageObject\",\"inLanguage\":\"en-US\",\"@id\":\"https:\/\/www.visit-ulcinj.com\/blog\/2012\/02\/04\/sugestije-o-izmjeni-odluke-o-naknadi-za-koriscenje-privremenih-objekata-na-obali-rijeke-bojane\/#primaryimage\",\"url\":\"https:\/\/www.visit-ulcinj.com\/blog\/wp-content\/uploads\/2012\/02\/Ada-Bojana.3.jpg\",\"contentUrl\":\"https:\/\/www.visit-ulcinj.com\/blog\/wp-content\/uploads\/2012\/02\/Ada-Bojana.3.jpg\",\"width\":\"778\",\"height\":\"583\"},{\"@type\":\"WebPage\",\"@id\":\"https:\/\/www.visit-ulcinj.com\/blog\/2012\/02\/04\/sugestije-o-izmjeni-odluke-o-naknadi-za-koriscenje-privremenih-objekata-na-obali-rijeke-bojane\/#webpage\",\"url\":\"https:\/\/www.visit-ulcinj.com\/blog\/2012\/02\/04\/sugestije-o-izmjeni-odluke-o-naknadi-za-koriscenje-privremenih-objekata-na-obali-rijeke-bojane\/\",\"name\":\"Sugestije o izmjeni Odluke o naknadi za kori\u0161\u0107enje privremenih objekata na obali rijeke Bojane - Lajme nga Ulqini\",\"isPartOf\":{\"@id\":\"https:\/\/www.visit-ulcinj.com\/blog\/#website\"},\"primaryImageOfPage\":{\"@id\":\"https:\/\/www.visit-ulcinj.com\/blog\/2012\/02\/04\/sugestije-o-izmjeni-odluke-o-naknadi-za-koriscenje-privremenih-objekata-na-obali-rijeke-bojane\/#primaryimage\"},\"datePublished\":\"2012-02-04T16:33:26+00:00\",\"dateModified\":\"2012-02-04T16:40:48+00:00\",\"author\":{\"@id\":\"https:\/\/www.visit-ulcinj.com\/blog\/#\/schema\/person\/dcab619c614d3038751c63bc2aadc06d\"},\"description\":\"Sekretar za privedu i ekonomski razvoj Valdet\u00a0Ad\u017eemovi\u0107 je poslao dopis nadleznim ministarstvima sa sugestijama na izmjeni Odluke o naknadi za kori\u0161\u0107enje\",\"breadcrumb\":{\"@id\":\"https:\/\/www.visit-ulcinj.com\/blog\/2012\/02\/04\/sugestije-o-izmjeni-odluke-o-naknadi-za-koriscenje-privremenih-objekata-na-obali-rijeke-bojane\/#breadcrumb\"},\"inLanguage\":\"en-US\",\"potentialAction\":[{\"@type\":\"ReadAction\",\"target\":[\"https:\/\/www.visit-ulcinj.com\/blog\/2012\/02\/04\/sugestije-o-izmjeni-odluke-o-naknadi-za-koriscenje-privremenih-objekata-na-obali-rijeke-bojane\/\"]}]},{\"@type\":\"BreadcrumbList\",\"@id\":\"https:\/\/www.visit-ulcinj.com\/blog\/2012\/02\/04\/sugestije-o-izmjeni-odluke-o-naknadi-za-koriscenje-privremenih-objekata-na-obali-rijeke-bojane\/#breadcrumb\",\"itemListElement\":[{\"@type\":\"ListItem\",\"position\":1,\"name\":\"Sugestije o izmjeni Odluke o naknadi za kori\u0161\u0107enje privremenih objekata na obali rijeke Bojane\"}]},{\"@type\":\"Person\",\"@id\":\"https:\/\/www.visit-ulcinj.com\/blog\/#\/schema\/person\/dcab619c614d3038751c63bc2aadc06d\",\"name\":\"ulqini\",\"sameAs\":[\"http:\/\/www.visit-ulcinj.com\"],\"url\":\"https:\/\/www.visit-ulcinj.com\/blog\/author\/admin\/\"}]}<\/script>\n<!-- \/ Yoast SEO plugin. -->","yoast_head_json":{"title":"Sugestije o izmjeni Odluke o naknadi za kori\u0161\u0107enje privremenih objekata na obali rijeke Bojane - Lajme nga Ulqini","description":"Sekretar za privedu i ekonomski razvoj Valdet\u00a0Ad\u017eemovi\u0107 je poslao dopis nadleznim ministarstvima sa sugestijama na izmjeni Odluke o naknadi za kori\u0161\u0107enje","robots":{"index":"index","follow":"follow","max-snippet":"max-snippet:-1","max-image-preview":"max-image-preview:large","max-video-preview":"max-video-preview:-1"},"canonical":"https:\/\/www.visit-ulcinj.com\/blog\/2012\/02\/04\/sugestije-o-izmjeni-odluke-o-naknadi-za-koriscenje-privremenih-objekata-na-obali-rijeke-bojane\/","og_locale":"en_US","og_type":"article","og_title":"Sugestije o izmjeni Odluke o naknadi za kori\u0161\u0107enje privremenih objekata na obali rijeke Bojane - Lajme nga Ulqini","og_description":"Sekretar za privedu i ekonomski razvoj Valdet\u00a0Ad\u017eemovi\u0107 je poslao dopis nadleznim ministarstvima sa sugestijama na izmjeni Odluke o naknadi za kori\u0161\u0107enje","og_url":"https:\/\/www.visit-ulcinj.com\/blog\/2012\/02\/04\/sugestije-o-izmjeni-odluke-o-naknadi-za-koriscenje-privremenih-objekata-na-obali-rijeke-bojane\/","og_site_name":"Lajme nga Ulqini","article_published_time":"2012-02-04T16:33:26+00:00","article_modified_time":"2012-02-04T16:40:48+00:00","og_image":[{"url":"http:\/\/www.visit-ulcinj.com\/blog\/wp-content\/uploads\/2012\/02\/Ada-Bojana.3.jpg"}],"twitter_misc":{"Written by":"ulqini","Est. reading time":"3 minutes"},"schema":{"@context":"https:\/\/schema.org","@graph":[{"@type":"WebSite","@id":"https:\/\/www.visit-ulcinj.com\/blog\/#website","url":"https:\/\/www.visit-ulcinj.com\/blog\/","name":"Lajme nga Ulqini","description":"Lajme,Vijesti,Ulqini,Ulqin,Crna Gora,Mali i Zi","potentialAction":[{"@type":"SearchAction","target":{"@type":"EntryPoint","urlTemplate":"https:\/\/www.visit-ulcinj.com\/blog\/?s={search_term_string}"},"query-input":"required name=search_term_string"}],"inLanguage":"en-US"},{"@type":"ImageObject","inLanguage":"en-US","@id":"https:\/\/www.visit-ulcinj.com\/blog\/2012\/02\/04\/sugestije-o-izmjeni-odluke-o-naknadi-za-koriscenje-privremenih-objekata-na-obali-rijeke-bojane\/#primaryimage","url":"https:\/\/www.visit-ulcinj.com\/blog\/wp-content\/uploads\/2012\/02\/Ada-Bojana.3.jpg","contentUrl":"https:\/\/www.visit-ulcinj.com\/blog\/wp-content\/uploads\/2012\/02\/Ada-Bojana.3.jpg","width":"778","height":"583"},{"@type":"WebPage","@id":"https:\/\/www.visit-ulcinj.com\/blog\/2012\/02\/04\/sugestije-o-izmjeni-odluke-o-naknadi-za-koriscenje-privremenih-objekata-na-obali-rijeke-bojane\/#webpage","url":"https:\/\/www.visit-ulcinj.com\/blog\/2012\/02\/04\/sugestije-o-izmjeni-odluke-o-naknadi-za-koriscenje-privremenih-objekata-na-obali-rijeke-bojane\/","name":"Sugestije o izmjeni Odluke o naknadi za kori\u0161\u0107enje privremenih objekata na obali rijeke Bojane - Lajme nga Ulqini","isPartOf":{"@id":"https:\/\/www.visit-ulcinj.com\/blog\/#website"},"primaryImageOfPage":{"@id":"https:\/\/www.visit-ulcinj.com\/blog\/2012\/02\/04\/sugestije-o-izmjeni-odluke-o-naknadi-za-koriscenje-privremenih-objekata-na-obali-rijeke-bojane\/#primaryimage"},"datePublished":"2012-02-04T16:33:26+00:00","dateModified":"2012-02-04T16:40:48+00:00","author":{"@id":"https:\/\/www.visit-ulcinj.com\/blog\/#\/schema\/person\/dcab619c614d3038751c63bc2aadc06d"},"description":"Sekretar za privedu i ekonomski razvoj Valdet\u00a0Ad\u017eemovi\u0107 je poslao dopis nadleznim ministarstvima sa sugestijama na izmjeni Odluke o naknadi za kori\u0161\u0107enje","breadcrumb":{"@id":"https:\/\/www.visit-ulcinj.com\/blog\/2012\/02\/04\/sugestije-o-izmjeni-odluke-o-naknadi-za-koriscenje-privremenih-objekata-na-obali-rijeke-bojane\/#breadcrumb"},"inLanguage":"en-US","potentialAction":[{"@type":"ReadAction","target":["https:\/\/www.visit-ulcinj.com\/blog\/2012\/02\/04\/sugestije-o-izmjeni-odluke-o-naknadi-za-koriscenje-privremenih-objekata-na-obali-rijeke-bojane\/"]}]},{"@type":"BreadcrumbList","@id":"https:\/\/www.visit-ulcinj.com\/blog\/2012\/02\/04\/sugestije-o-izmjeni-odluke-o-naknadi-za-koriscenje-privremenih-objekata-na-obali-rijeke-bojane\/#breadcrumb","itemListElement":[{"@type":"ListItem","position":1,"name":"Sugestije o izmjeni Odluke o naknadi za kori\u0161\u0107enje privremenih objekata na obali rijeke Bojane"}]},{"@type":"Person","@id":"https:\/\/www.visit-ulcinj.com\/blog\/#\/schema\/person\/dcab619c614d3038751c63bc2aadc06d","name":"ulqini","sameAs":["http:\/\/www.visit-ulcinj.com"],"url":"https:\/\/www.visit-ulcinj.com\/blog\/author\/admin\/"}]}},"jetpack_featured_media_url":"","jetpack_sharing_enabled":true,"jetpack_shortlink":"https:\/\/wp.me\/pe6lTn-ePl","_links":{"self":[{"href":"https:\/\/www.visit-ulcinj.com\/blog\/wp-json\/wp\/v2\/posts\/56999"}],"collection":[{"href":"https:\/\/www.visit-ulcinj.com\/blog\/wp-json\/wp\/v2\/posts"}],"about":[{"href":"https:\/\/www.visit-ulcinj.com\/blog\/wp-json\/wp\/v2\/types\/post"}],"author":[{"embeddable":true,"href":"https:\/\/www.visit-ulcinj.com\/blog\/wp-json\/wp\/v2\/users\/1"}],"replies":[{"embeddable":true,"href":"https:\/\/www.visit-ulcinj.com\/blog\/wp-json\/wp\/v2\/comments?post=56999"}],"version-history":[{"count":3,"href":"https:\/\/www.visit-ulcinj.com\/blog\/wp-json\/wp\/v2\/posts\/56999\/revisions"}],"predecessor-version":[{"id":57003,"href":"https:\/\/www.visit-ulcinj.com\/blog\/wp-json\/wp\/v2\/posts\/56999\/revisions\/57003"}],"wp:attachment":[{"href":"https:\/\/www.visit-ulcinj.com\/blog\/wp-json\/wp\/v2\/media?parent=56999"}],"wp:term":[{"taxonomy":"category","embeddable":true,"href":"https:\/\/www.visit-ulcinj.com\/blog\/wp-json\/wp\/v2\/categories?post=56999"},{"taxonomy":"post_tag","embeddable":true,"href":"https:\/\/www.visit-ulcinj.com\/blog\/wp-json\/wp\/v2\/tags?post=56999"}],"curies":[{"name":"wp","href":"https:\/\/api.w.org\/{rel}","templated":true}]}}