{"id":570,"date":"2008-02-19T14:46:04","date_gmt":"2008-02-19T19:46:04","guid":{"rendered":"http:\/\/www.visit-ulcinj.com\/blog\/2008\/02\/19\/u-turistickoj-organizaciji-budve-zadovoljni-nastupom-na-sajmu-u-pragu\/"},"modified":"2008-02-19T15:22:11","modified_gmt":"2008-02-19T20:22:11","slug":"u-turistickoj-organizaciji-budve-zadovoljni-nastupom-na-sajmu-u-pragu","status":"publish","type":"post","link":"https:\/\/www.visit-ulcinj.com\/blog\/2008\/02\/19\/u-turistickoj-organizaciji-budve-zadovoljni-nastupom-na-sajmu-u-pragu\/","title":{"rendered":"U Turisti?koj organizaciji Budve zadovoljni nastupom na Sajmu u Pragu"},"content":{"rendered":"<p><a href=\"http:\/\/www.visit-ulcinj.com\/blog\/2008\/02\/15\/ulcinjski-turizam-se-polako-vraca-na-pozicije-koje-je-imao-prije-20-godina\/turisticki-sajam\/\" rel=\"attachment wp-att-521\" title=\"TURISTICKI SAJAM\"><img loading=\"lazy\" src=\"http:\/\/www.visit-ulcinj.com\/blog\/wp-content\/uploads\/2008\/02\/logo_turizam_b.jpg\" alt=\"TURISTICKI SAJAM\" align=\"left\" height=\"170\" width=\"200\" \/><\/a><strong>Sajam posjetilo 30.000 ljudi<\/strong><br \/>\nBUDVA &#8211; Turisti?ka organizacija Op\u0161tine Budva je samostalno predstavila turisti?ku ponudu Budvanske rivijere od 14. do 17. februara na 17. turisti?koj berzi &#8221; Holiday world &#8221;, u Pragu.<br \/>\nNa ovom presti\u017enom internacionalnom turisti?kom sajmu za podru?je Centralne Evrope, nastupili su Dubai, Tajland, Tajvan, Indija, \u0160ri Lanka, Maldivi i mnogi drugi. Na Sajmu su se predstavile i agencije koje nude aran\u017emane za putovanja u sve dijelove svijeta.<br \/>\nOve godine turisti?ku ponudu predstavilo je oko 700 u?esnika iz preko 50 zemalja, a Sajam je posjetilo oko 30.000 ljudi.<br \/>\n&#8211; \u0160tand TO Budve se nalazio u okru\u017eenju \u0160panije, Italije, Turske, Gr?ke, Kipra i Slovenije, u dijelu zemalja Mediterana. Promo materijali su bili na ?e\u0161kom jeziku, tipa Op\u0161ta bru\u0161ura Budve, Katalog privatnog smje\u0161taja, Mapa Budve, Info Budva, Info Petrovac, Top 10, Bird watching, Vodi? za zabavu i Album priljateljstva &#8211; navodi se u saop\u0161etnju TOB-a.<br \/>\nNa \u0161tandu TOB-a turisti?ku ponudu je predstavila i Nacionalna turisti?ka organizacija Crne Gore, Turisti?ka organizacija Tivat, Turisti?ka organizacija Bar, HTP \u201cBudvanska rivijera\u201d i HTP \u201c<a href=\"http:\/\/www.visit-ulcinj.com\/gallery\/main.php\" title=\"Ulcinj-ulqini-ulqin,montenegro\" target=\"_blank\">Ulcinjska rivijera<\/a>\u201d.<\/p>\n<p>Rast gostiju iz ?e\u0161ke<\/p>\n<p>U 2007. godini u Budvi je zabilje\u017een rast broja turista s podru?ja ?e\u0161ke. Prema zvani?nim statisti?kim podacima, tokom pro\u0161le godine Crnu Goru je posjetilo preko 33.078 turista iz ?e\u0161ke Republike koji su ostvarili vi\u0161e od 266.566 no?enja, \u0161to je za 20 odsto vi\u0161e nego 2006. Od ovog broja, Budvu je posjetilo 12.571 ?e\u0161kih gostiju, \u0161to je za 36 odsto vi\u0161e u odnosu na 2006. godinu, kada je broj gostiju s ovog tr\u017ei\u0161ta bio 9.251. &#8211; Ove godine o?ekuje se rast turista s ?e\u0161kog tr\u017ei\u0161ta za oko 10 odsto &#8211; najavljuju iz lokalne TO.<\/p>\n<p>Ja. N.<br \/>\nwww.republika.cg.yu<\/p>\n","protected":false},"excerpt":{"rendered":"<p><img loading=\"lazy\" src=\"http:\/\/www.visit-ulcinj.com\/blog\/wp-content\/uploads\/2008\/02\/logo_turizam_b.jpg\" alt=\"TURISTICKI SAJAM\" align=\"left\" height=\"140\" width=\"140\"\/><\/p>\n","protected":false},"author":1,"featured_media":0,"comment_status":"open","ping_status":"closed","sticky":false,"template":"","format":"standard","meta":{"spay_email":"","jetpack_publicize_message":"","jetpack_is_tweetstorm":false,"jetpack_publicize_feature_enabled":true},"categories":[15],"tags":[748,21,810,1643,20,90,267,1339,1393,1641,1644,1639,1445,255,1549,1642,262,252,1640,1334,1638,19],"jetpack_publicize_connections":[],"yoast_head":"<!-- This site is optimized with the Yoast SEO plugin v19.1 - https:\/\/yoast.com\/wordpress\/plugins\/seo\/ -->\n<title>U Turisti?koj organizaciji Budve zadovoljni nastupom na Sajmu u Pragu - Lajme nga Ulqini<\/title>\n<meta name=\"robots\" content=\"index, follow, max-snippet:-1, max-image-preview:large, max-video-preview:-1\" \/>\n<link rel=\"canonical\" href=\"https:\/\/www.visit-ulcinj.com\/blog\/2008\/02\/19\/u-turistickoj-organizaciji-budve-zadovoljni-nastupom-na-sajmu-u-pragu\/\" \/>\n<meta property=\"og:locale\" content=\"en_US\" \/>\n<meta property=\"og:type\" content=\"article\" \/>\n<meta property=\"og:title\" content=\"U Turisti?koj organizaciji Budve zadovoljni nastupom na Sajmu u Pragu - Lajme nga Ulqini\" \/>\n<meta property=\"og:url\" content=\"https:\/\/www.visit-ulcinj.com\/blog\/2008\/02\/19\/u-turistickoj-organizaciji-budve-zadovoljni-nastupom-na-sajmu-u-pragu\/\" \/>\n<meta property=\"og:site_name\" content=\"Lajme nga Ulqini\" \/>\n<meta property=\"article:published_time\" content=\"2008-02-19T19:46:04+00:00\" \/>\n<meta property=\"article:modified_time\" content=\"2008-02-19T20:22:11+00:00\" \/>\n<meta property=\"og:image\" content=\"http:\/\/www.visit-ulcinj.com\/blog\/wp-content\/uploads\/2008\/02\/logo_turizam_b.jpg\" \/>\n<meta name=\"twitter:label1\" content=\"Written by\" \/>\n\t<meta name=\"twitter:data1\" content=\"ulqini\" \/>\n\t<meta name=\"twitter:label2\" content=\"Est. reading time\" \/>\n\t<meta name=\"twitter:data2\" content=\"1 minute\" \/>\n<script type=\"application\/ld+json\" class=\"yoast-schema-graph\">{\"@context\":\"https:\/\/schema.org\",\"@graph\":[{\"@type\":\"WebSite\",\"@id\":\"https:\/\/www.visit-ulcinj.com\/blog\/#website\",\"url\":\"https:\/\/www.visit-ulcinj.com\/blog\/\",\"name\":\"Lajme nga Ulqini\",\"description\":\"Lajme,Vijesti,Ulqini,Ulqin,Crna Gora,Mali i Zi\",\"potentialAction\":[{\"@type\":\"SearchAction\",\"target\":{\"@type\":\"EntryPoint\",\"urlTemplate\":\"https:\/\/www.visit-ulcinj.com\/blog\/?s={search_term_string}\"},\"query-input\":\"required name=search_term_string\"}],\"inLanguage\":\"en-US\"},{\"@type\":\"ImageObject\",\"inLanguage\":\"en-US\",\"@id\":\"https:\/\/www.visit-ulcinj.com\/blog\/2008\/02\/19\/u-turistickoj-organizaciji-budve-zadovoljni-nastupom-na-sajmu-u-pragu\/#primaryimage\",\"url\":\"http:\/\/www.visit-ulcinj.com\/blog\/wp-content\/uploads\/2008\/02\/logo_turizam_b.jpg\",\"contentUrl\":\"http:\/\/www.visit-ulcinj.com\/blog\/wp-content\/uploads\/2008\/02\/logo_turizam_b.jpg\"},{\"@type\":\"WebPage\",\"@id\":\"https:\/\/www.visit-ulcinj.com\/blog\/2008\/02\/19\/u-turistickoj-organizaciji-budve-zadovoljni-nastupom-na-sajmu-u-pragu\/#webpage\",\"url\":\"https:\/\/www.visit-ulcinj.com\/blog\/2008\/02\/19\/u-turistickoj-organizaciji-budve-zadovoljni-nastupom-na-sajmu-u-pragu\/\",\"name\":\"U Turisti?koj organizaciji Budve zadovoljni nastupom na Sajmu u Pragu - Lajme nga Ulqini\",\"isPartOf\":{\"@id\":\"https:\/\/www.visit-ulcinj.com\/blog\/#website\"},\"primaryImageOfPage\":{\"@id\":\"https:\/\/www.visit-ulcinj.com\/blog\/2008\/02\/19\/u-turistickoj-organizaciji-budve-zadovoljni-nastupom-na-sajmu-u-pragu\/#primaryimage\"},\"datePublished\":\"2008-02-19T19:46:04+00:00\",\"dateModified\":\"2008-02-19T20:22:11+00:00\",\"author\":{\"@id\":\"https:\/\/www.visit-ulcinj.com\/blog\/#\/schema\/person\/dcab619c614d3038751c63bc2aadc06d\"},\"breadcrumb\":{\"@id\":\"https:\/\/www.visit-ulcinj.com\/blog\/2008\/02\/19\/u-turistickoj-organizaciji-budve-zadovoljni-nastupom-na-sajmu-u-pragu\/#breadcrumb\"},\"inLanguage\":\"en-US\",\"potentialAction\":[{\"@type\":\"ReadAction\",\"target\":[\"https:\/\/www.visit-ulcinj.com\/blog\/2008\/02\/19\/u-turistickoj-organizaciji-budve-zadovoljni-nastupom-na-sajmu-u-pragu\/\"]}]},{\"@type\":\"BreadcrumbList\",\"@id\":\"https:\/\/www.visit-ulcinj.com\/blog\/2008\/02\/19\/u-turistickoj-organizaciji-budve-zadovoljni-nastupom-na-sajmu-u-pragu\/#breadcrumb\",\"itemListElement\":[{\"@type\":\"ListItem\",\"position\":1,\"name\":\"U Turisti?koj organizaciji Budve zadovoljni nastupom na Sajmu u Pragu\"}]},{\"@type\":\"Person\",\"@id\":\"https:\/\/www.visit-ulcinj.com\/blog\/#\/schema\/person\/dcab619c614d3038751c63bc2aadc06d\",\"name\":\"ulqini\",\"sameAs\":[\"http:\/\/www.visit-ulcinj.com\"],\"url\":\"https:\/\/www.visit-ulcinj.com\/blog\/author\/admin\/\"}]}<\/script>\n<!-- \/ Yoast SEO plugin. -->","yoast_head_json":{"title":"U Turisti?koj organizaciji Budve zadovoljni nastupom na Sajmu u Pragu - Lajme nga Ulqini","robots":{"index":"index","follow":"follow","max-snippet":"max-snippet:-1","max-image-preview":"max-image-preview:large","max-video-preview":"max-video-preview:-1"},"canonical":"https:\/\/www.visit-ulcinj.com\/blog\/2008\/02\/19\/u-turistickoj-organizaciji-budve-zadovoljni-nastupom-na-sajmu-u-pragu\/","og_locale":"en_US","og_type":"article","og_title":"U Turisti?koj organizaciji Budve zadovoljni nastupom na Sajmu u Pragu - Lajme nga Ulqini","og_url":"https:\/\/www.visit-ulcinj.com\/blog\/2008\/02\/19\/u-turistickoj-organizaciji-budve-zadovoljni-nastupom-na-sajmu-u-pragu\/","og_site_name":"Lajme nga Ulqini","article_published_time":"2008-02-19T19:46:04+00:00","article_modified_time":"2008-02-19T20:22:11+00:00","og_image":[{"url":"http:\/\/www.visit-ulcinj.com\/blog\/wp-content\/uploads\/2008\/02\/logo_turizam_b.jpg"}],"twitter_misc":{"Written by":"ulqini","Est. reading time":"1 minute"},"schema":{"@context":"https:\/\/schema.org","@graph":[{"@type":"WebSite","@id":"https:\/\/www.visit-ulcinj.com\/blog\/#website","url":"https:\/\/www.visit-ulcinj.com\/blog\/","name":"Lajme nga Ulqini","description":"Lajme,Vijesti,Ulqini,Ulqin,Crna Gora,Mali i Zi","potentialAction":[{"@type":"SearchAction","target":{"@type":"EntryPoint","urlTemplate":"https:\/\/www.visit-ulcinj.com\/blog\/?s={search_term_string}"},"query-input":"required name=search_term_string"}],"inLanguage":"en-US"},{"@type":"ImageObject","inLanguage":"en-US","@id":"https:\/\/www.visit-ulcinj.com\/blog\/2008\/02\/19\/u-turistickoj-organizaciji-budve-zadovoljni-nastupom-na-sajmu-u-pragu\/#primaryimage","url":"http:\/\/www.visit-ulcinj.com\/blog\/wp-content\/uploads\/2008\/02\/logo_turizam_b.jpg","contentUrl":"http:\/\/www.visit-ulcinj.com\/blog\/wp-content\/uploads\/2008\/02\/logo_turizam_b.jpg"},{"@type":"WebPage","@id":"https:\/\/www.visit-ulcinj.com\/blog\/2008\/02\/19\/u-turistickoj-organizaciji-budve-zadovoljni-nastupom-na-sajmu-u-pragu\/#webpage","url":"https:\/\/www.visit-ulcinj.com\/blog\/2008\/02\/19\/u-turistickoj-organizaciji-budve-zadovoljni-nastupom-na-sajmu-u-pragu\/","name":"U Turisti?koj organizaciji Budve zadovoljni nastupom na Sajmu u Pragu - Lajme nga Ulqini","isPartOf":{"@id":"https:\/\/www.visit-ulcinj.com\/blog\/#website"},"primaryImageOfPage":{"@id":"https:\/\/www.visit-ulcinj.com\/blog\/2008\/02\/19\/u-turistickoj-organizaciji-budve-zadovoljni-nastupom-na-sajmu-u-pragu\/#primaryimage"},"datePublished":"2008-02-19T19:46:04+00:00","dateModified":"2008-02-19T20:22:11+00:00","author":{"@id":"https:\/\/www.visit-ulcinj.com\/blog\/#\/schema\/person\/dcab619c614d3038751c63bc2aadc06d"},"breadcrumb":{"@id":"https:\/\/www.visit-ulcinj.com\/blog\/2008\/02\/19\/u-turistickoj-organizaciji-budve-zadovoljni-nastupom-na-sajmu-u-pragu\/#breadcrumb"},"inLanguage":"en-US","potentialAction":[{"@type":"ReadAction","target":["https:\/\/www.visit-ulcinj.com\/blog\/2008\/02\/19\/u-turistickoj-organizaciji-budve-zadovoljni-nastupom-na-sajmu-u-pragu\/"]}]},{"@type":"BreadcrumbList","@id":"https:\/\/www.visit-ulcinj.com\/blog\/2008\/02\/19\/u-turistickoj-organizaciji-budve-zadovoljni-nastupom-na-sajmu-u-pragu\/#breadcrumb","itemListElement":[{"@type":"ListItem","position":1,"name":"U Turisti?koj organizaciji Budve zadovoljni nastupom na Sajmu u Pragu"}]},{"@type":"Person","@id":"https:\/\/www.visit-ulcinj.com\/blog\/#\/schema\/person\/dcab619c614d3038751c63bc2aadc06d","name":"ulqini","sameAs":["http:\/\/www.visit-ulcinj.com"],"url":"https:\/\/www.visit-ulcinj.com\/blog\/author\/admin\/"}]}},"jetpack_featured_media_url":"","jetpack_sharing_enabled":true,"jetpack_shortlink":"https:\/\/wp.me\/pe6lTn-9c","_links":{"self":[{"href":"https:\/\/www.visit-ulcinj.com\/blog\/wp-json\/wp\/v2\/posts\/570"}],"collection":[{"href":"https:\/\/www.visit-ulcinj.com\/blog\/wp-json\/wp\/v2\/posts"}],"about":[{"href":"https:\/\/www.visit-ulcinj.com\/blog\/wp-json\/wp\/v2\/types\/post"}],"author":[{"embeddable":true,"href":"https:\/\/www.visit-ulcinj.com\/blog\/wp-json\/wp\/v2\/users\/1"}],"replies":[{"embeddable":true,"href":"https:\/\/www.visit-ulcinj.com\/blog\/wp-json\/wp\/v2\/comments?post=570"}],"version-history":[{"count":0,"href":"https:\/\/www.visit-ulcinj.com\/blog\/wp-json\/wp\/v2\/posts\/570\/revisions"}],"wp:attachment":[{"href":"https:\/\/www.visit-ulcinj.com\/blog\/wp-json\/wp\/v2\/media?parent=570"}],"wp:term":[{"taxonomy":"category","embeddable":true,"href":"https:\/\/www.visit-ulcinj.com\/blog\/wp-json\/wp\/v2\/categories?post=570"},{"taxonomy":"post_tag","embeddable":true,"href":"https:\/\/www.visit-ulcinj.com\/blog\/wp-json\/wp\/v2\/tags?post=570"}],"curies":[{"name":"wp","href":"https:\/\/api.w.org\/{rel}","templated":true}]}}