{"id":57006,"date":"2012-02-04T18:11:31","date_gmt":"2012-02-04T17:11:31","guid":{"rendered":"http:\/\/www.visit-ulcinj.com\/blog\/?p=57006"},"modified":"2012-02-04T18:13:12","modified_gmt":"2012-02-04T17:13:12","slug":"thirrje-publike-rtv-ulqini","status":"publish","type":"post","link":"https:\/\/www.visit-ulcinj.com\/blog\/2012\/02\/04\/thirrje-publike-rtv-ulqini\/","title":{"rendered":"Thirrje publike RTV Ulqini"},"content":{"rendered":"<p><a href=\"http:\/\/www.visit-ulcinj.com\/blog\/wp-content\/uploads\/2012\/02\/Radio-televizioni-i-Ulqinit.jpg\"><img loading=\"lazy\" class=\"alignleft  wp-image-57007\" title=\"Radio televizioni i Ulqinit\" src=\"http:\/\/www.visit-ulcinj.com\/blog\/wp-content\/uploads\/2012\/02\/Radio-televizioni-i-Ulqinit.jpg\" alt=\"\" width=\"508\" height=\"110\" \/><\/a>N\u00eb pajtim me neni 24 t\u00eb Ligjit p\u00ebr mediumet elektronike (&#8220;Fl. zyr. MZ&#8221;, nr. 46\/10) si dhe n\u00eb baz\u00eb t\u00eb nenit 29 t\u00eb Vendimit p\u00ebr themelimin e shoq\u00ebris\u00eb me p\u00ebrgjegj\u00ebsi t\u00eb kufizuar transmetuesi lokal publik &#8220;Radio televizioni i Ulqinit&#8221; (&#8220;Fl. zyr. MZ, nr. 38\/2011 \u2013 dispozitat e komun\u00ebs) drejtoj<\/p>\n<p align=\"center\">THIRRJE PUBLIKE<\/p>\n<p>&#8211; Qendr\u00ebs p\u00ebr Kultur\u00eb \u2013 1 p\u00ebrfaq\u00ebsues<\/p>\n<p>&#8211; IP Qendr\u00ebs shkollore &#8220;V\u00ebllaz\u00ebrim \u2013 Bashkim&#8221;, Shkoll\u00ebs s\u00eb muzik\u00ebs dhe gjimnazit &#8220;Drita&#8221; \u2013 1 p\u00ebrfaq\u00ebsues,<\/p>\n<p>&#8211; OJQ \u2013 ve t\u00eb Ulqinit t\u00eb cilat merren me mbrojtjen e t\u00eb drejtave dhe lirive t\u00eb njeriut, emancipimin e gruas, nga fusha e mediave si dhe nga fusha e t\u00eb drejtave e personave me invaliditet \u2013 1 p\u00ebrfaq\u00ebsues,<\/p>\n<p>&#8211; Klubeve sportive t\u00eb Ulqinit \u2013 1 p\u00ebrfaq\u00ebsues,<\/p>\n<p>&#8211; NTH &#8220;Riviera e Ulqinit&#8221; dhe subjekteve e tjer\u00eb q\u00eb merren me sh\u00ebrbime hotelerike si dhe shoq\u00ebrive t\u00eb tjera ekonomike dhe nd\u00ebrmarr\u00ebsve \u2013 1 p\u00ebrfaq\u00ebsues<\/p>\n<p>&nbsp;<\/p>\n<p>Q\u00eb n\u00eb afat prej 15 dit\u00ebsh nga dita e publikimit t\u00eb k\u00ebsaj ftese publike t\u00eb dor\u00ebzojn\u00eb n\u00eb Kuvendin e<\/p>\n<p>Komun\u00ebs s\u00eb Ulqinit \u2013 K\u00ebshilli p\u00ebr zgjedhje dhe em\u00ebrime, propozimet p\u00ebr em\u00ebrimin e an\u00ebtar\u00ebve t\u00eb K\u00ebshillit t\u00eb RTV &#8220;Ulqini&#8221;.<\/p>\n<p>P\u00ebr an\u00ebtar t\u00eb K\u00ebshillit mund t\u00eb em\u00ebrohen personat t\u00eb cil\u00ebt plot\u00ebsojn\u00eb kushte nga neni 16 dhe 17 i<\/p>\n<p>Ligjit p\u00ebr mediat elektronike (&#8220;Fl. zyr. MZ&#8221;, nr. 46\/10) dhe neni 26 e 27 i Vendimit p\u00ebr themelimin e SHPK Transmetuesi publik lokal RTV &#8220;Ulqini&#8221;.<\/p>\n<p>K\u00ebshilli p\u00ebr zgjedhje dhe em\u00ebrime i Kuvendit t\u00eb Komun\u00ebs s\u00eb Ulqinit, n\u00eb afat prej 15 dit\u00ebsh nga dita e pranimit t\u00eb aktit p\u00ebr em\u00ebrime do t\u00eb konfirmoj\u00eb em\u00ebrimin e an\u00ebtar\u00ebve t\u00eb K\u00ebshillit t\u00eb RTV &#8220;Ulqini&#8221;.<\/p>\n<p>Kjo ftes\u00eb publike do t\u00eb botohet n\u00eb Fletoren zyrtare t\u00eb MZ, gazet\u00ebn ditore &#8220;Pobjeda&#8221; dhe n\u00eb Web faqen e Komun\u00ebs s\u00eb Ulqinit.<\/p>\n<p>&nbsp;<\/p>\n<p>K R Y E T A R I<\/p>\n<p>Milazim Mustafa<\/p>\n<p><strong>Komuna Ulqinit<\/strong><\/p>\n","protected":false},"excerpt":{"rendered":"<p>N\u00eb pajtim me neni 24 t\u00eb Ligjit p\u00ebr mediumet elektronike (&#8220;Fl. zyr. MZ&#8221;, nr. 46\/10) si dhe n\u00eb baz\u00eb t\u00eb nenit 29 t\u00eb Vendimit p\u00ebr themelimin e shoq\u00ebris\u00eb me p\u00ebrgjegj\u00ebsi t\u00eb kufizuar transmetuesi lokal publik &#8220;Radio televizioni i Ulqinit&#8221; (&#8220;Fl. zyr. MZ, nr. 38\/2011 \u2013 dispozitat e komun\u00ebs) drejtoj THIRRJE PUBLIKE &#8211; Qendr\u00ebs p\u00ebr Kultur\u00eb [&hellip;]<\/p>\n","protected":false},"author":1,"featured_media":0,"comment_status":"open","ping_status":"closed","sticky":false,"template":"","format":"standard","meta":{"spay_email":"","jetpack_publicize_message":"","jetpack_is_tweetstorm":false,"jetpack_publicize_feature_enabled":true},"categories":[12],"tags":[16426,19974,200],"jetpack_publicize_connections":[],"yoast_head":"<!-- This site is optimized with the Yoast SEO plugin v19.1 - https:\/\/yoast.com\/wordpress\/plugins\/seo\/ -->\n<title>Thirrje publike RTV Ulqini - Lajme nga Ulqini<\/title>\n<meta name=\"description\" content=\"N\u00eb pajtim me neni 24 t\u00eb Ligjit p\u00ebr mediumet elektronike (&quot;Fl. zyr. MZ&quot;, nr. 46\/10) si dhe n\u00eb baz\u00eb t\u00eb nenit 29 t\u00eb Vendimit p\u00ebr themelimin e shoq\u00ebris\u00eb me\" \/>\n<meta name=\"robots\" content=\"index, follow, max-snippet:-1, max-image-preview:large, max-video-preview:-1\" \/>\n<link rel=\"canonical\" href=\"https:\/\/www.visit-ulcinj.com\/blog\/2012\/02\/04\/thirrje-publike-rtv-ulqini\/\" \/>\n<meta property=\"og:locale\" content=\"en_US\" \/>\n<meta property=\"og:type\" content=\"article\" \/>\n<meta property=\"og:title\" content=\"Thirrje publike RTV Ulqini - Lajme nga Ulqini\" \/>\n<meta property=\"og:description\" content=\"N\u00eb pajtim me neni 24 t\u00eb Ligjit p\u00ebr mediumet elektronike (&quot;Fl. zyr. MZ&quot;, nr. 46\/10) si dhe n\u00eb baz\u00eb t\u00eb nenit 29 t\u00eb Vendimit p\u00ebr themelimin e shoq\u00ebris\u00eb me\" \/>\n<meta property=\"og:url\" content=\"https:\/\/www.visit-ulcinj.com\/blog\/2012\/02\/04\/thirrje-publike-rtv-ulqini\/\" \/>\n<meta property=\"og:site_name\" content=\"Lajme nga Ulqini\" \/>\n<meta property=\"article:published_time\" content=\"2012-02-04T17:11:31+00:00\" \/>\n<meta property=\"article:modified_time\" content=\"2012-02-04T17:13:12+00:00\" \/>\n<meta property=\"og:image\" content=\"http:\/\/www.visit-ulcinj.com\/blog\/wp-content\/uploads\/2012\/02\/Radio-televizioni-i-Ulqinit.jpg\" \/>\n<meta name=\"twitter:label1\" content=\"Written by\" \/>\n\t<meta name=\"twitter:data1\" content=\"ulqini\" \/>\n\t<meta name=\"twitter:label2\" content=\"Est. reading time\" \/>\n\t<meta name=\"twitter:data2\" content=\"2 minutes\" \/>\n<script type=\"application\/ld+json\" class=\"yoast-schema-graph\">{\"@context\":\"https:\/\/schema.org\",\"@graph\":[{\"@type\":\"WebSite\",\"@id\":\"https:\/\/www.visit-ulcinj.com\/blog\/#website\",\"url\":\"https:\/\/www.visit-ulcinj.com\/blog\/\",\"name\":\"Lajme nga Ulqini\",\"description\":\"Lajme,Vijesti,Ulqini,Ulqin,Crna Gora,Mali i Zi\",\"potentialAction\":[{\"@type\":\"SearchAction\",\"target\":{\"@type\":\"EntryPoint\",\"urlTemplate\":\"https:\/\/www.visit-ulcinj.com\/blog\/?s={search_term_string}\"},\"query-input\":\"required name=search_term_string\"}],\"inLanguage\":\"en-US\"},{\"@type\":\"ImageObject\",\"inLanguage\":\"en-US\",\"@id\":\"https:\/\/www.visit-ulcinj.com\/blog\/2012\/02\/04\/thirrje-publike-rtv-ulqini\/#primaryimage\",\"url\":\"https:\/\/www.visit-ulcinj.com\/blog\/wp-content\/uploads\/2012\/02\/Radio-televizioni-i-Ulqinit.jpg\",\"contentUrl\":\"https:\/\/www.visit-ulcinj.com\/blog\/wp-content\/uploads\/2012\/02\/Radio-televizioni-i-Ulqinit.jpg\",\"width\":\"549\",\"height\":\"132\"},{\"@type\":\"WebPage\",\"@id\":\"https:\/\/www.visit-ulcinj.com\/blog\/2012\/02\/04\/thirrje-publike-rtv-ulqini\/#webpage\",\"url\":\"https:\/\/www.visit-ulcinj.com\/blog\/2012\/02\/04\/thirrje-publike-rtv-ulqini\/\",\"name\":\"Thirrje publike RTV Ulqini - Lajme nga Ulqini\",\"isPartOf\":{\"@id\":\"https:\/\/www.visit-ulcinj.com\/blog\/#website\"},\"primaryImageOfPage\":{\"@id\":\"https:\/\/www.visit-ulcinj.com\/blog\/2012\/02\/04\/thirrje-publike-rtv-ulqini\/#primaryimage\"},\"datePublished\":\"2012-02-04T17:11:31+00:00\",\"dateModified\":\"2012-02-04T17:13:12+00:00\",\"author\":{\"@id\":\"https:\/\/www.visit-ulcinj.com\/blog\/#\/schema\/person\/dcab619c614d3038751c63bc2aadc06d\"},\"description\":\"N\u00eb pajtim me neni 24 t\u00eb Ligjit p\u00ebr mediumet elektronike (\\\"Fl. zyr. MZ\\\", nr. 46\/10) si dhe n\u00eb baz\u00eb t\u00eb nenit 29 t\u00eb Vendimit p\u00ebr themelimin e shoq\u00ebris\u00eb me\",\"breadcrumb\":{\"@id\":\"https:\/\/www.visit-ulcinj.com\/blog\/2012\/02\/04\/thirrje-publike-rtv-ulqini\/#breadcrumb\"},\"inLanguage\":\"en-US\",\"potentialAction\":[{\"@type\":\"ReadAction\",\"target\":[\"https:\/\/www.visit-ulcinj.com\/blog\/2012\/02\/04\/thirrje-publike-rtv-ulqini\/\"]}]},{\"@type\":\"BreadcrumbList\",\"@id\":\"https:\/\/www.visit-ulcinj.com\/blog\/2012\/02\/04\/thirrje-publike-rtv-ulqini\/#breadcrumb\",\"itemListElement\":[{\"@type\":\"ListItem\",\"position\":1,\"name\":\"Thirrje publike RTV Ulqini\"}]},{\"@type\":\"Person\",\"@id\":\"https:\/\/www.visit-ulcinj.com\/blog\/#\/schema\/person\/dcab619c614d3038751c63bc2aadc06d\",\"name\":\"ulqini\",\"sameAs\":[\"http:\/\/www.visit-ulcinj.com\"],\"url\":\"https:\/\/www.visit-ulcinj.com\/blog\/author\/admin\/\"}]}<\/script>\n<!-- \/ Yoast SEO plugin. -->","yoast_head_json":{"title":"Thirrje publike RTV Ulqini - Lajme nga Ulqini","description":"N\u00eb pajtim me neni 24 t\u00eb Ligjit p\u00ebr mediumet elektronike (\"Fl. zyr. MZ\", nr. 46\/10) si dhe n\u00eb baz\u00eb t\u00eb nenit 29 t\u00eb Vendimit p\u00ebr themelimin e shoq\u00ebris\u00eb me","robots":{"index":"index","follow":"follow","max-snippet":"max-snippet:-1","max-image-preview":"max-image-preview:large","max-video-preview":"max-video-preview:-1"},"canonical":"https:\/\/www.visit-ulcinj.com\/blog\/2012\/02\/04\/thirrje-publike-rtv-ulqini\/","og_locale":"en_US","og_type":"article","og_title":"Thirrje publike RTV Ulqini - Lajme nga Ulqini","og_description":"N\u00eb pajtim me neni 24 t\u00eb Ligjit p\u00ebr mediumet elektronike (\"Fl. zyr. MZ\", nr. 46\/10) si dhe n\u00eb baz\u00eb t\u00eb nenit 29 t\u00eb Vendimit p\u00ebr themelimin e shoq\u00ebris\u00eb me","og_url":"https:\/\/www.visit-ulcinj.com\/blog\/2012\/02\/04\/thirrje-publike-rtv-ulqini\/","og_site_name":"Lajme nga Ulqini","article_published_time":"2012-02-04T17:11:31+00:00","article_modified_time":"2012-02-04T17:13:12+00:00","og_image":[{"url":"http:\/\/www.visit-ulcinj.com\/blog\/wp-content\/uploads\/2012\/02\/Radio-televizioni-i-Ulqinit.jpg"}],"twitter_misc":{"Written by":"ulqini","Est. reading time":"2 minutes"},"schema":{"@context":"https:\/\/schema.org","@graph":[{"@type":"WebSite","@id":"https:\/\/www.visit-ulcinj.com\/blog\/#website","url":"https:\/\/www.visit-ulcinj.com\/blog\/","name":"Lajme nga Ulqini","description":"Lajme,Vijesti,Ulqini,Ulqin,Crna Gora,Mali i Zi","potentialAction":[{"@type":"SearchAction","target":{"@type":"EntryPoint","urlTemplate":"https:\/\/www.visit-ulcinj.com\/blog\/?s={search_term_string}"},"query-input":"required name=search_term_string"}],"inLanguage":"en-US"},{"@type":"ImageObject","inLanguage":"en-US","@id":"https:\/\/www.visit-ulcinj.com\/blog\/2012\/02\/04\/thirrje-publike-rtv-ulqini\/#primaryimage","url":"https:\/\/www.visit-ulcinj.com\/blog\/wp-content\/uploads\/2012\/02\/Radio-televizioni-i-Ulqinit.jpg","contentUrl":"https:\/\/www.visit-ulcinj.com\/blog\/wp-content\/uploads\/2012\/02\/Radio-televizioni-i-Ulqinit.jpg","width":"549","height":"132"},{"@type":"WebPage","@id":"https:\/\/www.visit-ulcinj.com\/blog\/2012\/02\/04\/thirrje-publike-rtv-ulqini\/#webpage","url":"https:\/\/www.visit-ulcinj.com\/blog\/2012\/02\/04\/thirrje-publike-rtv-ulqini\/","name":"Thirrje publike RTV Ulqini - Lajme nga Ulqini","isPartOf":{"@id":"https:\/\/www.visit-ulcinj.com\/blog\/#website"},"primaryImageOfPage":{"@id":"https:\/\/www.visit-ulcinj.com\/blog\/2012\/02\/04\/thirrje-publike-rtv-ulqini\/#primaryimage"},"datePublished":"2012-02-04T17:11:31+00:00","dateModified":"2012-02-04T17:13:12+00:00","author":{"@id":"https:\/\/www.visit-ulcinj.com\/blog\/#\/schema\/person\/dcab619c614d3038751c63bc2aadc06d"},"description":"N\u00eb pajtim me neni 24 t\u00eb Ligjit p\u00ebr mediumet elektronike (\"Fl. zyr. MZ\", nr. 46\/10) si dhe n\u00eb baz\u00eb t\u00eb nenit 29 t\u00eb Vendimit p\u00ebr themelimin e shoq\u00ebris\u00eb me","breadcrumb":{"@id":"https:\/\/www.visit-ulcinj.com\/blog\/2012\/02\/04\/thirrje-publike-rtv-ulqini\/#breadcrumb"},"inLanguage":"en-US","potentialAction":[{"@type":"ReadAction","target":["https:\/\/www.visit-ulcinj.com\/blog\/2012\/02\/04\/thirrje-publike-rtv-ulqini\/"]}]},{"@type":"BreadcrumbList","@id":"https:\/\/www.visit-ulcinj.com\/blog\/2012\/02\/04\/thirrje-publike-rtv-ulqini\/#breadcrumb","itemListElement":[{"@type":"ListItem","position":1,"name":"Thirrje publike RTV Ulqini"}]},{"@type":"Person","@id":"https:\/\/www.visit-ulcinj.com\/blog\/#\/schema\/person\/dcab619c614d3038751c63bc2aadc06d","name":"ulqini","sameAs":["http:\/\/www.visit-ulcinj.com"],"url":"https:\/\/www.visit-ulcinj.com\/blog\/author\/admin\/"}]}},"jetpack_featured_media_url":"","jetpack_sharing_enabled":true,"jetpack_shortlink":"https:\/\/wp.me\/pe6lTn-ePs","_links":{"self":[{"href":"https:\/\/www.visit-ulcinj.com\/blog\/wp-json\/wp\/v2\/posts\/57006"}],"collection":[{"href":"https:\/\/www.visit-ulcinj.com\/blog\/wp-json\/wp\/v2\/posts"}],"about":[{"href":"https:\/\/www.visit-ulcinj.com\/blog\/wp-json\/wp\/v2\/types\/post"}],"author":[{"embeddable":true,"href":"https:\/\/www.visit-ulcinj.com\/blog\/wp-json\/wp\/v2\/users\/1"}],"replies":[{"embeddable":true,"href":"https:\/\/www.visit-ulcinj.com\/blog\/wp-json\/wp\/v2\/comments?post=57006"}],"version-history":[{"count":2,"href":"https:\/\/www.visit-ulcinj.com\/blog\/wp-json\/wp\/v2\/posts\/57006\/revisions"}],"predecessor-version":[{"id":57010,"href":"https:\/\/www.visit-ulcinj.com\/blog\/wp-json\/wp\/v2\/posts\/57006\/revisions\/57010"}],"wp:attachment":[{"href":"https:\/\/www.visit-ulcinj.com\/blog\/wp-json\/wp\/v2\/media?parent=57006"}],"wp:term":[{"taxonomy":"category","embeddable":true,"href":"https:\/\/www.visit-ulcinj.com\/blog\/wp-json\/wp\/v2\/categories?post=57006"},{"taxonomy":"post_tag","embeddable":true,"href":"https:\/\/www.visit-ulcinj.com\/blog\/wp-json\/wp\/v2\/tags?post=57006"}],"curies":[{"name":"wp","href":"https:\/\/api.w.org\/{rel}","templated":true}]}}