{"id":57011,"date":"2012-02-04T18:25:02","date_gmt":"2012-02-04T17:25:02","guid":{"rendered":"http:\/\/www.visit-ulcinj.com\/blog\/?p=57011"},"modified":"2012-02-04T18:27:44","modified_gmt":"2012-02-04T17:27:44","slug":"sugjerimet-per-ndryshimin-e-vendimit-mbi-kompensimin-per-perdorimin-e-objekteve-te-perkohshme-ne-lumin-buna","status":"publish","type":"post","link":"https:\/\/www.visit-ulcinj.com\/blog\/2012\/02\/04\/sugjerimet-per-ndryshimin-e-vendimit-mbi-kompensimin-per-perdorimin-e-objekteve-te-perkohshme-ne-lumin-buna\/","title":{"rendered":"Sugjerimet p\u00ebr ndryshimin e Vendimit mbi kompensimin p\u00ebr p\u00ebrdorimin e objekteve t\u00eb p\u00ebrkohshme n\u00eb lumin Buna"},"content":{"rendered":"<p><a href=\"http:\/\/www.visit-ulcinj.com\/blog\/wp-content\/uploads\/2012\/02\/Ada-Bojana.4.jpg\"><img loading=\"lazy\" class=\"alignleft  wp-image-57012\" title=\"Ada-Bojana.4\" src=\"http:\/\/www.visit-ulcinj.com\/blog\/wp-content\/uploads\/2012\/02\/Ada-Bojana.4.jpg\" alt=\"\" width=\"508\" height=\"380\" srcset=\"https:\/\/www.visit-ulcinj.com\/blog\/wp-content\/uploads\/2012\/02\/Ada-Bojana.4.jpg 907w, https:\/\/www.visit-ulcinj.com\/blog\/wp-content\/uploads\/2012\/02\/Ada-Bojana.4-300x224.jpg 300w\" sizes=\"(max-width: 508px) 100vw, 508px\" \/><\/a>Sekretari p\u00ebr ekonomi dhe zhvillim ekonomik Valdet Axhemovic i ka d\u00ebrgoi nj\u00eb let\u00ebr ministrive kompetente n\u00eb lidhje me sugjerimet p\u00ebr ndryshimin e Vendimit mbi tarifen p\u00ebr p\u00ebrdorimin e objekteve t\u00eb p\u00ebrkohshme n\u00eb lumin Buna<\/p>\n<p>Kjo let\u00ebr \u00ebsht\u00eb p\u00ebrkrahje e iniciativ\u00eb s\u00eb pronar\u00ebve t\u00eb sht\u00ebpive t\u00eb peshkatar\u00ebve t\u00eb cil\u00ebt nuk duan q\u00eb objektet e tyre t\u00eb trajtohen si objekte q\u00eb sh\u00ebrbejn\u00eb si sht\u00ebpi e dyt\u00eb, dhe jan\u00eb klasifikuar si objekte komerciale, por t\u00eb trajtohen n\u00eb kategori t\u00eb ve\u00e7ant\u00eb, si sht\u00ebpiz\u00eb e peshkatare.<\/p>\n<p>Letra u d\u00ebrgua<\/p>\n<p>Ministris\u00eb s\u00eb Ekonomis\u00eb<br \/>\nMinistriis\u00eb s\u00eb Zhvillimit t\u00eb Q\u00ebndruesh\u00ebm dhe Turizmit<br \/>\nMinistris\u00eb s\u00eb Financave<br \/>\nNd\u00ebrmarrjes Publike p\u00ebr t\u00eb mirat detare<\/p>\n<p><strong><a href=\"http:\/\/ul-gov.me\/images\/Dopis%20za%20uvrstavanje%20ribarskih%20kucica%20u%20cjenovnik.pdf\">PDF &#8211; Shkresa per perfshirjen e shtepizave peshatare ne \u00e7mimore<\/a><\/strong><\/p>\n<p><strong>Komuna Ulqinit<\/strong><\/p>\n<p>&nbsp;<\/p>\n","protected":false},"excerpt":{"rendered":"<p>Sekretari p\u00ebr ekonomi dhe zhvillim ekonomik Valdet Axhemovic i ka d\u00ebrgoi nj\u00eb let\u00ebr ministrive kompetente n\u00eb lidhje me sugjerimet p\u00ebr ndryshimin e Vendimit mbi tarifen p\u00ebr p\u00ebrdorimin e objekteve t\u00eb p\u00ebrkohshme n\u00eb lumin Buna Kjo let\u00ebr \u00ebsht\u00eb p\u00ebrkrahje e iniciativ\u00eb s\u00eb pronar\u00ebve t\u00eb sht\u00ebpive t\u00eb peshkatar\u00ebve t\u00eb cil\u00ebt nuk duan q\u00eb objektet e tyre t\u00eb [&hellip;]<\/p>\n","protected":false},"author":1,"featured_media":0,"comment_status":"open","ping_status":"closed","sticky":false,"template":"","format":"standard","meta":{"spay_email":"","jetpack_publicize_message":"","jetpack_is_tweetstorm":false,"jetpack_publicize_feature_enabled":true},"categories":[11],"tags":[11648,200,18],"jetpack_publicize_connections":[],"yoast_head":"<!-- This site is optimized with the Yoast SEO plugin v19.1 - https:\/\/yoast.com\/wordpress\/plugins\/seo\/ -->\n<title>Sugjerimet p\u00ebr ndryshimin e Vendimit mbi kompensimin p\u00ebr p\u00ebrdorimin e objekteve t\u00eb p\u00ebrkohshme n\u00eb lumin Buna - Lajme nga Ulqini<\/title>\n<meta name=\"description\" content=\"Sekretari p\u00ebr ekonomi dhe zhvillim ekonomik Valdet Axhemovic i ka d\u00ebrgoi nj\u00eb let\u00ebr ministrive kompetente n\u00eb lidhje me sugjerimet p\u00ebr ndryshimin e Vendimit\" \/>\n<meta name=\"robots\" content=\"index, follow, max-snippet:-1, max-image-preview:large, max-video-preview:-1\" \/>\n<link rel=\"canonical\" href=\"https:\/\/www.visit-ulcinj.com\/blog\/2012\/02\/04\/sugjerimet-per-ndryshimin-e-vendimit-mbi-kompensimin-per-perdorimin-e-objekteve-te-perkohshme-ne-lumin-buna\/\" \/>\n<meta property=\"og:locale\" content=\"en_US\" \/>\n<meta property=\"og:type\" content=\"article\" \/>\n<meta property=\"og:title\" content=\"Sugjerimet p\u00ebr ndryshimin e Vendimit mbi kompensimin p\u00ebr p\u00ebrdorimin e objekteve t\u00eb p\u00ebrkohshme n\u00eb lumin Buna - Lajme nga Ulqini\" \/>\n<meta property=\"og:description\" content=\"Sekretari p\u00ebr ekonomi dhe zhvillim ekonomik Valdet Axhemovic i ka d\u00ebrgoi nj\u00eb let\u00ebr ministrive kompetente n\u00eb lidhje me sugjerimet p\u00ebr ndryshimin e Vendimit\" \/>\n<meta property=\"og:url\" content=\"https:\/\/www.visit-ulcinj.com\/blog\/2012\/02\/04\/sugjerimet-per-ndryshimin-e-vendimit-mbi-kompensimin-per-perdorimin-e-objekteve-te-perkohshme-ne-lumin-buna\/\" \/>\n<meta property=\"og:site_name\" content=\"Lajme nga Ulqini\" \/>\n<meta property=\"article:published_time\" content=\"2012-02-04T17:25:02+00:00\" \/>\n<meta property=\"article:modified_time\" content=\"2012-02-04T17:27:44+00:00\" \/>\n<meta property=\"og:image\" content=\"http:\/\/www.visit-ulcinj.com\/blog\/wp-content\/uploads\/2012\/02\/Ada-Bojana.4.jpg\" \/>\n<meta name=\"twitter:label1\" content=\"Written by\" \/>\n\t<meta name=\"twitter:data1\" content=\"ulqini\" \/>\n\t<meta name=\"twitter:label2\" content=\"Est. reading time\" \/>\n\t<meta name=\"twitter:data2\" content=\"1 minute\" \/>\n<script type=\"application\/ld+json\" class=\"yoast-schema-graph\">{\"@context\":\"https:\/\/schema.org\",\"@graph\":[{\"@type\":\"WebSite\",\"@id\":\"https:\/\/www.visit-ulcinj.com\/blog\/#website\",\"url\":\"https:\/\/www.visit-ulcinj.com\/blog\/\",\"name\":\"Lajme nga Ulqini\",\"description\":\"Lajme,Vijesti,Ulqini,Ulqin,Crna Gora,Mali i Zi\",\"potentialAction\":[{\"@type\":\"SearchAction\",\"target\":{\"@type\":\"EntryPoint\",\"urlTemplate\":\"https:\/\/www.visit-ulcinj.com\/blog\/?s={search_term_string}\"},\"query-input\":\"required name=search_term_string\"}],\"inLanguage\":\"en-US\"},{\"@type\":\"ImageObject\",\"inLanguage\":\"en-US\",\"@id\":\"https:\/\/www.visit-ulcinj.com\/blog\/2012\/02\/04\/sugjerimet-per-ndryshimin-e-vendimit-mbi-kompensimin-per-perdorimin-e-objekteve-te-perkohshme-ne-lumin-buna\/#primaryimage\",\"url\":\"https:\/\/www.visit-ulcinj.com\/blog\/wp-content\/uploads\/2012\/02\/Ada-Bojana.4.jpg\",\"contentUrl\":\"https:\/\/www.visit-ulcinj.com\/blog\/wp-content\/uploads\/2012\/02\/Ada-Bojana.4.jpg\",\"width\":\"907\",\"height\":\"680\"},{\"@type\":\"WebPage\",\"@id\":\"https:\/\/www.visit-ulcinj.com\/blog\/2012\/02\/04\/sugjerimet-per-ndryshimin-e-vendimit-mbi-kompensimin-per-perdorimin-e-objekteve-te-perkohshme-ne-lumin-buna\/#webpage\",\"url\":\"https:\/\/www.visit-ulcinj.com\/blog\/2012\/02\/04\/sugjerimet-per-ndryshimin-e-vendimit-mbi-kompensimin-per-perdorimin-e-objekteve-te-perkohshme-ne-lumin-buna\/\",\"name\":\"Sugjerimet p\u00ebr ndryshimin e Vendimit mbi kompensimin p\u00ebr p\u00ebrdorimin e objekteve t\u00eb p\u00ebrkohshme n\u00eb lumin Buna - Lajme nga Ulqini\",\"isPartOf\":{\"@id\":\"https:\/\/www.visit-ulcinj.com\/blog\/#website\"},\"primaryImageOfPage\":{\"@id\":\"https:\/\/www.visit-ulcinj.com\/blog\/2012\/02\/04\/sugjerimet-per-ndryshimin-e-vendimit-mbi-kompensimin-per-perdorimin-e-objekteve-te-perkohshme-ne-lumin-buna\/#primaryimage\"},\"datePublished\":\"2012-02-04T17:25:02+00:00\",\"dateModified\":\"2012-02-04T17:27:44+00:00\",\"author\":{\"@id\":\"https:\/\/www.visit-ulcinj.com\/blog\/#\/schema\/person\/dcab619c614d3038751c63bc2aadc06d\"},\"description\":\"Sekretari p\u00ebr ekonomi dhe zhvillim ekonomik Valdet Axhemovic i ka d\u00ebrgoi nj\u00eb let\u00ebr ministrive kompetente n\u00eb lidhje me sugjerimet p\u00ebr ndryshimin e Vendimit\",\"breadcrumb\":{\"@id\":\"https:\/\/www.visit-ulcinj.com\/blog\/2012\/02\/04\/sugjerimet-per-ndryshimin-e-vendimit-mbi-kompensimin-per-perdorimin-e-objekteve-te-perkohshme-ne-lumin-buna\/#breadcrumb\"},\"inLanguage\":\"en-US\",\"potentialAction\":[{\"@type\":\"ReadAction\",\"target\":[\"https:\/\/www.visit-ulcinj.com\/blog\/2012\/02\/04\/sugjerimet-per-ndryshimin-e-vendimit-mbi-kompensimin-per-perdorimin-e-objekteve-te-perkohshme-ne-lumin-buna\/\"]}]},{\"@type\":\"BreadcrumbList\",\"@id\":\"https:\/\/www.visit-ulcinj.com\/blog\/2012\/02\/04\/sugjerimet-per-ndryshimin-e-vendimit-mbi-kompensimin-per-perdorimin-e-objekteve-te-perkohshme-ne-lumin-buna\/#breadcrumb\",\"itemListElement\":[{\"@type\":\"ListItem\",\"position\":1,\"name\":\"Sugjerimet p\u00ebr ndryshimin e Vendimit mbi kompensimin p\u00ebr p\u00ebrdorimin e objekteve t\u00eb p\u00ebrkohshme n\u00eb lumin Buna\"}]},{\"@type\":\"Person\",\"@id\":\"https:\/\/www.visit-ulcinj.com\/blog\/#\/schema\/person\/dcab619c614d3038751c63bc2aadc06d\",\"name\":\"ulqini\",\"sameAs\":[\"http:\/\/www.visit-ulcinj.com\"],\"url\":\"https:\/\/www.visit-ulcinj.com\/blog\/author\/admin\/\"}]}<\/script>\n<!-- \/ Yoast SEO plugin. -->","yoast_head_json":{"title":"Sugjerimet p\u00ebr ndryshimin e Vendimit mbi kompensimin p\u00ebr p\u00ebrdorimin e objekteve t\u00eb p\u00ebrkohshme n\u00eb lumin Buna - Lajme nga Ulqini","description":"Sekretari p\u00ebr ekonomi dhe zhvillim ekonomik Valdet Axhemovic i ka d\u00ebrgoi nj\u00eb let\u00ebr ministrive kompetente n\u00eb lidhje me sugjerimet p\u00ebr ndryshimin e Vendimit","robots":{"index":"index","follow":"follow","max-snippet":"max-snippet:-1","max-image-preview":"max-image-preview:large","max-video-preview":"max-video-preview:-1"},"canonical":"https:\/\/www.visit-ulcinj.com\/blog\/2012\/02\/04\/sugjerimet-per-ndryshimin-e-vendimit-mbi-kompensimin-per-perdorimin-e-objekteve-te-perkohshme-ne-lumin-buna\/","og_locale":"en_US","og_type":"article","og_title":"Sugjerimet p\u00ebr ndryshimin e Vendimit mbi kompensimin p\u00ebr p\u00ebrdorimin e objekteve t\u00eb p\u00ebrkohshme n\u00eb lumin Buna - Lajme nga Ulqini","og_description":"Sekretari p\u00ebr ekonomi dhe zhvillim ekonomik Valdet Axhemovic i ka d\u00ebrgoi nj\u00eb let\u00ebr ministrive kompetente n\u00eb lidhje me sugjerimet p\u00ebr ndryshimin e Vendimit","og_url":"https:\/\/www.visit-ulcinj.com\/blog\/2012\/02\/04\/sugjerimet-per-ndryshimin-e-vendimit-mbi-kompensimin-per-perdorimin-e-objekteve-te-perkohshme-ne-lumin-buna\/","og_site_name":"Lajme nga Ulqini","article_published_time":"2012-02-04T17:25:02+00:00","article_modified_time":"2012-02-04T17:27:44+00:00","og_image":[{"url":"http:\/\/www.visit-ulcinj.com\/blog\/wp-content\/uploads\/2012\/02\/Ada-Bojana.4.jpg"}],"twitter_misc":{"Written by":"ulqini","Est. reading time":"1 minute"},"schema":{"@context":"https:\/\/schema.org","@graph":[{"@type":"WebSite","@id":"https:\/\/www.visit-ulcinj.com\/blog\/#website","url":"https:\/\/www.visit-ulcinj.com\/blog\/","name":"Lajme nga Ulqini","description":"Lajme,Vijesti,Ulqini,Ulqin,Crna Gora,Mali i Zi","potentialAction":[{"@type":"SearchAction","target":{"@type":"EntryPoint","urlTemplate":"https:\/\/www.visit-ulcinj.com\/blog\/?s={search_term_string}"},"query-input":"required name=search_term_string"}],"inLanguage":"en-US"},{"@type":"ImageObject","inLanguage":"en-US","@id":"https:\/\/www.visit-ulcinj.com\/blog\/2012\/02\/04\/sugjerimet-per-ndryshimin-e-vendimit-mbi-kompensimin-per-perdorimin-e-objekteve-te-perkohshme-ne-lumin-buna\/#primaryimage","url":"https:\/\/www.visit-ulcinj.com\/blog\/wp-content\/uploads\/2012\/02\/Ada-Bojana.4.jpg","contentUrl":"https:\/\/www.visit-ulcinj.com\/blog\/wp-content\/uploads\/2012\/02\/Ada-Bojana.4.jpg","width":"907","height":"680"},{"@type":"WebPage","@id":"https:\/\/www.visit-ulcinj.com\/blog\/2012\/02\/04\/sugjerimet-per-ndryshimin-e-vendimit-mbi-kompensimin-per-perdorimin-e-objekteve-te-perkohshme-ne-lumin-buna\/#webpage","url":"https:\/\/www.visit-ulcinj.com\/blog\/2012\/02\/04\/sugjerimet-per-ndryshimin-e-vendimit-mbi-kompensimin-per-perdorimin-e-objekteve-te-perkohshme-ne-lumin-buna\/","name":"Sugjerimet p\u00ebr ndryshimin e Vendimit mbi kompensimin p\u00ebr p\u00ebrdorimin e objekteve t\u00eb p\u00ebrkohshme n\u00eb lumin Buna - Lajme nga Ulqini","isPartOf":{"@id":"https:\/\/www.visit-ulcinj.com\/blog\/#website"},"primaryImageOfPage":{"@id":"https:\/\/www.visit-ulcinj.com\/blog\/2012\/02\/04\/sugjerimet-per-ndryshimin-e-vendimit-mbi-kompensimin-per-perdorimin-e-objekteve-te-perkohshme-ne-lumin-buna\/#primaryimage"},"datePublished":"2012-02-04T17:25:02+00:00","dateModified":"2012-02-04T17:27:44+00:00","author":{"@id":"https:\/\/www.visit-ulcinj.com\/blog\/#\/schema\/person\/dcab619c614d3038751c63bc2aadc06d"},"description":"Sekretari p\u00ebr ekonomi dhe zhvillim ekonomik Valdet Axhemovic i ka d\u00ebrgoi nj\u00eb let\u00ebr ministrive kompetente n\u00eb lidhje me sugjerimet p\u00ebr ndryshimin e Vendimit","breadcrumb":{"@id":"https:\/\/www.visit-ulcinj.com\/blog\/2012\/02\/04\/sugjerimet-per-ndryshimin-e-vendimit-mbi-kompensimin-per-perdorimin-e-objekteve-te-perkohshme-ne-lumin-buna\/#breadcrumb"},"inLanguage":"en-US","potentialAction":[{"@type":"ReadAction","target":["https:\/\/www.visit-ulcinj.com\/blog\/2012\/02\/04\/sugjerimet-per-ndryshimin-e-vendimit-mbi-kompensimin-per-perdorimin-e-objekteve-te-perkohshme-ne-lumin-buna\/"]}]},{"@type":"BreadcrumbList","@id":"https:\/\/www.visit-ulcinj.com\/blog\/2012\/02\/04\/sugjerimet-per-ndryshimin-e-vendimit-mbi-kompensimin-per-perdorimin-e-objekteve-te-perkohshme-ne-lumin-buna\/#breadcrumb","itemListElement":[{"@type":"ListItem","position":1,"name":"Sugjerimet p\u00ebr ndryshimin e Vendimit mbi kompensimin p\u00ebr p\u00ebrdorimin e objekteve t\u00eb p\u00ebrkohshme n\u00eb lumin Buna"}]},{"@type":"Person","@id":"https:\/\/www.visit-ulcinj.com\/blog\/#\/schema\/person\/dcab619c614d3038751c63bc2aadc06d","name":"ulqini","sameAs":["http:\/\/www.visit-ulcinj.com"],"url":"https:\/\/www.visit-ulcinj.com\/blog\/author\/admin\/"}]}},"jetpack_featured_media_url":"","jetpack_sharing_enabled":true,"jetpack_shortlink":"https:\/\/wp.me\/pe6lTn-ePx","_links":{"self":[{"href":"https:\/\/www.visit-ulcinj.com\/blog\/wp-json\/wp\/v2\/posts\/57011"}],"collection":[{"href":"https:\/\/www.visit-ulcinj.com\/blog\/wp-json\/wp\/v2\/posts"}],"about":[{"href":"https:\/\/www.visit-ulcinj.com\/blog\/wp-json\/wp\/v2\/types\/post"}],"author":[{"embeddable":true,"href":"https:\/\/www.visit-ulcinj.com\/blog\/wp-json\/wp\/v2\/users\/1"}],"replies":[{"embeddable":true,"href":"https:\/\/www.visit-ulcinj.com\/blog\/wp-json\/wp\/v2\/comments?post=57011"}],"version-history":[{"count":3,"href":"https:\/\/www.visit-ulcinj.com\/blog\/wp-json\/wp\/v2\/posts\/57011\/revisions"}],"predecessor-version":[{"id":57015,"href":"https:\/\/www.visit-ulcinj.com\/blog\/wp-json\/wp\/v2\/posts\/57011\/revisions\/57015"}],"wp:attachment":[{"href":"https:\/\/www.visit-ulcinj.com\/blog\/wp-json\/wp\/v2\/media?parent=57011"}],"wp:term":[{"taxonomy":"category","embeddable":true,"href":"https:\/\/www.visit-ulcinj.com\/blog\/wp-json\/wp\/v2\/categories?post=57011"},{"taxonomy":"post_tag","embeddable":true,"href":"https:\/\/www.visit-ulcinj.com\/blog\/wp-json\/wp\/v2\/tags?post=57011"}],"curies":[{"name":"wp","href":"https:\/\/api.w.org\/{rel}","templated":true}]}}