{"id":57031,"date":"2012-02-05T17:02:16","date_gmt":"2012-02-05T16:02:16","guid":{"rendered":"http:\/\/www.visit-ulcinj.com\/blog\/?p=57031"},"modified":"2012-02-12T09:17:08","modified_gmt":"2012-02-12T08:17:08","slug":"leter-e-hapur-parlamentareve-europian-nga-genci-nimanbegu","status":"publish","type":"post","link":"https:\/\/www.visit-ulcinj.com\/blog\/2012\/02\/05\/leter-e-hapur-parlamentareve-europian-nga-genci-nimanbegu\/","title":{"rendered":"Let\u00ebr e hapur parlamentar\u00ebve europian nga Genci Nimanbegu"},"content":{"rendered":"<p><strong>\u00a0<a href=\"http:\/\/www.visit-ulcinj.com\/blog\/wp-content\/uploads\/2012\/02\/Leter-e-Genci-Nimanbegut-Mr-Eduard-KukanKryetar-i-Komitetit-parlamentar-EU-Mali-I-Zi.jpg\"><img loading=\"lazy\" class=\"alignleft  wp-image-57032\" title=\"Leter e Genci Nimanbegut - Mr Eduard Kukan,Kryetar i Komitetit parlamentar EU - Mali I Zi\" src=\"http:\/\/www.visit-ulcinj.com\/blog\/wp-content\/uploads\/2012\/02\/Leter-e-Genci-Nimanbegut-Mr-Eduard-KukanKryetar-i-Komitetit-parlamentar-EU-Mali-I-Zi.jpg\" alt=\"\" width=\"508\" height=\"380\" srcset=\"https:\/\/www.visit-ulcinj.com\/blog\/wp-content\/uploads\/2012\/02\/Leter-e-Genci-Nimanbegut-Mr-Eduard-KukanKryetar-i-Komitetit-parlamentar-EU-Mali-I-Zi.jpg 604w, https:\/\/www.visit-ulcinj.com\/blog\/wp-content\/uploads\/2012\/02\/Leter-e-Genci-Nimanbegut-Mr-Eduard-KukanKryetar-i-Komitetit-parlamentar-EU-Mali-I-Zi-300x225.jpg 300w\" sizes=\"(max-width: 508px) 100vw, 508px\" \/><\/a><\/strong><\/p>\n<p><strong>Mr Eduard Kukan, Kryetar i Komitetit parlamentar EU &#8211; Mali I Zi<\/strong><\/p>\n<p align=\"right\">Ulqin 02.02.2012<\/p>\n<p>I nderuari z. Kukan;<\/p>\n<p>Te nderuar an\u00ebtar\u00eb t\u00eb Delegacionit t\u00eb p\u00ebrbashk\u00ebt parlamentar EU &#8211; Mali i Zi!<\/p>\n<p>N\u00eb takimet e K\u00ebshillit t\u00eb p\u00ebrbashk\u00ebt parlamentar, besoj q\u00eb pajtoheni, kemi patur diskutime t\u00eb shumta me q\u00ebllim q\u00eb idea e Europ\u00ebs s\u00eb unifikuar,aprovimi dhe implementimi i ligjeve dhe standard\u00ebve demokratike europiane,n\u00eb Mal t\u00eb Zi si shtet kandidat dhe an\u00ebtar i ardh\u00ebsh\u00ebm, t\u00eb jet\u00eb n\u00eb fokusin e rekomandimeve dhe temave nga takimet tona t\u00eb rregullta.<\/p>\n<p>Vler\u00ebsoj shum\u00eb q\u00ebndrimet tuaja prandaj Ju drejtohem me k\u00ebt\u00eb let\u00ebr me q\u00ebllim q\u00eb t\u00eb nxjerri edhe nj\u00eb her\u00eb n\u00eb fokusin tuaj sfidat dhe shqet\u00ebsimet t\u00eb cilat i ndaj un\u00eb si p\u00ebrfaq\u00ebsues i partis\u00eb s\u00eb pakic\u00ebs autoktone shqiptare n\u00eb Mal t\u00eb Zi.\u00a0 Q\u00ebllimi \u00ebsht\u00eb q\u00eb disa nga k\u00ebto sfida, edhe pse t\u00eb cekura n\u00eb takimet tona t\u00eb p\u00ebrbashk\u00ebta, t\u00eb fitojn\u00eb edhe m\u00eb tep\u00ebr p\u00ebrkrahjen tuaj n\u00eb takimet e ardh\u00ebshme t\u00eb K\u00ebshillit t\u00eb p\u00ebrbashk\u00ebt.<\/p>\n<p>I nderuari z. Kukan, t\u00eb nderuar an\u00ebtar\u00eb t\u00eb parlamentit Europian, besoj q\u00eb v\u00ebmendjen tuaj do marr problemi i theksuar i \u201ct\u00eb Mirave detare\u201d gjegj\u00ebsisht zon\u00ebs s\u00eb p\u00ebrfshirjes s\u00eb k\u00ebti entiteti publik. N\u00eb k\u00ebt\u00eb l\u00ebmi kemi standard t\u00eb dyfish\u00ebt n\u00eb Mal t\u00eb Zi e kjo ka t\u00eb b\u00ebj\u00eb n\u00eb t\u00ebrsi me Komun\u00ebn e Ulqinit.<\/p>\n<p><strong>Pabarazia n\u00eb implementimin e Ligjit mbi t\u00eb Mirat Detare<\/strong><\/p>\n<p>Komuna e Ulqinit shtrihet n\u00eb rreth 18% t\u00eb bregdetit t\u00eb Malit t\u00eb Zi, por n\u00eb te \u00ebsht\u00eb p\u00ebrcaktuar, pa p\u00eblqimin e komunitetit lokal, rreth 57% t\u00eb teritorit t\u00eb Mirave detare. Nd\u00ebrmarrja q\u00eb menaxhon me k\u00ebt\u00eb zon\u00eb udh\u00ebhiqet plot\u00ebsisht e centralizuar nga Qeveria.\u00a0 K\u00ebshtu q\u00eb n\u00eb Ulqin Zona e t\u00eb mirave detare ka sip\u00ebrfaqe prej mbi 30 km2, kurse n\u00eb 5 komunat tjera bregdetare (Tivar, Budve, Tivat, Kotor dhe Herceg Novi) q\u00eb kan\u00eb mbi 82% t\u00eb vij\u00ebs bregdetare 22km2 apo mesat\u00ebrisht 4,4 km2 ose 7 her\u00eb m\u00eb pak se n\u00eb Ulqin.<\/p>\n<p>Disponimin e mjeteve q\u00eb grumbullon kjo nd\u00ebrmarrje nga koncesionet mbi plazha dhe taksat tjera, ajo i b\u00ebn\u00eb pa p\u00eblqimin e Komunave bregdetare.Vet\u00ebm k\u00ebt\u00eb vit\u00eb, fal amendamentit tim dhe disa koleg\u00ebve nga Parlamenti, filloi q\u00eb mjetet shum\u00eb milion\u00ebshe n\u00eb Euro q\u00eb i grumbullon kjo nd\u00ebrmarrje ti kthehen , por vet\u00ebm n\u00eb mas\u00eb prej 20%, Komunave n\u00eb t\u00eb cilat vjelen k\u00ebto taksa.<\/p>\n<p>N\u00eb Komunat tjera shum\u00eb shpesh kufiri i p\u00ebrfshirjes s\u00eb autoritetit i t\u00eb mirave detare \u00ebsht\u00eb 6 metra nga deti, kurse n\u00eb Komun\u00ebn time ky kufi shtrihet edhe mbi 2 km nga deti. Kur merret fakti q\u00eb me nj\u00eb tjet\u00ebr ligj i cili p\u00ebrcakton q\u00eb mbi k\u00ebto zon\u00eb planifikim hapsinor\u00eb b\u00ebhet dhe aprovohet nga Qeveria e jo nga Komuna at\u00ebher\u00eb vjen n\u00eb dukje standardi i dyfisht. N\u00eb Ulqin vendoset nga Qeveria \u00e7ka do t\u00eb planifikohet ne zon\u00ebn bregdetare kurse ne Komunat tjera \u00ebsht\u00eb ndysheatje vendos\u00eb vet\u00eb Komuna e jo Qeveria gj\u00eb q\u00eb Komun\u00ebn e Ulqinit e b\u00ebn\u00eb t\u00eb jet\u00eb inferiore ndaj Komunave tjera bregdetare. Pasi q\u00eb kjo zon\u00eb n\u00eb Komun\u00ebn e Ulqinit \u00ebsht\u00eb zona n\u00eb t\u00eb cil\u00ebn lidhen t\u00eb gjith\u00eb planet strategjike t\u00eb zhvillimt ekonomik.<\/p>\n<p>Shum\u00eb vite me radh\u00eb komuniteti lokal ka protestuar ndaj k\u00ebsaj padrejt\u00ebsie. Parlamenti lokal ka aprovuar disa her\u00eb deklarata me t\u00eb cilat proteston dhe k\u00ebrkon nga Qeveria q\u00eb ky problem t\u00eb zgjidhet. Por edhe pas 20 viteve problemi vet\u00ebm \u00ebsht\u00eb thell\u00ebsuar.N\u00eb draftin e ri t\u00eb ligjit mbi t\u00eb mirat detare, nga n\u00ebntori 2011 zgjidhja e diskutuar \u00ebsht\u00eb pothuaj e nj\u00ebjt\u00eb si n\u00eb ligjin aktual.<\/p>\n<p>Partia ime dhe un\u00eb jemi shum\u00eb t\u00eb p\u00ebrkushtuar ndaj integrimeve europiane duke besuar q\u00eb procesi i adoptimeve t\u00eb standardeve europiane t\u00eb sjell mir\u00ebqenie dhe drejt\u00ebsi m\u00eb t\u00eb madhe p\u00ebr komunitetin q\u00eb p\u00ebrfaq\u00ebsoj\u00eb dhe p\u00ebr Malin e Zi n\u00eb t\u00ebrsi.<\/p>\n<p><strong>Sh\u00ebndrimi i zon\u00ebs s\u00eb mbrojtur t\u00eb Kripores s\u00eb Ulqinit n\u00eb tok\u00eb nd\u00ebrtimore<\/strong><\/p>\n<p>Si tem\u00eb tjet\u00ebr do t\u00eb ceki rastin e Krypores s\u00eb Ulqinit.<\/p>\n<p>N\u00eb vitin 2007 kjo zon\u00eb nga prodhimi i kryp\u00ebs n\u00eb m\u00ebnyr\u00eb tradicionale, q\u00eb \u00ebsht\u00eb lokalitet i shpallur p\u00ebr shkak t\u00eb pasuris\u00eb s\u00eb biodiversitetit \u00ebsht\u00eb zon\u00eb e r\u00ebnd\u00ebsishme p\u00ebr rritjen e zogjeve (IBA) dhe Emerald Zon\u00eb (Konventa e Bernit) dhe kandidate p\u00ebr\u00a0 Zon\u00ebn e Ramsarit (k\u00ebnet\u00eb e mbrojtur), parlamenti ka aprovuar propozimin e Qeveris\u00eb q\u00eb kjo zon\u00eb mund t\u00eb sh\u00ebndrohet n\u00eb tok\u00eb nd\u00ebrtimore p\u00ebr investime n\u00eb objekte p\u00ebr turiz\u00ebm. E gjith\u00eb kjo ndodhi pa debat\u00eb publike dhe n\u00eb kund\u00ebrshtim me komunitetin e Ulqinit si dhe t\u00eb gjith\u00eb shoqatat q\u00eb merren me mbrojtjen e natyr\u00ebs dhe mjedisit.<\/p>\n<p><strong>Restitucioni i drejtave pronsore<\/strong><\/p>\n<p>Problemi i Restitucionit \u00ebsht\u00eb tem\u00eb e cila vazhdimisht duhet t\u00eb jet\u00eb n\u00eb fokusin e forumeve tona, me \u00e7\u00ebshtjet e pazgjidhura\u00a0 n\u00eb zonat e Ulqinit n\u00eb Valdanos, Shtoj por edhe n\u00eb Mal\u00ebsi dhe Plav\u00eb.<\/p>\n<p>Edhe nj\u00eb her\u00eb dua ti fal\u00ebnd\u00ebrohem Delegaciont t\u00eb Parlamentit Europian qe p\u00ebkrahi Amandamentin mbi Restitucionin e pron\u00ebs edhe pse p\u00ebr shkak t\u00eb ndarjes n\u00eb delegacionin e Malit t\u00eb Zi ai nuk u p\u00ebrfshi n\u00eb deklarat\u00ebn e aprovuar ne tetor 2011.<\/p>\n<p>&nbsp;<\/p>\n<p><strong>Centralizimi vs Decentralizimit<\/strong><\/p>\n<p>Besoj\u00eb q\u00eb dakordoheni q\u00eb decentralizimi i pushtetit q\u00ebndror ndaj ati vendor duhet t\u00eb jet\u00eb kualitativ\u00eb dhe gjith\u00ebprfshir\u00ebs. Mali i Zi \u00ebsht\u00eb tejet i centralizuar k\u00ebshtu q\u00eb Komunat jan shum\u00eb t\u00eb kufizaura n\u00ebse duan q\u00eb ti p\u00ebrmirsojn sh\u00ebrbimet e veta ndaj qytearit- taksapaguesit- votuesit. N\u00eb Malin e Zi ku qeveria grumbullon 85 &#8211; 90% t\u00eb taksave dhe tatimeve kurse Komunat 10 \u2013 15%, duhet nd\u00ebrmarr\u00eb nj\u00eb reform\u00eb t\u00eb p\u00ebrgjithsme q\u00eb pushteti t\u00eb dencetralizohet.<\/p>\n<p>Si sistemi sh\u00ebndet\u00ebsor, arsimor,\u00a0 si\u00a0 dhe policia jan\u00eb tejet t\u00eb centralizuar dhe kushtimisht t\u00eb politizuar.<\/p>\n<p>V\u00ebshtir\u00ebsit ligjore q\u00eb i vihen bashk\u00ebsive lokale q\u00eb t\u00eb b\u00ebhen Komuna me t\u00eb gjitha ingerencat, si\u00e7 \u00ebsht\u00eb rasti me Komun\u00ebn urbane t\u00eb Tuzit (Mal\u00ebsis\u00eb) por edhe p\u00ebr lokalitet tjera n\u00eb MZ, gj\u00eb q\u00eb rrit pak\u00ebnaq\u00ebsin\u00eb e qytetar\u00ebve t\u00eb k\u00ebtyre zonave dhe bashk\u00ebsive.<\/p>\n<p>Posa\u00e7\u00ebrisht kur k\u00ebto dallime t\u00eb cekura b\u00ebhen p\u00ebr komuna dhe bashk\u00ebsi ku mbi 70%\u00a0 t\u00eb populsis\u00eb \u00ebsht\u00eb pakica shqip\u00ebtare\u00a0 at\u00ebher\u00eb vihet pyetja a b\u00ebhet fjal\u00eb p\u00ebr diskriminim ndaj nj\u00eb pakice autoktone.<\/p>\n<p>T\u00eb nderuar koleg\u00eb parlamentar, nuk e kam p\u00ebr q\u00ebllimin q\u00eb vet\u00ebm me k\u00ebt\u00eb let\u00ebr t\u00eb shpreh t\u00eb gjitha\u00a0 problemet e komunitetit shqip\u00ebtar n\u00eb Mal t\u00eb Zi.\u00a0 N\u00eb pun\u00ebn time profesionale udh\u00ebhiqem me parimin q\u00eb standardet demokratike dhe demokratizimi i shoq\u00ebris\u00eb \u00ebsht\u00eb nj\u00eb pro\u00e7es i cili mund \u00e7do her\u00eb t\u00eb punohet mir\u00eb e m\u00eb mir\u00eb.<\/p>\n<p>Rri n\u00eb disponim q\u00eb p\u00ebr pyetjet tuaja lidhur me k\u00ebto probleme si dhe temat tjera tju p\u00ebrgjigjem sa m\u00eb plot\u00ebsisht dhe menj\u00ebher\u00eb.<\/p>\n<p>&nbsp;<\/p>\n<p>I nderuar zot\u00ebri Kukan duke ju d\u00ebshiruar pun\u00eb t\u00eb mbar\u00eb, ju lutem q\u00eb k\u00ebt\u00eb informat\u00eb mund\u00ebsisht ta ndani me t\u00eb tjer\u00ebt koleg\u00eb nga Parlamenti Europian \u2013 an\u00ebtar t\u00eb Komitetit t\u00eb p\u00ebrbashk\u00ebt EU \u2013 MZ.<\/p>\n<p>&nbsp;<\/p>\n<p>Me rrespekt,<\/p>\n<p>Genci Nimanbegu<\/p>\n<p>Forca e re Demokratike,<\/p>\n<p>Antar i Parlamentit t\u00eb Malit t\u00eb Zi,<\/p>\n<p>K\u00ebshilli p\u00ebr mar\u00ebdh\u00ebnije nd\u00ebrkombtare dhe Integrime Europiane<\/p>\n<p>K\u00ebshilli p\u00ebr Turiz\u00ebm, Bujq\u00ebsi, Ekologji dhe Planifikim Hapsinor<\/p>\n<p><strong><a href=\"http:\/\/www.europarl.europa.eu\/\" target=\"_blank\">http:\/\/www.europarl.europa.eu\/<\/a>\u00a0\u00a0\u00a0<\/strong><\/p>\n<p>[flv width=&#8221;490&#8243; height=&#8221;390&#8243;]http:\/\/video.zoover.nl\/media\/play\/2010\/01\/20100125130811_025.flv[\/flv]<br \/>\n<a href=\"http:\/\/www.europarl.europa.eu\/\" target=\"_blank\">\u041f\u0440\u0435\u0434\u0441\u0435\u0434\u0430\u0442\u0435\u043b \u043d\u0430 \u0415\u0432\u0440\u043e\u043f\u0435\u0439\u0441\u043a\u0438\u044f \u043f\u0430\u0440\u043b\u0430\u043c\u0435\u043d\u0442,<strong> El Presidente<\/strong> del parlamento europeo,<strong> P\u0159edseda<\/strong> Evropsk\u00e9ho parlamentu,<strong> Formanden<\/strong> for Europa-Parlamentet,<strong> Der Pr\u00e4sident<\/strong> des Europ\u00e4ischen Parlaments, Euroopa Parlamendi <strong>president<\/strong>, \u039f \u03a0\u03c1\u03cc\u03b5\u03b4\u03c1\u03bf\u03c2 \u03c4\u03bf\u03c5 \u0395\u03c5\u03c1\u03c9\u03c0\u03b1\u03ca\u03ba\u03bf\u03cd \u039a\u03bf\u03b9\u03bd\u03bf\u03b2\u03bf\u03c5\u03bb\u03af\u03bf\u03c5,<strong> The President<\/strong> of the European Parliament,<strong> Le Pr\u00e9sident<\/strong> du Parlement europ\u00e9en,<strong> Il Presidente<\/strong> del Parlamento europeo, Eiropas Parlamenta<strong> priek\u0161s\u0113d\u0113t\u0101js<\/strong>, Europos Parlamento<strong> Pirmininkas<\/strong>, Az Eur\u00f3pai Parlament eln\u00f6ke,<strong> Il-President<\/strong> tal-Parlament Ewropew,<strong> De Voorzittter<\/strong> van het Europees Parlement,<strong> Przewodnicz\u0105cy<\/strong> Parlamentu Europejskiego,<strong> O Presidente<\/strong> do Parlamento Europeu,<strong> Pre\u015fedintele<\/strong> Parlementului European,<strong> Predseda<\/strong> Eur\u00f3pskeho parlamentu,<strong> Predsednik<\/strong> Evropskega parlamenta, Euroopan parlamentin <strong>puhemies<\/strong>, Europaparlamentets<strong> talman<\/strong>,<\/a><\/p>\n","protected":false},"excerpt":{"rendered":"<p>\u00a0 Mr Eduard Kukan, Kryetar i Komitetit parlamentar EU &#8211; Mali I Zi Ulqin 02.02.2012 I nderuari z. Kukan; Te nderuar an\u00ebtar\u00eb t\u00eb Delegacionit t\u00eb p\u00ebrbashk\u00ebt parlamentar EU &#8211; Mali i Zi! N\u00eb takimet e K\u00ebshillit t\u00eb p\u00ebrbashk\u00ebt parlamentar, besoj q\u00eb pajtoheni, kemi patur diskutime t\u00eb shumta me q\u00ebllim q\u00eb idea e Europ\u00ebs s\u00eb unifikuar,aprovimi [&hellip;]<\/p>\n","protected":false},"author":1,"featured_media":0,"comment_status":"open","ping_status":"closed","sticky":false,"template":"","format":"standard","meta":{"spay_email":"","jetpack_publicize_message":"","jetpack_is_tweetstorm":false,"jetpack_publicize_feature_enabled":true},"categories":[1,6950],"tags":[20001,19987,19983,20003,19982,19993,19977,19999,19990,19994,20009,20010,20000,19979,19992,19998,20002,19997,19176,20005,19991,19976,19980,19981,19985,19978,19984,20006,20007,20008,19988,20004,3940,19996,19,200,18,19986],"jetpack_publicize_connections":[],"yoast_head":"<!-- This site is optimized with the Yoast SEO plugin v19.1 - https:\/\/yoast.com\/wordpress\/plugins\/seo\/ -->\n<title>Let\u00ebr e hapur parlamentar\u00ebve europian nga Genci Nimanbegu - Lajme nga Ulqini<\/title>\n<meta name=\"description\" content=\"\u00a0 Mr Eduard Kukan, Kryetar i Komitetit parlamentar EU - Mali I Zi Ulqin 02.02.2012 I nderuari z. Kukan; Te nderuar an\u00ebtar\u00eb t\u00eb Delegacionit t\u00eb p\u00ebrbashk\u00ebt\" \/>\n<meta name=\"robots\" content=\"index, follow, max-snippet:-1, max-image-preview:large, max-video-preview:-1\" \/>\n<link rel=\"canonical\" href=\"https:\/\/www.visit-ulcinj.com\/blog\/2012\/02\/05\/leter-e-hapur-parlamentareve-europian-nga-genci-nimanbegu\/\" \/>\n<meta property=\"og:locale\" content=\"en_US\" \/>\n<meta property=\"og:type\" content=\"article\" \/>\n<meta property=\"og:title\" content=\"Let\u00ebr e hapur parlamentar\u00ebve europian nga Genci Nimanbegu - Lajme nga Ulqini\" \/>\n<meta property=\"og:description\" content=\"\u00a0 Mr Eduard Kukan, Kryetar i Komitetit parlamentar EU - Mali I Zi Ulqin 02.02.2012 I nderuari z. Kukan; Te nderuar an\u00ebtar\u00eb t\u00eb Delegacionit t\u00eb p\u00ebrbashk\u00ebt\" \/>\n<meta property=\"og:url\" content=\"https:\/\/www.visit-ulcinj.com\/blog\/2012\/02\/05\/leter-e-hapur-parlamentareve-europian-nga-genci-nimanbegu\/\" \/>\n<meta property=\"og:site_name\" content=\"Lajme nga Ulqini\" \/>\n<meta property=\"article:published_time\" content=\"2012-02-05T16:02:16+00:00\" \/>\n<meta property=\"article:modified_time\" content=\"2012-02-12T08:17:08+00:00\" \/>\n<meta property=\"og:image\" content=\"http:\/\/www.visit-ulcinj.com\/blog\/wp-content\/uploads\/2012\/02\/Leter-e-Genci-Nimanbegut-Mr-Eduard-KukanKryetar-i-Komitetit-parlamentar-EU-Mali-I-Zi.jpg\" \/>\n<meta name=\"twitter:label1\" content=\"Written by\" \/>\n\t<meta name=\"twitter:data1\" content=\"ulqini\" \/>\n\t<meta name=\"twitter:label2\" content=\"Est. reading time\" \/>\n\t<meta name=\"twitter:data2\" content=\"7 minutes\" \/>\n<script type=\"application\/ld+json\" class=\"yoast-schema-graph\">{\"@context\":\"https:\/\/schema.org\",\"@graph\":[{\"@type\":\"WebSite\",\"@id\":\"https:\/\/www.visit-ulcinj.com\/blog\/#website\",\"url\":\"https:\/\/www.visit-ulcinj.com\/blog\/\",\"name\":\"Lajme nga Ulqini\",\"description\":\"Lajme,Vijesti,Ulqini,Ulqin,Crna Gora,Mali i Zi\",\"potentialAction\":[{\"@type\":\"SearchAction\",\"target\":{\"@type\":\"EntryPoint\",\"urlTemplate\":\"https:\/\/www.visit-ulcinj.com\/blog\/?s={search_term_string}\"},\"query-input\":\"required name=search_term_string\"}],\"inLanguage\":\"en-US\"},{\"@type\":\"ImageObject\",\"inLanguage\":\"en-US\",\"@id\":\"https:\/\/www.visit-ulcinj.com\/blog\/2012\/02\/05\/leter-e-hapur-parlamentareve-europian-nga-genci-nimanbegu\/#primaryimage\",\"url\":\"https:\/\/www.visit-ulcinj.com\/blog\/wp-content\/uploads\/2012\/02\/Leter-e-Genci-Nimanbegut-Mr-Eduard-KukanKryetar-i-Komitetit-parlamentar-EU-Mali-I-Zi.jpg\",\"contentUrl\":\"https:\/\/www.visit-ulcinj.com\/blog\/wp-content\/uploads\/2012\/02\/Leter-e-Genci-Nimanbegut-Mr-Eduard-KukanKryetar-i-Komitetit-parlamentar-EU-Mali-I-Zi.jpg\",\"width\":\"604\",\"height\":\"453\"},{\"@type\":\"WebPage\",\"@id\":\"https:\/\/www.visit-ulcinj.com\/blog\/2012\/02\/05\/leter-e-hapur-parlamentareve-europian-nga-genci-nimanbegu\/#webpage\",\"url\":\"https:\/\/www.visit-ulcinj.com\/blog\/2012\/02\/05\/leter-e-hapur-parlamentareve-europian-nga-genci-nimanbegu\/\",\"name\":\"Let\u00ebr e hapur parlamentar\u00ebve europian nga Genci Nimanbegu - Lajme nga Ulqini\",\"isPartOf\":{\"@id\":\"https:\/\/www.visit-ulcinj.com\/blog\/#website\"},\"primaryImageOfPage\":{\"@id\":\"https:\/\/www.visit-ulcinj.com\/blog\/2012\/02\/05\/leter-e-hapur-parlamentareve-europian-nga-genci-nimanbegu\/#primaryimage\"},\"datePublished\":\"2012-02-05T16:02:16+00:00\",\"dateModified\":\"2012-02-12T08:17:08+00:00\",\"author\":{\"@id\":\"https:\/\/www.visit-ulcinj.com\/blog\/#\/schema\/person\/dcab619c614d3038751c63bc2aadc06d\"},\"description\":\"\u00a0 Mr Eduard Kukan, Kryetar i Komitetit parlamentar EU - Mali I Zi Ulqin 02.02.2012 I nderuari z. Kukan; Te nderuar an\u00ebtar\u00eb t\u00eb Delegacionit t\u00eb p\u00ebrbashk\u00ebt\",\"breadcrumb\":{\"@id\":\"https:\/\/www.visit-ulcinj.com\/blog\/2012\/02\/05\/leter-e-hapur-parlamentareve-europian-nga-genci-nimanbegu\/#breadcrumb\"},\"inLanguage\":\"en-US\",\"potentialAction\":[{\"@type\":\"ReadAction\",\"target\":[\"https:\/\/www.visit-ulcinj.com\/blog\/2012\/02\/05\/leter-e-hapur-parlamentareve-europian-nga-genci-nimanbegu\/\"]}]},{\"@type\":\"BreadcrumbList\",\"@id\":\"https:\/\/www.visit-ulcinj.com\/blog\/2012\/02\/05\/leter-e-hapur-parlamentareve-europian-nga-genci-nimanbegu\/#breadcrumb\",\"itemListElement\":[{\"@type\":\"ListItem\",\"position\":1,\"name\":\"Let\u00ebr e hapur parlamentar\u00ebve europian nga Genci Nimanbegu\"}]},{\"@type\":\"Person\",\"@id\":\"https:\/\/www.visit-ulcinj.com\/blog\/#\/schema\/person\/dcab619c614d3038751c63bc2aadc06d\",\"name\":\"ulqini\",\"sameAs\":[\"http:\/\/www.visit-ulcinj.com\"],\"url\":\"https:\/\/www.visit-ulcinj.com\/blog\/author\/admin\/\"}]}<\/script>\n<!-- \/ Yoast SEO plugin. -->","yoast_head_json":{"title":"Let\u00ebr e hapur parlamentar\u00ebve europian nga Genci Nimanbegu - Lajme nga Ulqini","description":"\u00a0 Mr Eduard Kukan, Kryetar i Komitetit parlamentar EU - Mali I Zi Ulqin 02.02.2012 I nderuari z. Kukan; Te nderuar an\u00ebtar\u00eb t\u00eb Delegacionit t\u00eb p\u00ebrbashk\u00ebt","robots":{"index":"index","follow":"follow","max-snippet":"max-snippet:-1","max-image-preview":"max-image-preview:large","max-video-preview":"max-video-preview:-1"},"canonical":"https:\/\/www.visit-ulcinj.com\/blog\/2012\/02\/05\/leter-e-hapur-parlamentareve-europian-nga-genci-nimanbegu\/","og_locale":"en_US","og_type":"article","og_title":"Let\u00ebr e hapur parlamentar\u00ebve europian nga Genci Nimanbegu - Lajme nga Ulqini","og_description":"\u00a0 Mr Eduard Kukan, Kryetar i Komitetit parlamentar EU - Mali I Zi Ulqin 02.02.2012 I nderuari z. Kukan; Te nderuar an\u00ebtar\u00eb t\u00eb Delegacionit t\u00eb p\u00ebrbashk\u00ebt","og_url":"https:\/\/www.visit-ulcinj.com\/blog\/2012\/02\/05\/leter-e-hapur-parlamentareve-europian-nga-genci-nimanbegu\/","og_site_name":"Lajme nga Ulqini","article_published_time":"2012-02-05T16:02:16+00:00","article_modified_time":"2012-02-12T08:17:08+00:00","og_image":[{"url":"http:\/\/www.visit-ulcinj.com\/blog\/wp-content\/uploads\/2012\/02\/Leter-e-Genci-Nimanbegut-Mr-Eduard-KukanKryetar-i-Komitetit-parlamentar-EU-Mali-I-Zi.jpg"}],"twitter_misc":{"Written by":"ulqini","Est. reading time":"7 minutes"},"schema":{"@context":"https:\/\/schema.org","@graph":[{"@type":"WebSite","@id":"https:\/\/www.visit-ulcinj.com\/blog\/#website","url":"https:\/\/www.visit-ulcinj.com\/blog\/","name":"Lajme nga Ulqini","description":"Lajme,Vijesti,Ulqini,Ulqin,Crna Gora,Mali i Zi","potentialAction":[{"@type":"SearchAction","target":{"@type":"EntryPoint","urlTemplate":"https:\/\/www.visit-ulcinj.com\/blog\/?s={search_term_string}"},"query-input":"required name=search_term_string"}],"inLanguage":"en-US"},{"@type":"ImageObject","inLanguage":"en-US","@id":"https:\/\/www.visit-ulcinj.com\/blog\/2012\/02\/05\/leter-e-hapur-parlamentareve-europian-nga-genci-nimanbegu\/#primaryimage","url":"https:\/\/www.visit-ulcinj.com\/blog\/wp-content\/uploads\/2012\/02\/Leter-e-Genci-Nimanbegut-Mr-Eduard-KukanKryetar-i-Komitetit-parlamentar-EU-Mali-I-Zi.jpg","contentUrl":"https:\/\/www.visit-ulcinj.com\/blog\/wp-content\/uploads\/2012\/02\/Leter-e-Genci-Nimanbegut-Mr-Eduard-KukanKryetar-i-Komitetit-parlamentar-EU-Mali-I-Zi.jpg","width":"604","height":"453"},{"@type":"WebPage","@id":"https:\/\/www.visit-ulcinj.com\/blog\/2012\/02\/05\/leter-e-hapur-parlamentareve-europian-nga-genci-nimanbegu\/#webpage","url":"https:\/\/www.visit-ulcinj.com\/blog\/2012\/02\/05\/leter-e-hapur-parlamentareve-europian-nga-genci-nimanbegu\/","name":"Let\u00ebr e hapur parlamentar\u00ebve europian nga Genci Nimanbegu - Lajme nga Ulqini","isPartOf":{"@id":"https:\/\/www.visit-ulcinj.com\/blog\/#website"},"primaryImageOfPage":{"@id":"https:\/\/www.visit-ulcinj.com\/blog\/2012\/02\/05\/leter-e-hapur-parlamentareve-europian-nga-genci-nimanbegu\/#primaryimage"},"datePublished":"2012-02-05T16:02:16+00:00","dateModified":"2012-02-12T08:17:08+00:00","author":{"@id":"https:\/\/www.visit-ulcinj.com\/blog\/#\/schema\/person\/dcab619c614d3038751c63bc2aadc06d"},"description":"\u00a0 Mr Eduard Kukan, Kryetar i Komitetit parlamentar EU - Mali I Zi Ulqin 02.02.2012 I nderuari z. Kukan; Te nderuar an\u00ebtar\u00eb t\u00eb Delegacionit t\u00eb p\u00ebrbashk\u00ebt","breadcrumb":{"@id":"https:\/\/www.visit-ulcinj.com\/blog\/2012\/02\/05\/leter-e-hapur-parlamentareve-europian-nga-genci-nimanbegu\/#breadcrumb"},"inLanguage":"en-US","potentialAction":[{"@type":"ReadAction","target":["https:\/\/www.visit-ulcinj.com\/blog\/2012\/02\/05\/leter-e-hapur-parlamentareve-europian-nga-genci-nimanbegu\/"]}]},{"@type":"BreadcrumbList","@id":"https:\/\/www.visit-ulcinj.com\/blog\/2012\/02\/05\/leter-e-hapur-parlamentareve-europian-nga-genci-nimanbegu\/#breadcrumb","itemListElement":[{"@type":"ListItem","position":1,"name":"Let\u00ebr e hapur parlamentar\u00ebve europian nga Genci Nimanbegu"}]},{"@type":"Person","@id":"https:\/\/www.visit-ulcinj.com\/blog\/#\/schema\/person\/dcab619c614d3038751c63bc2aadc06d","name":"ulqini","sameAs":["http:\/\/www.visit-ulcinj.com"],"url":"https:\/\/www.visit-ulcinj.com\/blog\/author\/admin\/"}]}},"jetpack_featured_media_url":"","jetpack_sharing_enabled":true,"jetpack_shortlink":"https:\/\/wp.me\/pe6lTn-ePR","_links":{"self":[{"href":"https:\/\/www.visit-ulcinj.com\/blog\/wp-json\/wp\/v2\/posts\/57031"}],"collection":[{"href":"https:\/\/www.visit-ulcinj.com\/blog\/wp-json\/wp\/v2\/posts"}],"about":[{"href":"https:\/\/www.visit-ulcinj.com\/blog\/wp-json\/wp\/v2\/types\/post"}],"author":[{"embeddable":true,"href":"https:\/\/www.visit-ulcinj.com\/blog\/wp-json\/wp\/v2\/users\/1"}],"replies":[{"embeddable":true,"href":"https:\/\/www.visit-ulcinj.com\/blog\/wp-json\/wp\/v2\/comments?post=57031"}],"version-history":[{"count":9,"href":"https:\/\/www.visit-ulcinj.com\/blog\/wp-json\/wp\/v2\/posts\/57031\/revisions"}],"predecessor-version":[{"id":57339,"href":"https:\/\/www.visit-ulcinj.com\/blog\/wp-json\/wp\/v2\/posts\/57031\/revisions\/57339"}],"wp:attachment":[{"href":"https:\/\/www.visit-ulcinj.com\/blog\/wp-json\/wp\/v2\/media?parent=57031"}],"wp:term":[{"taxonomy":"category","embeddable":true,"href":"https:\/\/www.visit-ulcinj.com\/blog\/wp-json\/wp\/v2\/categories?post=57031"},{"taxonomy":"post_tag","embeddable":true,"href":"https:\/\/www.visit-ulcinj.com\/blog\/wp-json\/wp\/v2\/tags?post=57031"}],"curies":[{"name":"wp","href":"https:\/\/api.w.org\/{rel}","templated":true}]}}