{"id":5705,"date":"2008-11-08T18:14:28","date_gmt":"2008-11-08T23:14:28","guid":{"rendered":"http:\/\/www.visit-ulcinj.com\/blog\/?p=5705"},"modified":"2008-11-08T18:14:28","modified_gmt":"2008-11-08T23:14:28","slug":"arita-mohon-lidhjen-me-aktorin-blerim-destani","status":"publish","type":"post","link":"https:\/\/www.visit-ulcinj.com\/blog\/2008\/11\/08\/arita-mohon-lidhjen-me-aktorin-blerim-destani\/","title":{"rendered":"Arita mohon lidhjen me aktorin Blerim Destani"},"content":{"rendered":"<p><a href=\"http:\/\/www.visit-ulcinj.com\/blog\/wp-content\/uploads\/2008\/11\/arita-fejzullai.jpg\"><img loading=\"lazy\" class=\"alignleft size-medium wp-image-5706\" title=\"arita-fejzullai\" src=\"http:\/\/www.visit-ulcinj.com\/blog\/wp-content\/uploads\/2008\/11\/arita-fejzullai.jpg\" alt=\"\" width=\"240\" height=\"286\" \/><\/a>Ndon\u00ebse \u00ebsht\u00eb p\u00ebrfolur se \u201cMiss Scandavia 2007\u201d Arita Fejzullai \u00ebsht\u00eb n\u00eb lidhje me aktorin e njohur Blerim Destani, nj\u00eb gj\u00eb e till\u00eb \u00ebsht\u00eb mohuar nga vet\u00eb Arita, e cila ka th\u00ebn\u00eb se ata jan\u00eb vet\u00ebm miq t\u00eb mir\u00eb dhe nd\u00ebrmjet tyre nuk ka asgj\u00eb serioze.<br \/>\n\u201cNuk \u00ebsht\u00eb e v\u00ebrtet\u00eb q\u00eb kemi nj\u00eb lidhje \u201ct\u00eb ngusht\u00eb\u201d, por ne jemi vet\u00ebm miq t\u00eb mir\u00eb\u201d, ka th\u00ebn\u00eb Fejzullai.<br \/>\nArita Fejzullai koh\u00ebve t\u00eb fundit ka p\u00ebrgatitur tri k\u00ebng\u00eb t\u00eb reja n\u00eb gjuh\u00ebn angleze, \u201cLove me\u201d, \u201cConfusion Love\u201d dhe\u00a0 \u201cDid u really love me\u201d, melodin\u00eb e t\u00eb cilave e ka b\u00ebr\u00eb Charlie, nd\u00ebrsa tekstin e ka shkruar vet\u00eb Arita, e cila thot\u00eb se \u00ebsht\u00eb shum\u00eb e mundshme q\u00eb k\u00ebnga \u201cLove me\u201d t\u00eb p\u00ebrkthehet edhe n\u00eb gjuh\u00ebn shqipe.<br \/>\nK\u00ebnga p\u00ebr Arit\u00ebn \u00ebsht\u00eb vet\u00ebm nj\u00eb hobi. Ajo mendon se nj\u00eb k\u00ebng\u00ebtare e v\u00ebrtet\u00eb \u00ebsht\u00eb vet\u00ebm at\u00ebher\u00eb kur i shkruan vet\u00eb k\u00ebng\u00ebt.<br \/>\n<strong>L.Gashi<br \/>\nKosovapress<\/strong><\/p>\n","protected":false},"excerpt":{"rendered":"<p>Ndon\u00ebse \u00ebsht\u00eb p\u00ebrfolur se \u201cMiss Scandavia 2007\u201d Arita Fejzullai \u00ebsht\u00eb n\u00eb lidhje me aktorin e njohur Blerim Destani, nj\u00eb gj\u00eb e till\u00eb \u00ebsht\u00eb mohuar nga vet\u00eb Arita, e cila ka th\u00ebn\u00eb se ata jan\u00eb vet\u00ebm miq t\u00eb mir\u00eb dhe nd\u00ebrmjet tyre nuk ka asgj\u00eb serioze. \u201cNuk \u00ebsht\u00eb e v\u00ebrtet\u00eb q\u00eb kemi nj\u00eb lidhje \u201ct\u00eb ngusht\u00eb\u201d, [&hellip;]<\/p>\n","protected":false},"author":1,"featured_media":0,"comment_status":"open","ping_status":"closed","sticky":false,"template":"","format":"standard","meta":{"spay_email":"","jetpack_publicize_message":"","jetpack_is_tweetstorm":false,"jetpack_publicize_feature_enabled":true},"categories":[1],"tags":[4977,4976],"jetpack_publicize_connections":[],"yoast_head":"<!-- This site is optimized with the Yoast SEO plugin v19.1 - https:\/\/yoast.com\/wordpress\/plugins\/seo\/ -->\n<title>Arita mohon lidhjen me aktorin Blerim Destani - Lajme nga Ulqini<\/title>\n<meta name=\"description\" content=\"Ndon\u00ebse \u00ebsht\u00eb p\u00ebrfolur se \u201cMiss Scandavia 2007\u201d Arita Fejzullai \u00ebsht\u00eb n\u00eb lidhje me aktorin e njohur Blerim Destani, nj\u00eb gj\u00eb e till\u00eb \u00ebsht\u00eb mohuar nga vet\u00eb\" \/>\n<meta name=\"robots\" content=\"index, follow, max-snippet:-1, max-image-preview:large, max-video-preview:-1\" \/>\n<link rel=\"canonical\" href=\"https:\/\/www.visit-ulcinj.com\/blog\/2008\/11\/08\/arita-mohon-lidhjen-me-aktorin-blerim-destani\/\" \/>\n<meta property=\"og:locale\" content=\"en_US\" \/>\n<meta property=\"og:type\" content=\"article\" \/>\n<meta property=\"og:title\" content=\"Arita mohon lidhjen me aktorin Blerim Destani - Lajme nga Ulqini\" \/>\n<meta property=\"og:description\" content=\"Ndon\u00ebse \u00ebsht\u00eb p\u00ebrfolur se \u201cMiss Scandavia 2007\u201d Arita Fejzullai \u00ebsht\u00eb n\u00eb lidhje me aktorin e njohur Blerim Destani, nj\u00eb gj\u00eb e till\u00eb \u00ebsht\u00eb mohuar nga vet\u00eb\" \/>\n<meta property=\"og:url\" content=\"https:\/\/www.visit-ulcinj.com\/blog\/2008\/11\/08\/arita-mohon-lidhjen-me-aktorin-blerim-destani\/\" \/>\n<meta property=\"og:site_name\" content=\"Lajme nga Ulqini\" \/>\n<meta property=\"article:published_time\" content=\"2008-11-08T23:14:28+00:00\" \/>\n<meta property=\"og:image\" content=\"http:\/\/www.visit-ulcinj.com\/blog\/wp-content\/uploads\/2008\/11\/arita-fejzullai.jpg\" \/>\n<meta name=\"twitter:label1\" content=\"Written by\" \/>\n\t<meta name=\"twitter:data1\" content=\"ulqini\" \/>\n\t<meta name=\"twitter:label2\" content=\"Est. reading time\" \/>\n\t<meta name=\"twitter:data2\" content=\"1 minute\" \/>\n<script type=\"application\/ld+json\" class=\"yoast-schema-graph\">{\"@context\":\"https:\/\/schema.org\",\"@graph\":[{\"@type\":\"WebSite\",\"@id\":\"https:\/\/www.visit-ulcinj.com\/blog\/#website\",\"url\":\"https:\/\/www.visit-ulcinj.com\/blog\/\",\"name\":\"Lajme nga Ulqini\",\"description\":\"Lajme,Vijesti,Ulqini,Ulqin,Crna Gora,Mali i Zi\",\"potentialAction\":[{\"@type\":\"SearchAction\",\"target\":{\"@type\":\"EntryPoint\",\"urlTemplate\":\"https:\/\/www.visit-ulcinj.com\/blog\/?s={search_term_string}\"},\"query-input\":\"required name=search_term_string\"}],\"inLanguage\":\"en-US\"},{\"@type\":\"ImageObject\",\"inLanguage\":\"en-US\",\"@id\":\"https:\/\/www.visit-ulcinj.com\/blog\/2008\/11\/08\/arita-mohon-lidhjen-me-aktorin-blerim-destani\/#primaryimage\",\"url\":\"http:\/\/www.visit-ulcinj.com\/blog\/wp-content\/uploads\/2008\/11\/arita-fejzullai.jpg\",\"contentUrl\":\"http:\/\/www.visit-ulcinj.com\/blog\/wp-content\/uploads\/2008\/11\/arita-fejzullai.jpg\"},{\"@type\":\"WebPage\",\"@id\":\"https:\/\/www.visit-ulcinj.com\/blog\/2008\/11\/08\/arita-mohon-lidhjen-me-aktorin-blerim-destani\/#webpage\",\"url\":\"https:\/\/www.visit-ulcinj.com\/blog\/2008\/11\/08\/arita-mohon-lidhjen-me-aktorin-blerim-destani\/\",\"name\":\"Arita mohon lidhjen me aktorin Blerim Destani - Lajme nga Ulqini\",\"isPartOf\":{\"@id\":\"https:\/\/www.visit-ulcinj.com\/blog\/#website\"},\"primaryImageOfPage\":{\"@id\":\"https:\/\/www.visit-ulcinj.com\/blog\/2008\/11\/08\/arita-mohon-lidhjen-me-aktorin-blerim-destani\/#primaryimage\"},\"datePublished\":\"2008-11-08T23:14:28+00:00\",\"dateModified\":\"2008-11-08T23:14:28+00:00\",\"author\":{\"@id\":\"https:\/\/www.visit-ulcinj.com\/blog\/#\/schema\/person\/dcab619c614d3038751c63bc2aadc06d\"},\"description\":\"Ndon\u00ebse \u00ebsht\u00eb p\u00ebrfolur se \u201cMiss Scandavia 2007\u201d Arita Fejzullai \u00ebsht\u00eb n\u00eb lidhje me aktorin e njohur Blerim Destani, nj\u00eb gj\u00eb e till\u00eb \u00ebsht\u00eb mohuar nga vet\u00eb\",\"breadcrumb\":{\"@id\":\"https:\/\/www.visit-ulcinj.com\/blog\/2008\/11\/08\/arita-mohon-lidhjen-me-aktorin-blerim-destani\/#breadcrumb\"},\"inLanguage\":\"en-US\",\"potentialAction\":[{\"@type\":\"ReadAction\",\"target\":[\"https:\/\/www.visit-ulcinj.com\/blog\/2008\/11\/08\/arita-mohon-lidhjen-me-aktorin-blerim-destani\/\"]}]},{\"@type\":\"BreadcrumbList\",\"@id\":\"https:\/\/www.visit-ulcinj.com\/blog\/2008\/11\/08\/arita-mohon-lidhjen-me-aktorin-blerim-destani\/#breadcrumb\",\"itemListElement\":[{\"@type\":\"ListItem\",\"position\":1,\"name\":\"Arita mohon lidhjen me aktorin Blerim Destani\"}]},{\"@type\":\"Person\",\"@id\":\"https:\/\/www.visit-ulcinj.com\/blog\/#\/schema\/person\/dcab619c614d3038751c63bc2aadc06d\",\"name\":\"ulqini\",\"sameAs\":[\"http:\/\/www.visit-ulcinj.com\"],\"url\":\"https:\/\/www.visit-ulcinj.com\/blog\/author\/admin\/\"}]}<\/script>\n<!-- \/ Yoast SEO plugin. -->","yoast_head_json":{"title":"Arita mohon lidhjen me aktorin Blerim Destani - Lajme nga Ulqini","description":"Ndon\u00ebse \u00ebsht\u00eb p\u00ebrfolur se \u201cMiss Scandavia 2007\u201d Arita Fejzullai \u00ebsht\u00eb n\u00eb lidhje me aktorin e njohur Blerim Destani, nj\u00eb gj\u00eb e till\u00eb \u00ebsht\u00eb mohuar nga vet\u00eb","robots":{"index":"index","follow":"follow","max-snippet":"max-snippet:-1","max-image-preview":"max-image-preview:large","max-video-preview":"max-video-preview:-1"},"canonical":"https:\/\/www.visit-ulcinj.com\/blog\/2008\/11\/08\/arita-mohon-lidhjen-me-aktorin-blerim-destani\/","og_locale":"en_US","og_type":"article","og_title":"Arita mohon lidhjen me aktorin Blerim Destani - Lajme nga Ulqini","og_description":"Ndon\u00ebse \u00ebsht\u00eb p\u00ebrfolur se \u201cMiss Scandavia 2007\u201d Arita Fejzullai \u00ebsht\u00eb n\u00eb lidhje me aktorin e njohur Blerim Destani, nj\u00eb gj\u00eb e till\u00eb \u00ebsht\u00eb mohuar nga vet\u00eb","og_url":"https:\/\/www.visit-ulcinj.com\/blog\/2008\/11\/08\/arita-mohon-lidhjen-me-aktorin-blerim-destani\/","og_site_name":"Lajme nga Ulqini","article_published_time":"2008-11-08T23:14:28+00:00","og_image":[{"url":"http:\/\/www.visit-ulcinj.com\/blog\/wp-content\/uploads\/2008\/11\/arita-fejzullai.jpg"}],"twitter_misc":{"Written by":"ulqini","Est. reading time":"1 minute"},"schema":{"@context":"https:\/\/schema.org","@graph":[{"@type":"WebSite","@id":"https:\/\/www.visit-ulcinj.com\/blog\/#website","url":"https:\/\/www.visit-ulcinj.com\/blog\/","name":"Lajme nga Ulqini","description":"Lajme,Vijesti,Ulqini,Ulqin,Crna Gora,Mali i Zi","potentialAction":[{"@type":"SearchAction","target":{"@type":"EntryPoint","urlTemplate":"https:\/\/www.visit-ulcinj.com\/blog\/?s={search_term_string}"},"query-input":"required name=search_term_string"}],"inLanguage":"en-US"},{"@type":"ImageObject","inLanguage":"en-US","@id":"https:\/\/www.visit-ulcinj.com\/blog\/2008\/11\/08\/arita-mohon-lidhjen-me-aktorin-blerim-destani\/#primaryimage","url":"http:\/\/www.visit-ulcinj.com\/blog\/wp-content\/uploads\/2008\/11\/arita-fejzullai.jpg","contentUrl":"http:\/\/www.visit-ulcinj.com\/blog\/wp-content\/uploads\/2008\/11\/arita-fejzullai.jpg"},{"@type":"WebPage","@id":"https:\/\/www.visit-ulcinj.com\/blog\/2008\/11\/08\/arita-mohon-lidhjen-me-aktorin-blerim-destani\/#webpage","url":"https:\/\/www.visit-ulcinj.com\/blog\/2008\/11\/08\/arita-mohon-lidhjen-me-aktorin-blerim-destani\/","name":"Arita mohon lidhjen me aktorin Blerim Destani - Lajme nga Ulqini","isPartOf":{"@id":"https:\/\/www.visit-ulcinj.com\/blog\/#website"},"primaryImageOfPage":{"@id":"https:\/\/www.visit-ulcinj.com\/blog\/2008\/11\/08\/arita-mohon-lidhjen-me-aktorin-blerim-destani\/#primaryimage"},"datePublished":"2008-11-08T23:14:28+00:00","dateModified":"2008-11-08T23:14:28+00:00","author":{"@id":"https:\/\/www.visit-ulcinj.com\/blog\/#\/schema\/person\/dcab619c614d3038751c63bc2aadc06d"},"description":"Ndon\u00ebse \u00ebsht\u00eb p\u00ebrfolur se \u201cMiss Scandavia 2007\u201d Arita Fejzullai \u00ebsht\u00eb n\u00eb lidhje me aktorin e njohur Blerim Destani, nj\u00eb gj\u00eb e till\u00eb \u00ebsht\u00eb mohuar nga vet\u00eb","breadcrumb":{"@id":"https:\/\/www.visit-ulcinj.com\/blog\/2008\/11\/08\/arita-mohon-lidhjen-me-aktorin-blerim-destani\/#breadcrumb"},"inLanguage":"en-US","potentialAction":[{"@type":"ReadAction","target":["https:\/\/www.visit-ulcinj.com\/blog\/2008\/11\/08\/arita-mohon-lidhjen-me-aktorin-blerim-destani\/"]}]},{"@type":"BreadcrumbList","@id":"https:\/\/www.visit-ulcinj.com\/blog\/2008\/11\/08\/arita-mohon-lidhjen-me-aktorin-blerim-destani\/#breadcrumb","itemListElement":[{"@type":"ListItem","position":1,"name":"Arita mohon lidhjen me aktorin Blerim Destani"}]},{"@type":"Person","@id":"https:\/\/www.visit-ulcinj.com\/blog\/#\/schema\/person\/dcab619c614d3038751c63bc2aadc06d","name":"ulqini","sameAs":["http:\/\/www.visit-ulcinj.com"],"url":"https:\/\/www.visit-ulcinj.com\/blog\/author\/admin\/"}]}},"jetpack_featured_media_url":"","jetpack_sharing_enabled":true,"jetpack_shortlink":"https:\/\/wp.me\/pe6lTn-1u1","_links":{"self":[{"href":"https:\/\/www.visit-ulcinj.com\/blog\/wp-json\/wp\/v2\/posts\/5705"}],"collection":[{"href":"https:\/\/www.visit-ulcinj.com\/blog\/wp-json\/wp\/v2\/posts"}],"about":[{"href":"https:\/\/www.visit-ulcinj.com\/blog\/wp-json\/wp\/v2\/types\/post"}],"author":[{"embeddable":true,"href":"https:\/\/www.visit-ulcinj.com\/blog\/wp-json\/wp\/v2\/users\/1"}],"replies":[{"embeddable":true,"href":"https:\/\/www.visit-ulcinj.com\/blog\/wp-json\/wp\/v2\/comments?post=5705"}],"version-history":[{"count":0,"href":"https:\/\/www.visit-ulcinj.com\/blog\/wp-json\/wp\/v2\/posts\/5705\/revisions"}],"wp:attachment":[{"href":"https:\/\/www.visit-ulcinj.com\/blog\/wp-json\/wp\/v2\/media?parent=5705"}],"wp:term":[{"taxonomy":"category","embeddable":true,"href":"https:\/\/www.visit-ulcinj.com\/blog\/wp-json\/wp\/v2\/categories?post=5705"},{"taxonomy":"post_tag","embeddable":true,"href":"https:\/\/www.visit-ulcinj.com\/blog\/wp-json\/wp\/v2\/tags?post=5705"}],"curies":[{"name":"wp","href":"https:\/\/api.w.org\/{rel}","templated":true}]}}