{"id":57072,"date":"2012-02-05T22:59:10","date_gmt":"2012-02-05T21:59:10","guid":{"rendered":"http:\/\/www.visit-ulcinj.com\/blog\/?p=57072"},"modified":"2012-02-05T22:59:10","modified_gmt":"2012-02-05T21:59:10","slug":"teuta-kurti-nuk-jam-shtatzene","status":"publish","type":"post","link":"https:\/\/www.visit-ulcinj.com\/blog\/2012\/02\/05\/teuta-kurti-nuk-jam-shtatzene\/","title":{"rendered":"Teuta Kurti, \u2018\u2019Nuk jam shtatz\u00ebn\u00eb\u2019\u2019"},"content":{"rendered":"<p><strong><a href=\"http:\/\/www.visit-ulcinj.com\/blog\/wp-content\/uploads\/2012\/02\/Teuta-Kurti_Dardan-Luta.jpg\"><img loading=\"lazy\" class=\"alignleft  wp-image-57073\" title=\"Teuta Kurti_Dardan Luta\" src=\"http:\/\/www.visit-ulcinj.com\/blog\/wp-content\/uploads\/2012\/02\/Teuta-Kurti_Dardan-Luta.jpg\" alt=\"\" width=\"508\" height=\"380\" \/><\/a>N\u00eb shtator t\u00eb vitit t\u00eb kaluar, k\u00ebng\u00ebtarja e njohur Teuta Kurti i dha fund beqaris\u00eb duke u martuar me t\u00eb fejuarin e saj, Dardan Luta.<\/strong><\/p>\n<p>Pas martes\u00ebs, k\u00ebng\u00ebtarja nuk ka ndaluar me aktivitetet e saj muzikore, por me nj\u00eb rrit\u00ebm akoma m\u00eb t\u00eb madh ka kryer obligimet e saja. U p\u00ebrfol se p\u00ebr shkak t\u00eb munges\u00ebs n\u00eb Prishtin\u00eb, asaj edhe iu vjodh apartamenti s\u00eb bashku me shum\u00eb gj\u00ebsende t\u00eb vlefshme dhe dhuratat e martes\u00ebs. K\u00ebt\u00eb koh\u00eb po flitet se Teuta \u00ebsht\u00eb shtatz\u00ebn\u00eb dhe n\u00eb pritje t\u00eb nj\u00eb f\u00ebmij\u00eb, por si duket lajmi nuk \u00ebsht\u00eb i v\u00ebrtet\u00eb shkruan editorial.<\/p>\n<p>Ne kontaktuam k\u00ebng\u00ebtaren p\u00ebr t\u00eb m\u00ebsuar t\u00eb v\u00ebrtet\u00ebn me cka ajo p\u00ebrgjigjet: \u2018\u2019Po flitet dhe kam mar\u00eb pytje nga gazetar\u00eb t\u00eb ndryshem n\u00eb lidhje q\u00eb a jam shtat\u00ebz\u00ebn\u00eb edhe p\u00ebrkund\u00ebr p\u00ebrgjigjjes sime negative, prap kan\u00eb shkrujat se po, por prap e demantoj se nuk jam shtat\u00ebz\u00ebn\u00eb, inshAllah deri n\u00eb kismet\u2019\u2019, thekson k\u00ebng\u00ebtarja e cila tregon se shtatzania \u00ebsht\u00eb nj\u00eb gj\u00eb q\u00eb nuk mund t\u00eb fshihet, por p\u00ebr momentin nuk e ka pasur at\u00eb bekim nga Zoti. Ndoshta n\u00eb nj\u00eb t\u00eb ardhme t\u00eb af\u00ebrt do t\u00eb kemi mund\u00ebsi t\u00eb shohim edhe Teut\u00ebn n\u00eb versionin n\u00ebn\u00eb si shum\u00eb k\u00ebng\u00ebtare tjera.<\/p>\n<p><strong>Vipat.info<\/strong><\/p>\n<!--YouTube Error: bad URL entered-->\n","protected":false},"excerpt":{"rendered":"<p>N\u00eb shtator t\u00eb vitit t\u00eb kaluar, k\u00ebng\u00ebtarja e njohur Teuta Kurti i dha fund beqaris\u00eb duke u martuar me t\u00eb fejuarin e saj, Dardan Luta. Pas martes\u00ebs, k\u00ebng\u00ebtarja nuk ka ndaluar me aktivitetet e saj muzikore, por me nj\u00eb rrit\u00ebm akoma m\u00eb t\u00eb madh ka kryer obligimet e saja. U p\u00ebrfol se p\u00ebr shkak t\u00eb [&hellip;]<\/p>\n","protected":false},"author":1,"featured_media":0,"comment_status":"open","ping_status":"closed","sticky":false,"template":"","format":"standard","meta":{"spay_email":"","jetpack_publicize_message":"","jetpack_is_tweetstorm":false,"jetpack_publicize_feature_enabled":true},"categories":[1],"tags":[19677,19806,16036,19514,19511,16405,6693,4684,19460],"jetpack_publicize_connections":[],"yoast_head":"<!-- This site is optimized with the Yoast SEO plugin v19.1 - https:\/\/yoast.com\/wordpress\/plugins\/seo\/ -->\n<title>Teuta Kurti, \u2018\u2019Nuk jam shtatz\u00ebn\u00eb\u2019\u2019 - Lajme nga Ulqini<\/title>\n<meta name=\"description\" content=\"N\u00eb shtator t\u00eb vitit t\u00eb kaluar, k\u00ebng\u00ebtarja e njohur Teuta Kurti i dha fund beqaris\u00eb duke u martuar me t\u00eb fejuarin e saj, Dardan Luta. Pas martes\u00ebs,\" \/>\n<meta name=\"robots\" content=\"index, follow, max-snippet:-1, max-image-preview:large, max-video-preview:-1\" \/>\n<link rel=\"canonical\" href=\"https:\/\/www.visit-ulcinj.com\/blog\/2012\/02\/05\/teuta-kurti-nuk-jam-shtatzene\/\" \/>\n<meta property=\"og:locale\" content=\"en_US\" \/>\n<meta property=\"og:type\" content=\"article\" \/>\n<meta property=\"og:title\" content=\"Teuta Kurti, \u2018\u2019Nuk jam shtatz\u00ebn\u00eb\u2019\u2019 - Lajme nga Ulqini\" \/>\n<meta property=\"og:description\" content=\"N\u00eb shtator t\u00eb vitit t\u00eb kaluar, k\u00ebng\u00ebtarja e njohur Teuta Kurti i dha fund beqaris\u00eb duke u martuar me t\u00eb fejuarin e saj, Dardan Luta. Pas martes\u00ebs,\" \/>\n<meta property=\"og:url\" content=\"https:\/\/www.visit-ulcinj.com\/blog\/2012\/02\/05\/teuta-kurti-nuk-jam-shtatzene\/\" \/>\n<meta property=\"og:site_name\" content=\"Lajme nga Ulqini\" \/>\n<meta property=\"article:published_time\" content=\"2012-02-05T21:59:10+00:00\" \/>\n<meta property=\"og:image\" content=\"http:\/\/www.visit-ulcinj.com\/blog\/wp-content\/uploads\/2012\/02\/Teuta-Kurti_Dardan-Luta.jpg\" \/>\n<meta name=\"twitter:label1\" content=\"Written by\" \/>\n\t<meta name=\"twitter:data1\" content=\"ulqini\" \/>\n\t<meta name=\"twitter:label2\" content=\"Est. reading time\" \/>\n\t<meta name=\"twitter:data2\" content=\"1 minute\" \/>\n<script type=\"application\/ld+json\" class=\"yoast-schema-graph\">{\"@context\":\"https:\/\/schema.org\",\"@graph\":[{\"@type\":\"WebSite\",\"@id\":\"https:\/\/www.visit-ulcinj.com\/blog\/#website\",\"url\":\"https:\/\/www.visit-ulcinj.com\/blog\/\",\"name\":\"Lajme nga Ulqini\",\"description\":\"Lajme,Vijesti,Ulqini,Ulqin,Crna Gora,Mali i Zi\",\"potentialAction\":[{\"@type\":\"SearchAction\",\"target\":{\"@type\":\"EntryPoint\",\"urlTemplate\":\"https:\/\/www.visit-ulcinj.com\/blog\/?s={search_term_string}\"},\"query-input\":\"required name=search_term_string\"}],\"inLanguage\":\"en-US\"},{\"@type\":\"ImageObject\",\"inLanguage\":\"en-US\",\"@id\":\"https:\/\/www.visit-ulcinj.com\/blog\/2012\/02\/05\/teuta-kurti-nuk-jam-shtatzene\/#primaryimage\",\"url\":\"http:\/\/www.visit-ulcinj.com\/blog\/wp-content\/uploads\/2012\/02\/Teuta-Kurti_Dardan-Luta.jpg\",\"contentUrl\":\"http:\/\/www.visit-ulcinj.com\/blog\/wp-content\/uploads\/2012\/02\/Teuta-Kurti_Dardan-Luta.jpg\"},{\"@type\":\"WebPage\",\"@id\":\"https:\/\/www.visit-ulcinj.com\/blog\/2012\/02\/05\/teuta-kurti-nuk-jam-shtatzene\/#webpage\",\"url\":\"https:\/\/www.visit-ulcinj.com\/blog\/2012\/02\/05\/teuta-kurti-nuk-jam-shtatzene\/\",\"name\":\"Teuta Kurti, \u2018\u2019Nuk jam shtatz\u00ebn\u00eb\u2019\u2019 - Lajme nga Ulqini\",\"isPartOf\":{\"@id\":\"https:\/\/www.visit-ulcinj.com\/blog\/#website\"},\"primaryImageOfPage\":{\"@id\":\"https:\/\/www.visit-ulcinj.com\/blog\/2012\/02\/05\/teuta-kurti-nuk-jam-shtatzene\/#primaryimage\"},\"datePublished\":\"2012-02-05T21:59:10+00:00\",\"dateModified\":\"2012-02-05T21:59:10+00:00\",\"author\":{\"@id\":\"https:\/\/www.visit-ulcinj.com\/blog\/#\/schema\/person\/dcab619c614d3038751c63bc2aadc06d\"},\"description\":\"N\u00eb shtator t\u00eb vitit t\u00eb kaluar, k\u00ebng\u00ebtarja e njohur Teuta Kurti i dha fund beqaris\u00eb duke u martuar me t\u00eb fejuarin e saj, Dardan Luta. Pas martes\u00ebs,\",\"breadcrumb\":{\"@id\":\"https:\/\/www.visit-ulcinj.com\/blog\/2012\/02\/05\/teuta-kurti-nuk-jam-shtatzene\/#breadcrumb\"},\"inLanguage\":\"en-US\",\"potentialAction\":[{\"@type\":\"ReadAction\",\"target\":[\"https:\/\/www.visit-ulcinj.com\/blog\/2012\/02\/05\/teuta-kurti-nuk-jam-shtatzene\/\"]}]},{\"@type\":\"BreadcrumbList\",\"@id\":\"https:\/\/www.visit-ulcinj.com\/blog\/2012\/02\/05\/teuta-kurti-nuk-jam-shtatzene\/#breadcrumb\",\"itemListElement\":[{\"@type\":\"ListItem\",\"position\":1,\"name\":\"Teuta Kurti, \u2018\u2019Nuk jam shtatz\u00ebn\u00eb\u2019\u2019\"}]},{\"@type\":\"Person\",\"@id\":\"https:\/\/www.visit-ulcinj.com\/blog\/#\/schema\/person\/dcab619c614d3038751c63bc2aadc06d\",\"name\":\"ulqini\",\"sameAs\":[\"http:\/\/www.visit-ulcinj.com\"],\"url\":\"https:\/\/www.visit-ulcinj.com\/blog\/author\/admin\/\"}]}<\/script>\n<!-- \/ Yoast SEO plugin. -->","yoast_head_json":{"title":"Teuta Kurti, \u2018\u2019Nuk jam shtatz\u00ebn\u00eb\u2019\u2019 - Lajme nga Ulqini","description":"N\u00eb shtator t\u00eb vitit t\u00eb kaluar, k\u00ebng\u00ebtarja e njohur Teuta Kurti i dha fund beqaris\u00eb duke u martuar me t\u00eb fejuarin e saj, Dardan Luta. Pas martes\u00ebs,","robots":{"index":"index","follow":"follow","max-snippet":"max-snippet:-1","max-image-preview":"max-image-preview:large","max-video-preview":"max-video-preview:-1"},"canonical":"https:\/\/www.visit-ulcinj.com\/blog\/2012\/02\/05\/teuta-kurti-nuk-jam-shtatzene\/","og_locale":"en_US","og_type":"article","og_title":"Teuta Kurti, \u2018\u2019Nuk jam shtatz\u00ebn\u00eb\u2019\u2019 - Lajme nga Ulqini","og_description":"N\u00eb shtator t\u00eb vitit t\u00eb kaluar, k\u00ebng\u00ebtarja e njohur Teuta Kurti i dha fund beqaris\u00eb duke u martuar me t\u00eb fejuarin e saj, Dardan Luta. Pas martes\u00ebs,","og_url":"https:\/\/www.visit-ulcinj.com\/blog\/2012\/02\/05\/teuta-kurti-nuk-jam-shtatzene\/","og_site_name":"Lajme nga Ulqini","article_published_time":"2012-02-05T21:59:10+00:00","og_image":[{"url":"http:\/\/www.visit-ulcinj.com\/blog\/wp-content\/uploads\/2012\/02\/Teuta-Kurti_Dardan-Luta.jpg"}],"twitter_misc":{"Written by":"ulqini","Est. reading time":"1 minute"},"schema":{"@context":"https:\/\/schema.org","@graph":[{"@type":"WebSite","@id":"https:\/\/www.visit-ulcinj.com\/blog\/#website","url":"https:\/\/www.visit-ulcinj.com\/blog\/","name":"Lajme nga Ulqini","description":"Lajme,Vijesti,Ulqini,Ulqin,Crna Gora,Mali i Zi","potentialAction":[{"@type":"SearchAction","target":{"@type":"EntryPoint","urlTemplate":"https:\/\/www.visit-ulcinj.com\/blog\/?s={search_term_string}"},"query-input":"required name=search_term_string"}],"inLanguage":"en-US"},{"@type":"ImageObject","inLanguage":"en-US","@id":"https:\/\/www.visit-ulcinj.com\/blog\/2012\/02\/05\/teuta-kurti-nuk-jam-shtatzene\/#primaryimage","url":"http:\/\/www.visit-ulcinj.com\/blog\/wp-content\/uploads\/2012\/02\/Teuta-Kurti_Dardan-Luta.jpg","contentUrl":"http:\/\/www.visit-ulcinj.com\/blog\/wp-content\/uploads\/2012\/02\/Teuta-Kurti_Dardan-Luta.jpg"},{"@type":"WebPage","@id":"https:\/\/www.visit-ulcinj.com\/blog\/2012\/02\/05\/teuta-kurti-nuk-jam-shtatzene\/#webpage","url":"https:\/\/www.visit-ulcinj.com\/blog\/2012\/02\/05\/teuta-kurti-nuk-jam-shtatzene\/","name":"Teuta Kurti, \u2018\u2019Nuk jam shtatz\u00ebn\u00eb\u2019\u2019 - Lajme nga Ulqini","isPartOf":{"@id":"https:\/\/www.visit-ulcinj.com\/blog\/#website"},"primaryImageOfPage":{"@id":"https:\/\/www.visit-ulcinj.com\/blog\/2012\/02\/05\/teuta-kurti-nuk-jam-shtatzene\/#primaryimage"},"datePublished":"2012-02-05T21:59:10+00:00","dateModified":"2012-02-05T21:59:10+00:00","author":{"@id":"https:\/\/www.visit-ulcinj.com\/blog\/#\/schema\/person\/dcab619c614d3038751c63bc2aadc06d"},"description":"N\u00eb shtator t\u00eb vitit t\u00eb kaluar, k\u00ebng\u00ebtarja e njohur Teuta Kurti i dha fund beqaris\u00eb duke u martuar me t\u00eb fejuarin e saj, Dardan Luta. Pas martes\u00ebs,","breadcrumb":{"@id":"https:\/\/www.visit-ulcinj.com\/blog\/2012\/02\/05\/teuta-kurti-nuk-jam-shtatzene\/#breadcrumb"},"inLanguage":"en-US","potentialAction":[{"@type":"ReadAction","target":["https:\/\/www.visit-ulcinj.com\/blog\/2012\/02\/05\/teuta-kurti-nuk-jam-shtatzene\/"]}]},{"@type":"BreadcrumbList","@id":"https:\/\/www.visit-ulcinj.com\/blog\/2012\/02\/05\/teuta-kurti-nuk-jam-shtatzene\/#breadcrumb","itemListElement":[{"@type":"ListItem","position":1,"name":"Teuta Kurti, \u2018\u2019Nuk jam shtatz\u00ebn\u00eb\u2019\u2019"}]},{"@type":"Person","@id":"https:\/\/www.visit-ulcinj.com\/blog\/#\/schema\/person\/dcab619c614d3038751c63bc2aadc06d","name":"ulqini","sameAs":["http:\/\/www.visit-ulcinj.com"],"url":"https:\/\/www.visit-ulcinj.com\/blog\/author\/admin\/"}]}},"jetpack_featured_media_url":"","jetpack_sharing_enabled":true,"jetpack_shortlink":"https:\/\/wp.me\/pe6lTn-eQw","_links":{"self":[{"href":"https:\/\/www.visit-ulcinj.com\/blog\/wp-json\/wp\/v2\/posts\/57072"}],"collection":[{"href":"https:\/\/www.visit-ulcinj.com\/blog\/wp-json\/wp\/v2\/posts"}],"about":[{"href":"https:\/\/www.visit-ulcinj.com\/blog\/wp-json\/wp\/v2\/types\/post"}],"author":[{"embeddable":true,"href":"https:\/\/www.visit-ulcinj.com\/blog\/wp-json\/wp\/v2\/users\/1"}],"replies":[{"embeddable":true,"href":"https:\/\/www.visit-ulcinj.com\/blog\/wp-json\/wp\/v2\/comments?post=57072"}],"version-history":[{"count":1,"href":"https:\/\/www.visit-ulcinj.com\/blog\/wp-json\/wp\/v2\/posts\/57072\/revisions"}],"predecessor-version":[{"id":57074,"href":"https:\/\/www.visit-ulcinj.com\/blog\/wp-json\/wp\/v2\/posts\/57072\/revisions\/57074"}],"wp:attachment":[{"href":"https:\/\/www.visit-ulcinj.com\/blog\/wp-json\/wp\/v2\/media?parent=57072"}],"wp:term":[{"taxonomy":"category","embeddable":true,"href":"https:\/\/www.visit-ulcinj.com\/blog\/wp-json\/wp\/v2\/categories?post=57072"},{"taxonomy":"post_tag","embeddable":true,"href":"https:\/\/www.visit-ulcinj.com\/blog\/wp-json\/wp\/v2\/tags?post=57072"}],"curies":[{"name":"wp","href":"https:\/\/api.w.org\/{rel}","templated":true}]}}