{"id":57075,"date":"2012-02-05T23:16:22","date_gmt":"2012-02-05T22:16:22","guid":{"rendered":"http:\/\/www.visit-ulcinj.com\/blog\/?p=57075"},"modified":"2012-02-05T23:16:22","modified_gmt":"2012-02-05T22:16:22","slug":"vesa-luma-do-ta-befasoje-publikun","status":"publish","type":"post","link":"https:\/\/www.visit-ulcinj.com\/blog\/2012\/02\/05\/vesa-luma-do-ta-befasoje-publikun\/","title":{"rendered":"Vesa Luma do ta befasoj\u00eb publikun"},"content":{"rendered":"<p><a href=\"http:\/\/www.visit-ulcinj.com\/blog\/wp-content\/uploads\/2012\/02\/Vesa-LUMA.jpg\"><img loading=\"lazy\" class=\"alignleft  wp-image-57076\" title=\"Vesa LUMA\" src=\"http:\/\/www.visit-ulcinj.com\/blog\/wp-content\/uploads\/2012\/02\/Vesa-LUMA.jpg\" alt=\"\" width=\"508\" height=\"380\" \/><\/a>K\u00ebng\u00ebtarja e cila \u00ebsht\u00eb duke q\u00ebndruar n\u00eb Shqip\u00ebri, p\u00ebr shkak t\u00eb angazhimeve t\u00eb saj n\u00eb shoun \u201cX-Factor\u201d k\u00ebto dit\u00eb do ta publikoj\u00eb projektin m\u00eb t\u00eb ri, t\u00eb cilin e ka p\u00ebrgatitur n\u00eb Shqip\u00ebri. B\u00ebhet fjal\u00eb p\u00ebr k\u00ebng\u00ebn me titull \u201cBoom\u201d q\u00eb do ta lansoj\u00eb s\u00eb shpejti dhe \u00ebsht\u00eb nj\u00eb k\u00ebng\u00eb q\u00eb do t\u00eb befasoj\u00eb publikun.<\/p>\n<p>\u201cK\u00ebnga \u00ebsht\u00eb p\u00ebrgatitur n\u00eb Shqip\u00ebri, kemi punuar mjaft shum\u00eb n\u00eb t\u00eb, andaj pres suksese. Po ashtu edhe videoklipi \u00ebsht\u00eb i p\u00ebrgatitur n\u00eb m\u00ebnyr\u00eb profesionale. Uroj q\u00eb t\u00eb p\u00eblqehet n\u00eb publik\u201d, ka th\u00ebn\u00eb ajo p\u00ebr \u201cZ\u00ebri\u201d.<\/p>\n<p>Pra, Vesa ka menduar q\u00eb edhe k\u00ebt\u00eb her\u00eb t\u00eb b\u00ebj\u00eb buj\u00eb n\u00eb sken\u00ebn muzikore me nj\u00eb k\u00ebng\u00eb t\u00eb ve\u00e7ant\u00eb, por ajo na b\u00ebn t\u00eb ditur se p\u00ebr k\u00ebt\u00eb vit ka edhe shum\u00eb plane t\u00eb tjera. P\u00ebrndryshe, pjes\u00ebmarrja e saj n\u00eb rolin e juris\u00eb n\u00eb shoun \u201cX-Factor\u201d po i shkon p\u00ebr mrekulli.<\/p>\n<p><strong>K. Bajrami<br \/>\nZ\u00ebri<\/strong><\/p>\n<!--YouTube Error: bad URL entered-->\n","protected":false},"excerpt":{"rendered":"<p>K\u00ebng\u00ebtarja e cila \u00ebsht\u00eb duke q\u00ebndruar n\u00eb Shqip\u00ebri, p\u00ebr shkak t\u00eb angazhimeve t\u00eb saj n\u00eb shoun \u201cX-Factor\u201d k\u00ebto dit\u00eb do ta publikoj\u00eb projektin m\u00eb t\u00eb ri, t\u00eb cilin e ka p\u00ebrgatitur n\u00eb Shqip\u00ebri. B\u00ebhet fjal\u00eb p\u00ebr k\u00ebng\u00ebn me titull \u201cBoom\u201d q\u00eb do ta lansoj\u00eb s\u00eb shpejti dhe \u00ebsht\u00eb nj\u00eb k\u00ebng\u00eb q\u00eb do t\u00eb befasoj\u00eb publikun. [&hellip;]<\/p>\n","protected":false},"author":1,"featured_media":0,"comment_status":"open","ping_status":"closed","sticky":false,"template":"","format":"standard","meta":{"spay_email":"","jetpack_publicize_message":"","jetpack_is_tweetstorm":false,"jetpack_publicize_feature_enabled":true},"categories":[1],"tags":[19677,19806,16036,19514,19511,6693,4684,5017,19460],"jetpack_publicize_connections":[],"yoast_head":"<!-- This site is optimized with the Yoast SEO plugin v19.1 - https:\/\/yoast.com\/wordpress\/plugins\/seo\/ -->\n<title>Vesa Luma do ta befasoj\u00eb publikun - Lajme nga Ulqini<\/title>\n<meta name=\"description\" content=\"K\u00ebng\u00ebtarja e cila \u00ebsht\u00eb duke q\u00ebndruar n\u00eb Shqip\u00ebri, p\u00ebr shkak t\u00eb angazhimeve t\u00eb saj n\u00eb shoun \u201cX-Factor\u201d k\u00ebto dit\u00eb do ta publikoj\u00eb projektin m\u00eb t\u00eb ri, t\u00eb\" \/>\n<meta name=\"robots\" content=\"index, follow, max-snippet:-1, max-image-preview:large, max-video-preview:-1\" \/>\n<link rel=\"canonical\" href=\"https:\/\/www.visit-ulcinj.com\/blog\/2012\/02\/05\/vesa-luma-do-ta-befasoje-publikun\/\" \/>\n<meta property=\"og:locale\" content=\"en_US\" \/>\n<meta property=\"og:type\" content=\"article\" \/>\n<meta property=\"og:title\" content=\"Vesa Luma do ta befasoj\u00eb publikun - Lajme nga Ulqini\" \/>\n<meta property=\"og:description\" content=\"K\u00ebng\u00ebtarja e cila \u00ebsht\u00eb duke q\u00ebndruar n\u00eb Shqip\u00ebri, p\u00ebr shkak t\u00eb angazhimeve t\u00eb saj n\u00eb shoun \u201cX-Factor\u201d k\u00ebto dit\u00eb do ta publikoj\u00eb projektin m\u00eb t\u00eb ri, t\u00eb\" \/>\n<meta property=\"og:url\" content=\"https:\/\/www.visit-ulcinj.com\/blog\/2012\/02\/05\/vesa-luma-do-ta-befasoje-publikun\/\" \/>\n<meta property=\"og:site_name\" content=\"Lajme nga Ulqini\" \/>\n<meta property=\"article:published_time\" content=\"2012-02-05T22:16:22+00:00\" \/>\n<meta property=\"og:image\" content=\"http:\/\/www.visit-ulcinj.com\/blog\/wp-content\/uploads\/2012\/02\/Vesa-LUMA.jpg\" \/>\n<meta name=\"twitter:label1\" content=\"Written by\" \/>\n\t<meta name=\"twitter:data1\" content=\"ulqini\" \/>\n\t<meta name=\"twitter:label2\" content=\"Est. reading time\" \/>\n\t<meta name=\"twitter:data2\" content=\"1 minute\" \/>\n<script type=\"application\/ld+json\" class=\"yoast-schema-graph\">{\"@context\":\"https:\/\/schema.org\",\"@graph\":[{\"@type\":\"WebSite\",\"@id\":\"https:\/\/www.visit-ulcinj.com\/blog\/#website\",\"url\":\"https:\/\/www.visit-ulcinj.com\/blog\/\",\"name\":\"Lajme nga Ulqini\",\"description\":\"Lajme,Vijesti,Ulqini,Ulqin,Crna Gora,Mali i Zi\",\"potentialAction\":[{\"@type\":\"SearchAction\",\"target\":{\"@type\":\"EntryPoint\",\"urlTemplate\":\"https:\/\/www.visit-ulcinj.com\/blog\/?s={search_term_string}\"},\"query-input\":\"required name=search_term_string\"}],\"inLanguage\":\"en-US\"},{\"@type\":\"ImageObject\",\"inLanguage\":\"en-US\",\"@id\":\"https:\/\/www.visit-ulcinj.com\/blog\/2012\/02\/05\/vesa-luma-do-ta-befasoje-publikun\/#primaryimage\",\"url\":\"http:\/\/www.visit-ulcinj.com\/blog\/wp-content\/uploads\/2012\/02\/Vesa-LUMA.jpg\",\"contentUrl\":\"http:\/\/www.visit-ulcinj.com\/blog\/wp-content\/uploads\/2012\/02\/Vesa-LUMA.jpg\"},{\"@type\":\"WebPage\",\"@id\":\"https:\/\/www.visit-ulcinj.com\/blog\/2012\/02\/05\/vesa-luma-do-ta-befasoje-publikun\/#webpage\",\"url\":\"https:\/\/www.visit-ulcinj.com\/blog\/2012\/02\/05\/vesa-luma-do-ta-befasoje-publikun\/\",\"name\":\"Vesa Luma do ta befasoj\u00eb publikun - Lajme nga Ulqini\",\"isPartOf\":{\"@id\":\"https:\/\/www.visit-ulcinj.com\/blog\/#website\"},\"primaryImageOfPage\":{\"@id\":\"https:\/\/www.visit-ulcinj.com\/blog\/2012\/02\/05\/vesa-luma-do-ta-befasoje-publikun\/#primaryimage\"},\"datePublished\":\"2012-02-05T22:16:22+00:00\",\"dateModified\":\"2012-02-05T22:16:22+00:00\",\"author\":{\"@id\":\"https:\/\/www.visit-ulcinj.com\/blog\/#\/schema\/person\/dcab619c614d3038751c63bc2aadc06d\"},\"description\":\"K\u00ebng\u00ebtarja e cila \u00ebsht\u00eb duke q\u00ebndruar n\u00eb Shqip\u00ebri, p\u00ebr shkak t\u00eb angazhimeve t\u00eb saj n\u00eb shoun \u201cX-Factor\u201d k\u00ebto dit\u00eb do ta publikoj\u00eb projektin m\u00eb t\u00eb ri, t\u00eb\",\"breadcrumb\":{\"@id\":\"https:\/\/www.visit-ulcinj.com\/blog\/2012\/02\/05\/vesa-luma-do-ta-befasoje-publikun\/#breadcrumb\"},\"inLanguage\":\"en-US\",\"potentialAction\":[{\"@type\":\"ReadAction\",\"target\":[\"https:\/\/www.visit-ulcinj.com\/blog\/2012\/02\/05\/vesa-luma-do-ta-befasoje-publikun\/\"]}]},{\"@type\":\"BreadcrumbList\",\"@id\":\"https:\/\/www.visit-ulcinj.com\/blog\/2012\/02\/05\/vesa-luma-do-ta-befasoje-publikun\/#breadcrumb\",\"itemListElement\":[{\"@type\":\"ListItem\",\"position\":1,\"name\":\"Vesa Luma do ta befasoj\u00eb publikun\"}]},{\"@type\":\"Person\",\"@id\":\"https:\/\/www.visit-ulcinj.com\/blog\/#\/schema\/person\/dcab619c614d3038751c63bc2aadc06d\",\"name\":\"ulqini\",\"sameAs\":[\"http:\/\/www.visit-ulcinj.com\"],\"url\":\"https:\/\/www.visit-ulcinj.com\/blog\/author\/admin\/\"}]}<\/script>\n<!-- \/ Yoast SEO plugin. -->","yoast_head_json":{"title":"Vesa Luma do ta befasoj\u00eb publikun - Lajme nga Ulqini","description":"K\u00ebng\u00ebtarja e cila \u00ebsht\u00eb duke q\u00ebndruar n\u00eb Shqip\u00ebri, p\u00ebr shkak t\u00eb angazhimeve t\u00eb saj n\u00eb shoun \u201cX-Factor\u201d k\u00ebto dit\u00eb do ta publikoj\u00eb projektin m\u00eb t\u00eb ri, t\u00eb","robots":{"index":"index","follow":"follow","max-snippet":"max-snippet:-1","max-image-preview":"max-image-preview:large","max-video-preview":"max-video-preview:-1"},"canonical":"https:\/\/www.visit-ulcinj.com\/blog\/2012\/02\/05\/vesa-luma-do-ta-befasoje-publikun\/","og_locale":"en_US","og_type":"article","og_title":"Vesa Luma do ta befasoj\u00eb publikun - Lajme nga Ulqini","og_description":"K\u00ebng\u00ebtarja e cila \u00ebsht\u00eb duke q\u00ebndruar n\u00eb Shqip\u00ebri, p\u00ebr shkak t\u00eb angazhimeve t\u00eb saj n\u00eb shoun \u201cX-Factor\u201d k\u00ebto dit\u00eb do ta publikoj\u00eb projektin m\u00eb t\u00eb ri, t\u00eb","og_url":"https:\/\/www.visit-ulcinj.com\/blog\/2012\/02\/05\/vesa-luma-do-ta-befasoje-publikun\/","og_site_name":"Lajme nga Ulqini","article_published_time":"2012-02-05T22:16:22+00:00","og_image":[{"url":"http:\/\/www.visit-ulcinj.com\/blog\/wp-content\/uploads\/2012\/02\/Vesa-LUMA.jpg"}],"twitter_misc":{"Written by":"ulqini","Est. reading time":"1 minute"},"schema":{"@context":"https:\/\/schema.org","@graph":[{"@type":"WebSite","@id":"https:\/\/www.visit-ulcinj.com\/blog\/#website","url":"https:\/\/www.visit-ulcinj.com\/blog\/","name":"Lajme nga Ulqini","description":"Lajme,Vijesti,Ulqini,Ulqin,Crna Gora,Mali i Zi","potentialAction":[{"@type":"SearchAction","target":{"@type":"EntryPoint","urlTemplate":"https:\/\/www.visit-ulcinj.com\/blog\/?s={search_term_string}"},"query-input":"required name=search_term_string"}],"inLanguage":"en-US"},{"@type":"ImageObject","inLanguage":"en-US","@id":"https:\/\/www.visit-ulcinj.com\/blog\/2012\/02\/05\/vesa-luma-do-ta-befasoje-publikun\/#primaryimage","url":"http:\/\/www.visit-ulcinj.com\/blog\/wp-content\/uploads\/2012\/02\/Vesa-LUMA.jpg","contentUrl":"http:\/\/www.visit-ulcinj.com\/blog\/wp-content\/uploads\/2012\/02\/Vesa-LUMA.jpg"},{"@type":"WebPage","@id":"https:\/\/www.visit-ulcinj.com\/blog\/2012\/02\/05\/vesa-luma-do-ta-befasoje-publikun\/#webpage","url":"https:\/\/www.visit-ulcinj.com\/blog\/2012\/02\/05\/vesa-luma-do-ta-befasoje-publikun\/","name":"Vesa Luma do ta befasoj\u00eb publikun - Lajme nga Ulqini","isPartOf":{"@id":"https:\/\/www.visit-ulcinj.com\/blog\/#website"},"primaryImageOfPage":{"@id":"https:\/\/www.visit-ulcinj.com\/blog\/2012\/02\/05\/vesa-luma-do-ta-befasoje-publikun\/#primaryimage"},"datePublished":"2012-02-05T22:16:22+00:00","dateModified":"2012-02-05T22:16:22+00:00","author":{"@id":"https:\/\/www.visit-ulcinj.com\/blog\/#\/schema\/person\/dcab619c614d3038751c63bc2aadc06d"},"description":"K\u00ebng\u00ebtarja e cila \u00ebsht\u00eb duke q\u00ebndruar n\u00eb Shqip\u00ebri, p\u00ebr shkak t\u00eb angazhimeve t\u00eb saj n\u00eb shoun \u201cX-Factor\u201d k\u00ebto dit\u00eb do ta publikoj\u00eb projektin m\u00eb t\u00eb ri, t\u00eb","breadcrumb":{"@id":"https:\/\/www.visit-ulcinj.com\/blog\/2012\/02\/05\/vesa-luma-do-ta-befasoje-publikun\/#breadcrumb"},"inLanguage":"en-US","potentialAction":[{"@type":"ReadAction","target":["https:\/\/www.visit-ulcinj.com\/blog\/2012\/02\/05\/vesa-luma-do-ta-befasoje-publikun\/"]}]},{"@type":"BreadcrumbList","@id":"https:\/\/www.visit-ulcinj.com\/blog\/2012\/02\/05\/vesa-luma-do-ta-befasoje-publikun\/#breadcrumb","itemListElement":[{"@type":"ListItem","position":1,"name":"Vesa Luma do ta befasoj\u00eb publikun"}]},{"@type":"Person","@id":"https:\/\/www.visit-ulcinj.com\/blog\/#\/schema\/person\/dcab619c614d3038751c63bc2aadc06d","name":"ulqini","sameAs":["http:\/\/www.visit-ulcinj.com"],"url":"https:\/\/www.visit-ulcinj.com\/blog\/author\/admin\/"}]}},"jetpack_featured_media_url":"","jetpack_sharing_enabled":true,"jetpack_shortlink":"https:\/\/wp.me\/pe6lTn-eQz","_links":{"self":[{"href":"https:\/\/www.visit-ulcinj.com\/blog\/wp-json\/wp\/v2\/posts\/57075"}],"collection":[{"href":"https:\/\/www.visit-ulcinj.com\/blog\/wp-json\/wp\/v2\/posts"}],"about":[{"href":"https:\/\/www.visit-ulcinj.com\/blog\/wp-json\/wp\/v2\/types\/post"}],"author":[{"embeddable":true,"href":"https:\/\/www.visit-ulcinj.com\/blog\/wp-json\/wp\/v2\/users\/1"}],"replies":[{"embeddable":true,"href":"https:\/\/www.visit-ulcinj.com\/blog\/wp-json\/wp\/v2\/comments?post=57075"}],"version-history":[{"count":2,"href":"https:\/\/www.visit-ulcinj.com\/blog\/wp-json\/wp\/v2\/posts\/57075\/revisions"}],"predecessor-version":[{"id":57078,"href":"https:\/\/www.visit-ulcinj.com\/blog\/wp-json\/wp\/v2\/posts\/57075\/revisions\/57078"}],"wp:attachment":[{"href":"https:\/\/www.visit-ulcinj.com\/blog\/wp-json\/wp\/v2\/media?parent=57075"}],"wp:term":[{"taxonomy":"category","embeddable":true,"href":"https:\/\/www.visit-ulcinj.com\/blog\/wp-json\/wp\/v2\/categories?post=57075"},{"taxonomy":"post_tag","embeddable":true,"href":"https:\/\/www.visit-ulcinj.com\/blog\/wp-json\/wp\/v2\/tags?post=57075"}],"curies":[{"name":"wp","href":"https:\/\/api.w.org\/{rel}","templated":true}]}}