{"id":5708,"date":"2008-11-09T04:11:51","date_gmt":"2008-11-09T09:11:51","guid":{"rendered":"http:\/\/www.visit-ulcinj.com\/blog\/?p=5708"},"modified":"2008-11-09T04:11:51","modified_gmt":"2008-11-09T09:11:51","slug":"zajmina-vasjaribehet-biznesmene","status":"publish","type":"post","link":"https:\/\/www.visit-ulcinj.com\/blog\/2008\/11\/09\/zajmina-vasjaribehet-biznesmene\/","title":{"rendered":"Zajmina Vasjari,b\u00ebhet biznesmene"},"content":{"rendered":"<p><a href=\"http:\/\/www.visit-ulcinj.com\/blog\/wp-content\/uploads\/2008\/11\/zajmina-vasjari_1.jpg\"><img loading=\"lazy\" class=\"alignleft size-medium wp-image-5709\" title=\"zajmina-vasjari_1\" src=\"http:\/\/www.visit-ulcinj.com\/blog\/wp-content\/uploads\/2008\/11\/zajmina-vasjari_1-300x173.jpg\" alt=\"\" width=\"300\" height=\"173\" srcset=\"https:\/\/www.visit-ulcinj.com\/blog\/wp-content\/uploads\/2008\/11\/zajmina-vasjari_1-300x173.jpg 300w, https:\/\/www.visit-ulcinj.com\/blog\/wp-content\/uploads\/2008\/11\/zajmina-vasjari_1.jpg 600w\" sizes=\"(max-width: 300px) 100vw, 300px\" \/><\/a>Tani Zajmina Vasjari, do t\u00eb ket\u00eb nj\u00eb vend fiks takimi me fansat dhe adhuruesit e saj. Nj\u00eb atelie me emrin e saj me fustane nusesh, ku klient\u00ebt do t\u00eb mund t\u00eb marrin k\u00ebshilla nga ajo p\u00ebr ceremonin\u00eb e martes\u00ebs s\u00eb tyre. E veshur me pantallona t\u00eb shkurtra, dhe nj\u00eb bluz\u00eb \u00e7iklamin, Zajmina nuk preferoi t\u00eb vishte ndonj\u00eb nga fustanet e nus\u00ebris\u00eb, n\u00eb atelien\u00eb e saj q\u00eb e promovoi pak dit\u00eb m\u00eb par\u00eb, n\u00eb shoq\u00ebrin\u00eb e miqve m\u00eb t\u00eb af\u00ebrt. Nj\u00eb atelie e lyer s\u00eb brendshmi me t\u00eb kuqe, n\u00eb nj\u00eb nga pallatet e rrug\u00ebs \u201cMyslym Shyri\u201d dhe me emrin e saj, \u00ebshte tashm\u00eb d\u00ebshira e b\u00ebr\u00eb realitet, p\u00ebr t\u00eb dhe motr\u00ebn e saj, nd\u00ebrsa kishin gati nj\u00eb vit q\u00eb kishin ideuar k\u00ebt\u00eb biznes shum\u00eb fem\u00ebror, dhe me klas. Disa foto, ku Zajmina kishte pozuar me fustanet m\u00eb t\u00eb mir\u00eb, i kishte vendosur n\u00eb korniza t\u00eb m\u00ebdha n\u00eb muret e atelies\u00eb, nd\u00ebrsa n\u00eb ceremonin\u00eb e p\u00ebrurimit, kishte veshur s\u00ebrish ekstravagante.<\/p>\n<p>T\u00eb ftuarit ishin special, sepse kishte preferuar t\u00eb mblidhte nj\u00eb rreth t\u00eb ngusht\u00eb miqsh. Mes t\u00eb ftuarve artist\u00eb k\u00ebng\u00ebtar\u00eb, mes t\u00eb cil\u00ebve Anjeza Branka, Gjergj Jorgaqi, Sabiani, dhe miqt\u00eb e saj t\u00eb preferuar ishin ish \u2013banor\u00ebt e \u201cBig Brother\u201d, Romina, Visi, Juna, Ina dhe Poli me t\u00eb dashur\u00ebn e re. N\u00eb ambientin e saj kan\u00eb q\u00ebndruar nj\u00eb koh\u00eb t\u00eb gjat\u00eb, kan\u00eb biseduar dhe kan\u00eb pir\u00eb ver\u00eb deri rreth or\u00ebs 21:00 t\u00eb mbr\u00ebmjes. Por ky biznes, padyshim q\u00eb nuk do ta shk\u00ebpus\u00eb Zajmin\u00ebn nga skena dhe k\u00ebnga. Pas klipit t\u00eb saj \u201cNj\u00eb m\u00eb shum\u00eb e nj\u00eb m\u00eb pak\u201d do t\u00eb marr\u00eb pjes\u00eb n\u00eb festivalin \u201cMikrofoni i art\u00eb\u201d me nj\u00eb k\u00ebng\u00eb \u201chouse\u201d me titull \u201cZemr\u00ebn parkove keq\u2026\u201d me tekst t\u00eb Olti Currit.<\/p>\n<p>Thuhet se do t\u00eb jet\u00eb nj\u00eb k\u00ebng\u00eb e suksesshme pasi nga emisionet me k\u00ebrkesa, q\u00eb transmetohen n\u00eb \u201c+2 Radio\u201d, k\u00ebnga e Zajmin\u00ebs \u00ebsht\u00eb nga m\u00eb t\u00eb k\u00ebrkuarat nga sms-t\u00eb. Tashm\u00eb ka vendosur q\u00eb t\u00eb ruaj\u00eb ngjyr\u00ebn e flok\u00ebve pisk t\u00eb zeza, ashtu si\u00e7 u shfaq n\u00eb klipin e ri, duke i k\u00ebnduar nj\u00eb tradhtie. U shfaq krejt ndryshe n\u00eb k\u00ebt\u00eb klip, me stilin e flok\u00ebve si Rihanna dhe me fustan\u00ebt ku dominojn\u00eb shum\u00eb ngjyrat. Duke u b\u00ebr\u00eb brune nga bjonde klasike, ka vendosur t\u00eb mos e ndryshoj\u00eb ngjyr\u00ebn e zez\u00eb t\u00eb flok\u00ebve, p\u00ebr nj\u00eb koh\u00eb t\u00eb gjat\u00eb pasi ka pohuar vet\u00eb se ndihet v\u00ebrtet mir\u00eb.<\/p>\n<p><strong>PanoramaPlus<\/strong><\/p>\n<!--YouTube Error: bad URL entered-->\n","protected":false},"excerpt":{"rendered":"<p>Tani Zajmina Vasjari, do t\u00eb ket\u00eb nj\u00eb vend fiks takimi me fansat dhe adhuruesit e saj. Nj\u00eb atelie me emrin e saj me fustane nusesh, ku klient\u00ebt do t\u00eb mund t\u00eb marrin k\u00ebshilla nga ajo p\u00ebr ceremonin\u00eb e martes\u00ebs s\u00eb tyre. E veshur me pantallona t\u00eb shkurtra, dhe nj\u00eb bluz\u00eb \u00e7iklamin, Zajmina nuk preferoi t\u00eb [&hellip;]<\/p>\n","protected":false},"author":1,"featured_media":0,"comment_status":"open","ping_status":"closed","sticky":false,"template":"","format":"standard","meta":{"spay_email":"","jetpack_publicize_message":"","jetpack_is_tweetstorm":false,"jetpack_publicize_feature_enabled":true},"categories":[1],"tags":[4950],"jetpack_publicize_connections":[],"yoast_head":"<!-- This site is optimized with the Yoast SEO plugin v19.1 - https:\/\/yoast.com\/wordpress\/plugins\/seo\/ -->\n<title>Zajmina Vasjari,b\u00ebhet biznesmene - Lajme nga Ulqini<\/title>\n<meta name=\"description\" content=\"Tani Zajmina Vasjari, do t\u00eb ket\u00eb nj\u00eb vend fiks takimi me fansat dhe adhuruesit e saj. Nj\u00eb atelie me emrin e saj me fustane nusesh, ku klient\u00ebt do t\u00eb mund\" \/>\n<meta name=\"robots\" content=\"index, follow, max-snippet:-1, max-image-preview:large, max-video-preview:-1\" \/>\n<link rel=\"canonical\" href=\"https:\/\/www.visit-ulcinj.com\/blog\/2008\/11\/09\/zajmina-vasjaribehet-biznesmene\/\" \/>\n<meta property=\"og:locale\" content=\"en_US\" \/>\n<meta property=\"og:type\" content=\"article\" \/>\n<meta property=\"og:title\" content=\"Zajmina Vasjari,b\u00ebhet biznesmene - Lajme nga Ulqini\" \/>\n<meta property=\"og:description\" content=\"Tani Zajmina Vasjari, do t\u00eb ket\u00eb nj\u00eb vend fiks takimi me fansat dhe adhuruesit e saj. Nj\u00eb atelie me emrin e saj me fustane nusesh, ku klient\u00ebt do t\u00eb mund\" \/>\n<meta property=\"og:url\" content=\"https:\/\/www.visit-ulcinj.com\/blog\/2008\/11\/09\/zajmina-vasjaribehet-biznesmene\/\" \/>\n<meta property=\"og:site_name\" content=\"Lajme nga Ulqini\" \/>\n<meta property=\"article:published_time\" content=\"2008-11-09T09:11:51+00:00\" \/>\n<meta property=\"og:image\" content=\"http:\/\/www.visit-ulcinj.com\/blog\/wp-content\/uploads\/2008\/11\/zajmina-vasjari_1-300x173.jpg\" \/>\n<meta name=\"twitter:label1\" content=\"Written by\" \/>\n\t<meta name=\"twitter:data1\" content=\"ulqini\" \/>\n\t<meta name=\"twitter:label2\" content=\"Est. reading time\" \/>\n\t<meta name=\"twitter:data2\" content=\"2 minutes\" \/>\n<script type=\"application\/ld+json\" class=\"yoast-schema-graph\">{\"@context\":\"https:\/\/schema.org\",\"@graph\":[{\"@type\":\"WebSite\",\"@id\":\"https:\/\/www.visit-ulcinj.com\/blog\/#website\",\"url\":\"https:\/\/www.visit-ulcinj.com\/blog\/\",\"name\":\"Lajme nga Ulqini\",\"description\":\"Lajme,Vijesti,Ulqini,Ulqin,Crna Gora,Mali i Zi\",\"potentialAction\":[{\"@type\":\"SearchAction\",\"target\":{\"@type\":\"EntryPoint\",\"urlTemplate\":\"https:\/\/www.visit-ulcinj.com\/blog\/?s={search_term_string}\"},\"query-input\":\"required name=search_term_string\"}],\"inLanguage\":\"en-US\"},{\"@type\":\"ImageObject\",\"inLanguage\":\"en-US\",\"@id\":\"https:\/\/www.visit-ulcinj.com\/blog\/2008\/11\/09\/zajmina-vasjaribehet-biznesmene\/#primaryimage\",\"url\":\"http:\/\/www.visit-ulcinj.com\/blog\/wp-content\/uploads\/2008\/11\/zajmina-vasjari_1-300x173.jpg\",\"contentUrl\":\"http:\/\/www.visit-ulcinj.com\/blog\/wp-content\/uploads\/2008\/11\/zajmina-vasjari_1-300x173.jpg\"},{\"@type\":\"WebPage\",\"@id\":\"https:\/\/www.visit-ulcinj.com\/blog\/2008\/11\/09\/zajmina-vasjaribehet-biznesmene\/#webpage\",\"url\":\"https:\/\/www.visit-ulcinj.com\/blog\/2008\/11\/09\/zajmina-vasjaribehet-biznesmene\/\",\"name\":\"Zajmina Vasjari,b\u00ebhet biznesmene - Lajme nga Ulqini\",\"isPartOf\":{\"@id\":\"https:\/\/www.visit-ulcinj.com\/blog\/#website\"},\"primaryImageOfPage\":{\"@id\":\"https:\/\/www.visit-ulcinj.com\/blog\/2008\/11\/09\/zajmina-vasjaribehet-biznesmene\/#primaryimage\"},\"datePublished\":\"2008-11-09T09:11:51+00:00\",\"dateModified\":\"2008-11-09T09:11:51+00:00\",\"author\":{\"@id\":\"https:\/\/www.visit-ulcinj.com\/blog\/#\/schema\/person\/dcab619c614d3038751c63bc2aadc06d\"},\"description\":\"Tani Zajmina Vasjari, do t\u00eb ket\u00eb nj\u00eb vend fiks takimi me fansat dhe adhuruesit e saj. Nj\u00eb atelie me emrin e saj me fustane nusesh, ku klient\u00ebt do t\u00eb mund\",\"breadcrumb\":{\"@id\":\"https:\/\/www.visit-ulcinj.com\/blog\/2008\/11\/09\/zajmina-vasjaribehet-biznesmene\/#breadcrumb\"},\"inLanguage\":\"en-US\",\"potentialAction\":[{\"@type\":\"ReadAction\",\"target\":[\"https:\/\/www.visit-ulcinj.com\/blog\/2008\/11\/09\/zajmina-vasjaribehet-biznesmene\/\"]}]},{\"@type\":\"BreadcrumbList\",\"@id\":\"https:\/\/www.visit-ulcinj.com\/blog\/2008\/11\/09\/zajmina-vasjaribehet-biznesmene\/#breadcrumb\",\"itemListElement\":[{\"@type\":\"ListItem\",\"position\":1,\"name\":\"Zajmina Vasjari,b\u00ebhet biznesmene\"}]},{\"@type\":\"Person\",\"@id\":\"https:\/\/www.visit-ulcinj.com\/blog\/#\/schema\/person\/dcab619c614d3038751c63bc2aadc06d\",\"name\":\"ulqini\",\"sameAs\":[\"http:\/\/www.visit-ulcinj.com\"],\"url\":\"https:\/\/www.visit-ulcinj.com\/blog\/author\/admin\/\"}]}<\/script>\n<!-- \/ Yoast SEO plugin. -->","yoast_head_json":{"title":"Zajmina Vasjari,b\u00ebhet biznesmene - Lajme nga Ulqini","description":"Tani Zajmina Vasjari, do t\u00eb ket\u00eb nj\u00eb vend fiks takimi me fansat dhe adhuruesit e saj. Nj\u00eb atelie me emrin e saj me fustane nusesh, ku klient\u00ebt do t\u00eb mund","robots":{"index":"index","follow":"follow","max-snippet":"max-snippet:-1","max-image-preview":"max-image-preview:large","max-video-preview":"max-video-preview:-1"},"canonical":"https:\/\/www.visit-ulcinj.com\/blog\/2008\/11\/09\/zajmina-vasjaribehet-biznesmene\/","og_locale":"en_US","og_type":"article","og_title":"Zajmina Vasjari,b\u00ebhet biznesmene - Lajme nga Ulqini","og_description":"Tani Zajmina Vasjari, do t\u00eb ket\u00eb nj\u00eb vend fiks takimi me fansat dhe adhuruesit e saj. Nj\u00eb atelie me emrin e saj me fustane nusesh, ku klient\u00ebt do t\u00eb mund","og_url":"https:\/\/www.visit-ulcinj.com\/blog\/2008\/11\/09\/zajmina-vasjaribehet-biznesmene\/","og_site_name":"Lajme nga Ulqini","article_published_time":"2008-11-09T09:11:51+00:00","og_image":[{"url":"http:\/\/www.visit-ulcinj.com\/blog\/wp-content\/uploads\/2008\/11\/zajmina-vasjari_1-300x173.jpg"}],"twitter_misc":{"Written by":"ulqini","Est. reading time":"2 minutes"},"schema":{"@context":"https:\/\/schema.org","@graph":[{"@type":"WebSite","@id":"https:\/\/www.visit-ulcinj.com\/blog\/#website","url":"https:\/\/www.visit-ulcinj.com\/blog\/","name":"Lajme nga Ulqini","description":"Lajme,Vijesti,Ulqini,Ulqin,Crna Gora,Mali i Zi","potentialAction":[{"@type":"SearchAction","target":{"@type":"EntryPoint","urlTemplate":"https:\/\/www.visit-ulcinj.com\/blog\/?s={search_term_string}"},"query-input":"required name=search_term_string"}],"inLanguage":"en-US"},{"@type":"ImageObject","inLanguage":"en-US","@id":"https:\/\/www.visit-ulcinj.com\/blog\/2008\/11\/09\/zajmina-vasjaribehet-biznesmene\/#primaryimage","url":"http:\/\/www.visit-ulcinj.com\/blog\/wp-content\/uploads\/2008\/11\/zajmina-vasjari_1-300x173.jpg","contentUrl":"http:\/\/www.visit-ulcinj.com\/blog\/wp-content\/uploads\/2008\/11\/zajmina-vasjari_1-300x173.jpg"},{"@type":"WebPage","@id":"https:\/\/www.visit-ulcinj.com\/blog\/2008\/11\/09\/zajmina-vasjaribehet-biznesmene\/#webpage","url":"https:\/\/www.visit-ulcinj.com\/blog\/2008\/11\/09\/zajmina-vasjaribehet-biznesmene\/","name":"Zajmina Vasjari,b\u00ebhet biznesmene - Lajme nga Ulqini","isPartOf":{"@id":"https:\/\/www.visit-ulcinj.com\/blog\/#website"},"primaryImageOfPage":{"@id":"https:\/\/www.visit-ulcinj.com\/blog\/2008\/11\/09\/zajmina-vasjaribehet-biznesmene\/#primaryimage"},"datePublished":"2008-11-09T09:11:51+00:00","dateModified":"2008-11-09T09:11:51+00:00","author":{"@id":"https:\/\/www.visit-ulcinj.com\/blog\/#\/schema\/person\/dcab619c614d3038751c63bc2aadc06d"},"description":"Tani Zajmina Vasjari, do t\u00eb ket\u00eb nj\u00eb vend fiks takimi me fansat dhe adhuruesit e saj. Nj\u00eb atelie me emrin e saj me fustane nusesh, ku klient\u00ebt do t\u00eb mund","breadcrumb":{"@id":"https:\/\/www.visit-ulcinj.com\/blog\/2008\/11\/09\/zajmina-vasjaribehet-biznesmene\/#breadcrumb"},"inLanguage":"en-US","potentialAction":[{"@type":"ReadAction","target":["https:\/\/www.visit-ulcinj.com\/blog\/2008\/11\/09\/zajmina-vasjaribehet-biznesmene\/"]}]},{"@type":"BreadcrumbList","@id":"https:\/\/www.visit-ulcinj.com\/blog\/2008\/11\/09\/zajmina-vasjaribehet-biznesmene\/#breadcrumb","itemListElement":[{"@type":"ListItem","position":1,"name":"Zajmina Vasjari,b\u00ebhet biznesmene"}]},{"@type":"Person","@id":"https:\/\/www.visit-ulcinj.com\/blog\/#\/schema\/person\/dcab619c614d3038751c63bc2aadc06d","name":"ulqini","sameAs":["http:\/\/www.visit-ulcinj.com"],"url":"https:\/\/www.visit-ulcinj.com\/blog\/author\/admin\/"}]}},"jetpack_featured_media_url":"","jetpack_sharing_enabled":true,"jetpack_shortlink":"https:\/\/wp.me\/pe6lTn-1u4","_links":{"self":[{"href":"https:\/\/www.visit-ulcinj.com\/blog\/wp-json\/wp\/v2\/posts\/5708"}],"collection":[{"href":"https:\/\/www.visit-ulcinj.com\/blog\/wp-json\/wp\/v2\/posts"}],"about":[{"href":"https:\/\/www.visit-ulcinj.com\/blog\/wp-json\/wp\/v2\/types\/post"}],"author":[{"embeddable":true,"href":"https:\/\/www.visit-ulcinj.com\/blog\/wp-json\/wp\/v2\/users\/1"}],"replies":[{"embeddable":true,"href":"https:\/\/www.visit-ulcinj.com\/blog\/wp-json\/wp\/v2\/comments?post=5708"}],"version-history":[{"count":0,"href":"https:\/\/www.visit-ulcinj.com\/blog\/wp-json\/wp\/v2\/posts\/5708\/revisions"}],"wp:attachment":[{"href":"https:\/\/www.visit-ulcinj.com\/blog\/wp-json\/wp\/v2\/media?parent=5708"}],"wp:term":[{"taxonomy":"category","embeddable":true,"href":"https:\/\/www.visit-ulcinj.com\/blog\/wp-json\/wp\/v2\/categories?post=5708"},{"taxonomy":"post_tag","embeddable":true,"href":"https:\/\/www.visit-ulcinj.com\/blog\/wp-json\/wp\/v2\/tags?post=5708"}],"curies":[{"name":"wp","href":"https:\/\/api.w.org\/{rel}","templated":true}]}}