{"id":57084,"date":"2012-02-05T23:51:23","date_gmt":"2012-02-05T22:51:23","guid":{"rendered":"http:\/\/www.visit-ulcinj.com\/blog\/?p=57084"},"modified":"2012-02-05T23:51:23","modified_gmt":"2012-02-05T22:51:23","slug":"jonida-maliqi-djali-im-gezon-shendet-te-plote","status":"publish","type":"post","link":"https:\/\/www.visit-ulcinj.com\/blog\/2012\/02\/05\/jonida-maliqi-djali-im-gezon-shendet-te-plote\/","title":{"rendered":"Jonida Maliqi: Djali im gezon shendet te plote"},"content":{"rendered":"<p><a href=\"http:\/\/www.visit-ulcinj.com\/blog\/wp-content\/uploads\/2012\/02\/Jonida-Maliqi.jpg\"><img loading=\"lazy\" class=\"alignleft  wp-image-57086\" title=\"Jonida Maliqi\" src=\"http:\/\/www.visit-ulcinj.com\/blog\/wp-content\/uploads\/2012\/02\/Jonida-Maliqi.jpg\" alt=\"\" width=\"340\" height=\"450\" \/><\/a>I \u00ebsht\u00eb dashur t\u00eb ngrihet mbi veten dhe t\u00eb rr\u00ebfej\u00eb p\u00ebr di\u00e7ka q\u00eb s\u2019e kishte imagjinuar kurr\u00eb. Nj\u00eb \u201cthashethemnaj\u00eb e sh\u00ebmtuar\u201d, ashtu si\u00e7 ajo e quan at\u00eb rreth djalit t\u00eb saj vet\u00ebm 40-dit\u00ebsh, ka qarkulluar me shpejt\u00ebsi k\u00ebto dit\u00eb n\u00eb Tiran\u00eb, duke u shnd\u00ebrruar n\u00eb bised\u00ebn e momentit. K\u00ebng\u00ebtarja e njohur tregon se ajo \u00ebsht\u00eb njohur me k\u00ebt\u00eb sajes\u00eb vet\u00ebm dje dhe \u00ebsht\u00eb ndier e shokuar kur mori vesh se p\u00ebr djalin e saj po flitej se nuk ishte i sh\u00ebndetsh\u00ebm. Jep k\u00ebt\u00eb intervist\u00eb, ku rr\u00ebfen t\u00eb v\u00ebrtet\u00ebn e saj p\u00ebr f\u00ebmij\u00ebn e saj t\u00eb par\u00eb dhe dashakeq\u00ebsin\u00eb e njer\u00ebzve q\u00eb ndonj\u00ebher\u00eb kalojn\u00eb \u00e7do kufi.<br \/>\nPrej disa dit\u00ebsh qarkullon n\u00eb Tiran\u00eb nj\u00eb thashethem shum\u00eb trondit\u00ebs n\u00eb lidhje me sh\u00ebndetin e djalit tuaj, q\u00eb sapo ka mbushur 40 dit\u00eb nga ardhja n\u00eb jet\u00eb. Kur t\u2019u b\u00eb e ditur dhe si u ndjeve?<br \/>\nUn\u00eb k\u00ebt\u00eb thashethem e d\u00ebgjova vet\u00ebm dje dhe kam qen\u00eb e fundit q\u00eb e kam marr\u00eb vesh se\u00e7 kishte filluar t\u00eb qarkulloj\u00eb p\u00ebr djalin tim t\u00eb porsalindur, q\u00eb sapo ka mbushur 40 dit\u00eb nga ardhja n\u00eb jet\u00eb. Ndihem e indinjuar dhe e shokuar nj\u00ebkoh\u00ebsisht, pasi nuk mund ta imagjinoj se si lig\u00ebsia e disa njer\u00ebzve mund t\u00eb arrij\u00eb deri n\u00eb k\u00ebt\u00eb pik\u00eb. Mund t\u00eb them n\u00ebse deri m\u00eb sot m\u00eb \u00ebsht\u00eb regjur l\u00ebkura duke d\u00ebgjuar p\u00ebr veten thashetheme nga m\u00eb t\u00eb ndryshmet, nuk do ta besoja kurr\u00eb q\u00eb njer\u00ebzit t\u00eb kalonin \u00e7do cak e kufi njer\u00ebzor p\u00ebr t\u00eb sajuar di\u00e7ka t\u00eb till\u00eb. Kjo dashakeq\u00ebsi q\u00eb ekziston mes njer\u00ebzve m\u00eb ka tronditur dhe v\u00ebrtet nuk arrij ta kuptoj se \u00e7far\u00eb i shtyn persona t\u00eb till\u00eb t\u00eb krijojn\u00eb nj\u00eb histori kaq monstruoze.<br \/>\nPo njer\u00ebzit e tu t\u00eb af\u00ebrt kan\u00eb qen\u00eb n\u00eb dijeni t\u00eb k\u00ebtyre fjal\u00ebve m\u00eb par\u00eb, si kan\u00eb reaguar?<br \/>\nNjer\u00ebzit e mi t\u00eb af\u00ebrt e kan\u00eb d\u00ebgjuar m\u00eb par\u00eb dhe e kan\u00eb mohuar, pasi jan\u00eb ata q\u00eb e kan\u00eb par\u00eb djalin dhe q\u00eb e din\u00eb mir\u00eb se \u00ebsht\u00eb f\u00ebmij\u00eb plot\u00ebsisht normal dhe i sh\u00ebndetsh\u00ebm. Ata jan\u00eb kujdesur q\u00eb t\u00eb mos ma b\u00ebjn\u00eb mua t\u00eb ditur k\u00ebt\u00eb thashethemnaj\u00eb, q\u00eb \u00ebsht\u00eb p\u00ebrhapur me shum\u00eb shpejt\u00ebsi, pasi jan\u00eb kujdesur t\u00eb mos shqet\u00ebsohem p\u00ebr faktin se jam lehon\u00eb dhe e ushqej tim bir me gji.<br \/>\nSi shkoi lindja, pasi p\u00ebrve\u00e7 lajmit q\u00eb djali juaj Dan erdhi n\u00eb jet\u00eb sh\u00ebndosh\u00eb e mir\u00eb, asnj\u00eb detaj tjet\u00ebr nuk u pasqyrua n\u00eb shtyp\u2026<br \/>\nDuke marr\u00eb parasysh q\u00eb jam lidhur me doktor Halim Kosov\u00ebn, q\u00eb n\u00eb momentin e par\u00eb pasi m\u00ebsova q\u00eb isha shtatz\u00ebn\u00eb e deri n\u00eb k\u00ebto momente q\u00eb po flasim, mund t\u00eb them se ka qen\u00eb nj\u00eb shtatz\u00ebni shum\u00eb e qet\u00eb dhe e ndjekur n\u00eb m\u00ebnyr\u00eb rigoroze nga dr. Halimi. Un\u00eb e solla n\u00eb jet\u00eb djalin me lindje natyrale, me pesh\u00eb 3 kg e 300 gr. \u00c7do gj\u00eb shkoi mrekullisht dhe n\u00eb spitalin \u201cMbret\u00ebresha Geraldin\u00eb\u201d jam ndier si n\u00eb nj\u00eb hotel me shtat\u00eb yje, n\u00ebn kujdesin e jasht\u00ebzakonsh\u00ebm t\u00eb doktorit q\u00eb m\u00eb sugjeroi t\u00eb b\u00ebja lindje natyrale dhe t\u00eb mamive q\u00eb asistuan n\u00eb lindje dhe q\u00eb u kujdes\u00ebn p\u00ebr f\u00ebmij\u00ebn m\u00eb pas.<br \/>\nKan\u00eb qarkulluar po ashtu fjal\u00eb se bashk\u00ebshorti juaj ka reaguar me skena dhune, duke thyer xhamin e makin\u00ebs s\u00eb dr. Halim Kosov\u00ebs. I kishit d\u00ebgjuar dhe k\u00ebto?<br \/>\nPo i kemi d\u00ebgjuar, madje dhe shum\u00eb sajesa t\u00eb tjera si k\u00ebto n\u00eb lidhje me Dr. Halimin. Por t\u00eb v\u00ebrtet\u00ebn e dim\u00eb vet\u00ebm ne dhe mund t\u00eb them se djali yn\u00eb g\u00ebzon sh\u00ebndet t\u00eb plot\u00eb dhe, n\u00eb saj\u00eb t\u00eb kujdesit t\u00eb doktorit, vazhdojm\u00eb Edhe sot e k\u00ebsaj dite t\u00eb ruajm\u00eb marr\u00ebdh\u00ebnie shum\u00eb t\u00eb mir\u00eb, madje \u00ebsht\u00eb kthyer tashm\u00eb n\u00eb raport familjar mes nesh. Nuk e di e kujt ishte gjith\u00eb kjo lig\u00ebsi, por e theksoj q\u00eb m\u00eb duket absurde kjo pjell\u00eb e fantazis\u00eb dashakeqe t\u00eb nj\u00eb inati pa shkak, qoft\u00eb ndaj doktorit apo dhe ndaj meje.<br \/>\nPo dr.Halimi si reagoi ndaj k\u00ebtij thathethemi, pasi n\u00eb nj\u00eb far\u00eb m\u00ebnyre mund t\u00eb ket\u00eb ndikuar n\u00eb prishjen e reputacionit t\u00eb tij?<br \/>\nNatyrisht q\u00eb u \u00e7udit dhe u shokua, pasi fantazia kishte arritur deri aty sa \u00ebsht\u00eb th\u00ebn\u00eb se un\u00eb kam lindur n\u00eb Amerik\u00eb, pas nj\u00eb konflikti me doktorin etj. si k\u00ebto. Megjithat\u00eb, pavar\u00ebsisht \u00e7far\u00eb jan\u00eb th\u00ebn\u00eb, un\u00eb kam nj\u00eb fal\u00ebnderim t\u00eb ve\u00e7ant\u00eb p\u00ebr t\u00eb, sepse v\u00ebrtet ka qen\u00eb shum\u00eb i kujdessh\u00ebm n\u00eb mbar\u00ebvajtjen e shtatz\u00ebnis\u00eb sime.<br \/>\nNd\u00ebrkoh\u00eb ka nga ata q\u00eb mendojn\u00eb se ky thashethem ka dal\u00eb nga rrethi i artist\u00ebve, dhe t\u00eb tjer\u00eb mendojn\u00eb se mund t\u00eb ket\u00eb dal\u00eb nga rrethi i mjek\u00ebve\u2026<br \/>\nN\u00eb fakt, un\u00eb s\u2018di t\u00eb flas me siguri p\u00ebr k\u00ebt\u00eb, por mund t\u00eb them se p\u00ebr t\u00eb sjell\u00eb n\u00eb jet\u00eb f\u00ebmij\u00ebn tim t\u00eb par\u00eb, zgjodha mamit\u00eb me eksperienc\u00eb n\u00eb vend t\u00eb \u201croom servile\u201d t\u00eb hoteleris\u00eb m\u00eb t\u00eb shtrenjt\u00eb (sikurse mund t\u00eb jet\u00eb trendy i momentit). Megjith\u00ebse nuk mund t\u00eb b\u00ebj ndryshimin nd\u00ebrmjet kushteve t\u00eb spitalit \u201cGeraldina \u2026\u201d me hotelet me disa yje q\u00eb kam pasur mund\u00ebsin\u00eb t\u00eb fle jasht\u00eb shtetit.<br \/>\nN\u00eb momente t\u00eb tilla, \u00e7dokush do t\u00eb donte t\u00eb dinte se \u00e7far\u00eb i shtyn njer\u00ebzit t\u00eb hapin nj\u00eb thashethem t\u00eb till\u00eb, sidomos kur b\u00ebhet fjal\u00eb p\u00ebr nj\u00eb f\u00ebmij\u00eb t\u00eb porsalindur. Keni ndonj\u00eb ide?<br \/>\nNuk di t\u00eb them se \u00e7far\u00eb i shtyn t\u00eb b\u00ebjn\u00eb nj\u00eb t\u00eb till\u00eb. Dua vet\u00ebm t\u2019u them k\u00ebtyre njer\u00ebzve se duhet t\u00eb qet\u00ebsohen dhe t\u00eb jetojn\u00eb jet\u00ebn e tyre. Un\u00eb kam 12 vjet me bashk\u00ebshortin tim, kam krijuar tashm\u00eb nj\u00eb familje dhe Zoti m\u00eb ka falur nj\u00eb engj\u00ebll, p\u00ebr t\u00eb cilin jemi shum\u00eb t\u00eb lumtur. D\u00ebshiroj shum\u00eb q\u00eb njer\u00ebzit t\u00eb shk\u00ebmbejn\u00eb energji pozitive me nj\u00ebri-tjetrin. Pas k\u00ebsaj q\u00eb ndodhi, mua thjesht do m\u00eb vinte v\u00ebrtet keq q\u00eb kur im bir t\u00eb rritet, t\u00eb d\u00ebgjoj\u00eb se \u00e7far\u00eb \u00ebsht\u00eb sajuar p\u00ebr t\u00eb kur sapo erdhi n\u00eb jet\u00eb. M\u00eb vjen keq q\u00eb im bir, t\u00eb cilin mezi e kam pritur, ka ardhur n\u00eb nj\u00eb bot\u00eb q\u00eb p\u00ebr fat t\u00eb keq reflekton shpesh negativitet pa asnj\u00eb logjik\u00eb. Tashm\u00eb k\u00ebt\u00eb sajes\u00eb do e konsideroja nj\u00eb lloj hajmalie, q\u00eb t\u00eb mos e marrin m\u00eb sysh tim bir.<br \/>\nKush po kujdeset p\u00ebr djalin dhe a ke filluar ta nxjerr\u00ebsh me karroc\u00eb? Si po e jeton k\u00ebt\u00eb eksperienc\u00eb t\u00eb par\u00eb p\u00ebr ty?<br \/>\nKujdesem vet\u00eb, por edhe me ndihm\u00ebn e mamas\u00eb sime. Patjet\u00ebr q\u00eb momentet q\u00eb dal me djalin jan\u00eb m\u00eb t\u00eb bukurat p\u00ebr mua. Madje, mund t\u00eb them q\u00eb e kam nxjerr\u00eb n\u00eb ambiente publike vet\u00ebm 10 dit\u00eb pasi im bir erdhi n\u00eb jet\u00eb, gjithmon\u00eb n\u00eb koh\u00eb me diell.<br \/>\nTi i dedikove nj\u00eb k\u00ebng\u00eb me titull \u201cThesari im\u201d, nd\u00ebrkoh\u00eb q\u00eb ishe n\u00eb gar\u00eb me koleg\u00ebt artist\u00eb n\u00eb \u201cK\u00ebnga Magjike\u201d. Cil\u00ebve prej koleg\u00ebve t\u00eb tu artist\u00eb ua ke prezantuar djalin deri tani?<br \/>\nMe Aurela Ga\u00e7en takohemi dhe nxjerrim sh\u00ebtitje dy bebet nga liqeni, un\u00eb djalin dhe ajo vajz\u00ebn 2 muaj e gjysm\u00eb, me Rovena Dilon jemi takuar te lokali i saj, Besa Kok\u00ebdhim\u00ebn jemi takuar rast\u00ebsisht, nd\u00ebrsa Ardit Gjebreas i kam d\u00ebrguar foton e djalit.<\/p>\n<p>KLOTILDA HARKA<\/p>\n<!--YouTube Error: bad URL entered-->\n<p><strong>PanoramaPlus<\/strong><\/p>\n","protected":false},"excerpt":{"rendered":"<p>I \u00ebsht\u00eb dashur t\u00eb ngrihet mbi veten dhe t\u00eb rr\u00ebfej\u00eb p\u00ebr di\u00e7ka q\u00eb s\u2019e kishte imagjinuar kurr\u00eb. Nj\u00eb \u201cthashethemnaj\u00eb e sh\u00ebmtuar\u201d, ashtu si\u00e7 ajo e quan at\u00eb rreth djalit t\u00eb saj vet\u00ebm 40-dit\u00ebsh, ka qarkulluar me shpejt\u00ebsi k\u00ebto dit\u00eb n\u00eb Tiran\u00eb, duke u shnd\u00ebrruar n\u00eb bised\u00ebn e momentit. K\u00ebng\u00ebtarja e njohur tregon se ajo \u00ebsht\u00eb [&hellip;]<\/p>\n","protected":false},"author":1,"featured_media":0,"comment_status":"open","ping_status":"closed","sticky":false,"template":"","format":"standard","meta":{"spay_email":"","jetpack_publicize_message":"","jetpack_is_tweetstorm":false,"jetpack_publicize_feature_enabled":true},"categories":[1],"tags":[19677,19806,16036,5127,19514,19511,19459,6693,4684,19460],"jetpack_publicize_connections":[],"yoast_head":"<!-- This site is optimized with the Yoast SEO plugin v19.1 - https:\/\/yoast.com\/wordpress\/plugins\/seo\/ -->\n<title>Jonida Maliqi: Djali im gezon shendet te plote - Lajme nga Ulqini<\/title>\n<meta name=\"description\" content=\"I \u00ebsht\u00eb dashur t\u00eb ngrihet mbi veten dhe t\u00eb rr\u00ebfej\u00eb p\u00ebr di\u00e7ka q\u00eb s\u2019e kishte imagjinuar kurr\u00eb. Nj\u00eb \u201cthashethemnaj\u00eb e sh\u00ebmtuar\u201d, ashtu si\u00e7 ajo e quan at\u00eb\" \/>\n<meta name=\"robots\" content=\"index, follow, max-snippet:-1, max-image-preview:large, max-video-preview:-1\" \/>\n<link rel=\"canonical\" href=\"https:\/\/www.visit-ulcinj.com\/blog\/2012\/02\/05\/jonida-maliqi-djali-im-gezon-shendet-te-plote\/\" \/>\n<meta property=\"og:locale\" content=\"en_US\" \/>\n<meta property=\"og:type\" content=\"article\" \/>\n<meta property=\"og:title\" content=\"Jonida Maliqi: Djali im gezon shendet te plote - Lajme nga Ulqini\" \/>\n<meta property=\"og:description\" content=\"I \u00ebsht\u00eb dashur t\u00eb ngrihet mbi veten dhe t\u00eb rr\u00ebfej\u00eb p\u00ebr di\u00e7ka q\u00eb s\u2019e kishte imagjinuar kurr\u00eb. Nj\u00eb \u201cthashethemnaj\u00eb e sh\u00ebmtuar\u201d, ashtu si\u00e7 ajo e quan at\u00eb\" \/>\n<meta property=\"og:url\" content=\"https:\/\/www.visit-ulcinj.com\/blog\/2012\/02\/05\/jonida-maliqi-djali-im-gezon-shendet-te-plote\/\" \/>\n<meta property=\"og:site_name\" content=\"Lajme nga Ulqini\" \/>\n<meta property=\"article:published_time\" content=\"2012-02-05T22:51:23+00:00\" \/>\n<meta property=\"og:image\" content=\"http:\/\/www.visit-ulcinj.com\/blog\/wp-content\/uploads\/2012\/02\/Jonida-Maliqi.jpg\" \/>\n<meta name=\"twitter:label1\" content=\"Written by\" \/>\n\t<meta name=\"twitter:data1\" content=\"ulqini\" \/>\n\t<meta name=\"twitter:label2\" content=\"Est. reading time\" \/>\n\t<meta name=\"twitter:data2\" content=\"6 minutes\" \/>\n<script type=\"application\/ld+json\" class=\"yoast-schema-graph\">{\"@context\":\"https:\/\/schema.org\",\"@graph\":[{\"@type\":\"WebSite\",\"@id\":\"https:\/\/www.visit-ulcinj.com\/blog\/#website\",\"url\":\"https:\/\/www.visit-ulcinj.com\/blog\/\",\"name\":\"Lajme nga Ulqini\",\"description\":\"Lajme,Vijesti,Ulqini,Ulqin,Crna Gora,Mali i Zi\",\"potentialAction\":[{\"@type\":\"SearchAction\",\"target\":{\"@type\":\"EntryPoint\",\"urlTemplate\":\"https:\/\/www.visit-ulcinj.com\/blog\/?s={search_term_string}\"},\"query-input\":\"required name=search_term_string\"}],\"inLanguage\":\"en-US\"},{\"@type\":\"ImageObject\",\"inLanguage\":\"en-US\",\"@id\":\"https:\/\/www.visit-ulcinj.com\/blog\/2012\/02\/05\/jonida-maliqi-djali-im-gezon-shendet-te-plote\/#primaryimage\",\"url\":\"http:\/\/www.visit-ulcinj.com\/blog\/wp-content\/uploads\/2012\/02\/Jonida-Maliqi.jpg\",\"contentUrl\":\"http:\/\/www.visit-ulcinj.com\/blog\/wp-content\/uploads\/2012\/02\/Jonida-Maliqi.jpg\"},{\"@type\":\"WebPage\",\"@id\":\"https:\/\/www.visit-ulcinj.com\/blog\/2012\/02\/05\/jonida-maliqi-djali-im-gezon-shendet-te-plote\/#webpage\",\"url\":\"https:\/\/www.visit-ulcinj.com\/blog\/2012\/02\/05\/jonida-maliqi-djali-im-gezon-shendet-te-plote\/\",\"name\":\"Jonida Maliqi: Djali im gezon shendet te plote - Lajme nga Ulqini\",\"isPartOf\":{\"@id\":\"https:\/\/www.visit-ulcinj.com\/blog\/#website\"},\"primaryImageOfPage\":{\"@id\":\"https:\/\/www.visit-ulcinj.com\/blog\/2012\/02\/05\/jonida-maliqi-djali-im-gezon-shendet-te-plote\/#primaryimage\"},\"datePublished\":\"2012-02-05T22:51:23+00:00\",\"dateModified\":\"2012-02-05T22:51:23+00:00\",\"author\":{\"@id\":\"https:\/\/www.visit-ulcinj.com\/blog\/#\/schema\/person\/dcab619c614d3038751c63bc2aadc06d\"},\"description\":\"I \u00ebsht\u00eb dashur t\u00eb ngrihet mbi veten dhe t\u00eb rr\u00ebfej\u00eb p\u00ebr di\u00e7ka q\u00eb s\u2019e kishte imagjinuar kurr\u00eb. Nj\u00eb \u201cthashethemnaj\u00eb e sh\u00ebmtuar\u201d, ashtu si\u00e7 ajo e quan at\u00eb\",\"breadcrumb\":{\"@id\":\"https:\/\/www.visit-ulcinj.com\/blog\/2012\/02\/05\/jonida-maliqi-djali-im-gezon-shendet-te-plote\/#breadcrumb\"},\"inLanguage\":\"en-US\",\"potentialAction\":[{\"@type\":\"ReadAction\",\"target\":[\"https:\/\/www.visit-ulcinj.com\/blog\/2012\/02\/05\/jonida-maliqi-djali-im-gezon-shendet-te-plote\/\"]}]},{\"@type\":\"BreadcrumbList\",\"@id\":\"https:\/\/www.visit-ulcinj.com\/blog\/2012\/02\/05\/jonida-maliqi-djali-im-gezon-shendet-te-plote\/#breadcrumb\",\"itemListElement\":[{\"@type\":\"ListItem\",\"position\":1,\"name\":\"Jonida Maliqi: Djali im gezon shendet te plote\"}]},{\"@type\":\"Person\",\"@id\":\"https:\/\/www.visit-ulcinj.com\/blog\/#\/schema\/person\/dcab619c614d3038751c63bc2aadc06d\",\"name\":\"ulqini\",\"sameAs\":[\"http:\/\/www.visit-ulcinj.com\"],\"url\":\"https:\/\/www.visit-ulcinj.com\/blog\/author\/admin\/\"}]}<\/script>\n<!-- \/ Yoast SEO plugin. -->","yoast_head_json":{"title":"Jonida Maliqi: Djali im gezon shendet te plote - Lajme nga Ulqini","description":"I \u00ebsht\u00eb dashur t\u00eb ngrihet mbi veten dhe t\u00eb rr\u00ebfej\u00eb p\u00ebr di\u00e7ka q\u00eb s\u2019e kishte imagjinuar kurr\u00eb. Nj\u00eb \u201cthashethemnaj\u00eb e sh\u00ebmtuar\u201d, ashtu si\u00e7 ajo e quan at\u00eb","robots":{"index":"index","follow":"follow","max-snippet":"max-snippet:-1","max-image-preview":"max-image-preview:large","max-video-preview":"max-video-preview:-1"},"canonical":"https:\/\/www.visit-ulcinj.com\/blog\/2012\/02\/05\/jonida-maliqi-djali-im-gezon-shendet-te-plote\/","og_locale":"en_US","og_type":"article","og_title":"Jonida Maliqi: Djali im gezon shendet te plote - Lajme nga Ulqini","og_description":"I \u00ebsht\u00eb dashur t\u00eb ngrihet mbi veten dhe t\u00eb rr\u00ebfej\u00eb p\u00ebr di\u00e7ka q\u00eb s\u2019e kishte imagjinuar kurr\u00eb. Nj\u00eb \u201cthashethemnaj\u00eb e sh\u00ebmtuar\u201d, ashtu si\u00e7 ajo e quan at\u00eb","og_url":"https:\/\/www.visit-ulcinj.com\/blog\/2012\/02\/05\/jonida-maliqi-djali-im-gezon-shendet-te-plote\/","og_site_name":"Lajme nga Ulqini","article_published_time":"2012-02-05T22:51:23+00:00","og_image":[{"url":"http:\/\/www.visit-ulcinj.com\/blog\/wp-content\/uploads\/2012\/02\/Jonida-Maliqi.jpg"}],"twitter_misc":{"Written by":"ulqini","Est. reading time":"6 minutes"},"schema":{"@context":"https:\/\/schema.org","@graph":[{"@type":"WebSite","@id":"https:\/\/www.visit-ulcinj.com\/blog\/#website","url":"https:\/\/www.visit-ulcinj.com\/blog\/","name":"Lajme nga Ulqini","description":"Lajme,Vijesti,Ulqini,Ulqin,Crna Gora,Mali i Zi","potentialAction":[{"@type":"SearchAction","target":{"@type":"EntryPoint","urlTemplate":"https:\/\/www.visit-ulcinj.com\/blog\/?s={search_term_string}"},"query-input":"required name=search_term_string"}],"inLanguage":"en-US"},{"@type":"ImageObject","inLanguage":"en-US","@id":"https:\/\/www.visit-ulcinj.com\/blog\/2012\/02\/05\/jonida-maliqi-djali-im-gezon-shendet-te-plote\/#primaryimage","url":"http:\/\/www.visit-ulcinj.com\/blog\/wp-content\/uploads\/2012\/02\/Jonida-Maliqi.jpg","contentUrl":"http:\/\/www.visit-ulcinj.com\/blog\/wp-content\/uploads\/2012\/02\/Jonida-Maliqi.jpg"},{"@type":"WebPage","@id":"https:\/\/www.visit-ulcinj.com\/blog\/2012\/02\/05\/jonida-maliqi-djali-im-gezon-shendet-te-plote\/#webpage","url":"https:\/\/www.visit-ulcinj.com\/blog\/2012\/02\/05\/jonida-maliqi-djali-im-gezon-shendet-te-plote\/","name":"Jonida Maliqi: Djali im gezon shendet te plote - Lajme nga Ulqini","isPartOf":{"@id":"https:\/\/www.visit-ulcinj.com\/blog\/#website"},"primaryImageOfPage":{"@id":"https:\/\/www.visit-ulcinj.com\/blog\/2012\/02\/05\/jonida-maliqi-djali-im-gezon-shendet-te-plote\/#primaryimage"},"datePublished":"2012-02-05T22:51:23+00:00","dateModified":"2012-02-05T22:51:23+00:00","author":{"@id":"https:\/\/www.visit-ulcinj.com\/blog\/#\/schema\/person\/dcab619c614d3038751c63bc2aadc06d"},"description":"I \u00ebsht\u00eb dashur t\u00eb ngrihet mbi veten dhe t\u00eb rr\u00ebfej\u00eb p\u00ebr di\u00e7ka q\u00eb s\u2019e kishte imagjinuar kurr\u00eb. Nj\u00eb \u201cthashethemnaj\u00eb e sh\u00ebmtuar\u201d, ashtu si\u00e7 ajo e quan at\u00eb","breadcrumb":{"@id":"https:\/\/www.visit-ulcinj.com\/blog\/2012\/02\/05\/jonida-maliqi-djali-im-gezon-shendet-te-plote\/#breadcrumb"},"inLanguage":"en-US","potentialAction":[{"@type":"ReadAction","target":["https:\/\/www.visit-ulcinj.com\/blog\/2012\/02\/05\/jonida-maliqi-djali-im-gezon-shendet-te-plote\/"]}]},{"@type":"BreadcrumbList","@id":"https:\/\/www.visit-ulcinj.com\/blog\/2012\/02\/05\/jonida-maliqi-djali-im-gezon-shendet-te-plote\/#breadcrumb","itemListElement":[{"@type":"ListItem","position":1,"name":"Jonida Maliqi: Djali im gezon shendet te plote"}]},{"@type":"Person","@id":"https:\/\/www.visit-ulcinj.com\/blog\/#\/schema\/person\/dcab619c614d3038751c63bc2aadc06d","name":"ulqini","sameAs":["http:\/\/www.visit-ulcinj.com"],"url":"https:\/\/www.visit-ulcinj.com\/blog\/author\/admin\/"}]}},"jetpack_featured_media_url":"","jetpack_sharing_enabled":true,"jetpack_shortlink":"https:\/\/wp.me\/pe6lTn-eQI","_links":{"self":[{"href":"https:\/\/www.visit-ulcinj.com\/blog\/wp-json\/wp\/v2\/posts\/57084"}],"collection":[{"href":"https:\/\/www.visit-ulcinj.com\/blog\/wp-json\/wp\/v2\/posts"}],"about":[{"href":"https:\/\/www.visit-ulcinj.com\/blog\/wp-json\/wp\/v2\/types\/post"}],"author":[{"embeddable":true,"href":"https:\/\/www.visit-ulcinj.com\/blog\/wp-json\/wp\/v2\/users\/1"}],"replies":[{"embeddable":true,"href":"https:\/\/www.visit-ulcinj.com\/blog\/wp-json\/wp\/v2\/comments?post=57084"}],"version-history":[{"count":1,"href":"https:\/\/www.visit-ulcinj.com\/blog\/wp-json\/wp\/v2\/posts\/57084\/revisions"}],"predecessor-version":[{"id":57087,"href":"https:\/\/www.visit-ulcinj.com\/blog\/wp-json\/wp\/v2\/posts\/57084\/revisions\/57087"}],"wp:attachment":[{"href":"https:\/\/www.visit-ulcinj.com\/blog\/wp-json\/wp\/v2\/media?parent=57084"}],"wp:term":[{"taxonomy":"category","embeddable":true,"href":"https:\/\/www.visit-ulcinj.com\/blog\/wp-json\/wp\/v2\/categories?post=57084"},{"taxonomy":"post_tag","embeddable":true,"href":"https:\/\/www.visit-ulcinj.com\/blog\/wp-json\/wp\/v2\/tags?post=57084"}],"curies":[{"name":"wp","href":"https:\/\/api.w.org\/{rel}","templated":true}]}}