{"id":57088,"date":"2012-02-06T00:02:11","date_gmt":"2012-02-05T23:02:11","guid":{"rendered":"http:\/\/www.visit-ulcinj.com\/blog\/?p=57088"},"modified":"2012-02-06T00:02:11","modified_gmt":"2012-02-05T23:02:11","slug":"shqiptaret-ne-mal-te-zi-nuk-kane-perkrahjen-e-duhur-te-shtetit-te-tyre-ame","status":"publish","type":"post","link":"https:\/\/www.visit-ulcinj.com\/blog\/2012\/02\/06\/shqiptaret-ne-mal-te-zi-nuk-kane-perkrahjen-e-duhur-te-shtetit-te-tyre-ame\/","title":{"rendered":"Shqiptar\u00ebt n\u00eb Mal t\u00eb Zi nuk kan\u00eb p\u00ebrkrahjen e  duhur t\u00eb shtetit t\u00eb tyre am\u00eb"},"content":{"rendered":"<p><strong><a href=\"http:\/\/www.visit-ulcinj.com\/blog\/wp-content\/uploads\/2012\/02\/Xheladin-Zeneli.jpg\"><img loading=\"lazy\" class=\"alignleft  wp-image-57089\" title=\"Xheladin Zeneli\" src=\"http:\/\/www.visit-ulcinj.com\/blog\/wp-content\/uploads\/2012\/02\/Xheladin-Zeneli.jpg\" alt=\"\" width=\"340\" height=\"440\" \/><\/a>Realizimi i aspiratave t\u00eb nj\u00eb pjese t\u00eb popullit q\u00eb jeton jasht\u00eb<br \/>\ntrungut t\u00eb vet komb\u00ebtar,k\u00ebrkon edhe angazhimin e shtetit am\u00eb!<br \/>\n<\/strong><br \/>\nMe 25 Janar t\u00eb k\u00ebtij viti kryeministri shqiptar z.Sali Berisha vizitoj Malin e Zi, me \u00e7&#8217;rast zhvilloj takime me zyrtar\u00ebt e Podgoric\u00ebs.por gjithashtu ai u takua edhe me p\u00ebrfaq\u00ebsuesit e shqiptar\u00ebve n\u00eb Tuz dhe n\u00eb Ulqin.<\/p>\n<p>Shqiptar\u00ebt n\u00eb Mal t\u00eb Zi,\u00a0prit\u00ebn shum\u00eb nga vizita e kryeministrit Berisha, n\u00eb aspektin e paraqitjes s\u00eb problemeve t\u00eb tyre pran\u00eb autoriteteve malazeze dhe \u00a0shfryt\u00ebzimin e t\u00eb drejt\u00ebs legjitime q\u00eb shteti am\u00eb posedon,n\u00eb k\u00ebte rast Shqip\u00ebria ,lidhur me \u00a0interesimin p\u00ebr t\u00eb drejtat komb\u00ebtare t\u00eb asaj \u00a0pjese t\u00eb popullit t\u00eb vet q\u00eb jetojn\u00eb jasht\u00eb atdheut,respektivisht p\u00ebr t\u00eb drejtat e shqiptar\u00ebve n\u00eb Mal t\u00eb Zi.Pra,\u00a0vizita e kryeministrit shqiptar Malit t\u00eb Zi ishte nj\u00eb \u00a0mund\u00ebsi e ve\u00e7ant\u00eb q\u00eb me k\u00ebte rast t\u00eb shqyrtohet pozita apo statusi i shqiptar\u00ebve n\u00eb Mal t\u00eb Zi, apo m\u00eb kokretisht q\u00eb z Berisha t\u00eb shpreh shqet\u00ebsimet e tija dhe t\u00eb qeveris\u00eb shqiptare p\u00ebr \u00e7\u00ebshtjet e pazgjidhura \u00a0q\u00eb preokupojn\u00eb shqiptar\u00ebt tashm\u00eb nj\u00eb koh\u00eb t\u00eb gjat\u00eb.<br \/>\nMegjithate, \u00a0n\u00eb konferenc\u00ebn e p\u00ebrbashk\u00ebt p\u00ebr shtyp me homologun e tij nga\u00a0Mali\u00a0i Zi, n\u00eb Podgoric\u00eb,pra m\u00eb 25 Janar t\u00eb k\u00ebtij viti,z,Berisha\u00a0\u00a0deklaron : &#8220;Shqip\u00ebria vler\u00ebson progresin e ndjesh\u00ebm dhe real, q\u00eb shqiptar\u00ebt, me t\u00eb drejtat dhe lirit\u00eb e tyre minoritare e njer\u00ebzore, kan\u00eb b\u00ebr\u00eb n\u00eb Mal t\u00eb Zi\u2026\u201d ?!<\/p>\n<p>Nj\u00eb deklarat\u00eb e till\u00eb nuk mund t\u00eb jet\u00eb si rezulltat i painformimit t\u00eb kryeministrit shqiptar p\u00ebr situat\u00ebn e shqiptar\u00ebve n\u00eb Mal t\u00eb Zi sepse\u00a0\u00a0s\u00eb pari, kryeministri shqiptar \u00ebsht\u00eb informuar koh\u00eb pas kohe nga subjektet politike shqiptare dhe nga p\u00ebrfaq\u00ebsuesit e tyre lidhur me \u00e7\u00ebshtjet diskutabile t\u00eb shqiptar\u00ebve dhe s\u00eb dyti, koh\u00ebve t\u00eb fundit \u00ebsht\u00eb shkruar mjaft n\u00eb mjetet e informimit p\u00ebr diskriminimin q\u00eb b\u00ebhet ndaj tyre e sidomos p\u00ebr Ligjin e shum\u00eb p\u00ebrfolur p\u00ebr rendin dhe qet\u00ebsin\u00eb , i cili parasheh ndalimin e p\u00ebrdorimit t\u00eb flamurit dhe simboleve komb\u00ebtare.Dhe jo v\u00ebt\u00ebm ky ligj por dhe shum\u00eb ligje t\u00eb tjera si p.sh. Ligji zgjedhor, Ligji p\u00ebr planin hap\u00ebsinor, Ligji p\u00ebr qeverisjen lokale etj. p\u00ebrmes t\u00eb cil\u00ebve , shqiptar\u00ebt n\u00eb m\u00ebnyr\u00eb institucionale vendos\u00ebn n\u00eb pozit\u00eb t\u00eb disfavorshme n\u00eb krahasim me shumic\u00ebn sllave q\u00eb jeton n\u00eb k\u00ebt\u00eb shtet.<\/p>\n<p>Mirpo, kryeministri Berisha ,n\u00eb takimet e tija me zyrtar\u00ebt e Malit t\u00eb Zi, zgjodhi q\u00eb t\u00eb hesht dhe t\u00eb mos bisedoj\u00eb p\u00ebr temat e \u201cnxehta\u201d apo p\u00ebr \u00e7\u00ebshtjet e v\u00ebrteta q\u00eb preokupojn\u00eb shqiptar\u00ebt n\u00eb shtetin \u201cmik\u201d t\u00eb Berish\u00ebs! Fitohet p\u00ebrshtypja se mu p\u00ebr k\u00ebt\u00eb arsy kryeministri Berisha iu shmanget bisedave q\u00eb kan\u00eb t\u00eb b\u00ebjn\u00eb me avancimin e t\u00eb drejtave t\u00eb shqiptar\u00ebve ,pra vet\u00ebm p\u00ebr\u00a0\u00a0hir\u00a0\u00a0t\u00eb mosprishjes s\u00eb miq\u00ebsis\u00eb q\u00eb\u00a0\u00a0kryeministri shqiptar ka me zyrtar\u00ebt malazez! Berisha n\u00eb takimin e tij n\u00eb Ulqin e quajti Millo Gjakanoviqin \u201c mik i vjet\u00ebr\u201d i tij?!<\/p>\n<p>Millo Gjukanoviq mund t\u00eb jet\u00eb mik i Sali Berish\u00ebs por n\u00eb asnj\u00eb m\u00ebnyr\u00eb nuk mund t\u00eb konsiderohet mik i shqiptar\u00ebve n\u00eb Mal t\u00eb Zi, duke pasur parasysh trajtimin e pabarabart\u00eb dhe diskriminimin q\u00eb ata po p\u00ebrjetojn\u00eb tash m\u00eb shum\u00eb se dy dekada n\u00ebn pushtetin e partis\u00eb q\u00eb Gjukanoviqi drejton.<\/p>\n<p>&nbsp;<\/p>\n<p>Gjat\u00eb k\u00ebsaj vizite, kryeministri Berisha b\u00ebri edhe nj\u00eb gabim tjet\u00ebr. Me rastin e deklaratave t\u00eb tija publike Ai disa her\u00eb i quajti shqiptar\u00ebt\u00a0\u00a0\u201cminoritet\u201d, \u00e7ka \u00ebsht\u00eb nj\u00eb term shum\u00eb i gabuar sepse shqiptar\u00ebt n\u00eb Mal t\u00eb Zi jan\u00eb pjes\u00eb e popullit t\u00eb ndar\u00eb shqiptar dhe autokton n\u00eb trojet e veta st\u00ebrgjyshore. Kurse \u201cminoritet\u201d mund t\u00eb p\u00ebrdoret p\u00ebr malazez\u00ebt apo grek\u00ebt n\u00eb Shqip\u00ebri dhe n\u00eb asnj\u00eb m\u00ebnyr\u00eb p\u00ebr shqiptar\u00ebt n\u00eb Mal t\u00eb Zi dhe krahasimet jan\u00eb t\u00eb papranueshme. Ky \u00ebsht\u00eb nj\u00eb dallim t\u00eb cilin kryeministri shqiptar duhet t\u2019a dinte.<\/p>\n<p>&nbsp;<\/p>\n<p>Pas gjith\u00eb k\u00ebsaj, \u00ebsht\u00eb tep\u00ebr absurd fakti q\u00eb faktori politik shqiptar n\u00eb Mal t\u00eb Zi, n\u00eb vend q\u00eb fokusohet n\u00eb nd\u00ebrgegj\u00ebsimin e \u00e7\u00ebshtjes s\u00eb tyre pran\u00eb instancave nd\u00ebrkomb\u00ebtare, tani ata duhet t\u00eb angazhohen n\u00eb vet\u00ebdij\u00ebsimin e qeveris\u00eb s\u00eb shtetit t\u00eb tyre am\u00eb lidhur me t\u00eb drejtat e tyre legjitime!<\/p>\n<p>&nbsp;<\/p>\n<p>Fatkeq\u00ebsisht,sot p\u00ebr sot ,jo vet\u00ebm shqiptar\u00ebt n\u00ebn Mal t\u00eb Zi, por edhe shqiptar\u00ebt q\u00eb jetojn\u00eb n\u00eb trevat e tjera etnike, \u00a0por jasht\u00eb kufijve shtetror, duke par\u00eb qendrimin e vazhduesh\u00ebm neglizhent t\u00eb Qeveris\u00eb s\u00eb Shqip\u00ebris\u00eb n\u00eb k\u00ebt\u00eb aspekt, mund t\u00eb thuhet se kjo pjes\u00eb e popullit shqiptar , \u00ebsht\u00eb l\u00ebn\u00eb n\u00eb m\u00ebshir\u00ebn e fatit t\u00eb vet dhe nuk po g\u00ebzon p\u00ebrkujdesjen e shtetit t\u00eb vet\u00eb am\u00eb\u00a0,pra at\u00eb lloj\u00eb p\u00ebrkujdesjeje q\u00eb i takon nj\u00eb shteti p\u00ebr v\u00ebllez\u00ebrit e vet t\u00eb nj\u00eb gjaku dhe t\u00eb nj\u00eb gjuhe.<\/p>\n<p>&nbsp;<\/p>\n<p>N\u00ebse nuk ndryshon qasja e tanishme inferiore e Tiran\u00ebs zyrtare n\u00eb aspektin e mbrotjes e t\u00eb drejtave legjitime t\u00eb shqiptar\u00ebve n\u00eb Mal t\u00eb Zi, dhe n\u00ebse kjo qeveri nuk angazhon burimet e veta shtet\u00ebrore,n\u00eb rend t\u00eb par\u00eb, p\u00ebr ruajtjen e identitetit t\u00eb nj\u00eb pjese t\u00eb kombit t\u00eb vet i cili \u00ebsht\u00eb n\u00eb asimilim e sip\u00ebr, ka mund\u00ebsi q\u00eb n\u00eb nj\u00eb t\u00eb ardhme jo t\u00eb larg\u00ebt,kryeministrit shqiptar.t\u2019i nevojitet p\u00ebrkthyes, me rastin e\u00a0\u00a0vizit\u00ebs n\u00eb vendbanimet shqiptare n\u00eb Mal t\u00eb Zi.<\/p>\n<p>&nbsp;<\/p>\n<p><strong>Xheladin Zeneli<\/strong><\/p>\n","protected":false},"excerpt":{"rendered":"<p>Realizimi i aspiratave t\u00eb nj\u00eb pjese t\u00eb popullit q\u00eb jeton jasht\u00eb trungut t\u00eb vet komb\u00ebtar,k\u00ebrkon edhe angazhimin e shtetit am\u00eb! Me 25 Janar t\u00eb k\u00ebtij viti kryeministri shqiptar z.Sali Berisha vizitoj Malin e Zi, me \u00e7&#8217;rast zhvilloj takime me zyrtar\u00ebt e Podgoric\u00ebs.por gjithashtu ai u takua edhe me p\u00ebrfaq\u00ebsuesit e shqiptar\u00ebve n\u00eb Tuz dhe n\u00eb [&hellip;]<\/p>\n","protected":false},"author":1,"featured_media":0,"comment_status":"open","ping_status":"closed","sticky":false,"template":"","format":"standard","meta":{"spay_email":"","jetpack_publicize_message":"","jetpack_is_tweetstorm":false,"jetpack_publicize_feature_enabled":true},"categories":[14249],"tags":[496,11863],"jetpack_publicize_connections":[],"yoast_head":"<!-- This site is optimized with the Yoast SEO plugin v19.1 - https:\/\/yoast.com\/wordpress\/plugins\/seo\/ -->\n<title>Shqiptar\u00ebt n\u00eb Mal t\u00eb Zi nuk kan\u00eb p\u00ebrkrahjen e duhur t\u00eb shtetit t\u00eb tyre am\u00eb - Lajme nga Ulqini<\/title>\n<meta name=\"description\" content=\"Realizimi i aspiratave t\u00eb nj\u00eb pjese t\u00eb popullit q\u00eb jeton jasht\u00eb trungut t\u00eb vet komb\u00ebtar,k\u00ebrkon edhe angazhimin e shtetit am\u00eb! Me 25 Janar t\u00eb k\u00ebtij viti\" \/>\n<meta name=\"robots\" content=\"index, follow, max-snippet:-1, max-image-preview:large, max-video-preview:-1\" \/>\n<link rel=\"canonical\" href=\"https:\/\/www.visit-ulcinj.com\/blog\/2012\/02\/06\/shqiptaret-ne-mal-te-zi-nuk-kane-perkrahjen-e-duhur-te-shtetit-te-tyre-ame\/\" \/>\n<meta property=\"og:locale\" content=\"en_US\" \/>\n<meta property=\"og:type\" content=\"article\" \/>\n<meta property=\"og:title\" content=\"Shqiptar\u00ebt n\u00eb Mal t\u00eb Zi nuk kan\u00eb p\u00ebrkrahjen e duhur t\u00eb shtetit t\u00eb tyre am\u00eb - Lajme nga Ulqini\" \/>\n<meta property=\"og:description\" content=\"Realizimi i aspiratave t\u00eb nj\u00eb pjese t\u00eb popullit q\u00eb jeton jasht\u00eb trungut t\u00eb vet komb\u00ebtar,k\u00ebrkon edhe angazhimin e shtetit am\u00eb! Me 25 Janar t\u00eb k\u00ebtij viti\" \/>\n<meta property=\"og:url\" content=\"https:\/\/www.visit-ulcinj.com\/blog\/2012\/02\/06\/shqiptaret-ne-mal-te-zi-nuk-kane-perkrahjen-e-duhur-te-shtetit-te-tyre-ame\/\" \/>\n<meta property=\"og:site_name\" content=\"Lajme nga Ulqini\" \/>\n<meta property=\"article:published_time\" content=\"2012-02-05T23:02:11+00:00\" \/>\n<meta property=\"og:image\" content=\"http:\/\/www.visit-ulcinj.com\/blog\/wp-content\/uploads\/2012\/02\/Xheladin-Zeneli.jpg\" \/>\n<meta name=\"twitter:label1\" content=\"Written by\" \/>\n\t<meta name=\"twitter:data1\" content=\"ulqini\" \/>\n\t<meta name=\"twitter:label2\" content=\"Est. reading time\" \/>\n\t<meta name=\"twitter:data2\" content=\"5 minutes\" \/>\n<script type=\"application\/ld+json\" class=\"yoast-schema-graph\">{\"@context\":\"https:\/\/schema.org\",\"@graph\":[{\"@type\":\"WebSite\",\"@id\":\"https:\/\/www.visit-ulcinj.com\/blog\/#website\",\"url\":\"https:\/\/www.visit-ulcinj.com\/blog\/\",\"name\":\"Lajme nga Ulqini\",\"description\":\"Lajme,Vijesti,Ulqini,Ulqin,Crna Gora,Mali i Zi\",\"potentialAction\":[{\"@type\":\"SearchAction\",\"target\":{\"@type\":\"EntryPoint\",\"urlTemplate\":\"https:\/\/www.visit-ulcinj.com\/blog\/?s={search_term_string}\"},\"query-input\":\"required name=search_term_string\"}],\"inLanguage\":\"en-US\"},{\"@type\":\"ImageObject\",\"inLanguage\":\"en-US\",\"@id\":\"https:\/\/www.visit-ulcinj.com\/blog\/2012\/02\/06\/shqiptaret-ne-mal-te-zi-nuk-kane-perkrahjen-e-duhur-te-shtetit-te-tyre-ame\/#primaryimage\",\"url\":\"https:\/\/www.visit-ulcinj.com\/blog\/wp-content\/uploads\/2012\/02\/Xheladin-Zeneli.jpg\",\"contentUrl\":\"https:\/\/www.visit-ulcinj.com\/blog\/wp-content\/uploads\/2012\/02\/Xheladin-Zeneli.jpg\",\"width\":\"540\",\"height\":\"720\"},{\"@type\":\"WebPage\",\"@id\":\"https:\/\/www.visit-ulcinj.com\/blog\/2012\/02\/06\/shqiptaret-ne-mal-te-zi-nuk-kane-perkrahjen-e-duhur-te-shtetit-te-tyre-ame\/#webpage\",\"url\":\"https:\/\/www.visit-ulcinj.com\/blog\/2012\/02\/06\/shqiptaret-ne-mal-te-zi-nuk-kane-perkrahjen-e-duhur-te-shtetit-te-tyre-ame\/\",\"name\":\"Shqiptar\u00ebt n\u00eb Mal t\u00eb Zi nuk kan\u00eb p\u00ebrkrahjen e duhur t\u00eb shtetit t\u00eb tyre am\u00eb - Lajme nga Ulqini\",\"isPartOf\":{\"@id\":\"https:\/\/www.visit-ulcinj.com\/blog\/#website\"},\"primaryImageOfPage\":{\"@id\":\"https:\/\/www.visit-ulcinj.com\/blog\/2012\/02\/06\/shqiptaret-ne-mal-te-zi-nuk-kane-perkrahjen-e-duhur-te-shtetit-te-tyre-ame\/#primaryimage\"},\"datePublished\":\"2012-02-05T23:02:11+00:00\",\"dateModified\":\"2012-02-05T23:02:11+00:00\",\"author\":{\"@id\":\"https:\/\/www.visit-ulcinj.com\/blog\/#\/schema\/person\/dcab619c614d3038751c63bc2aadc06d\"},\"description\":\"Realizimi i aspiratave t\u00eb nj\u00eb pjese t\u00eb popullit q\u00eb jeton jasht\u00eb trungut t\u00eb vet komb\u00ebtar,k\u00ebrkon edhe angazhimin e shtetit am\u00eb! Me 25 Janar t\u00eb k\u00ebtij viti\",\"breadcrumb\":{\"@id\":\"https:\/\/www.visit-ulcinj.com\/blog\/2012\/02\/06\/shqiptaret-ne-mal-te-zi-nuk-kane-perkrahjen-e-duhur-te-shtetit-te-tyre-ame\/#breadcrumb\"},\"inLanguage\":\"en-US\",\"potentialAction\":[{\"@type\":\"ReadAction\",\"target\":[\"https:\/\/www.visit-ulcinj.com\/blog\/2012\/02\/06\/shqiptaret-ne-mal-te-zi-nuk-kane-perkrahjen-e-duhur-te-shtetit-te-tyre-ame\/\"]}]},{\"@type\":\"BreadcrumbList\",\"@id\":\"https:\/\/www.visit-ulcinj.com\/blog\/2012\/02\/06\/shqiptaret-ne-mal-te-zi-nuk-kane-perkrahjen-e-duhur-te-shtetit-te-tyre-ame\/#breadcrumb\",\"itemListElement\":[{\"@type\":\"ListItem\",\"position\":1,\"name\":\"Shqiptar\u00ebt n\u00eb Mal t\u00eb Zi nuk kan\u00eb p\u00ebrkrahjen e duhur t\u00eb shtetit t\u00eb tyre am\u00eb\"}]},{\"@type\":\"Person\",\"@id\":\"https:\/\/www.visit-ulcinj.com\/blog\/#\/schema\/person\/dcab619c614d3038751c63bc2aadc06d\",\"name\":\"ulqini\",\"sameAs\":[\"http:\/\/www.visit-ulcinj.com\"],\"url\":\"https:\/\/www.visit-ulcinj.com\/blog\/author\/admin\/\"}]}<\/script>\n<!-- \/ Yoast SEO plugin. -->","yoast_head_json":{"title":"Shqiptar\u00ebt n\u00eb Mal t\u00eb Zi nuk kan\u00eb p\u00ebrkrahjen e duhur t\u00eb shtetit t\u00eb tyre am\u00eb - Lajme nga Ulqini","description":"Realizimi i aspiratave t\u00eb nj\u00eb pjese t\u00eb popullit q\u00eb jeton jasht\u00eb trungut t\u00eb vet komb\u00ebtar,k\u00ebrkon edhe angazhimin e shtetit am\u00eb! Me 25 Janar t\u00eb k\u00ebtij viti","robots":{"index":"index","follow":"follow","max-snippet":"max-snippet:-1","max-image-preview":"max-image-preview:large","max-video-preview":"max-video-preview:-1"},"canonical":"https:\/\/www.visit-ulcinj.com\/blog\/2012\/02\/06\/shqiptaret-ne-mal-te-zi-nuk-kane-perkrahjen-e-duhur-te-shtetit-te-tyre-ame\/","og_locale":"en_US","og_type":"article","og_title":"Shqiptar\u00ebt n\u00eb Mal t\u00eb Zi nuk kan\u00eb p\u00ebrkrahjen e duhur t\u00eb shtetit t\u00eb tyre am\u00eb - Lajme nga Ulqini","og_description":"Realizimi i aspiratave t\u00eb nj\u00eb pjese t\u00eb popullit q\u00eb jeton jasht\u00eb trungut t\u00eb vet komb\u00ebtar,k\u00ebrkon edhe angazhimin e shtetit am\u00eb! Me 25 Janar t\u00eb k\u00ebtij viti","og_url":"https:\/\/www.visit-ulcinj.com\/blog\/2012\/02\/06\/shqiptaret-ne-mal-te-zi-nuk-kane-perkrahjen-e-duhur-te-shtetit-te-tyre-ame\/","og_site_name":"Lajme nga Ulqini","article_published_time":"2012-02-05T23:02:11+00:00","og_image":[{"url":"http:\/\/www.visit-ulcinj.com\/blog\/wp-content\/uploads\/2012\/02\/Xheladin-Zeneli.jpg"}],"twitter_misc":{"Written by":"ulqini","Est. reading time":"5 minutes"},"schema":{"@context":"https:\/\/schema.org","@graph":[{"@type":"WebSite","@id":"https:\/\/www.visit-ulcinj.com\/blog\/#website","url":"https:\/\/www.visit-ulcinj.com\/blog\/","name":"Lajme nga Ulqini","description":"Lajme,Vijesti,Ulqini,Ulqin,Crna Gora,Mali i Zi","potentialAction":[{"@type":"SearchAction","target":{"@type":"EntryPoint","urlTemplate":"https:\/\/www.visit-ulcinj.com\/blog\/?s={search_term_string}"},"query-input":"required name=search_term_string"}],"inLanguage":"en-US"},{"@type":"ImageObject","inLanguage":"en-US","@id":"https:\/\/www.visit-ulcinj.com\/blog\/2012\/02\/06\/shqiptaret-ne-mal-te-zi-nuk-kane-perkrahjen-e-duhur-te-shtetit-te-tyre-ame\/#primaryimage","url":"https:\/\/www.visit-ulcinj.com\/blog\/wp-content\/uploads\/2012\/02\/Xheladin-Zeneli.jpg","contentUrl":"https:\/\/www.visit-ulcinj.com\/blog\/wp-content\/uploads\/2012\/02\/Xheladin-Zeneli.jpg","width":"540","height":"720"},{"@type":"WebPage","@id":"https:\/\/www.visit-ulcinj.com\/blog\/2012\/02\/06\/shqiptaret-ne-mal-te-zi-nuk-kane-perkrahjen-e-duhur-te-shtetit-te-tyre-ame\/#webpage","url":"https:\/\/www.visit-ulcinj.com\/blog\/2012\/02\/06\/shqiptaret-ne-mal-te-zi-nuk-kane-perkrahjen-e-duhur-te-shtetit-te-tyre-ame\/","name":"Shqiptar\u00ebt n\u00eb Mal t\u00eb Zi nuk kan\u00eb p\u00ebrkrahjen e duhur t\u00eb shtetit t\u00eb tyre am\u00eb - Lajme nga Ulqini","isPartOf":{"@id":"https:\/\/www.visit-ulcinj.com\/blog\/#website"},"primaryImageOfPage":{"@id":"https:\/\/www.visit-ulcinj.com\/blog\/2012\/02\/06\/shqiptaret-ne-mal-te-zi-nuk-kane-perkrahjen-e-duhur-te-shtetit-te-tyre-ame\/#primaryimage"},"datePublished":"2012-02-05T23:02:11+00:00","dateModified":"2012-02-05T23:02:11+00:00","author":{"@id":"https:\/\/www.visit-ulcinj.com\/blog\/#\/schema\/person\/dcab619c614d3038751c63bc2aadc06d"},"description":"Realizimi i aspiratave t\u00eb nj\u00eb pjese t\u00eb popullit q\u00eb jeton jasht\u00eb trungut t\u00eb vet komb\u00ebtar,k\u00ebrkon edhe angazhimin e shtetit am\u00eb! Me 25 Janar t\u00eb k\u00ebtij viti","breadcrumb":{"@id":"https:\/\/www.visit-ulcinj.com\/blog\/2012\/02\/06\/shqiptaret-ne-mal-te-zi-nuk-kane-perkrahjen-e-duhur-te-shtetit-te-tyre-ame\/#breadcrumb"},"inLanguage":"en-US","potentialAction":[{"@type":"ReadAction","target":["https:\/\/www.visit-ulcinj.com\/blog\/2012\/02\/06\/shqiptaret-ne-mal-te-zi-nuk-kane-perkrahjen-e-duhur-te-shtetit-te-tyre-ame\/"]}]},{"@type":"BreadcrumbList","@id":"https:\/\/www.visit-ulcinj.com\/blog\/2012\/02\/06\/shqiptaret-ne-mal-te-zi-nuk-kane-perkrahjen-e-duhur-te-shtetit-te-tyre-ame\/#breadcrumb","itemListElement":[{"@type":"ListItem","position":1,"name":"Shqiptar\u00ebt n\u00eb Mal t\u00eb Zi nuk kan\u00eb p\u00ebrkrahjen e duhur t\u00eb shtetit t\u00eb tyre am\u00eb"}]},{"@type":"Person","@id":"https:\/\/www.visit-ulcinj.com\/blog\/#\/schema\/person\/dcab619c614d3038751c63bc2aadc06d","name":"ulqini","sameAs":["http:\/\/www.visit-ulcinj.com"],"url":"https:\/\/www.visit-ulcinj.com\/blog\/author\/admin\/"}]}},"jetpack_featured_media_url":"","jetpack_sharing_enabled":true,"jetpack_shortlink":"https:\/\/wp.me\/pe6lTn-eQM","_links":{"self":[{"href":"https:\/\/www.visit-ulcinj.com\/blog\/wp-json\/wp\/v2\/posts\/57088"}],"collection":[{"href":"https:\/\/www.visit-ulcinj.com\/blog\/wp-json\/wp\/v2\/posts"}],"about":[{"href":"https:\/\/www.visit-ulcinj.com\/blog\/wp-json\/wp\/v2\/types\/post"}],"author":[{"embeddable":true,"href":"https:\/\/www.visit-ulcinj.com\/blog\/wp-json\/wp\/v2\/users\/1"}],"replies":[{"embeddable":true,"href":"https:\/\/www.visit-ulcinj.com\/blog\/wp-json\/wp\/v2\/comments?post=57088"}],"version-history":[{"count":1,"href":"https:\/\/www.visit-ulcinj.com\/blog\/wp-json\/wp\/v2\/posts\/57088\/revisions"}],"predecessor-version":[{"id":57090,"href":"https:\/\/www.visit-ulcinj.com\/blog\/wp-json\/wp\/v2\/posts\/57088\/revisions\/57090"}],"wp:attachment":[{"href":"https:\/\/www.visit-ulcinj.com\/blog\/wp-json\/wp\/v2\/media?parent=57088"}],"wp:term":[{"taxonomy":"category","embeddable":true,"href":"https:\/\/www.visit-ulcinj.com\/blog\/wp-json\/wp\/v2\/categories?post=57088"},{"taxonomy":"post_tag","embeddable":true,"href":"https:\/\/www.visit-ulcinj.com\/blog\/wp-json\/wp\/v2\/tags?post=57088"}],"curies":[{"name":"wp","href":"https:\/\/api.w.org\/{rel}","templated":true}]}}