{"id":57097,"date":"2012-02-06T15:35:10","date_gmt":"2012-02-06T14:35:10","guid":{"rendered":"http:\/\/www.visit-ulcinj.com\/blog\/?p=57097"},"modified":"2012-02-06T17:43:10","modified_gmt":"2012-02-06T16:43:10","slug":"ererat-e-forta-perfshijne-ulqinin-meteo-live","status":"publish","type":"post","link":"https:\/\/www.visit-ulcinj.com\/blog\/2012\/02\/06\/ererat-e-forta-perfshijne-ulqinin-meteo-live\/","title":{"rendered":"Er\u00ebrat e forta p\u00ebrfshijn\u00eb Ulqinin &#8211; Meteo Live"},"content":{"rendered":"<p><a href=\"http:\/\/www.visit-ulcinj.com\/blog\/wp-content\/uploads\/2012\/02\/TYPHOON_NE-ULQIN.jpg\"><img loading=\"lazy\" class=\"alignleft  wp-image-57098\" title=\"TYPHOON_NE ULQIN\" src=\"http:\/\/www.visit-ulcinj.com\/blog\/wp-content\/uploads\/2012\/02\/TYPHOON_NE-ULQIN.jpg\" alt=\"\" width=\"508\" height=\"300\" \/><\/a>Enti hidrometeorologjik i Malit t\u00eb Zi ka l\u00ebshuar nj\u00eb kumtes\u00eb ku thuhet se Komun\u00ebn e Ulqinit, n\u00eb or\u00ebt e pas dit\u00ebs dhe gjat\u00eb nat\u00ebs do t\u00eb p\u00ebrfshihet nga era e fort\u00eb, her\u00eb pas her\u00eb e stuhishme.<\/p>\n<p>P\u00ebr shkak t\u00eb kushteve t\u00eb k\u00ebqija t\u00eb motit, \u00ebsht\u00eb e domosdoshme q\u00eb qytetar\u00ebt dhe personat juridik\u00eb, n\u00eb harmoni me mund\u00ebsit\u00eb e veta t\u00eb nd\u00ebrmarrin t\u00eb gjitha masat p\u00ebr parandalimin e pasojave t\u00eb d\u00ebmshme.<\/p>\n<p>Pasi q\u00eb pritet edhe m\u00eb tej r\u00ebnie e temperaturave dhe er\u00eb e fort\u00eb, luten qytetar\u00ebt q\u00eb p\u00ebr shkak t\u00eb siguris\u00eb s\u00eb tyre t\u00eb zvog\u00eblojn\u00eb l\u00ebvizjet me automjete dhe mjete t\u00eb tjera t\u00eb komunikacionit.<\/p>\n<p>Ndermarrja komunale tashm\u00eb i ka nd\u00ebrmarr\u00eb t\u00eb gjitha masat p\u00ebr pastrimin e akullit dhe hedhjen e krip\u00ebs n\u00ebp\u00ebr rrug\u00eb.<\/p>\n<p>Kryetari,<\/p>\n<p>Nazif Cungu<\/p>\n<p>N\u00eb rast t\u00eb nevoj\u00ebs qytetar\u00ebt mund t\u00eb lajm\u00ebrohen n\u00eb k\u00ebto numra t\u00eb telefonit:<\/p>\n<p>Ndermarrja Komunale &#8211; <strong>425 003<\/strong><br \/>\nSh\u00ebrbimi i mbrojtjes: <strong>123 dhe 412 \u2013 490<\/strong><br \/>\n<strong><br \/>\nJu lutemi Shperndaje Lajmin<\/strong><br \/>\n<a href=\"http:\/\/oiswww.eumetsat.org\/IPPS\/html\/MSG\/IMAGERY\/IR039\/BW\/EASTERNEUROPE\/index.htm\" target=\"_blank\"><br \/>\n<img loading=\"lazy\" class=\"alignleft\" src=\"http:\/\/vrijeme.hr\/irc-anim.gif\" alt=\"\" width=\"508\" height=\"380\" \/><\/a><br \/>\n<a href=\"http:\/\/www.meteox.fr\/forecastloop.aspx?type=2&amp;continent=europa\" target=\"_blank\"><img loading=\"lazy\" class=\"alignleft size-full wp-image-57110\" title=\"Ulcinj_Ulqin Montenegro_winds_tomorrow\" src=\"http:\/\/www.visit-ulcinj.com\/blog\/wp-content\/uploads\/2012\/02\/Ulcinj_Ulqin-Montenegro_winds_tomorrow.gif\" alt=\"\" width=\"509\" height=\"300\" \/><\/a><br \/>\n<strong>Meteogram<\/strong><br \/>\n<strong>KLIKO NE HARTE METEO<\/strong><br \/>\n<a href=\"http:\/\/www.meteox.fr\/forecastloop.aspx?type=2&amp;continent=europa\" target=\"_blank\"><img loading=\"lazy\" class=\"alignleft  wp-image-57112\" title=\"Ulcinj_Ulqin Montenegro_winds_tomorrow.gif.1\" src=\"http:\/\/www.visit-ulcinj.com\/blog\/wp-content\/uploads\/2012\/02\/Ulcinj_Ulqin-Montenegro_winds_tomorrow.gif.1.gif\" alt=\"\" width=\"508\" height=\"620\" \/><\/a><br \/>\n<img loading=\"lazy\" class=\"alignleft\" src=\"http:\/\/www.meteo.co.me\/An\/meteogrami\/ULCINJ.png\" alt=\"\" width=\"508\" height=\"620\" \/><\/p>\n","protected":false},"excerpt":{"rendered":"<p>Enti hidrometeorologjik i Malit t\u00eb Zi ka l\u00ebshuar nj\u00eb kumtes\u00eb ku thuhet se Komun\u00ebn e Ulqinit, n\u00eb or\u00ebt e pas dit\u00ebs dhe gjat\u00eb nat\u00ebs do t\u00eb p\u00ebrfshihet nga era e fort\u00eb, her\u00eb pas her\u00eb e stuhishme. P\u00ebr shkak t\u00eb kushteve t\u00eb k\u00ebqija t\u00eb motit, \u00ebsht\u00eb e domosdoshme q\u00eb qytetar\u00ebt dhe personat juridik\u00eb, n\u00eb harmoni me [&hellip;]<\/p>\n","protected":false},"author":1,"featured_media":0,"comment_status":"open","ping_status":"closed","sticky":false,"template":"","format":"standard","meta":{"spay_email":"","jetpack_publicize_message":"","jetpack_is_tweetstorm":false,"jetpack_publicize_feature_enabled":true},"categories":[1],"tags":[20018,95,20017,20019,200,18],"jetpack_publicize_connections":[],"yoast_head":"<!-- This site is optimized with the Yoast SEO plugin v19.1 - https:\/\/yoast.com\/wordpress\/plugins\/seo\/ -->\n<title>Er\u00ebrat e forta p\u00ebrfshijn\u00eb Ulqinin - Meteo Live - Lajme nga Ulqini<\/title>\n<meta name=\"description\" content=\"Enti hidrometeorologjik i Malit t\u00eb Zi ka l\u00ebshuar nj\u00eb kumtes\u00eb ku thuhet se Komun\u00ebn e Ulqinit, n\u00eb or\u00ebt e pas dit\u00ebs dhe gjat\u00eb nat\u00ebs do t\u00eb p\u00ebrfshihet nga era\" \/>\n<meta name=\"robots\" content=\"index, follow, max-snippet:-1, max-image-preview:large, max-video-preview:-1\" \/>\n<link rel=\"canonical\" href=\"https:\/\/www.visit-ulcinj.com\/blog\/2012\/02\/06\/ererat-e-forta-perfshijne-ulqinin-meteo-live\/\" \/>\n<meta property=\"og:locale\" content=\"en_US\" \/>\n<meta property=\"og:type\" content=\"article\" \/>\n<meta property=\"og:title\" content=\"Er\u00ebrat e forta p\u00ebrfshijn\u00eb Ulqinin - Meteo Live - Lajme nga Ulqini\" \/>\n<meta property=\"og:description\" content=\"Enti hidrometeorologjik i Malit t\u00eb Zi ka l\u00ebshuar nj\u00eb kumtes\u00eb ku thuhet se Komun\u00ebn e Ulqinit, n\u00eb or\u00ebt e pas dit\u00ebs dhe gjat\u00eb nat\u00ebs do t\u00eb p\u00ebrfshihet nga era\" \/>\n<meta property=\"og:url\" content=\"https:\/\/www.visit-ulcinj.com\/blog\/2012\/02\/06\/ererat-e-forta-perfshijne-ulqinin-meteo-live\/\" \/>\n<meta property=\"og:site_name\" content=\"Lajme nga Ulqini\" \/>\n<meta property=\"article:published_time\" content=\"2012-02-06T14:35:10+00:00\" \/>\n<meta property=\"article:modified_time\" content=\"2012-02-06T16:43:10+00:00\" \/>\n<meta property=\"og:image\" content=\"http:\/\/www.visit-ulcinj.com\/blog\/wp-content\/uploads\/2012\/02\/TYPHOON_NE-ULQIN.jpg\" \/>\n<meta name=\"twitter:label1\" content=\"Written by\" \/>\n\t<meta name=\"twitter:data1\" content=\"ulqini\" \/>\n\t<meta name=\"twitter:label2\" content=\"Est. reading time\" \/>\n\t<meta name=\"twitter:data2\" content=\"1 minute\" \/>\n<script type=\"application\/ld+json\" class=\"yoast-schema-graph\">{\"@context\":\"https:\/\/schema.org\",\"@graph\":[{\"@type\":\"WebSite\",\"@id\":\"https:\/\/www.visit-ulcinj.com\/blog\/#website\",\"url\":\"https:\/\/www.visit-ulcinj.com\/blog\/\",\"name\":\"Lajme nga Ulqini\",\"description\":\"Lajme,Vijesti,Ulqini,Ulqin,Crna Gora,Mali i Zi\",\"potentialAction\":[{\"@type\":\"SearchAction\",\"target\":{\"@type\":\"EntryPoint\",\"urlTemplate\":\"https:\/\/www.visit-ulcinj.com\/blog\/?s={search_term_string}\"},\"query-input\":\"required name=search_term_string\"}],\"inLanguage\":\"en-US\"},{\"@type\":\"ImageObject\",\"inLanguage\":\"en-US\",\"@id\":\"https:\/\/www.visit-ulcinj.com\/blog\/2012\/02\/06\/ererat-e-forta-perfshijne-ulqinin-meteo-live\/#primaryimage\",\"url\":\"http:\/\/www.visit-ulcinj.com\/blog\/wp-content\/uploads\/2012\/02\/TYPHOON_NE-ULQIN.jpg\",\"contentUrl\":\"http:\/\/www.visit-ulcinj.com\/blog\/wp-content\/uploads\/2012\/02\/TYPHOON_NE-ULQIN.jpg\"},{\"@type\":\"WebPage\",\"@id\":\"https:\/\/www.visit-ulcinj.com\/blog\/2012\/02\/06\/ererat-e-forta-perfshijne-ulqinin-meteo-live\/#webpage\",\"url\":\"https:\/\/www.visit-ulcinj.com\/blog\/2012\/02\/06\/ererat-e-forta-perfshijne-ulqinin-meteo-live\/\",\"name\":\"Er\u00ebrat e forta p\u00ebrfshijn\u00eb Ulqinin - Meteo Live - Lajme nga Ulqini\",\"isPartOf\":{\"@id\":\"https:\/\/www.visit-ulcinj.com\/blog\/#website\"},\"primaryImageOfPage\":{\"@id\":\"https:\/\/www.visit-ulcinj.com\/blog\/2012\/02\/06\/ererat-e-forta-perfshijne-ulqinin-meteo-live\/#primaryimage\"},\"datePublished\":\"2012-02-06T14:35:10+00:00\",\"dateModified\":\"2012-02-06T16:43:10+00:00\",\"author\":{\"@id\":\"https:\/\/www.visit-ulcinj.com\/blog\/#\/schema\/person\/dcab619c614d3038751c63bc2aadc06d\"},\"description\":\"Enti hidrometeorologjik i Malit t\u00eb Zi ka l\u00ebshuar nj\u00eb kumtes\u00eb ku thuhet se Komun\u00ebn e Ulqinit, n\u00eb or\u00ebt e pas dit\u00ebs dhe gjat\u00eb nat\u00ebs do t\u00eb p\u00ebrfshihet nga era\",\"breadcrumb\":{\"@id\":\"https:\/\/www.visit-ulcinj.com\/blog\/2012\/02\/06\/ererat-e-forta-perfshijne-ulqinin-meteo-live\/#breadcrumb\"},\"inLanguage\":\"en-US\",\"potentialAction\":[{\"@type\":\"ReadAction\",\"target\":[\"https:\/\/www.visit-ulcinj.com\/blog\/2012\/02\/06\/ererat-e-forta-perfshijne-ulqinin-meteo-live\/\"]}]},{\"@type\":\"BreadcrumbList\",\"@id\":\"https:\/\/www.visit-ulcinj.com\/blog\/2012\/02\/06\/ererat-e-forta-perfshijne-ulqinin-meteo-live\/#breadcrumb\",\"itemListElement\":[{\"@type\":\"ListItem\",\"position\":1,\"name\":\"Er\u00ebrat e forta p\u00ebrfshijn\u00eb Ulqinin &#8211; Meteo Live\"}]},{\"@type\":\"Person\",\"@id\":\"https:\/\/www.visit-ulcinj.com\/blog\/#\/schema\/person\/dcab619c614d3038751c63bc2aadc06d\",\"name\":\"ulqini\",\"sameAs\":[\"http:\/\/www.visit-ulcinj.com\"],\"url\":\"https:\/\/www.visit-ulcinj.com\/blog\/author\/admin\/\"}]}<\/script>\n<!-- \/ Yoast SEO plugin. -->","yoast_head_json":{"title":"Er\u00ebrat e forta p\u00ebrfshijn\u00eb Ulqinin - Meteo Live - Lajme nga Ulqini","description":"Enti hidrometeorologjik i Malit t\u00eb Zi ka l\u00ebshuar nj\u00eb kumtes\u00eb ku thuhet se Komun\u00ebn e Ulqinit, n\u00eb or\u00ebt e pas dit\u00ebs dhe gjat\u00eb nat\u00ebs do t\u00eb p\u00ebrfshihet nga era","robots":{"index":"index","follow":"follow","max-snippet":"max-snippet:-1","max-image-preview":"max-image-preview:large","max-video-preview":"max-video-preview:-1"},"canonical":"https:\/\/www.visit-ulcinj.com\/blog\/2012\/02\/06\/ererat-e-forta-perfshijne-ulqinin-meteo-live\/","og_locale":"en_US","og_type":"article","og_title":"Er\u00ebrat e forta p\u00ebrfshijn\u00eb Ulqinin - Meteo Live - Lajme nga Ulqini","og_description":"Enti hidrometeorologjik i Malit t\u00eb Zi ka l\u00ebshuar nj\u00eb kumtes\u00eb ku thuhet se Komun\u00ebn e Ulqinit, n\u00eb or\u00ebt e pas dit\u00ebs dhe gjat\u00eb nat\u00ebs do t\u00eb p\u00ebrfshihet nga era","og_url":"https:\/\/www.visit-ulcinj.com\/blog\/2012\/02\/06\/ererat-e-forta-perfshijne-ulqinin-meteo-live\/","og_site_name":"Lajme nga Ulqini","article_published_time":"2012-02-06T14:35:10+00:00","article_modified_time":"2012-02-06T16:43:10+00:00","og_image":[{"url":"http:\/\/www.visit-ulcinj.com\/blog\/wp-content\/uploads\/2012\/02\/TYPHOON_NE-ULQIN.jpg"}],"twitter_misc":{"Written by":"ulqini","Est. reading time":"1 minute"},"schema":{"@context":"https:\/\/schema.org","@graph":[{"@type":"WebSite","@id":"https:\/\/www.visit-ulcinj.com\/blog\/#website","url":"https:\/\/www.visit-ulcinj.com\/blog\/","name":"Lajme nga Ulqini","description":"Lajme,Vijesti,Ulqini,Ulqin,Crna Gora,Mali i Zi","potentialAction":[{"@type":"SearchAction","target":{"@type":"EntryPoint","urlTemplate":"https:\/\/www.visit-ulcinj.com\/blog\/?s={search_term_string}"},"query-input":"required name=search_term_string"}],"inLanguage":"en-US"},{"@type":"ImageObject","inLanguage":"en-US","@id":"https:\/\/www.visit-ulcinj.com\/blog\/2012\/02\/06\/ererat-e-forta-perfshijne-ulqinin-meteo-live\/#primaryimage","url":"http:\/\/www.visit-ulcinj.com\/blog\/wp-content\/uploads\/2012\/02\/TYPHOON_NE-ULQIN.jpg","contentUrl":"http:\/\/www.visit-ulcinj.com\/blog\/wp-content\/uploads\/2012\/02\/TYPHOON_NE-ULQIN.jpg"},{"@type":"WebPage","@id":"https:\/\/www.visit-ulcinj.com\/blog\/2012\/02\/06\/ererat-e-forta-perfshijne-ulqinin-meteo-live\/#webpage","url":"https:\/\/www.visit-ulcinj.com\/blog\/2012\/02\/06\/ererat-e-forta-perfshijne-ulqinin-meteo-live\/","name":"Er\u00ebrat e forta p\u00ebrfshijn\u00eb Ulqinin - Meteo Live - Lajme nga Ulqini","isPartOf":{"@id":"https:\/\/www.visit-ulcinj.com\/blog\/#website"},"primaryImageOfPage":{"@id":"https:\/\/www.visit-ulcinj.com\/blog\/2012\/02\/06\/ererat-e-forta-perfshijne-ulqinin-meteo-live\/#primaryimage"},"datePublished":"2012-02-06T14:35:10+00:00","dateModified":"2012-02-06T16:43:10+00:00","author":{"@id":"https:\/\/www.visit-ulcinj.com\/blog\/#\/schema\/person\/dcab619c614d3038751c63bc2aadc06d"},"description":"Enti hidrometeorologjik i Malit t\u00eb Zi ka l\u00ebshuar nj\u00eb kumtes\u00eb ku thuhet se Komun\u00ebn e Ulqinit, n\u00eb or\u00ebt e pas dit\u00ebs dhe gjat\u00eb nat\u00ebs do t\u00eb p\u00ebrfshihet nga era","breadcrumb":{"@id":"https:\/\/www.visit-ulcinj.com\/blog\/2012\/02\/06\/ererat-e-forta-perfshijne-ulqinin-meteo-live\/#breadcrumb"},"inLanguage":"en-US","potentialAction":[{"@type":"ReadAction","target":["https:\/\/www.visit-ulcinj.com\/blog\/2012\/02\/06\/ererat-e-forta-perfshijne-ulqinin-meteo-live\/"]}]},{"@type":"BreadcrumbList","@id":"https:\/\/www.visit-ulcinj.com\/blog\/2012\/02\/06\/ererat-e-forta-perfshijne-ulqinin-meteo-live\/#breadcrumb","itemListElement":[{"@type":"ListItem","position":1,"name":"Er\u00ebrat e forta p\u00ebrfshijn\u00eb Ulqinin &#8211; Meteo Live"}]},{"@type":"Person","@id":"https:\/\/www.visit-ulcinj.com\/blog\/#\/schema\/person\/dcab619c614d3038751c63bc2aadc06d","name":"ulqini","sameAs":["http:\/\/www.visit-ulcinj.com"],"url":"https:\/\/www.visit-ulcinj.com\/blog\/author\/admin\/"}]}},"jetpack_featured_media_url":"","jetpack_sharing_enabled":true,"jetpack_shortlink":"https:\/\/wp.me\/pe6lTn-eQV","_links":{"self":[{"href":"https:\/\/www.visit-ulcinj.com\/blog\/wp-json\/wp\/v2\/posts\/57097"}],"collection":[{"href":"https:\/\/www.visit-ulcinj.com\/blog\/wp-json\/wp\/v2\/posts"}],"about":[{"href":"https:\/\/www.visit-ulcinj.com\/blog\/wp-json\/wp\/v2\/types\/post"}],"author":[{"embeddable":true,"href":"https:\/\/www.visit-ulcinj.com\/blog\/wp-json\/wp\/v2\/users\/1"}],"replies":[{"embeddable":true,"href":"https:\/\/www.visit-ulcinj.com\/blog\/wp-json\/wp\/v2\/comments?post=57097"}],"version-history":[{"count":12,"href":"https:\/\/www.visit-ulcinj.com\/blog\/wp-json\/wp\/v2\/posts\/57097\/revisions"}],"predecessor-version":[{"id":57114,"href":"https:\/\/www.visit-ulcinj.com\/blog\/wp-json\/wp\/v2\/posts\/57097\/revisions\/57114"}],"wp:attachment":[{"href":"https:\/\/www.visit-ulcinj.com\/blog\/wp-json\/wp\/v2\/media?parent=57097"}],"wp:term":[{"taxonomy":"category","embeddable":true,"href":"https:\/\/www.visit-ulcinj.com\/blog\/wp-json\/wp\/v2\/categories?post=57097"},{"taxonomy":"post_tag","embeddable":true,"href":"https:\/\/www.visit-ulcinj.com\/blog\/wp-json\/wp\/v2\/tags?post=57097"}],"curies":[{"name":"wp","href":"https:\/\/api.w.org\/{rel}","templated":true}]}}