{"id":5711,"date":"2008-11-09T04:18:21","date_gmt":"2008-11-09T09:18:21","guid":{"rendered":"http:\/\/www.visit-ulcinj.com\/blog\/?p=5711"},"modified":"2008-11-09T04:18:21","modified_gmt":"2008-11-09T09:18:21","slug":"juna-e-big-brother-rikthehet-tek-i-dashuri-arbri","status":"publish","type":"post","link":"https:\/\/www.visit-ulcinj.com\/blog\/2008\/11\/09\/juna-e-big-brother-rikthehet-tek-i-dashuri-arbri\/","title":{"rendered":"Juna e Big Brother rikthehet tek i dashuri, Arbri"},"content":{"rendered":"<p><a href=\"http:\/\/www.visit-ulcinj.com\/blog\/wp-content\/uploads\/2008\/11\/juna-e-big-brother_arber-gjoka.jpg\"><img loading=\"lazy\" class=\"alignleft size-medium wp-image-5712\" title=\"juna-e-big-brother_arber-gjoka\" src=\"http:\/\/www.visit-ulcinj.com\/blog\/wp-content\/uploads\/2008\/11\/juna-e-big-brother_arber-gjoka-300x173.jpg\" alt=\"\" width=\"300\" height=\"173\" srcset=\"https:\/\/www.visit-ulcinj.com\/blog\/wp-content\/uploads\/2008\/11\/juna-e-big-brother_arber-gjoka-300x173.jpg 300w, https:\/\/www.visit-ulcinj.com\/blog\/wp-content\/uploads\/2008\/11\/juna-e-big-brother_arber-gjoka.jpg 600w\" sizes=\"(max-width: 300px) 100vw, 300px\" \/><\/a>Personazhet e \u201cBig Brother\u201d fituan shum\u00eb duke marr\u00eb pjes\u00eb n\u00eb k\u00ebt\u00eb program super t\u00eb ndjekur. Ata u b\u00ebn\u00eb t\u00eb famsh\u00ebm dhe t\u00eb p\u00eblqyer nga t\u00eb gjith\u00eb, por si \u00e7do e mir\u00eb q\u00eb e ka nj\u00eb t\u00eb keqe mbrapa, lidhjet e tyre t\u00eb dashuris\u00eb u trondit\u00ebn keq. Mjafton t\u00eb kujtojm\u00eb ndarjet e bujshme t\u00eb k\u00ebtyre personazheve\u201d: Olsit me Lusin, Polit me ish t\u00eb dashur\u00ebn, Visit me ish t\u00eb dashur\u00ebn, por edhe Jun\u00ebs me t\u00eb dashurin.<\/p>\n<p>Nd\u00ebrkoh\u00eb p\u00ebr k\u00ebt\u00eb t\u00eb fundit nuk \u00ebsht\u00eb folur aq shum\u00eb. Dihej q\u00eb Juna kishte patur nj\u00eb lidhje e cila njeh fillimet e saj gati dy vite m\u00eb par\u00eb, pik\u00ebrisht at\u00ebher\u00eb kur vajz\u00ebs simpatike bionde i duhej nj\u00eb k\u00ebng\u00eb p\u00ebr tu paraqitur tek \u201cTop Fest \u201c. Dhe dikush i sugjeroi si kompozitor Arb\u00ebr Gjok\u00ebn, djalin 23 vje\u00e7ar i cili k\u00ebndon me grupin \u201cAlb Magji\u201d por edhe b\u00ebn vet\u00eb k\u00ebng\u00eb. Pik\u00ebrisht k\u00ebshtu ka filluar lidhja e Jun\u00ebs me djalin nga Lezha. Kur doli nga sht\u00ebpia e \u201cBig Brother\u201d Jun\u00ebn e prisnin t\u00eb gjith\u00eb t\u00eb af\u00ebrmit dhe miqt\u00eb e saj, p\u00ebrve\u00e7 Arbrit i cili kishte vendosur t\u00eb mos sakrifikonte imazhin e tij thjesht p\u00ebr t\u00eb b\u00ebr\u00eb show.<\/p>\n<p>Hamendjet ishin nga m\u00eb t\u00eb ndryshmet por teza q\u00eb behej m\u00eb leht\u00eb e besueshme, ishte se i dashuri i Jun\u00ebs mund t\u00eb ishte b\u00ebr\u00eb xheloz nga miq\u00ebsia speciale q\u00eb Olsi krijoi me Jun\u00ebn brenda sht\u00ebpis\u00eb. M\u00eb pas nuk m\u00ebsuam m\u00eb asgj\u00eb. Por ja ku vjen lajmi q\u00eb Juna \u00ebsht\u00eb ribashkuar me t\u00eb dashurin e saj, madje Juna tregon se ajo dhe Arbri nuk jan\u00eb ndar\u00eb asnj\u00ebher\u00eb shpirt\u00ebrisht pavar\u00ebsisht problemeve t\u00eb vogla q\u00eb u krijuan pas daljes s\u00eb saj nga sht\u00ebpia.<\/p>\n<p>Madje dy t\u00eb rinjt\u00eb sot jan\u00eb m\u00eb t\u00eb dashuruar se kurr\u00eb m\u00eb par\u00eb dhe duket se kjo tronditje e vog\u00ebl apo edhe pak koh\u00eb larg\u00ebsi, i ka b\u00ebr\u00eb t\u00eb kuptojn\u00eb se sa t\u00eb r\u00ebnd\u00ebsish\u00ebm jan\u00eb p\u00ebr nj\u00ebri tjetrin dhe sa t\u00eb paz\u00ebvend\u00ebsuesh\u00ebm gjithashtu. As interesimi i madh i meshkujve p\u00ebr Jun\u00ebn e bukur e cila tani \u00ebsht\u00eb edhe e famshme, nuk e ka tunduar aspak at\u00eb. Tani ajo vazhdon studimet n\u00eb Universiteitn e Kamz\u00ebs p\u00ebr Financ\u00eb nd\u00ebrkoh\u00eb q\u00eb punon tek \u201cChardoney\u201d, lokal tek blloku ku m\u00ebson t\u00eb gjith\u00eb klient\u00ebt t\u00eb k\u00ebndojn\u00eb karaoke. Nd\u00ebrsa i dashuri i saj studion n\u00eb Universitetin \u201cKristal\u201d. Juna mendon se programi \u201cBig Brother\u201d i ka sh\u00ebrbyer p\u00ebr t\u00eb rritur popullaritetin e saj si k\u00ebng\u00ebtare, pasi ajo e ka dob\u00ebsi k\u00ebng\u00ebn. S\u00eb shpjeti tek \u201cTop Fest\u201d ajo do t\u00eb paraqitet me nj\u00eb k\u00ebng\u00eb t\u00eb re, mbase t\u00eb kompozuar nga i dashuri i saj.<\/p>\n<p><strong>PanoramaPlus<\/strong><\/p>\n","protected":false},"excerpt":{"rendered":"<p>Personazhet e \u201cBig Brother\u201d fituan shum\u00eb duke marr\u00eb pjes\u00eb n\u00eb k\u00ebt\u00eb program super t\u00eb ndjekur. Ata u b\u00ebn\u00eb t\u00eb famsh\u00ebm dhe t\u00eb p\u00eblqyer nga t\u00eb gjith\u00eb, por si \u00e7do e mir\u00eb q\u00eb e ka nj\u00eb t\u00eb keqe mbrapa, lidhjet e tyre t\u00eb dashuris\u00eb u trondit\u00ebn keq. Mjafton t\u00eb kujtojm\u00eb ndarjet e bujshme t\u00eb k\u00ebtyre personazheve\u201d: [&hellip;]<\/p>\n","protected":false},"author":1,"featured_media":0,"comment_status":"open","ping_status":"closed","sticky":false,"template":"","format":"standard","meta":{"spay_email":"","jetpack_publicize_message":"","jetpack_is_tweetstorm":false,"jetpack_publicize_feature_enabled":true},"categories":[1],"tags":[4978,1442],"jetpack_publicize_connections":[],"yoast_head":"<!-- This site is optimized with the Yoast SEO plugin v19.1 - https:\/\/yoast.com\/wordpress\/plugins\/seo\/ -->\n<title>Juna e Big Brother rikthehet tek i dashuri, Arbri - Lajme nga Ulqini<\/title>\n<meta name=\"description\" content=\"Personazhet e \u201cBig Brother\u201d fituan shum\u00eb duke marr\u00eb pjes\u00eb n\u00eb k\u00ebt\u00eb program super t\u00eb ndjekur. Ata u b\u00ebn\u00eb t\u00eb famsh\u00ebm dhe t\u00eb p\u00eblqyer nga t\u00eb gjith\u00eb, por si \u00e7do\" \/>\n<meta name=\"robots\" content=\"index, follow, max-snippet:-1, max-image-preview:large, max-video-preview:-1\" \/>\n<link rel=\"canonical\" href=\"https:\/\/www.visit-ulcinj.com\/blog\/2008\/11\/09\/juna-e-big-brother-rikthehet-tek-i-dashuri-arbri\/\" \/>\n<meta property=\"og:locale\" content=\"en_US\" \/>\n<meta property=\"og:type\" content=\"article\" \/>\n<meta property=\"og:title\" content=\"Juna e Big Brother rikthehet tek i dashuri, Arbri - Lajme nga Ulqini\" \/>\n<meta property=\"og:description\" content=\"Personazhet e \u201cBig Brother\u201d fituan shum\u00eb duke marr\u00eb pjes\u00eb n\u00eb k\u00ebt\u00eb program super t\u00eb ndjekur. Ata u b\u00ebn\u00eb t\u00eb famsh\u00ebm dhe t\u00eb p\u00eblqyer nga t\u00eb gjith\u00eb, por si \u00e7do\" \/>\n<meta property=\"og:url\" content=\"https:\/\/www.visit-ulcinj.com\/blog\/2008\/11\/09\/juna-e-big-brother-rikthehet-tek-i-dashuri-arbri\/\" \/>\n<meta property=\"og:site_name\" content=\"Lajme nga Ulqini\" \/>\n<meta property=\"article:published_time\" content=\"2008-11-09T09:18:21+00:00\" \/>\n<meta property=\"og:image\" content=\"http:\/\/www.visit-ulcinj.com\/blog\/wp-content\/uploads\/2008\/11\/juna-e-big-brother_arber-gjoka-300x173.jpg\" \/>\n<meta name=\"twitter:label1\" content=\"Written by\" \/>\n\t<meta name=\"twitter:data1\" content=\"ulqini\" \/>\n\t<meta name=\"twitter:label2\" content=\"Est. reading time\" \/>\n\t<meta name=\"twitter:data2\" content=\"2 minutes\" \/>\n<script type=\"application\/ld+json\" class=\"yoast-schema-graph\">{\"@context\":\"https:\/\/schema.org\",\"@graph\":[{\"@type\":\"WebSite\",\"@id\":\"https:\/\/www.visit-ulcinj.com\/blog\/#website\",\"url\":\"https:\/\/www.visit-ulcinj.com\/blog\/\",\"name\":\"Lajme nga Ulqini\",\"description\":\"Lajme,Vijesti,Ulqini,Ulqin,Crna Gora,Mali i Zi\",\"potentialAction\":[{\"@type\":\"SearchAction\",\"target\":{\"@type\":\"EntryPoint\",\"urlTemplate\":\"https:\/\/www.visit-ulcinj.com\/blog\/?s={search_term_string}\"},\"query-input\":\"required name=search_term_string\"}],\"inLanguage\":\"en-US\"},{\"@type\":\"ImageObject\",\"inLanguage\":\"en-US\",\"@id\":\"https:\/\/www.visit-ulcinj.com\/blog\/2008\/11\/09\/juna-e-big-brother-rikthehet-tek-i-dashuri-arbri\/#primaryimage\",\"url\":\"http:\/\/www.visit-ulcinj.com\/blog\/wp-content\/uploads\/2008\/11\/juna-e-big-brother_arber-gjoka-300x173.jpg\",\"contentUrl\":\"http:\/\/www.visit-ulcinj.com\/blog\/wp-content\/uploads\/2008\/11\/juna-e-big-brother_arber-gjoka-300x173.jpg\"},{\"@type\":\"WebPage\",\"@id\":\"https:\/\/www.visit-ulcinj.com\/blog\/2008\/11\/09\/juna-e-big-brother-rikthehet-tek-i-dashuri-arbri\/#webpage\",\"url\":\"https:\/\/www.visit-ulcinj.com\/blog\/2008\/11\/09\/juna-e-big-brother-rikthehet-tek-i-dashuri-arbri\/\",\"name\":\"Juna e Big Brother rikthehet tek i dashuri, Arbri - Lajme nga Ulqini\",\"isPartOf\":{\"@id\":\"https:\/\/www.visit-ulcinj.com\/blog\/#website\"},\"primaryImageOfPage\":{\"@id\":\"https:\/\/www.visit-ulcinj.com\/blog\/2008\/11\/09\/juna-e-big-brother-rikthehet-tek-i-dashuri-arbri\/#primaryimage\"},\"datePublished\":\"2008-11-09T09:18:21+00:00\",\"dateModified\":\"2008-11-09T09:18:21+00:00\",\"author\":{\"@id\":\"https:\/\/www.visit-ulcinj.com\/blog\/#\/schema\/person\/dcab619c614d3038751c63bc2aadc06d\"},\"description\":\"Personazhet e \u201cBig Brother\u201d fituan shum\u00eb duke marr\u00eb pjes\u00eb n\u00eb k\u00ebt\u00eb program super t\u00eb ndjekur. Ata u b\u00ebn\u00eb t\u00eb famsh\u00ebm dhe t\u00eb p\u00eblqyer nga t\u00eb gjith\u00eb, por si \u00e7do\",\"breadcrumb\":{\"@id\":\"https:\/\/www.visit-ulcinj.com\/blog\/2008\/11\/09\/juna-e-big-brother-rikthehet-tek-i-dashuri-arbri\/#breadcrumb\"},\"inLanguage\":\"en-US\",\"potentialAction\":[{\"@type\":\"ReadAction\",\"target\":[\"https:\/\/www.visit-ulcinj.com\/blog\/2008\/11\/09\/juna-e-big-brother-rikthehet-tek-i-dashuri-arbri\/\"]}]},{\"@type\":\"BreadcrumbList\",\"@id\":\"https:\/\/www.visit-ulcinj.com\/blog\/2008\/11\/09\/juna-e-big-brother-rikthehet-tek-i-dashuri-arbri\/#breadcrumb\",\"itemListElement\":[{\"@type\":\"ListItem\",\"position\":1,\"name\":\"Juna e Big Brother rikthehet tek i dashuri, Arbri\"}]},{\"@type\":\"Person\",\"@id\":\"https:\/\/www.visit-ulcinj.com\/blog\/#\/schema\/person\/dcab619c614d3038751c63bc2aadc06d\",\"name\":\"ulqini\",\"sameAs\":[\"http:\/\/www.visit-ulcinj.com\"],\"url\":\"https:\/\/www.visit-ulcinj.com\/blog\/author\/admin\/\"}]}<\/script>\n<!-- \/ Yoast SEO plugin. -->","yoast_head_json":{"title":"Juna e Big Brother rikthehet tek i dashuri, Arbri - Lajme nga Ulqini","description":"Personazhet e \u201cBig Brother\u201d fituan shum\u00eb duke marr\u00eb pjes\u00eb n\u00eb k\u00ebt\u00eb program super t\u00eb ndjekur. Ata u b\u00ebn\u00eb t\u00eb famsh\u00ebm dhe t\u00eb p\u00eblqyer nga t\u00eb gjith\u00eb, por si \u00e7do","robots":{"index":"index","follow":"follow","max-snippet":"max-snippet:-1","max-image-preview":"max-image-preview:large","max-video-preview":"max-video-preview:-1"},"canonical":"https:\/\/www.visit-ulcinj.com\/blog\/2008\/11\/09\/juna-e-big-brother-rikthehet-tek-i-dashuri-arbri\/","og_locale":"en_US","og_type":"article","og_title":"Juna e Big Brother rikthehet tek i dashuri, Arbri - Lajme nga Ulqini","og_description":"Personazhet e \u201cBig Brother\u201d fituan shum\u00eb duke marr\u00eb pjes\u00eb n\u00eb k\u00ebt\u00eb program super t\u00eb ndjekur. Ata u b\u00ebn\u00eb t\u00eb famsh\u00ebm dhe t\u00eb p\u00eblqyer nga t\u00eb gjith\u00eb, por si \u00e7do","og_url":"https:\/\/www.visit-ulcinj.com\/blog\/2008\/11\/09\/juna-e-big-brother-rikthehet-tek-i-dashuri-arbri\/","og_site_name":"Lajme nga Ulqini","article_published_time":"2008-11-09T09:18:21+00:00","og_image":[{"url":"http:\/\/www.visit-ulcinj.com\/blog\/wp-content\/uploads\/2008\/11\/juna-e-big-brother_arber-gjoka-300x173.jpg"}],"twitter_misc":{"Written by":"ulqini","Est. reading time":"2 minutes"},"schema":{"@context":"https:\/\/schema.org","@graph":[{"@type":"WebSite","@id":"https:\/\/www.visit-ulcinj.com\/blog\/#website","url":"https:\/\/www.visit-ulcinj.com\/blog\/","name":"Lajme nga Ulqini","description":"Lajme,Vijesti,Ulqini,Ulqin,Crna Gora,Mali i Zi","potentialAction":[{"@type":"SearchAction","target":{"@type":"EntryPoint","urlTemplate":"https:\/\/www.visit-ulcinj.com\/blog\/?s={search_term_string}"},"query-input":"required name=search_term_string"}],"inLanguage":"en-US"},{"@type":"ImageObject","inLanguage":"en-US","@id":"https:\/\/www.visit-ulcinj.com\/blog\/2008\/11\/09\/juna-e-big-brother-rikthehet-tek-i-dashuri-arbri\/#primaryimage","url":"http:\/\/www.visit-ulcinj.com\/blog\/wp-content\/uploads\/2008\/11\/juna-e-big-brother_arber-gjoka-300x173.jpg","contentUrl":"http:\/\/www.visit-ulcinj.com\/blog\/wp-content\/uploads\/2008\/11\/juna-e-big-brother_arber-gjoka-300x173.jpg"},{"@type":"WebPage","@id":"https:\/\/www.visit-ulcinj.com\/blog\/2008\/11\/09\/juna-e-big-brother-rikthehet-tek-i-dashuri-arbri\/#webpage","url":"https:\/\/www.visit-ulcinj.com\/blog\/2008\/11\/09\/juna-e-big-brother-rikthehet-tek-i-dashuri-arbri\/","name":"Juna e Big Brother rikthehet tek i dashuri, Arbri - Lajme nga Ulqini","isPartOf":{"@id":"https:\/\/www.visit-ulcinj.com\/blog\/#website"},"primaryImageOfPage":{"@id":"https:\/\/www.visit-ulcinj.com\/blog\/2008\/11\/09\/juna-e-big-brother-rikthehet-tek-i-dashuri-arbri\/#primaryimage"},"datePublished":"2008-11-09T09:18:21+00:00","dateModified":"2008-11-09T09:18:21+00:00","author":{"@id":"https:\/\/www.visit-ulcinj.com\/blog\/#\/schema\/person\/dcab619c614d3038751c63bc2aadc06d"},"description":"Personazhet e \u201cBig Brother\u201d fituan shum\u00eb duke marr\u00eb pjes\u00eb n\u00eb k\u00ebt\u00eb program super t\u00eb ndjekur. Ata u b\u00ebn\u00eb t\u00eb famsh\u00ebm dhe t\u00eb p\u00eblqyer nga t\u00eb gjith\u00eb, por si \u00e7do","breadcrumb":{"@id":"https:\/\/www.visit-ulcinj.com\/blog\/2008\/11\/09\/juna-e-big-brother-rikthehet-tek-i-dashuri-arbri\/#breadcrumb"},"inLanguage":"en-US","potentialAction":[{"@type":"ReadAction","target":["https:\/\/www.visit-ulcinj.com\/blog\/2008\/11\/09\/juna-e-big-brother-rikthehet-tek-i-dashuri-arbri\/"]}]},{"@type":"BreadcrumbList","@id":"https:\/\/www.visit-ulcinj.com\/blog\/2008\/11\/09\/juna-e-big-brother-rikthehet-tek-i-dashuri-arbri\/#breadcrumb","itemListElement":[{"@type":"ListItem","position":1,"name":"Juna e Big Brother rikthehet tek i dashuri, Arbri"}]},{"@type":"Person","@id":"https:\/\/www.visit-ulcinj.com\/blog\/#\/schema\/person\/dcab619c614d3038751c63bc2aadc06d","name":"ulqini","sameAs":["http:\/\/www.visit-ulcinj.com"],"url":"https:\/\/www.visit-ulcinj.com\/blog\/author\/admin\/"}]}},"jetpack_featured_media_url":"","jetpack_sharing_enabled":true,"jetpack_shortlink":"https:\/\/wp.me\/pe6lTn-1u7","_links":{"self":[{"href":"https:\/\/www.visit-ulcinj.com\/blog\/wp-json\/wp\/v2\/posts\/5711"}],"collection":[{"href":"https:\/\/www.visit-ulcinj.com\/blog\/wp-json\/wp\/v2\/posts"}],"about":[{"href":"https:\/\/www.visit-ulcinj.com\/blog\/wp-json\/wp\/v2\/types\/post"}],"author":[{"embeddable":true,"href":"https:\/\/www.visit-ulcinj.com\/blog\/wp-json\/wp\/v2\/users\/1"}],"replies":[{"embeddable":true,"href":"https:\/\/www.visit-ulcinj.com\/blog\/wp-json\/wp\/v2\/comments?post=5711"}],"version-history":[{"count":0,"href":"https:\/\/www.visit-ulcinj.com\/blog\/wp-json\/wp\/v2\/posts\/5711\/revisions"}],"wp:attachment":[{"href":"https:\/\/www.visit-ulcinj.com\/blog\/wp-json\/wp\/v2\/media?parent=5711"}],"wp:term":[{"taxonomy":"category","embeddable":true,"href":"https:\/\/www.visit-ulcinj.com\/blog\/wp-json\/wp\/v2\/categories?post=5711"},{"taxonomy":"post_tag","embeddable":true,"href":"https:\/\/www.visit-ulcinj.com\/blog\/wp-json\/wp\/v2\/tags?post=5711"}],"curies":[{"name":"wp","href":"https:\/\/api.w.org\/{rel}","templated":true}]}}