{"id":57115,"date":"2012-02-06T18:24:45","date_gmt":"2012-02-06T17:24:45","guid":{"rendered":"http:\/\/www.visit-ulcinj.com\/blog\/?p=57115"},"modified":"2012-02-06T18:24:45","modified_gmt":"2012-02-06T17:24:45","slug":"ulqini-eshte-qytet-malazias-kundershton-shkrela-zenken","status":"publish","type":"post","link":"https:\/\/www.visit-ulcinj.com\/blog\/2012\/02\/06\/ulqini-eshte-qytet-malazias-kundershton-shkrela-zenken\/","title":{"rendered":"Ulqini \u00ebsht\u00eb qytet malazias, kund\u00ebrshton Shkrela Zenk\u00ebn"},"content":{"rendered":"<p><a href=\"http:\/\/www.visit-ulcinj.com\/blog\/wp-content\/uploads\/2012\/02\/LUIGJ-SHKRELA_ULQIN.jpg\"><img loading=\"lazy\" class=\"alignleft  wp-image-57116\" title=\"LUIGJ-SHKRELA_ULQIN\" src=\"http:\/\/www.visit-ulcinj.com\/blog\/wp-content\/uploads\/2012\/02\/LUIGJ-SHKRELA_ULQIN.jpg\" alt=\"\" width=\"340\" height=\"450\" \/><\/a>Deputeti i Partis\u00eb Demokratike t\u00eb Socialist\u00ebve (PDS), Luigj Shkreli, nj\u00ebri nd\u00ebr politikan\u00ebt shqiptar\u00eb m\u00eb t\u00eb p\u00ebrkushtuar ndaj k\u00ebtij subjekti kryesor politik n\u00eb Malin e Zi, ka kund\u00ebrshtuar ashp\u00ebr pohimet e liderit dhe deputetit t\u00eb Unionit Demokratik t\u00eb Shqiptar\u00ebve (UDSH), Mehmet Zenka.<\/p>\n<p><a href=\"http:\/\/www.kosovalive.com\/?cid=1,2,80417\" target=\"_blank\"><strong>KosovaLive<\/strong><\/a><\/p>\n<p>Ndiqni versionin Origjinal<\/p>\n<p><strong>Gradovi se ne prepoznaju po nacionalnosti<\/strong><\/p>\n<p>Poslanik Demokratske partije socijalista Ljuji\u0111 \u0160krelja kazao je u izjavi za \u201eDan\u201d da ne bje\u017ei od toga da se treba raditi na pobolj\u0161anju statusa albanske manjine u Crnoj Gori, ali i da je Ulcinj crnogorski grad, podjednako kao i drugi.<br \/>\n\u0160krelja je negirao navode predsjednika Demokratske unije Albanaca Mehmeta Zenke da se vlast lo\u0161e odnosi prema albanskom narodu, \u0161to navodi na razmi\u0161ljanje da Ulcinj nije crnogorski grad ve\u0107 samo grad u Crnoj Gori.<br \/>\n\u2013 Apsolutno ne dijelim njegovo mi\u0161ljenje, kao ni mi\u0161ljenje onih koji smatraju da se gradovi i op\u0161tine mogu prepoznavati i dijeliti prema nacionalnoj pripadnosti \u2013 istakao je \u0160krelja.<br \/>\nCrna Gora je, isti\u010de \u0160krelja, dr\u017eava jedinstvena po multietni\u010dnosti.<br \/>\n\u2013 Ne bje\u017eim od toga da se treba raditi na pobolj\u0161anju statusa albanske manjine u Crnoj Gori. Ulcinj je crnogorski grad, podjednako kao i drugi. Li\u010dno se jednako komotno osje\u0107am u Ulcinju, Podgorici ili na \u017dabljaku \u2013 poru\u010dio je \u0160krelja.<br \/>\nSmatra da je vlast u prethodnom periodu pokazala dobar odnos prema Albancima, i manjinama uop\u0161te.<br \/>\n\u2013 Crna Gora bi poni\u0161tila sebe i svoju tradiciju ukoliko bi manjine tretirala neravnopravno. Nije do\u0161lo do promjene odnosa prema albanskom narodu, ali svako iz svog ugla gleda na politiku, i ima pravo na mi\u0161ljenje pa tako i Zenka \u2013 naveo je \u0160krelja.<br \/>\nPoziva Albance da ne zaborave da im je Crna Gora \u010desto pru\u017eala sigurnost.<br \/>\n\u2013 Nijedan iskreni Albanac ne mo\u017ee zaboraviti kako se ova dr\u017eava pona\u0161ala 1999. godine kada su Albanci koji su masovno protjerani sa ognji\u0161ta sa Kosova na\u0161li uto\u010di\u0161te u Crnoj Gori \u2013 zaklju\u010dio je \u0160krelja.<\/p>\n<p><a href=\"http:\/\/www.dan.co.me\/?nivo=3&amp;rubrika=Politika&amp;clanak=318613&amp;datum=2012-02-05\" target=\"_blank\"><br \/>\n<strong>Bo. M.<br \/>\nIzvor: DAN<\/strong><\/a><\/p>\n","protected":false},"excerpt":{"rendered":"<p>Deputeti i Partis\u00eb Demokratike t\u00eb Socialist\u00ebve (PDS), Luigj Shkreli, nj\u00ebri nd\u00ebr politikan\u00ebt shqiptar\u00eb m\u00eb t\u00eb p\u00ebrkushtuar ndaj k\u00ebtij subjekti kryesor politik n\u00eb Malin e Zi, ka kund\u00ebrshtuar ashp\u00ebr pohimet e liderit dhe deputetit t\u00eb Unionit Demokratik t\u00eb Shqiptar\u00ebve (UDSH), Mehmet Zenka. KosovaLive Ndiqni versionin Origjinal Gradovi se ne prepoznaju po nacionalnosti Poslanik Demokratske partije socijalista [&hellip;]<\/p>\n","protected":false},"author":1,"featured_media":0,"comment_status":"open","ping_status":"closed","sticky":false,"template":"","format":"standard","meta":{"spay_email":"","jetpack_publicize_message":"","jetpack_is_tweetstorm":false,"jetpack_publicize_feature_enabled":true},"categories":[12],"tags":[729,3371,200,18],"jetpack_publicize_connections":[],"yoast_head":"<!-- This site is optimized with the Yoast SEO plugin v19.1 - https:\/\/yoast.com\/wordpress\/plugins\/seo\/ -->\n<title>Ulqini \u00ebsht\u00eb qytet malazias, kund\u00ebrshton Shkrela Zenk\u00ebn - Lajme nga Ulqini<\/title>\n<meta name=\"description\" content=\"Deputeti i Partis\u00eb Demokratike t\u00eb Socialist\u00ebve (PDS), Luigj Shkreli, nj\u00ebri nd\u00ebr politikan\u00ebt shqiptar\u00eb m\u00eb t\u00eb p\u00ebrkushtuar ndaj k\u00ebtij subjekti kryesor\" \/>\n<meta name=\"robots\" content=\"index, follow, max-snippet:-1, max-image-preview:large, max-video-preview:-1\" \/>\n<link rel=\"canonical\" href=\"https:\/\/www.visit-ulcinj.com\/blog\/2012\/02\/06\/ulqini-eshte-qytet-malazias-kundershton-shkrela-zenken\/\" \/>\n<meta property=\"og:locale\" content=\"en_US\" \/>\n<meta property=\"og:type\" content=\"article\" \/>\n<meta property=\"og:title\" content=\"Ulqini \u00ebsht\u00eb qytet malazias, kund\u00ebrshton Shkrela Zenk\u00ebn - Lajme nga Ulqini\" \/>\n<meta property=\"og:description\" content=\"Deputeti i Partis\u00eb Demokratike t\u00eb Socialist\u00ebve (PDS), Luigj Shkreli, nj\u00ebri nd\u00ebr politikan\u00ebt shqiptar\u00eb m\u00eb t\u00eb p\u00ebrkushtuar ndaj k\u00ebtij subjekti kryesor\" \/>\n<meta property=\"og:url\" content=\"https:\/\/www.visit-ulcinj.com\/blog\/2012\/02\/06\/ulqini-eshte-qytet-malazias-kundershton-shkrela-zenken\/\" \/>\n<meta property=\"og:site_name\" content=\"Lajme nga Ulqini\" \/>\n<meta property=\"article:published_time\" content=\"2012-02-06T17:24:45+00:00\" \/>\n<meta property=\"og:image\" content=\"http:\/\/www.visit-ulcinj.com\/blog\/wp-content\/uploads\/2012\/02\/LUIGJ-SHKRELA_ULQIN.jpg\" \/>\n<meta name=\"twitter:label1\" content=\"Written by\" \/>\n\t<meta name=\"twitter:data1\" content=\"ulqini\" \/>\n\t<meta name=\"twitter:label2\" content=\"Est. reading time\" \/>\n\t<meta name=\"twitter:data2\" content=\"2 minutes\" \/>\n<script type=\"application\/ld+json\" class=\"yoast-schema-graph\">{\"@context\":\"https:\/\/schema.org\",\"@graph\":[{\"@type\":\"WebSite\",\"@id\":\"https:\/\/www.visit-ulcinj.com\/blog\/#website\",\"url\":\"https:\/\/www.visit-ulcinj.com\/blog\/\",\"name\":\"Lajme nga Ulqini\",\"description\":\"Lajme,Vijesti,Ulqini,Ulqin,Crna Gora,Mali i Zi\",\"potentialAction\":[{\"@type\":\"SearchAction\",\"target\":{\"@type\":\"EntryPoint\",\"urlTemplate\":\"https:\/\/www.visit-ulcinj.com\/blog\/?s={search_term_string}\"},\"query-input\":\"required name=search_term_string\"}],\"inLanguage\":\"en-US\"},{\"@type\":\"ImageObject\",\"inLanguage\":\"en-US\",\"@id\":\"https:\/\/www.visit-ulcinj.com\/blog\/2012\/02\/06\/ulqini-eshte-qytet-malazias-kundershton-shkrela-zenken\/#primaryimage\",\"url\":\"https:\/\/www.visit-ulcinj.com\/blog\/wp-content\/uploads\/2012\/02\/LUIGJ-SHKRELA_ULQIN.jpg\",\"contentUrl\":\"https:\/\/www.visit-ulcinj.com\/blog\/wp-content\/uploads\/2012\/02\/LUIGJ-SHKRELA_ULQIN.jpg\",\"width\":\"404\",\"height\":\"720\"},{\"@type\":\"WebPage\",\"@id\":\"https:\/\/www.visit-ulcinj.com\/blog\/2012\/02\/06\/ulqini-eshte-qytet-malazias-kundershton-shkrela-zenken\/#webpage\",\"url\":\"https:\/\/www.visit-ulcinj.com\/blog\/2012\/02\/06\/ulqini-eshte-qytet-malazias-kundershton-shkrela-zenken\/\",\"name\":\"Ulqini \u00ebsht\u00eb qytet malazias, kund\u00ebrshton Shkrela Zenk\u00ebn - Lajme nga Ulqini\",\"isPartOf\":{\"@id\":\"https:\/\/www.visit-ulcinj.com\/blog\/#website\"},\"primaryImageOfPage\":{\"@id\":\"https:\/\/www.visit-ulcinj.com\/blog\/2012\/02\/06\/ulqini-eshte-qytet-malazias-kundershton-shkrela-zenken\/#primaryimage\"},\"datePublished\":\"2012-02-06T17:24:45+00:00\",\"dateModified\":\"2012-02-06T17:24:45+00:00\",\"author\":{\"@id\":\"https:\/\/www.visit-ulcinj.com\/blog\/#\/schema\/person\/dcab619c614d3038751c63bc2aadc06d\"},\"description\":\"Deputeti i Partis\u00eb Demokratike t\u00eb Socialist\u00ebve (PDS), Luigj Shkreli, nj\u00ebri nd\u00ebr politikan\u00ebt shqiptar\u00eb m\u00eb t\u00eb p\u00ebrkushtuar ndaj k\u00ebtij subjekti kryesor\",\"breadcrumb\":{\"@id\":\"https:\/\/www.visit-ulcinj.com\/blog\/2012\/02\/06\/ulqini-eshte-qytet-malazias-kundershton-shkrela-zenken\/#breadcrumb\"},\"inLanguage\":\"en-US\",\"potentialAction\":[{\"@type\":\"ReadAction\",\"target\":[\"https:\/\/www.visit-ulcinj.com\/blog\/2012\/02\/06\/ulqini-eshte-qytet-malazias-kundershton-shkrela-zenken\/\"]}]},{\"@type\":\"BreadcrumbList\",\"@id\":\"https:\/\/www.visit-ulcinj.com\/blog\/2012\/02\/06\/ulqini-eshte-qytet-malazias-kundershton-shkrela-zenken\/#breadcrumb\",\"itemListElement\":[{\"@type\":\"ListItem\",\"position\":1,\"name\":\"Ulqini \u00ebsht\u00eb qytet malazias, kund\u00ebrshton Shkrela Zenk\u00ebn\"}]},{\"@type\":\"Person\",\"@id\":\"https:\/\/www.visit-ulcinj.com\/blog\/#\/schema\/person\/dcab619c614d3038751c63bc2aadc06d\",\"name\":\"ulqini\",\"sameAs\":[\"http:\/\/www.visit-ulcinj.com\"],\"url\":\"https:\/\/www.visit-ulcinj.com\/blog\/author\/admin\/\"}]}<\/script>\n<!-- \/ Yoast SEO plugin. -->","yoast_head_json":{"title":"Ulqini \u00ebsht\u00eb qytet malazias, kund\u00ebrshton Shkrela Zenk\u00ebn - Lajme nga Ulqini","description":"Deputeti i Partis\u00eb Demokratike t\u00eb Socialist\u00ebve (PDS), Luigj Shkreli, nj\u00ebri nd\u00ebr politikan\u00ebt shqiptar\u00eb m\u00eb t\u00eb p\u00ebrkushtuar ndaj k\u00ebtij subjekti kryesor","robots":{"index":"index","follow":"follow","max-snippet":"max-snippet:-1","max-image-preview":"max-image-preview:large","max-video-preview":"max-video-preview:-1"},"canonical":"https:\/\/www.visit-ulcinj.com\/blog\/2012\/02\/06\/ulqini-eshte-qytet-malazias-kundershton-shkrela-zenken\/","og_locale":"en_US","og_type":"article","og_title":"Ulqini \u00ebsht\u00eb qytet malazias, kund\u00ebrshton Shkrela Zenk\u00ebn - Lajme nga Ulqini","og_description":"Deputeti i Partis\u00eb Demokratike t\u00eb Socialist\u00ebve (PDS), Luigj Shkreli, nj\u00ebri nd\u00ebr politikan\u00ebt shqiptar\u00eb m\u00eb t\u00eb p\u00ebrkushtuar ndaj k\u00ebtij subjekti kryesor","og_url":"https:\/\/www.visit-ulcinj.com\/blog\/2012\/02\/06\/ulqini-eshte-qytet-malazias-kundershton-shkrela-zenken\/","og_site_name":"Lajme nga Ulqini","article_published_time":"2012-02-06T17:24:45+00:00","og_image":[{"url":"http:\/\/www.visit-ulcinj.com\/blog\/wp-content\/uploads\/2012\/02\/LUIGJ-SHKRELA_ULQIN.jpg"}],"twitter_misc":{"Written by":"ulqini","Est. reading time":"2 minutes"},"schema":{"@context":"https:\/\/schema.org","@graph":[{"@type":"WebSite","@id":"https:\/\/www.visit-ulcinj.com\/blog\/#website","url":"https:\/\/www.visit-ulcinj.com\/blog\/","name":"Lajme nga Ulqini","description":"Lajme,Vijesti,Ulqini,Ulqin,Crna Gora,Mali i Zi","potentialAction":[{"@type":"SearchAction","target":{"@type":"EntryPoint","urlTemplate":"https:\/\/www.visit-ulcinj.com\/blog\/?s={search_term_string}"},"query-input":"required name=search_term_string"}],"inLanguage":"en-US"},{"@type":"ImageObject","inLanguage":"en-US","@id":"https:\/\/www.visit-ulcinj.com\/blog\/2012\/02\/06\/ulqini-eshte-qytet-malazias-kundershton-shkrela-zenken\/#primaryimage","url":"https:\/\/www.visit-ulcinj.com\/blog\/wp-content\/uploads\/2012\/02\/LUIGJ-SHKRELA_ULQIN.jpg","contentUrl":"https:\/\/www.visit-ulcinj.com\/blog\/wp-content\/uploads\/2012\/02\/LUIGJ-SHKRELA_ULQIN.jpg","width":"404","height":"720"},{"@type":"WebPage","@id":"https:\/\/www.visit-ulcinj.com\/blog\/2012\/02\/06\/ulqini-eshte-qytet-malazias-kundershton-shkrela-zenken\/#webpage","url":"https:\/\/www.visit-ulcinj.com\/blog\/2012\/02\/06\/ulqini-eshte-qytet-malazias-kundershton-shkrela-zenken\/","name":"Ulqini \u00ebsht\u00eb qytet malazias, kund\u00ebrshton Shkrela Zenk\u00ebn - Lajme nga Ulqini","isPartOf":{"@id":"https:\/\/www.visit-ulcinj.com\/blog\/#website"},"primaryImageOfPage":{"@id":"https:\/\/www.visit-ulcinj.com\/blog\/2012\/02\/06\/ulqini-eshte-qytet-malazias-kundershton-shkrela-zenken\/#primaryimage"},"datePublished":"2012-02-06T17:24:45+00:00","dateModified":"2012-02-06T17:24:45+00:00","author":{"@id":"https:\/\/www.visit-ulcinj.com\/blog\/#\/schema\/person\/dcab619c614d3038751c63bc2aadc06d"},"description":"Deputeti i Partis\u00eb Demokratike t\u00eb Socialist\u00ebve (PDS), Luigj Shkreli, nj\u00ebri nd\u00ebr politikan\u00ebt shqiptar\u00eb m\u00eb t\u00eb p\u00ebrkushtuar ndaj k\u00ebtij subjekti kryesor","breadcrumb":{"@id":"https:\/\/www.visit-ulcinj.com\/blog\/2012\/02\/06\/ulqini-eshte-qytet-malazias-kundershton-shkrela-zenken\/#breadcrumb"},"inLanguage":"en-US","potentialAction":[{"@type":"ReadAction","target":["https:\/\/www.visit-ulcinj.com\/blog\/2012\/02\/06\/ulqini-eshte-qytet-malazias-kundershton-shkrela-zenken\/"]}]},{"@type":"BreadcrumbList","@id":"https:\/\/www.visit-ulcinj.com\/blog\/2012\/02\/06\/ulqini-eshte-qytet-malazias-kundershton-shkrela-zenken\/#breadcrumb","itemListElement":[{"@type":"ListItem","position":1,"name":"Ulqini \u00ebsht\u00eb qytet malazias, kund\u00ebrshton Shkrela Zenk\u00ebn"}]},{"@type":"Person","@id":"https:\/\/www.visit-ulcinj.com\/blog\/#\/schema\/person\/dcab619c614d3038751c63bc2aadc06d","name":"ulqini","sameAs":["http:\/\/www.visit-ulcinj.com"],"url":"https:\/\/www.visit-ulcinj.com\/blog\/author\/admin\/"}]}},"jetpack_featured_media_url":"","jetpack_sharing_enabled":true,"jetpack_shortlink":"https:\/\/wp.me\/pe6lTn-eRd","_links":{"self":[{"href":"https:\/\/www.visit-ulcinj.com\/blog\/wp-json\/wp\/v2\/posts\/57115"}],"collection":[{"href":"https:\/\/www.visit-ulcinj.com\/blog\/wp-json\/wp\/v2\/posts"}],"about":[{"href":"https:\/\/www.visit-ulcinj.com\/blog\/wp-json\/wp\/v2\/types\/post"}],"author":[{"embeddable":true,"href":"https:\/\/www.visit-ulcinj.com\/blog\/wp-json\/wp\/v2\/users\/1"}],"replies":[{"embeddable":true,"href":"https:\/\/www.visit-ulcinj.com\/blog\/wp-json\/wp\/v2\/comments?post=57115"}],"version-history":[{"count":1,"href":"https:\/\/www.visit-ulcinj.com\/blog\/wp-json\/wp\/v2\/posts\/57115\/revisions"}],"predecessor-version":[{"id":57117,"href":"https:\/\/www.visit-ulcinj.com\/blog\/wp-json\/wp\/v2\/posts\/57115\/revisions\/57117"}],"wp:attachment":[{"href":"https:\/\/www.visit-ulcinj.com\/blog\/wp-json\/wp\/v2\/media?parent=57115"}],"wp:term":[{"taxonomy":"category","embeddable":true,"href":"https:\/\/www.visit-ulcinj.com\/blog\/wp-json\/wp\/v2\/categories?post=57115"},{"taxonomy":"post_tag","embeddable":true,"href":"https:\/\/www.visit-ulcinj.com\/blog\/wp-json\/wp\/v2\/tags?post=57115"}],"curies":[{"name":"wp","href":"https:\/\/api.w.org\/{rel}","templated":true}]}}