{"id":57122,"date":"2012-02-06T19:39:29","date_gmt":"2012-02-06T18:39:29","guid":{"rendered":"http:\/\/www.visit-ulcinj.com\/blog\/?p=57122"},"modified":"2012-02-06T19:39:29","modified_gmt":"2012-02-06T18:39:29","slug":"beqiri-takoi-nje-delegacion-te-deputeteve-shqiptare-ne-paralamentin-e-malit-te-zi","status":"publish","type":"post","link":"https:\/\/www.visit-ulcinj.com\/blog\/2012\/02\/06\/beqiri-takoi-nje-delegacion-te-deputeteve-shqiptare-ne-paralamentin-e-malit-te-zi\/","title":{"rendered":"Beqiri takoi nj\u00eb delegacion t\u00eb deputet\u00ebve shqiptar\u00eb n\u00eb Paralamentin e Malit t\u00eb Zi"},"content":{"rendered":"<p><strong><a href=\"http:\/\/www.visit-ulcinj.com\/blog\/wp-content\/uploads\/2012\/02\/Mehmet-BardhiVasel-SinishtajTahir-TahiriGenci-Nimanbego-ne-Kosove-me-Ismet-Beqirin.jpg\"><img loading=\"lazy\" class=\"alignleft  wp-image-57123\" title=\"Mehmet Bardhi,Vasel Sinishtaj,Tahir Tahiri,Genci Nimanbego ne Kosove me Ismet Beqirin\" src=\"http:\/\/www.visit-ulcinj.com\/blog\/wp-content\/uploads\/2012\/02\/Mehmet-BardhiVasel-SinishtajTahir-TahiriGenci-Nimanbego-ne-Kosove-me-Ismet-Beqirin.jpg\" alt=\"\" width=\"508\" height=\"288\" \/><\/a>Prishtin\u00eb, 6 shkurt 2012 \u2013 <\/strong>Kryetari i Grupit Parlamentar\u00eb t\u00eb LDK-s\u00eb, z. Ismet Beqiri, priti nj\u00eb delegacion deputet\u00ebsh shqiptar\u00eb t\u00eb Parlamentit t\u00eb Malit t\u00eb Zi, i cili p\u00ebrb\u00ebhej nga Mehmet Bardhi, Genc Nimanbegu dhe Vasel Sinishtaj. \u00a0Pjes\u00eb e k\u00ebtij delegacioni ishte edhe kryetari i K\u00ebshillit Nacional t\u00eb Shqiptar\u00ebve t\u00eb Malit t\u00eb Zi, z. Tahir Tahiri.<\/p>\n<p>N\u00eb nj\u00eb takim v\u00ebllaz\u00ebror u bisedua p\u00ebr zhvillimet aktuale n\u00eb Kosov\u00eb dhe shqet\u00ebsimet e p\u00ebrfaq\u00ebsuesve shqiptar\u00eb t\u00eb Malit t\u00eb Zi, p\u00ebr disa zhvillime n\u00eb k\u00ebt\u00eb shtet.<\/p>\n<p>Kryetari Beqiri i informoi p\u00ebr zhvillimet aktuale n\u00eb Kosov\u00eb p\u00ebr pun\u00ebn e G. P. t\u00eb LDK-s\u00eb dhe ecuris\u00eb s\u00eb pun\u00ebs dhe reformave n\u00eb Lidhjen Demokratike t\u00eb Kosov\u00ebs.<\/p>\n<p>Deputet\u00ebt Bardhi, Nimanbegu dhe Sinishtaj si dhe Kryetari i K\u00ebshillit, z.Tahiri, shpreh\u00ebn shqet\u00ebsimet e tyre rreth disa zhvillimeve n\u00eb Malin e Zi, ve\u00e7mas p\u00ebr t\u00eb drejtat e shqiptar\u00ebve autokton\u00eb q\u00eb jetojn\u00eb n\u00eb Malin e Zi, si \u00e7\u00ebshtja e kufizimit t\u00eb p\u00ebrdorimit t\u00eb Flamurit Komb\u00ebtar, diskriminimi i komunave me shumic\u00eb shqiptare etj.<\/p>\n<p>Ata k\u00ebrkuan mb\u00ebshtetje dhe q\u00eb p\u00ebr k\u00ebto halle dhe shqet\u00ebsime t\u00eb ngrihet z\u00ebri n\u00eb institucionet tona, shkurt t\u00eb vlej\u00eb nj\u00eb reciprocitet, ajo q\u00eb u lejohet dhe garantohet komunitetit t\u00eb vog\u00ebl malazez n\u00eb Kosov\u00eb, t\u2019ju garantohet edhe shqiptar\u00ebve si komunitet i madh n\u00eb Mal t\u00eb Zi.<\/p>\n<p>Kryetari i G.P.t\u00eb LDK-s\u00eb premtoi s\u00eb k\u00ebto shqet\u00ebsime do t\u2019i ngris\u00eb n\u00eb institucionet shtet\u00ebrore t\u00eb Kosov\u00ebs, ve\u00e7mas n\u00eb Kuvendin e Republik\u00ebs s\u00eb Kosov\u00ebs.<\/p>\n<p>Gjithashtu u theksua nevoja e bashk\u00ebpunimit t\u00eb G. P. t\u00eb LDK-s\u00eb me G.P. t\u00eb deputet\u00ebve shqiptar\u00eb n\u00eb Malin e Zi. N\u00eb k\u00ebt\u00eb takim ishin edhe dy deput\u00ebt t\u00eb Kuvendit t\u00eb Kosov\u00ebs, z. Arben Gashi dhe z. Armend Zemaj.<\/p>\n<p>Z. Beqiri shprehu mir\u00ebkuptimin e Grupit Parlamentar t\u00eb Lidhjes Demokratike t\u00eb Kosov\u00ebs, duke theksuar q\u00eb LDK-ja, mb\u00ebshtet fuqish\u00ebm shqiptar\u00ebt t\u00eb cil\u00ebt jetojn\u00eb n\u00eb Malin e Zi, duke siguruar bashk\u00ebpunim t\u00eb nd\u00ebrsjell\u00eb p\u00ebr sigurimin e kushteve sa m\u00eb t\u00eb mira p\u00ebr jet\u00eb dhe realizim t\u00eb t\u00eb drejtave komb\u00ebtare per shqiptar\u00ebt q\u00eb jetojn\u00eb n\u00eb k\u00ebt\u00eb shtet\u00eb fqinj\u00eb.<\/p>\n<p>Gjithashtu u vler\u00ebsua lart\u00eb kontributi i shqiptar\u00ebve q\u00eb jetojn\u00eb n\u00eb Malin e Zi n\u00eb t\u00eb kaluar\u00ebn, por edhe tani p\u00ebr Kosov\u00ebn dhe rreth Kosov\u00ebs.<\/p>\n<p>Kryetari i Grupit Parlamentar t\u00eb LDK-s\u00eb, z. Ismet Beqiri, gjithashtu priti nj\u00eb delegacion 5-an\u00ebtar\u00ebsh nga Kuvendi i t\u00eb Rinjve t\u00eb Kosov\u00ebs, t\u00eb prir\u00eb nga Kreshnik Cukaj. Gjat\u00eb takimit u diskutua p\u00ebr zhvillimet e p\u00ebrgjithshme n\u00eb Kosov\u00eb, problemet dhe sfidat me t\u00eb cilat ballafaqohen t\u00eb rinjt\u00eb e Kosov\u00ebs, si dhe p\u00ebr krijimin\u00a0 e mund\u00ebsive t\u00eb reja p\u00ebr edukim dhe sfera t\u00eb tjera.<\/p>\n<p>Kryetari i G. P. t\u00eb LDK-s\u00eb z.Beqiri, informoi shkurt p\u00ebr pun\u00ebn e G.P.n\u00eb Kuvendin e Kosov\u00ebs dhe p\u00ebr disa ecuri n\u00eb reformimin e LDK-s\u00eb.<\/p>\n<p>E vend meritor gjat\u00eb k\u00ebtij procesi po i kushtohet t\u00eb rinjve dhe aderimit t\u00eb tyre sa m\u00eb t\u00eb madh n\u00eb LDK. Bashk\u00ebbiseduesit u dakorduan q\u00eb t\u00eb ket\u00eb bashk\u00ebpunim sa m\u00eb tep\u00ebr q\u00eb \u00ebsht\u00eb e mundur n\u00eb mes t\u00eb Kuvendit t\u00eb t\u00eb rinjve t\u00eb Kosov\u00ebs dhe G. P. t\u00eb LDK-s\u00eb. <strong><\/strong><\/p>\n<p><strong>Sherbimi informativ<br \/>\n<\/strong><\/p>\n","protected":false},"excerpt":{"rendered":"<p>Prishtin\u00eb, 6 shkurt 2012 \u2013 Kryetari i Grupit Parlamentar\u00eb t\u00eb LDK-s\u00eb, z. Ismet Beqiri, priti nj\u00eb delegacion deputet\u00ebsh shqiptar\u00eb t\u00eb Parlamentit t\u00eb Malit t\u00eb Zi, i cili p\u00ebrb\u00ebhej nga Mehmet Bardhi, Genc Nimanbegu dhe Vasel Sinishtaj. \u00a0Pjes\u00eb e k\u00ebtij delegacioni ishte edhe kryetari i K\u00ebshillit Nacional t\u00eb Shqiptar\u00ebve t\u00eb Malit t\u00eb Zi, z. Tahir Tahiri. [&hellip;]<\/p>\n","protected":false},"author":1,"featured_media":0,"comment_status":"open","ping_status":"closed","sticky":false,"template":"","format":"standard","meta":{"spay_email":"","jetpack_publicize_message":"","jetpack_is_tweetstorm":false,"jetpack_publicize_feature_enabled":true},"categories":[14],"tags":[1073,20020,325,347,2306,4376,200,18,348],"jetpack_publicize_connections":[],"yoast_head":"<!-- This site is optimized with the Yoast SEO plugin v19.1 - https:\/\/yoast.com\/wordpress\/plugins\/seo\/ -->\n<title>Beqiri takoi nj\u00eb delegacion t\u00eb deputet\u00ebve shqiptar\u00eb n\u00eb Paralamentin e Malit t\u00eb Zi - Lajme nga Ulqini<\/title>\n<meta name=\"description\" content=\"Prishtin\u00eb, 6 shkurt 2012 \u2013 Kryetari i Grupit Parlamentar\u00eb t\u00eb LDK-s\u00eb, z. Ismet Beqiri, priti nj\u00eb delegacion deputet\u00ebsh shqiptar\u00eb t\u00eb Parlamentit t\u00eb Malit t\u00eb\" \/>\n<meta name=\"robots\" content=\"index, follow, max-snippet:-1, max-image-preview:large, max-video-preview:-1\" \/>\n<link rel=\"canonical\" href=\"https:\/\/www.visit-ulcinj.com\/blog\/2012\/02\/06\/beqiri-takoi-nje-delegacion-te-deputeteve-shqiptare-ne-paralamentin-e-malit-te-zi\/\" \/>\n<meta property=\"og:locale\" content=\"en_US\" \/>\n<meta property=\"og:type\" content=\"article\" \/>\n<meta property=\"og:title\" content=\"Beqiri takoi nj\u00eb delegacion t\u00eb deputet\u00ebve shqiptar\u00eb n\u00eb Paralamentin e Malit t\u00eb Zi - Lajme nga Ulqini\" \/>\n<meta property=\"og:description\" content=\"Prishtin\u00eb, 6 shkurt 2012 \u2013 Kryetari i Grupit Parlamentar\u00eb t\u00eb LDK-s\u00eb, z. Ismet Beqiri, priti nj\u00eb delegacion deputet\u00ebsh shqiptar\u00eb t\u00eb Parlamentit t\u00eb Malit t\u00eb\" \/>\n<meta property=\"og:url\" content=\"https:\/\/www.visit-ulcinj.com\/blog\/2012\/02\/06\/beqiri-takoi-nje-delegacion-te-deputeteve-shqiptare-ne-paralamentin-e-malit-te-zi\/\" \/>\n<meta property=\"og:site_name\" content=\"Lajme nga Ulqini\" \/>\n<meta property=\"article:published_time\" content=\"2012-02-06T18:39:29+00:00\" \/>\n<meta property=\"og:image\" content=\"http:\/\/www.visit-ulcinj.com\/blog\/wp-content\/uploads\/2012\/02\/Mehmet-BardhiVasel-SinishtajTahir-TahiriGenci-Nimanbego-ne-Kosove-me-Ismet-Beqirin.jpg\" \/>\n<meta name=\"twitter:label1\" content=\"Written by\" \/>\n\t<meta name=\"twitter:data1\" content=\"ulqini\" \/>\n\t<meta name=\"twitter:label2\" content=\"Est. reading time\" \/>\n\t<meta name=\"twitter:data2\" content=\"3 minutes\" \/>\n<script type=\"application\/ld+json\" class=\"yoast-schema-graph\">{\"@context\":\"https:\/\/schema.org\",\"@graph\":[{\"@type\":\"WebSite\",\"@id\":\"https:\/\/www.visit-ulcinj.com\/blog\/#website\",\"url\":\"https:\/\/www.visit-ulcinj.com\/blog\/\",\"name\":\"Lajme nga Ulqini\",\"description\":\"Lajme,Vijesti,Ulqini,Ulqin,Crna Gora,Mali i Zi\",\"potentialAction\":[{\"@type\":\"SearchAction\",\"target\":{\"@type\":\"EntryPoint\",\"urlTemplate\":\"https:\/\/www.visit-ulcinj.com\/blog\/?s={search_term_string}\"},\"query-input\":\"required name=search_term_string\"}],\"inLanguage\":\"en-US\"},{\"@type\":\"ImageObject\",\"inLanguage\":\"en-US\",\"@id\":\"https:\/\/www.visit-ulcinj.com\/blog\/2012\/02\/06\/beqiri-takoi-nje-delegacion-te-deputeteve-shqiptare-ne-paralamentin-e-malit-te-zi\/#primaryimage\",\"url\":\"https:\/\/www.visit-ulcinj.com\/blog\/wp-content\/uploads\/2012\/02\/Mehmet-BardhiVasel-SinishtajTahir-TahiriGenci-Nimanbego-ne-Kosove-me-Ismet-Beqirin.jpg\",\"contentUrl\":\"https:\/\/www.visit-ulcinj.com\/blog\/wp-content\/uploads\/2012\/02\/Mehmet-BardhiVasel-SinishtajTahir-TahiriGenci-Nimanbego-ne-Kosove-me-Ismet-Beqirin.jpg\",\"width\":\"660\",\"height\":\"288\"},{\"@type\":\"WebPage\",\"@id\":\"https:\/\/www.visit-ulcinj.com\/blog\/2012\/02\/06\/beqiri-takoi-nje-delegacion-te-deputeteve-shqiptare-ne-paralamentin-e-malit-te-zi\/#webpage\",\"url\":\"https:\/\/www.visit-ulcinj.com\/blog\/2012\/02\/06\/beqiri-takoi-nje-delegacion-te-deputeteve-shqiptare-ne-paralamentin-e-malit-te-zi\/\",\"name\":\"Beqiri takoi nj\u00eb delegacion t\u00eb deputet\u00ebve shqiptar\u00eb n\u00eb Paralamentin e Malit t\u00eb Zi - Lajme nga Ulqini\",\"isPartOf\":{\"@id\":\"https:\/\/www.visit-ulcinj.com\/blog\/#website\"},\"primaryImageOfPage\":{\"@id\":\"https:\/\/www.visit-ulcinj.com\/blog\/2012\/02\/06\/beqiri-takoi-nje-delegacion-te-deputeteve-shqiptare-ne-paralamentin-e-malit-te-zi\/#primaryimage\"},\"datePublished\":\"2012-02-06T18:39:29+00:00\",\"dateModified\":\"2012-02-06T18:39:29+00:00\",\"author\":{\"@id\":\"https:\/\/www.visit-ulcinj.com\/blog\/#\/schema\/person\/dcab619c614d3038751c63bc2aadc06d\"},\"description\":\"Prishtin\u00eb, 6 shkurt 2012 \u2013 Kryetari i Grupit Parlamentar\u00eb t\u00eb LDK-s\u00eb, z. Ismet Beqiri, priti nj\u00eb delegacion deputet\u00ebsh shqiptar\u00eb t\u00eb Parlamentit t\u00eb Malit t\u00eb\",\"breadcrumb\":{\"@id\":\"https:\/\/www.visit-ulcinj.com\/blog\/2012\/02\/06\/beqiri-takoi-nje-delegacion-te-deputeteve-shqiptare-ne-paralamentin-e-malit-te-zi\/#breadcrumb\"},\"inLanguage\":\"en-US\",\"potentialAction\":[{\"@type\":\"ReadAction\",\"target\":[\"https:\/\/www.visit-ulcinj.com\/blog\/2012\/02\/06\/beqiri-takoi-nje-delegacion-te-deputeteve-shqiptare-ne-paralamentin-e-malit-te-zi\/\"]}]},{\"@type\":\"BreadcrumbList\",\"@id\":\"https:\/\/www.visit-ulcinj.com\/blog\/2012\/02\/06\/beqiri-takoi-nje-delegacion-te-deputeteve-shqiptare-ne-paralamentin-e-malit-te-zi\/#breadcrumb\",\"itemListElement\":[{\"@type\":\"ListItem\",\"position\":1,\"name\":\"Beqiri takoi nj\u00eb delegacion t\u00eb deputet\u00ebve shqiptar\u00eb n\u00eb Paralamentin e Malit t\u00eb Zi\"}]},{\"@type\":\"Person\",\"@id\":\"https:\/\/www.visit-ulcinj.com\/blog\/#\/schema\/person\/dcab619c614d3038751c63bc2aadc06d\",\"name\":\"ulqini\",\"sameAs\":[\"http:\/\/www.visit-ulcinj.com\"],\"url\":\"https:\/\/www.visit-ulcinj.com\/blog\/author\/admin\/\"}]}<\/script>\n<!-- \/ Yoast SEO plugin. -->","yoast_head_json":{"title":"Beqiri takoi nj\u00eb delegacion t\u00eb deputet\u00ebve shqiptar\u00eb n\u00eb Paralamentin e Malit t\u00eb Zi - Lajme nga Ulqini","description":"Prishtin\u00eb, 6 shkurt 2012 \u2013 Kryetari i Grupit Parlamentar\u00eb t\u00eb LDK-s\u00eb, z. Ismet Beqiri, priti nj\u00eb delegacion deputet\u00ebsh shqiptar\u00eb t\u00eb Parlamentit t\u00eb Malit t\u00eb","robots":{"index":"index","follow":"follow","max-snippet":"max-snippet:-1","max-image-preview":"max-image-preview:large","max-video-preview":"max-video-preview:-1"},"canonical":"https:\/\/www.visit-ulcinj.com\/blog\/2012\/02\/06\/beqiri-takoi-nje-delegacion-te-deputeteve-shqiptare-ne-paralamentin-e-malit-te-zi\/","og_locale":"en_US","og_type":"article","og_title":"Beqiri takoi nj\u00eb delegacion t\u00eb deputet\u00ebve shqiptar\u00eb n\u00eb Paralamentin e Malit t\u00eb Zi - Lajme nga Ulqini","og_description":"Prishtin\u00eb, 6 shkurt 2012 \u2013 Kryetari i Grupit Parlamentar\u00eb t\u00eb LDK-s\u00eb, z. Ismet Beqiri, priti nj\u00eb delegacion deputet\u00ebsh shqiptar\u00eb t\u00eb Parlamentit t\u00eb Malit t\u00eb","og_url":"https:\/\/www.visit-ulcinj.com\/blog\/2012\/02\/06\/beqiri-takoi-nje-delegacion-te-deputeteve-shqiptare-ne-paralamentin-e-malit-te-zi\/","og_site_name":"Lajme nga Ulqini","article_published_time":"2012-02-06T18:39:29+00:00","og_image":[{"url":"http:\/\/www.visit-ulcinj.com\/blog\/wp-content\/uploads\/2012\/02\/Mehmet-BardhiVasel-SinishtajTahir-TahiriGenci-Nimanbego-ne-Kosove-me-Ismet-Beqirin.jpg"}],"twitter_misc":{"Written by":"ulqini","Est. reading time":"3 minutes"},"schema":{"@context":"https:\/\/schema.org","@graph":[{"@type":"WebSite","@id":"https:\/\/www.visit-ulcinj.com\/blog\/#website","url":"https:\/\/www.visit-ulcinj.com\/blog\/","name":"Lajme nga Ulqini","description":"Lajme,Vijesti,Ulqini,Ulqin,Crna Gora,Mali i Zi","potentialAction":[{"@type":"SearchAction","target":{"@type":"EntryPoint","urlTemplate":"https:\/\/www.visit-ulcinj.com\/blog\/?s={search_term_string}"},"query-input":"required name=search_term_string"}],"inLanguage":"en-US"},{"@type":"ImageObject","inLanguage":"en-US","@id":"https:\/\/www.visit-ulcinj.com\/blog\/2012\/02\/06\/beqiri-takoi-nje-delegacion-te-deputeteve-shqiptare-ne-paralamentin-e-malit-te-zi\/#primaryimage","url":"https:\/\/www.visit-ulcinj.com\/blog\/wp-content\/uploads\/2012\/02\/Mehmet-BardhiVasel-SinishtajTahir-TahiriGenci-Nimanbego-ne-Kosove-me-Ismet-Beqirin.jpg","contentUrl":"https:\/\/www.visit-ulcinj.com\/blog\/wp-content\/uploads\/2012\/02\/Mehmet-BardhiVasel-SinishtajTahir-TahiriGenci-Nimanbego-ne-Kosove-me-Ismet-Beqirin.jpg","width":"660","height":"288"},{"@type":"WebPage","@id":"https:\/\/www.visit-ulcinj.com\/blog\/2012\/02\/06\/beqiri-takoi-nje-delegacion-te-deputeteve-shqiptare-ne-paralamentin-e-malit-te-zi\/#webpage","url":"https:\/\/www.visit-ulcinj.com\/blog\/2012\/02\/06\/beqiri-takoi-nje-delegacion-te-deputeteve-shqiptare-ne-paralamentin-e-malit-te-zi\/","name":"Beqiri takoi nj\u00eb delegacion t\u00eb deputet\u00ebve shqiptar\u00eb n\u00eb Paralamentin e Malit t\u00eb Zi - Lajme nga Ulqini","isPartOf":{"@id":"https:\/\/www.visit-ulcinj.com\/blog\/#website"},"primaryImageOfPage":{"@id":"https:\/\/www.visit-ulcinj.com\/blog\/2012\/02\/06\/beqiri-takoi-nje-delegacion-te-deputeteve-shqiptare-ne-paralamentin-e-malit-te-zi\/#primaryimage"},"datePublished":"2012-02-06T18:39:29+00:00","dateModified":"2012-02-06T18:39:29+00:00","author":{"@id":"https:\/\/www.visit-ulcinj.com\/blog\/#\/schema\/person\/dcab619c614d3038751c63bc2aadc06d"},"description":"Prishtin\u00eb, 6 shkurt 2012 \u2013 Kryetari i Grupit Parlamentar\u00eb t\u00eb LDK-s\u00eb, z. Ismet Beqiri, priti nj\u00eb delegacion deputet\u00ebsh shqiptar\u00eb t\u00eb Parlamentit t\u00eb Malit t\u00eb","breadcrumb":{"@id":"https:\/\/www.visit-ulcinj.com\/blog\/2012\/02\/06\/beqiri-takoi-nje-delegacion-te-deputeteve-shqiptare-ne-paralamentin-e-malit-te-zi\/#breadcrumb"},"inLanguage":"en-US","potentialAction":[{"@type":"ReadAction","target":["https:\/\/www.visit-ulcinj.com\/blog\/2012\/02\/06\/beqiri-takoi-nje-delegacion-te-deputeteve-shqiptare-ne-paralamentin-e-malit-te-zi\/"]}]},{"@type":"BreadcrumbList","@id":"https:\/\/www.visit-ulcinj.com\/blog\/2012\/02\/06\/beqiri-takoi-nje-delegacion-te-deputeteve-shqiptare-ne-paralamentin-e-malit-te-zi\/#breadcrumb","itemListElement":[{"@type":"ListItem","position":1,"name":"Beqiri takoi nj\u00eb delegacion t\u00eb deputet\u00ebve shqiptar\u00eb n\u00eb Paralamentin e Malit t\u00eb Zi"}]},{"@type":"Person","@id":"https:\/\/www.visit-ulcinj.com\/blog\/#\/schema\/person\/dcab619c614d3038751c63bc2aadc06d","name":"ulqini","sameAs":["http:\/\/www.visit-ulcinj.com"],"url":"https:\/\/www.visit-ulcinj.com\/blog\/author\/admin\/"}]}},"jetpack_featured_media_url":"","jetpack_sharing_enabled":true,"jetpack_shortlink":"https:\/\/wp.me\/pe6lTn-eRk","_links":{"self":[{"href":"https:\/\/www.visit-ulcinj.com\/blog\/wp-json\/wp\/v2\/posts\/57122"}],"collection":[{"href":"https:\/\/www.visit-ulcinj.com\/blog\/wp-json\/wp\/v2\/posts"}],"about":[{"href":"https:\/\/www.visit-ulcinj.com\/blog\/wp-json\/wp\/v2\/types\/post"}],"author":[{"embeddable":true,"href":"https:\/\/www.visit-ulcinj.com\/blog\/wp-json\/wp\/v2\/users\/1"}],"replies":[{"embeddable":true,"href":"https:\/\/www.visit-ulcinj.com\/blog\/wp-json\/wp\/v2\/comments?post=57122"}],"version-history":[{"count":1,"href":"https:\/\/www.visit-ulcinj.com\/blog\/wp-json\/wp\/v2\/posts\/57122\/revisions"}],"predecessor-version":[{"id":57124,"href":"https:\/\/www.visit-ulcinj.com\/blog\/wp-json\/wp\/v2\/posts\/57122\/revisions\/57124"}],"wp:attachment":[{"href":"https:\/\/www.visit-ulcinj.com\/blog\/wp-json\/wp\/v2\/media?parent=57122"}],"wp:term":[{"taxonomy":"category","embeddable":true,"href":"https:\/\/www.visit-ulcinj.com\/blog\/wp-json\/wp\/v2\/categories?post=57122"},{"taxonomy":"post_tag","embeddable":true,"href":"https:\/\/www.visit-ulcinj.com\/blog\/wp-json\/wp\/v2\/tags?post=57122"}],"curies":[{"name":"wp","href":"https:\/\/api.w.org\/{rel}","templated":true}]}}