{"id":57128,"date":"2012-02-07T19:47:14","date_gmt":"2012-02-07T18:47:14","guid":{"rendered":"http:\/\/www.visit-ulcinj.com\/blog\/?p=57128"},"modified":"2012-02-07T19:47:14","modified_gmt":"2012-02-07T18:47:14","slug":"adzemovic-posledice-snijeznih-padavina-u-ulcinju","status":"publish","type":"post","link":"https:\/\/www.visit-ulcinj.com\/blog\/2012\/02\/07\/adzemovic-posledice-snijeznih-padavina-u-ulcinju\/","title":{"rendered":"Ad\u017eemovi\u0107: Posledice snije\u017enih padavina u Ulcinju"},"content":{"rendered":"<p><strong><a href=\"http:\/\/www.visit-ulcinj.com\/blog\/wp-content\/uploads\/2012\/02\/Valdet-Adzemovic_sekretar-Sekretarijata-za-ekonomiju-Ulcinja.jpg\"><img loading=\"lazy\" class=\"alignleft  wp-image-57129\" title=\"Valdet Adzemovic_sekretar Sekretarijata za ekonomiju Ulcinja\" src=\"http:\/\/www.visit-ulcinj.com\/blog\/wp-content\/uploads\/2012\/02\/Valdet-Adzemovic_sekretar-Sekretarijata-za-ekonomiju-Ulcinja.jpg\" alt=\"\" width=\"350\" height=\"363\" \/><\/a>Uni\u0161teni plastenici<\/strong><\/p>\n<p>ULCINj \u2013 Situacija na podru\u010dju najju\u017enije op\u0161tine je stabilna, svi putevi su prohodni, a u toku je prikupljanje podataka o \u0161tetama koje su obilne snije\u017ene padavine pri\u010dinile poljoprivrednim proizvo\u0111a\u010dima. \u010clan op\u0161tinskog kriznog \u0161taba, ina\u010de sekretar Sekretarijata za ekonomiju Valdet Ad\u017eemovi\u0107 kazao je na\u0161em listu da je ju\u010de upu\u0107en dopis Ministarstvu poljoprivrede o evidentiranim \u0161tetama na plastenicima. Do sada nam je stiglo oko 20 zahtjeva za procjenu \u0161tete, a o\u010dekujemo ih jo\u0161. \u010cim se vremenske prilike stabilizuju uputi\u0107emo ekipe na teren kako bi imali kompletren podatke ko je, gdje i koliku \u0161tetu pretrpio. Na osnovu do sada prikupljenih informacija mo\u017ee se konstatovati da je gotovo potpuno uni\u0161tena plasteni\u010dka proizvodnja. U selu Zoganje potpuno su uni\u0161teni plastenici bra\u0107e Kalezi\u0107 ( oko sedam i po hiljada kvadrata), koji su 2009. godine progla\u0161eni za najve\u0107e proizvo\u0111a\u010de. I drugi proizvo\u0111a\u010de su pretrpjeli veliku \u0161tetu, kazao je Ad\u017eemovi\u0107.<\/p>\n<p><a href=\"http:\/\/www.dan.co.me\/?nivo=3&amp;rubrika=Drustvo&amp;clanak=318768&amp;datum=2012-02-07\" target=\"_blank\"><strong>M.K.<\/strong><br \/>\n<strong> Izvor: DAN<\/strong><\/a><\/p>\n","protected":false},"excerpt":{"rendered":"<p>Uni\u0161teni plastenici ULCINj \u2013 Situacija na podru\u010dju najju\u017enije op\u0161tine je stabilna, svi putevi su prohodni, a u toku je prikupljanje podataka o \u0161tetama koje su obilne snije\u017ene padavine pri\u010dinile poljoprivrednim proizvo\u0111a\u010dima. \u010clan op\u0161tinskog kriznog \u0161taba, ina\u010de sekretar Sekretarijata za ekonomiju Valdet Ad\u017eemovi\u0107 kazao je na\u0161em listu da je ju\u010de upu\u0107en dopis Ministarstvu poljoprivrede o evidentiranim [&hellip;]<\/p>\n","protected":false},"author":1,"featured_media":0,"comment_status":"open","ping_status":"closed","sticky":false,"template":"","format":"standard","meta":{"spay_email":"","jetpack_publicize_message":"","jetpack_is_tweetstorm":false,"jetpack_publicize_feature_enabled":true},"categories":[8337],"tags":[19,14508],"jetpack_publicize_connections":[],"yoast_head":"<!-- This site is optimized with the Yoast SEO plugin v19.1 - https:\/\/yoast.com\/wordpress\/plugins\/seo\/ -->\n<title>Ad\u017eemovi\u0107: Posledice snije\u017enih padavina u Ulcinju - Lajme nga Ulqini<\/title>\n<meta name=\"description\" content=\"Uni\u0161teni plastenici ULCINj \u2013 Situacija na podru\u010dju najju\u017enije op\u0161tine je stabilna, svi putevi su prohodni, a u toku je prikupljanje podataka o \u0161tetama\" \/>\n<meta name=\"robots\" content=\"index, follow, max-snippet:-1, max-image-preview:large, max-video-preview:-1\" \/>\n<link rel=\"canonical\" href=\"https:\/\/www.visit-ulcinj.com\/blog\/2012\/02\/07\/adzemovic-posledice-snijeznih-padavina-u-ulcinju\/\" \/>\n<meta property=\"og:locale\" content=\"en_US\" \/>\n<meta property=\"og:type\" content=\"article\" \/>\n<meta property=\"og:title\" content=\"Ad\u017eemovi\u0107: Posledice snije\u017enih padavina u Ulcinju - Lajme nga Ulqini\" \/>\n<meta property=\"og:description\" content=\"Uni\u0161teni plastenici ULCINj \u2013 Situacija na podru\u010dju najju\u017enije op\u0161tine je stabilna, svi putevi su prohodni, a u toku je prikupljanje podataka o \u0161tetama\" \/>\n<meta property=\"og:url\" content=\"https:\/\/www.visit-ulcinj.com\/blog\/2012\/02\/07\/adzemovic-posledice-snijeznih-padavina-u-ulcinju\/\" \/>\n<meta property=\"og:site_name\" content=\"Lajme nga Ulqini\" \/>\n<meta property=\"article:published_time\" content=\"2012-02-07T18:47:14+00:00\" \/>\n<meta property=\"og:image\" content=\"http:\/\/www.visit-ulcinj.com\/blog\/wp-content\/uploads\/2012\/02\/Valdet-Adzemovic_sekretar-Sekretarijata-za-ekonomiju-Ulcinja.jpg\" \/>\n<meta name=\"twitter:label1\" content=\"Written by\" \/>\n\t<meta name=\"twitter:data1\" content=\"ulqini\" \/>\n\t<meta name=\"twitter:label2\" content=\"Est. reading time\" \/>\n\t<meta name=\"twitter:data2\" content=\"1 minute\" \/>\n<script type=\"application\/ld+json\" class=\"yoast-schema-graph\">{\"@context\":\"https:\/\/schema.org\",\"@graph\":[{\"@type\":\"WebSite\",\"@id\":\"https:\/\/www.visit-ulcinj.com\/blog\/#website\",\"url\":\"https:\/\/www.visit-ulcinj.com\/blog\/\",\"name\":\"Lajme nga Ulqini\",\"description\":\"Lajme,Vijesti,Ulqini,Ulqin,Crna Gora,Mali i Zi\",\"potentialAction\":[{\"@type\":\"SearchAction\",\"target\":{\"@type\":\"EntryPoint\",\"urlTemplate\":\"https:\/\/www.visit-ulcinj.com\/blog\/?s={search_term_string}\"},\"query-input\":\"required name=search_term_string\"}],\"inLanguage\":\"en-US\"},{\"@type\":\"ImageObject\",\"inLanguage\":\"en-US\",\"@id\":\"https:\/\/www.visit-ulcinj.com\/blog\/2012\/02\/07\/adzemovic-posledice-snijeznih-padavina-u-ulcinju\/#primaryimage\",\"url\":\"https:\/\/www.visit-ulcinj.com\/blog\/wp-content\/uploads\/2012\/02\/Valdet-Adzemovic_sekretar-Sekretarijata-za-ekonomiju-Ulcinja.jpg\",\"contentUrl\":\"https:\/\/www.visit-ulcinj.com\/blog\/wp-content\/uploads\/2012\/02\/Valdet-Adzemovic_sekretar-Sekretarijata-za-ekonomiju-Ulcinja.jpg\",\"width\":\"412\",\"height\":\"363\"},{\"@type\":\"WebPage\",\"@id\":\"https:\/\/www.visit-ulcinj.com\/blog\/2012\/02\/07\/adzemovic-posledice-snijeznih-padavina-u-ulcinju\/#webpage\",\"url\":\"https:\/\/www.visit-ulcinj.com\/blog\/2012\/02\/07\/adzemovic-posledice-snijeznih-padavina-u-ulcinju\/\",\"name\":\"Ad\u017eemovi\u0107: Posledice snije\u017enih padavina u Ulcinju - Lajme nga Ulqini\",\"isPartOf\":{\"@id\":\"https:\/\/www.visit-ulcinj.com\/blog\/#website\"},\"primaryImageOfPage\":{\"@id\":\"https:\/\/www.visit-ulcinj.com\/blog\/2012\/02\/07\/adzemovic-posledice-snijeznih-padavina-u-ulcinju\/#primaryimage\"},\"datePublished\":\"2012-02-07T18:47:14+00:00\",\"dateModified\":\"2012-02-07T18:47:14+00:00\",\"author\":{\"@id\":\"https:\/\/www.visit-ulcinj.com\/blog\/#\/schema\/person\/dcab619c614d3038751c63bc2aadc06d\"},\"description\":\"Uni\u0161teni plastenici ULCINj \u2013 Situacija na podru\u010dju najju\u017enije op\u0161tine je stabilna, svi putevi su prohodni, a u toku je prikupljanje podataka o \u0161tetama\",\"breadcrumb\":{\"@id\":\"https:\/\/www.visit-ulcinj.com\/blog\/2012\/02\/07\/adzemovic-posledice-snijeznih-padavina-u-ulcinju\/#breadcrumb\"},\"inLanguage\":\"en-US\",\"potentialAction\":[{\"@type\":\"ReadAction\",\"target\":[\"https:\/\/www.visit-ulcinj.com\/blog\/2012\/02\/07\/adzemovic-posledice-snijeznih-padavina-u-ulcinju\/\"]}]},{\"@type\":\"BreadcrumbList\",\"@id\":\"https:\/\/www.visit-ulcinj.com\/blog\/2012\/02\/07\/adzemovic-posledice-snijeznih-padavina-u-ulcinju\/#breadcrumb\",\"itemListElement\":[{\"@type\":\"ListItem\",\"position\":1,\"name\":\"Ad\u017eemovi\u0107: Posledice snije\u017enih padavina u Ulcinju\"}]},{\"@type\":\"Person\",\"@id\":\"https:\/\/www.visit-ulcinj.com\/blog\/#\/schema\/person\/dcab619c614d3038751c63bc2aadc06d\",\"name\":\"ulqini\",\"sameAs\":[\"http:\/\/www.visit-ulcinj.com\"],\"url\":\"https:\/\/www.visit-ulcinj.com\/blog\/author\/admin\/\"}]}<\/script>\n<!-- \/ Yoast SEO plugin. -->","yoast_head_json":{"title":"Ad\u017eemovi\u0107: Posledice snije\u017enih padavina u Ulcinju - Lajme nga Ulqini","description":"Uni\u0161teni plastenici ULCINj \u2013 Situacija na podru\u010dju najju\u017enije op\u0161tine je stabilna, svi putevi su prohodni, a u toku je prikupljanje podataka o \u0161tetama","robots":{"index":"index","follow":"follow","max-snippet":"max-snippet:-1","max-image-preview":"max-image-preview:large","max-video-preview":"max-video-preview:-1"},"canonical":"https:\/\/www.visit-ulcinj.com\/blog\/2012\/02\/07\/adzemovic-posledice-snijeznih-padavina-u-ulcinju\/","og_locale":"en_US","og_type":"article","og_title":"Ad\u017eemovi\u0107: Posledice snije\u017enih padavina u Ulcinju - Lajme nga Ulqini","og_description":"Uni\u0161teni plastenici ULCINj \u2013 Situacija na podru\u010dju najju\u017enije op\u0161tine je stabilna, svi putevi su prohodni, a u toku je prikupljanje podataka o \u0161tetama","og_url":"https:\/\/www.visit-ulcinj.com\/blog\/2012\/02\/07\/adzemovic-posledice-snijeznih-padavina-u-ulcinju\/","og_site_name":"Lajme nga Ulqini","article_published_time":"2012-02-07T18:47:14+00:00","og_image":[{"url":"http:\/\/www.visit-ulcinj.com\/blog\/wp-content\/uploads\/2012\/02\/Valdet-Adzemovic_sekretar-Sekretarijata-za-ekonomiju-Ulcinja.jpg"}],"twitter_misc":{"Written by":"ulqini","Est. reading time":"1 minute"},"schema":{"@context":"https:\/\/schema.org","@graph":[{"@type":"WebSite","@id":"https:\/\/www.visit-ulcinj.com\/blog\/#website","url":"https:\/\/www.visit-ulcinj.com\/blog\/","name":"Lajme nga Ulqini","description":"Lajme,Vijesti,Ulqini,Ulqin,Crna Gora,Mali i Zi","potentialAction":[{"@type":"SearchAction","target":{"@type":"EntryPoint","urlTemplate":"https:\/\/www.visit-ulcinj.com\/blog\/?s={search_term_string}"},"query-input":"required name=search_term_string"}],"inLanguage":"en-US"},{"@type":"ImageObject","inLanguage":"en-US","@id":"https:\/\/www.visit-ulcinj.com\/blog\/2012\/02\/07\/adzemovic-posledice-snijeznih-padavina-u-ulcinju\/#primaryimage","url":"https:\/\/www.visit-ulcinj.com\/blog\/wp-content\/uploads\/2012\/02\/Valdet-Adzemovic_sekretar-Sekretarijata-za-ekonomiju-Ulcinja.jpg","contentUrl":"https:\/\/www.visit-ulcinj.com\/blog\/wp-content\/uploads\/2012\/02\/Valdet-Adzemovic_sekretar-Sekretarijata-za-ekonomiju-Ulcinja.jpg","width":"412","height":"363"},{"@type":"WebPage","@id":"https:\/\/www.visit-ulcinj.com\/blog\/2012\/02\/07\/adzemovic-posledice-snijeznih-padavina-u-ulcinju\/#webpage","url":"https:\/\/www.visit-ulcinj.com\/blog\/2012\/02\/07\/adzemovic-posledice-snijeznih-padavina-u-ulcinju\/","name":"Ad\u017eemovi\u0107: Posledice snije\u017enih padavina u Ulcinju - Lajme nga Ulqini","isPartOf":{"@id":"https:\/\/www.visit-ulcinj.com\/blog\/#website"},"primaryImageOfPage":{"@id":"https:\/\/www.visit-ulcinj.com\/blog\/2012\/02\/07\/adzemovic-posledice-snijeznih-padavina-u-ulcinju\/#primaryimage"},"datePublished":"2012-02-07T18:47:14+00:00","dateModified":"2012-02-07T18:47:14+00:00","author":{"@id":"https:\/\/www.visit-ulcinj.com\/blog\/#\/schema\/person\/dcab619c614d3038751c63bc2aadc06d"},"description":"Uni\u0161teni plastenici ULCINj \u2013 Situacija na podru\u010dju najju\u017enije op\u0161tine je stabilna, svi putevi su prohodni, a u toku je prikupljanje podataka o \u0161tetama","breadcrumb":{"@id":"https:\/\/www.visit-ulcinj.com\/blog\/2012\/02\/07\/adzemovic-posledice-snijeznih-padavina-u-ulcinju\/#breadcrumb"},"inLanguage":"en-US","potentialAction":[{"@type":"ReadAction","target":["https:\/\/www.visit-ulcinj.com\/blog\/2012\/02\/07\/adzemovic-posledice-snijeznih-padavina-u-ulcinju\/"]}]},{"@type":"BreadcrumbList","@id":"https:\/\/www.visit-ulcinj.com\/blog\/2012\/02\/07\/adzemovic-posledice-snijeznih-padavina-u-ulcinju\/#breadcrumb","itemListElement":[{"@type":"ListItem","position":1,"name":"Ad\u017eemovi\u0107: Posledice snije\u017enih padavina u Ulcinju"}]},{"@type":"Person","@id":"https:\/\/www.visit-ulcinj.com\/blog\/#\/schema\/person\/dcab619c614d3038751c63bc2aadc06d","name":"ulqini","sameAs":["http:\/\/www.visit-ulcinj.com"],"url":"https:\/\/www.visit-ulcinj.com\/blog\/author\/admin\/"}]}},"jetpack_featured_media_url":"","jetpack_sharing_enabled":true,"jetpack_shortlink":"https:\/\/wp.me\/pe6lTn-eRq","_links":{"self":[{"href":"https:\/\/www.visit-ulcinj.com\/blog\/wp-json\/wp\/v2\/posts\/57128"}],"collection":[{"href":"https:\/\/www.visit-ulcinj.com\/blog\/wp-json\/wp\/v2\/posts"}],"about":[{"href":"https:\/\/www.visit-ulcinj.com\/blog\/wp-json\/wp\/v2\/types\/post"}],"author":[{"embeddable":true,"href":"https:\/\/www.visit-ulcinj.com\/blog\/wp-json\/wp\/v2\/users\/1"}],"replies":[{"embeddable":true,"href":"https:\/\/www.visit-ulcinj.com\/blog\/wp-json\/wp\/v2\/comments?post=57128"}],"version-history":[{"count":1,"href":"https:\/\/www.visit-ulcinj.com\/blog\/wp-json\/wp\/v2\/posts\/57128\/revisions"}],"predecessor-version":[{"id":57130,"href":"https:\/\/www.visit-ulcinj.com\/blog\/wp-json\/wp\/v2\/posts\/57128\/revisions\/57130"}],"wp:attachment":[{"href":"https:\/\/www.visit-ulcinj.com\/blog\/wp-json\/wp\/v2\/media?parent=57128"}],"wp:term":[{"taxonomy":"category","embeddable":true,"href":"https:\/\/www.visit-ulcinj.com\/blog\/wp-json\/wp\/v2\/categories?post=57128"},{"taxonomy":"post_tag","embeddable":true,"href":"https:\/\/www.visit-ulcinj.com\/blog\/wp-json\/wp\/v2\/tags?post=57128"}],"curies":[{"name":"wp","href":"https:\/\/api.w.org\/{rel}","templated":true}]}}