{"id":57131,"date":"2012-02-08T18:21:02","date_gmt":"2012-02-08T17:21:02","guid":{"rendered":"http:\/\/www.visit-ulcinj.com\/blog\/?p=57131"},"modified":"2012-02-09T18:28:38","modified_gmt":"2012-02-09T17:28:38","slug":"bashkesia-islame-e-ulqinit-kremton-ditelindjen-e-profetit-muhammed-a-s","status":"publish","type":"post","link":"https:\/\/www.visit-ulcinj.com\/blog\/2012\/02\/08\/bashkesia-islame-e-ulqinit-kremton-ditelindjen-e-profetit-muhammed-a-s\/","title":{"rendered":"Bashk\u00ebsia Islame e Ulqinit kremton ditelindjen e Profetit Muhammed a.s."},"content":{"rendered":"<p><a href=\"http:\/\/www.visit-ulcinj.com\/blog\/wp-content\/uploads\/2012\/02\/Bashk\u00ebsia-Islame-e-Ulqinit.jpg\"><img loading=\"lazy\" class=\"alignleft  wp-image-57132\" title=\"Bashk\u00ebsia Islame e Ulqinit\" src=\"http:\/\/www.visit-ulcinj.com\/blog\/wp-content\/uploads\/2012\/02\/Bashk\u00ebsia-Islame-e-Ulqinit.jpg\" alt=\"\" width=\"508\" height=\"300\" \/><\/a>N\u00eb vler\u00ebsim t\u00eb k\u00ebsaj date t\u00eb sh\u00ebnuar \u00a0t\u00eb ditlindjes t\u00eb Profetit Muhammed a.s,t\u00eb shtunen mbrama n\u00eb Qendren p\u00ebr Kultur\u00eb n\u00eb Ulqin \u00a0u kremtua \u00a0nj\u00eb nga dit\u00ebt m\u00eb t\u00eb g\u00ebzuara p\u00ebr mysliman\u00ebt e mbar\u00eb bot\u00ebs. Kjo pasi n\u00eb k\u00ebt\u00eb dit\u00eb ka lindur m\u00ebshira dhe drita e njer\u00ebzimit, Muhamedi (a.s).<br \/>\nMbare bota islame do te perkujtoje diten e shtune 1380 vjetorin e lindjes se profetit Muhamed. Ne kuader te kesaj ngjarjeje te shenuar per muslimanet e\u00a0 Ulqinit u organizua nj\u00eb ceremoni nga Bashk\u00ebsia Islame e Ulqinit.<\/p>\n<p>N\u00eb ceremonin\u00eb e rastit merrnin pjes\u00eb imam\u00eb dhe p\u00ebrfaq\u00ebsues t\u00eb lart\u00eb t\u00eb nga komuna e Ulqinit,kryetari Nazif Cungu.Fjal\u00ebn p\u00ebrsh\u00ebndet\u00ebse e\u00a0 mbajti Rifat ef. Jusufi u.d.kryeimami i BI-U.<\/p>\n<p>N\u00eb vijim, kryeimami i Ulqinit efendi Rifat Jusufi ,uroi besimtar\u00ebt p\u00ebr k\u00ebt\u00eb dit\u00eb g\u00ebzimi,ku \u00a0tha: \u201cMuhamedin (a.s.) e kujtojm\u00eb \u00e7do dit\u00eb pasi n\u00eb jet\u00ebn e tij gjejm\u00eb veten ton\u00eb. Jeta e tij p\u00ebrb\u00ebn nj\u00eb burim vlerash t\u00eb pashtershme t\u00eb cilat jan\u00eb tep\u00ebr t\u00eb r\u00ebnd\u00ebsishme e t\u00eb nevojshme p\u00ebr ne si besimtar\u00eb.\u201d<\/p>\n<p>Besimtar\u00ebt e mbledhur n\u00eb Qendren p\u00ebr Kultur\u00eb n\u00eb Ulqin, jan\u00eb shp\u00ebrblyer me d\u00ebgjimin e Mevludit, poezi dhe ilahi t\u00eb zgjedhura.<br \/>\nLigj\u00ebrat\u00ebn e ka mbajtur teologu i ftuari nga Tirana mr.Sabahudin Jashari tema ishte &#8220;Profeti Muhammed a.s zgjidhje e problemeve tona&#8221; tre pjes\u00eb nga mevludit jan\u00eb k\u00ebnduar nga teolog\u00ebt Besim Cura,Alban Kali i ftuar nga Shkodra dhe Ali Bardhi.Ilahit\u00eb jan\u00eb k\u00ebnduar vet\u00ebm nga solist\u00ebt e korit t\u00eb BI-U.gjegjsisht nga Anida Kollari dhe nga ilderina Ukoshata&amp;Nehrudina Fici.<\/p>\n<p>Nx\u00ebn\u00ebsit m\u00eb t\u00eb mir\u00eb Nejra Mujali,Albana Hoxha dhe Edona Karramanaga<\/p>\n<p>Skenari i mbr\u00ebmjes fetare me rastin e dit\u00eblindjes s\u00eb Muhammedit a.s<br \/>\n1. -Ashere(L\u00ebximi i pjes\u00ebs nga Kur\u2019ani) nga teologu z.Ali Bardhi<br \/>\n2. Fjala hyr\u00ebse e prezantueses (Anida Kollari)<br \/>\n3. U.d.Kryeimami Rifat ef.Jusufi mban fjal\u00ebn p\u00ebrsh\u00ebndet\u00ebse<br \/>\n4. z.Sabahudin Jashari mban ligj\u00ebrat\u00ebn<br \/>\n5. Prezantuesja prezanton prog.n\u00eb vazhdim.<br \/>\nProgramin e vazhdojm\u00eb me k\u00ebndimin e pjes\u00ebve t\u00eb mevludit dhe ilahive ku s\u00eb pari pjes\u00ebn e par\u00eb do ta interpretoj\u00eb teologu z.Besim ef.Cura,pastaj ilahin\u00eb \u201cJa Muhammed\u201d do ta interpretoj\u00eb Anida Kollari,pjes\u00ebn e dyt\u00eb t\u00eb mevludit do ta interpretoj\u00eb i ftuari yn\u00eb i nderuar nga Shkodra teologu z.Alban Kali duke pasuar me ilahin \u201cAhmed o Muhammed\u201dt\u00eb interpretuar nga Ilderina Ukoshata dhe Nehrudina Fici,pjes\u00ebn e tret\u00eb t\u00eb mevludit do ta interpretoj\u00eb teologu z.Ali Bardhi ilahin\u00eb \u201cKemi ardh n\u00eb k\u00ebt dynja\u201d z.Alban Kali dhe vjersh\u00ebn e titulluar \u201cAll-llahut\u201d do ta recitoj\u00eb Zyli Ardoliq.<\/p>\n<p>Prezantuesja prezanton tre nx\u00ebn\u00ebsit m\u00eb t\u00eb mir\u00eb dhe fton personalitetet e zgjedhur p\u00ebr t\u00eb dh\u00ebn\u00eb shp\u00ebrblimet.<br \/>\nMegjith\u00ebse ishte tep\u00ebr e v\u00ebshtir\u00eb t\u00eb zgjidhen m\u00eb t\u00eb mir\u00ebt sepse ka patur nj\u00eb num\u00ebr t\u00eb konsiderueshem t\u00eb nx\u00ebn\u00ebsve t\u00eb shk\u00eblqyeshem.Tre nx\u00ebn\u00ebsit m\u00eb t\u00eb mir\u00eb jan\u00eb:<br \/>\nN\u00eb vendin e par\u00eb , Nejra Mujali.<br \/>\nN\u00eb vendin e dyt\u00eb , Albana Hoxha<br \/>\nDhe n\u00eb vendin e tret\u00eb, Edona Karramanaga<br \/>\nJemi shum\u00eb mir\u00ebnjoh\u00ebs Bashk\u00ebsis\u00eb Islame t\u00eb Ulqinit dhe firm\u00ebs \u201cTula Company\u201d q\u00eb b\u00ebn\u00eb t\u00eb mundur shp\u00ebrblimin e k\u00ebtyre nx\u00ebn\u00ebsve.<\/p>\n<p>Prezantuesja mbyll programin<br \/>\n\n\t\t<style type=\"text\/css\">\n\t\t\t#gallery-1 {\n\t\t\t\tmargin: auto;\n\t\t\t}\n\t\t\t#gallery-1 .gallery-item {\n\t\t\t\tfloat: left;\n\t\t\t\tmargin-top: 10px;\n\t\t\t\ttext-align: center;\n\t\t\t\twidth: 33%;\n\t\t\t}\n\t\t\t#gallery-1 img {\n\t\t\t\tborder: 2px solid #cfcfcf;\n\t\t\t}\n\t\t\t#gallery-1 .gallery-caption {\n\t\t\t\tmargin-left: 0;\n\t\t\t}\n\t\t\t\/* see gallery_shortcode() in wp-includes\/media.php *\/\n\t\t<\/style>\n\t\t<div id='gallery-1' class='gallery galleryid-57131 gallery-columns-3 gallery-size-thumbnail'><dl class='gallery-item'>\n\t\t\t<dt class='gallery-icon landscape'>\n\t\t\t\t<a href='https:\/\/www.visit-ulcinj.com\/blog\/wp-content\/uploads\/2012\/02\/Bashk\u00ebsia-Islame-e-Ulqinit.jpg'><img width=\"150\" height=\"150\" src=\"https:\/\/www.visit-ulcinj.com\/blog\/wp-content\/uploads\/2012\/02\/Bashk\u00ebsia-Islame-e-Ulqinit-150x150.jpg\" class=\"attachment-thumbnail size-thumbnail\" alt=\"\" loading=\"lazy\" \/><\/a>\n\t\t\t<\/dt><\/dl><dl class='gallery-item'>\n\t\t\t<dt class='gallery-icon landscape'>\n\t\t\t\t<a href='https:\/\/www.visit-ulcinj.com\/blog\/wp-content\/uploads\/2012\/02\/Bashk\u00ebsia-Islame-e-Ulqinit.1.jpg'><img width=\"150\" height=\"150\" src=\"https:\/\/www.visit-ulcinj.com\/blog\/wp-content\/uploads\/2012\/02\/Bashk\u00ebsia-Islame-e-Ulqinit.1-150x150.jpg\" class=\"attachment-thumbnail size-thumbnail\" alt=\"\" loading=\"lazy\" \/><\/a>\n\t\t\t<\/dt><\/dl><dl class='gallery-item'>\n\t\t\t<dt class='gallery-icon landscape'>\n\t\t\t\t<a href='https:\/\/www.visit-ulcinj.com\/blog\/wp-content\/uploads\/2012\/02\/Bashk\u00ebsia-Islame-e-Ulqinit.2.jpg'><img width=\"150\" height=\"150\" src=\"https:\/\/www.visit-ulcinj.com\/blog\/wp-content\/uploads\/2012\/02\/Bashk\u00ebsia-Islame-e-Ulqinit.2-150x150.jpg\" class=\"attachment-thumbnail size-thumbnail\" alt=\"\" loading=\"lazy\" \/><\/a>\n\t\t\t<\/dt><\/dl><br style=\"clear: both\" \/><dl class='gallery-item'>\n\t\t\t<dt class='gallery-icon landscape'>\n\t\t\t\t<a href='https:\/\/www.visit-ulcinj.com\/blog\/wp-content\/uploads\/2012\/02\/Bashk\u00ebsia-Islame-e-Ulqinit.3.jpg'><img width=\"150\" height=\"150\" src=\"https:\/\/www.visit-ulcinj.com\/blog\/wp-content\/uploads\/2012\/02\/Bashk\u00ebsia-Islame-e-Ulqinit.3-150x150.jpg\" class=\"attachment-thumbnail size-thumbnail\" alt=\"\" loading=\"lazy\" \/><\/a>\n\t\t\t<\/dt><\/dl><dl class='gallery-item'>\n\t\t\t<dt class='gallery-icon landscape'>\n\t\t\t\t<a href='https:\/\/www.visit-ulcinj.com\/blog\/wp-content\/uploads\/2012\/02\/Bashk\u00ebsia-Islame-e-Ulqinit.4.jpg'><img width=\"150\" height=\"150\" src=\"https:\/\/www.visit-ulcinj.com\/blog\/wp-content\/uploads\/2012\/02\/Bashk\u00ebsia-Islame-e-Ulqinit.4-150x150.jpg\" class=\"attachment-thumbnail size-thumbnail\" alt=\"\" loading=\"lazy\" \/><\/a>\n\t\t\t<\/dt><\/dl><dl class='gallery-item'>\n\t\t\t<dt class='gallery-icon landscape'>\n\t\t\t\t<a href='https:\/\/www.visit-ulcinj.com\/blog\/wp-content\/uploads\/2012\/02\/Bashk\u00ebsia-Islame-e-Ulqinit.5.jpg'><img width=\"150\" height=\"150\" src=\"https:\/\/www.visit-ulcinj.com\/blog\/wp-content\/uploads\/2012\/02\/Bashk\u00ebsia-Islame-e-Ulqinit.5-150x150.jpg\" class=\"attachment-thumbnail size-thumbnail\" alt=\"\" loading=\"lazy\" \/><\/a>\n\t\t\t<\/dt><\/dl><br style=\"clear: both\" \/><dl class='gallery-item'>\n\t\t\t<dt class='gallery-icon landscape'>\n\t\t\t\t<a href='https:\/\/www.visit-ulcinj.com\/blog\/wp-content\/uploads\/2012\/02\/Bashk\u00ebsia-Islame-e-Ulqinit.6.jpg'><img width=\"150\" height=\"150\" src=\"https:\/\/www.visit-ulcinj.com\/blog\/wp-content\/uploads\/2012\/02\/Bashk\u00ebsia-Islame-e-Ulqinit.6-150x150.jpg\" class=\"attachment-thumbnail size-thumbnail\" alt=\"\" loading=\"lazy\" \/><\/a>\n\t\t\t<\/dt><\/dl><dl class='gallery-item'>\n\t\t\t<dt class='gallery-icon landscape'>\n\t\t\t\t<a href='https:\/\/www.visit-ulcinj.com\/blog\/wp-content\/uploads\/2012\/02\/Bashk\u00ebsia-Islame-e-Ulqinit.7.jpg'><img width=\"150\" height=\"150\" src=\"https:\/\/www.visit-ulcinj.com\/blog\/wp-content\/uploads\/2012\/02\/Bashk\u00ebsia-Islame-e-Ulqinit.7-150x150.jpg\" class=\"attachment-thumbnail size-thumbnail\" alt=\"\" loading=\"lazy\" \/><\/a>\n\t\t\t<\/dt><\/dl><dl class='gallery-item'>\n\t\t\t<dt class='gallery-icon landscape'>\n\t\t\t\t<a href='https:\/\/www.visit-ulcinj.com\/blog\/wp-content\/uploads\/2012\/02\/Bashk\u00ebsia-Islame-e-Ulqinit.8.jpg'><img width=\"150\" height=\"150\" src=\"https:\/\/www.visit-ulcinj.com\/blog\/wp-content\/uploads\/2012\/02\/Bashk\u00ebsia-Islame-e-Ulqinit.8-150x150.jpg\" class=\"attachment-thumbnail size-thumbnail\" alt=\"\" loading=\"lazy\" \/><\/a>\n\t\t\t<\/dt><\/dl><br style=\"clear: both\" \/><dl class='gallery-item'>\n\t\t\t<dt class='gallery-icon landscape'>\n\t\t\t\t<a href='https:\/\/www.visit-ulcinj.com\/blog\/wp-content\/uploads\/2012\/02\/Bashk\u00ebsia-Islame-e-Ulqinit.9.jpg'><img width=\"150\" height=\"150\" src=\"https:\/\/www.visit-ulcinj.com\/blog\/wp-content\/uploads\/2012\/02\/Bashk\u00ebsia-Islame-e-Ulqinit.9-150x150.jpg\" class=\"attachment-thumbnail size-thumbnail\" alt=\"\" loading=\"lazy\" \/><\/a>\n\t\t\t<\/dt><\/dl><dl class='gallery-item'>\n\t\t\t<dt class='gallery-icon landscape'>\n\t\t\t\t<a href='https:\/\/www.visit-ulcinj.com\/blog\/wp-content\/uploads\/2012\/02\/Bashk\u00ebsia-Islame-e-Ulqinit.10.jpg'><img width=\"150\" height=\"150\" src=\"https:\/\/www.visit-ulcinj.com\/blog\/wp-content\/uploads\/2012\/02\/Bashk\u00ebsia-Islame-e-Ulqinit.10-150x150.jpg\" class=\"attachment-thumbnail size-thumbnail\" alt=\"\" loading=\"lazy\" \/><\/a>\n\t\t\t<\/dt><\/dl><dl class='gallery-item'>\n\t\t\t<dt class='gallery-icon portrait'>\n\t\t\t\t<a href='https:\/\/www.visit-ulcinj.com\/blog\/wp-content\/uploads\/2012\/02\/Bashk\u00ebsia-Islame-e-Ulqinit.11.jpg'><img width=\"150\" height=\"150\" src=\"https:\/\/www.visit-ulcinj.com\/blog\/wp-content\/uploads\/2012\/02\/Bashk\u00ebsia-Islame-e-Ulqinit.11-150x150.jpg\" class=\"attachment-thumbnail size-thumbnail\" alt=\"\" loading=\"lazy\" \/><\/a>\n\t\t\t<\/dt><\/dl><br style=\"clear: both\" \/><dl class='gallery-item'>\n\t\t\t<dt class='gallery-icon landscape'>\n\t\t\t\t<a href='https:\/\/www.visit-ulcinj.com\/blog\/wp-content\/uploads\/2012\/02\/Bashk\u00ebsia-Islame-e-Ulqinit.12.jpg'><img width=\"150\" height=\"150\" src=\"https:\/\/www.visit-ulcinj.com\/blog\/wp-content\/uploads\/2012\/02\/Bashk\u00ebsia-Islame-e-Ulqinit.12-150x150.jpg\" class=\"attachment-thumbnail size-thumbnail\" alt=\"\" loading=\"lazy\" \/><\/a>\n\t\t\t<\/dt><\/dl><dl class='gallery-item'>\n\t\t\t<dt class='gallery-icon landscape'>\n\t\t\t\t<a href='https:\/\/www.visit-ulcinj.com\/blog\/wp-content\/uploads\/2012\/02\/Bashk\u00ebsia-Islame-e-Ulqinit.13.jpg'><img width=\"150\" height=\"150\" src=\"https:\/\/www.visit-ulcinj.com\/blog\/wp-content\/uploads\/2012\/02\/Bashk\u00ebsia-Islame-e-Ulqinit.13-150x150.jpg\" class=\"attachment-thumbnail size-thumbnail\" alt=\"\" loading=\"lazy\" \/><\/a>\n\t\t\t<\/dt><\/dl><dl class='gallery-item'>\n\t\t\t<dt class='gallery-icon landscape'>\n\t\t\t\t<a href='https:\/\/www.visit-ulcinj.com\/blog\/wp-content\/uploads\/2012\/02\/Bashk\u00ebsia-Islame-e-Ulqinit.14.jpg'><img width=\"150\" height=\"150\" src=\"https:\/\/www.visit-ulcinj.com\/blog\/wp-content\/uploads\/2012\/02\/Bashk\u00ebsia-Islame-e-Ulqinit.14-150x150.jpg\" class=\"attachment-thumbnail size-thumbnail\" alt=\"\" loading=\"lazy\" \/><\/a>\n\t\t\t<\/dt><\/dl><br style=\"clear: both\" \/><dl class='gallery-item'>\n\t\t\t<dt class='gallery-icon landscape'>\n\t\t\t\t<a href='https:\/\/www.visit-ulcinj.com\/blog\/wp-content\/uploads\/2012\/02\/Bashk\u00ebsia-Islame-e-Ulqinit.15.jpg'><img width=\"150\" height=\"150\" src=\"https:\/\/www.visit-ulcinj.com\/blog\/wp-content\/uploads\/2012\/02\/Bashk\u00ebsia-Islame-e-Ulqinit.15-150x150.jpg\" class=\"attachment-thumbnail size-thumbnail\" alt=\"\" loading=\"lazy\" \/><\/a>\n\t\t\t<\/dt><\/dl><dl class='gallery-item'>\n\t\t\t<dt class='gallery-icon landscape'>\n\t\t\t\t<a href='https:\/\/www.visit-ulcinj.com\/blog\/wp-content\/uploads\/2012\/02\/Bashk\u00ebsia-Islame-e-Ulqinit.16.jpg'><img width=\"150\" height=\"150\" src=\"https:\/\/www.visit-ulcinj.com\/blog\/wp-content\/uploads\/2012\/02\/Bashk\u00ebsia-Islame-e-Ulqinit.16-150x150.jpg\" class=\"attachment-thumbnail size-thumbnail\" alt=\"\" loading=\"lazy\" \/><\/a>\n\t\t\t<\/dt><\/dl><dl class='gallery-item'>\n\t\t\t<dt class='gallery-icon landscape'>\n\t\t\t\t<a href='https:\/\/www.visit-ulcinj.com\/blog\/wp-content\/uploads\/2012\/02\/Bashk\u00ebsia-Islame-e-Ulqinit.17.jpg'><img width=\"150\" height=\"150\" src=\"https:\/\/www.visit-ulcinj.com\/blog\/wp-content\/uploads\/2012\/02\/Bashk\u00ebsia-Islame-e-Ulqinit.17-150x150.jpg\" class=\"attachment-thumbnail size-thumbnail\" alt=\"\" loading=\"lazy\" \/><\/a>\n\t\t\t<\/dt><\/dl><br style=\"clear: both\" \/>\n\t\t<\/div>\n<\/p>\n<p>&nbsp;<\/p>\n","protected":false},"excerpt":{"rendered":"<p>N\u00eb vler\u00ebsim t\u00eb k\u00ebsaj date t\u00eb sh\u00ebnuar \u00a0t\u00eb ditlindjes t\u00eb Profetit Muhammed a.s,t\u00eb shtunen mbrama n\u00eb Qendren p\u00ebr Kultur\u00eb n\u00eb Ulqin \u00a0u kremtua \u00a0nj\u00eb nga dit\u00ebt m\u00eb t\u00eb g\u00ebzuara p\u00ebr mysliman\u00ebt e mbar\u00eb bot\u00ebs. Kjo pasi n\u00eb k\u00ebt\u00eb dit\u00eb ka lindur m\u00ebshira dhe drita e njer\u00ebzimit, Muhamedi (a.s). Mbare bota islame do te perkujtoje diten [&hellip;]<\/p>\n","protected":false},"author":1,"featured_media":0,"comment_status":"closed","ping_status":"closed","sticky":false,"template":"","format":"standard","meta":{"spay_email":"","jetpack_publicize_message":"","jetpack_is_tweetstorm":false,"jetpack_publicize_feature_enabled":true},"categories":[1,11],"tags":[5029,200,18],"jetpack_publicize_connections":[],"yoast_head":"<!-- This site is optimized with the Yoast SEO plugin v19.1 - https:\/\/yoast.com\/wordpress\/plugins\/seo\/ -->\n<title>Bashk\u00ebsia Islame e Ulqinit kremton ditelindjen e Profetit Muhammed a.s. - Lajme nga Ulqini<\/title>\n<meta name=\"description\" content=\"N\u00eb vler\u00ebsim t\u00eb k\u00ebsaj date t\u00eb sh\u00ebnuar \u00a0t\u00eb ditlindjes t\u00eb Profetit Muhammed a.s,t\u00eb shtunen mbrama n\u00eb Qendren p\u00ebr Kultur\u00eb n\u00eb Ulqin \u00a0u kremtua \u00a0nj\u00eb nga dit\u00ebt\" \/>\n<meta name=\"robots\" content=\"index, follow, max-snippet:-1, max-image-preview:large, max-video-preview:-1\" \/>\n<link rel=\"canonical\" href=\"https:\/\/www.visit-ulcinj.com\/blog\/2012\/02\/08\/bashkesia-islame-e-ulqinit-kremton-ditelindjen-e-profetit-muhammed-a-s\/\" \/>\n<meta property=\"og:locale\" content=\"en_US\" \/>\n<meta property=\"og:type\" content=\"article\" \/>\n<meta property=\"og:title\" content=\"Bashk\u00ebsia Islame e Ulqinit kremton ditelindjen e Profetit Muhammed a.s. - Lajme nga Ulqini\" \/>\n<meta property=\"og:description\" content=\"N\u00eb vler\u00ebsim t\u00eb k\u00ebsaj date t\u00eb sh\u00ebnuar \u00a0t\u00eb ditlindjes t\u00eb Profetit Muhammed a.s,t\u00eb shtunen mbrama n\u00eb Qendren p\u00ebr Kultur\u00eb n\u00eb Ulqin \u00a0u kremtua \u00a0nj\u00eb nga dit\u00ebt\" \/>\n<meta property=\"og:url\" content=\"https:\/\/www.visit-ulcinj.com\/blog\/2012\/02\/08\/bashkesia-islame-e-ulqinit-kremton-ditelindjen-e-profetit-muhammed-a-s\/\" \/>\n<meta property=\"og:site_name\" content=\"Lajme nga Ulqini\" \/>\n<meta property=\"article:published_time\" content=\"2012-02-08T17:21:02+00:00\" \/>\n<meta property=\"article:modified_time\" content=\"2012-02-09T17:28:38+00:00\" \/>\n<meta property=\"og:image\" content=\"https:\/\/www.visit-ulcinj.com\/blog\/wp-content\/uploads\/2012\/02\/Bashk\u00ebsia-Islame-e-Ulqinit-150x150.jpg\" \/>\n<meta name=\"twitter:label1\" content=\"Written by\" \/>\n\t<meta name=\"twitter:data1\" content=\"ulqini\" \/>\n\t<meta name=\"twitter:label2\" content=\"Est. reading time\" \/>\n\t<meta name=\"twitter:data2\" content=\"3 minutes\" \/>\n<script type=\"application\/ld+json\" class=\"yoast-schema-graph\">{\"@context\":\"https:\/\/schema.org\",\"@graph\":[{\"@type\":\"WebSite\",\"@id\":\"https:\/\/www.visit-ulcinj.com\/blog\/#website\",\"url\":\"https:\/\/www.visit-ulcinj.com\/blog\/\",\"name\":\"Lajme nga Ulqini\",\"description\":\"Lajme,Vijesti,Ulqini,Ulqin,Crna Gora,Mali i Zi\",\"potentialAction\":[{\"@type\":\"SearchAction\",\"target\":{\"@type\":\"EntryPoint\",\"urlTemplate\":\"https:\/\/www.visit-ulcinj.com\/blog\/?s={search_term_string}\"},\"query-input\":\"required name=search_term_string\"}],\"inLanguage\":\"en-US\"},{\"@type\":\"WebPage\",\"@id\":\"https:\/\/www.visit-ulcinj.com\/blog\/2012\/02\/08\/bashkesia-islame-e-ulqinit-kremton-ditelindjen-e-profetit-muhammed-a-s\/#webpage\",\"url\":\"https:\/\/www.visit-ulcinj.com\/blog\/2012\/02\/08\/bashkesia-islame-e-ulqinit-kremton-ditelindjen-e-profetit-muhammed-a-s\/\",\"name\":\"Bashk\u00ebsia Islame e Ulqinit kremton ditelindjen e Profetit Muhammed a.s. - Lajme nga Ulqini\",\"isPartOf\":{\"@id\":\"https:\/\/www.visit-ulcinj.com\/blog\/#website\"},\"datePublished\":\"2012-02-08T17:21:02+00:00\",\"dateModified\":\"2012-02-09T17:28:38+00:00\",\"author\":{\"@id\":\"https:\/\/www.visit-ulcinj.com\/blog\/#\/schema\/person\/dcab619c614d3038751c63bc2aadc06d\"},\"description\":\"N\u00eb vler\u00ebsim t\u00eb k\u00ebsaj date t\u00eb sh\u00ebnuar \u00a0t\u00eb ditlindjes t\u00eb Profetit Muhammed a.s,t\u00eb shtunen mbrama n\u00eb Qendren p\u00ebr Kultur\u00eb n\u00eb Ulqin \u00a0u kremtua \u00a0nj\u00eb nga dit\u00ebt\",\"breadcrumb\":{\"@id\":\"https:\/\/www.visit-ulcinj.com\/blog\/2012\/02\/08\/bashkesia-islame-e-ulqinit-kremton-ditelindjen-e-profetit-muhammed-a-s\/#breadcrumb\"},\"inLanguage\":\"en-US\",\"potentialAction\":[{\"@type\":\"ReadAction\",\"target\":[\"https:\/\/www.visit-ulcinj.com\/blog\/2012\/02\/08\/bashkesia-islame-e-ulqinit-kremton-ditelindjen-e-profetit-muhammed-a-s\/\"]}]},{\"@type\":\"BreadcrumbList\",\"@id\":\"https:\/\/www.visit-ulcinj.com\/blog\/2012\/02\/08\/bashkesia-islame-e-ulqinit-kremton-ditelindjen-e-profetit-muhammed-a-s\/#breadcrumb\",\"itemListElement\":[{\"@type\":\"ListItem\",\"position\":1,\"name\":\"Bashk\u00ebsia Islame e Ulqinit kremton ditelindjen e Profetit Muhammed a.s.\"}]},{\"@type\":\"Person\",\"@id\":\"https:\/\/www.visit-ulcinj.com\/blog\/#\/schema\/person\/dcab619c614d3038751c63bc2aadc06d\",\"name\":\"ulqini\",\"sameAs\":[\"http:\/\/www.visit-ulcinj.com\"],\"url\":\"https:\/\/www.visit-ulcinj.com\/blog\/author\/admin\/\"}]}<\/script>\n<!-- \/ Yoast SEO plugin. -->","yoast_head_json":{"title":"Bashk\u00ebsia Islame e Ulqinit kremton ditelindjen e Profetit Muhammed a.s. - Lajme nga Ulqini","description":"N\u00eb vler\u00ebsim t\u00eb k\u00ebsaj date t\u00eb sh\u00ebnuar \u00a0t\u00eb ditlindjes t\u00eb Profetit Muhammed a.s,t\u00eb shtunen mbrama n\u00eb Qendren p\u00ebr Kultur\u00eb n\u00eb Ulqin \u00a0u kremtua \u00a0nj\u00eb nga dit\u00ebt","robots":{"index":"index","follow":"follow","max-snippet":"max-snippet:-1","max-image-preview":"max-image-preview:large","max-video-preview":"max-video-preview:-1"},"canonical":"https:\/\/www.visit-ulcinj.com\/blog\/2012\/02\/08\/bashkesia-islame-e-ulqinit-kremton-ditelindjen-e-profetit-muhammed-a-s\/","og_locale":"en_US","og_type":"article","og_title":"Bashk\u00ebsia Islame e Ulqinit kremton ditelindjen e Profetit Muhammed a.s. - Lajme nga Ulqini","og_description":"N\u00eb vler\u00ebsim t\u00eb k\u00ebsaj date t\u00eb sh\u00ebnuar \u00a0t\u00eb ditlindjes t\u00eb Profetit Muhammed a.s,t\u00eb shtunen mbrama n\u00eb Qendren p\u00ebr Kultur\u00eb n\u00eb Ulqin \u00a0u kremtua \u00a0nj\u00eb nga dit\u00ebt","og_url":"https:\/\/www.visit-ulcinj.com\/blog\/2012\/02\/08\/bashkesia-islame-e-ulqinit-kremton-ditelindjen-e-profetit-muhammed-a-s\/","og_site_name":"Lajme nga Ulqini","article_published_time":"2012-02-08T17:21:02+00:00","article_modified_time":"2012-02-09T17:28:38+00:00","og_image":[{"url":"https:\/\/www.visit-ulcinj.com\/blog\/wp-content\/uploads\/2012\/02\/Bashk\u00ebsia-Islame-e-Ulqinit-150x150.jpg"}],"twitter_misc":{"Written by":"ulqini","Est. reading time":"3 minutes"},"schema":{"@context":"https:\/\/schema.org","@graph":[{"@type":"WebSite","@id":"https:\/\/www.visit-ulcinj.com\/blog\/#website","url":"https:\/\/www.visit-ulcinj.com\/blog\/","name":"Lajme nga Ulqini","description":"Lajme,Vijesti,Ulqini,Ulqin,Crna Gora,Mali i Zi","potentialAction":[{"@type":"SearchAction","target":{"@type":"EntryPoint","urlTemplate":"https:\/\/www.visit-ulcinj.com\/blog\/?s={search_term_string}"},"query-input":"required name=search_term_string"}],"inLanguage":"en-US"},{"@type":"WebPage","@id":"https:\/\/www.visit-ulcinj.com\/blog\/2012\/02\/08\/bashkesia-islame-e-ulqinit-kremton-ditelindjen-e-profetit-muhammed-a-s\/#webpage","url":"https:\/\/www.visit-ulcinj.com\/blog\/2012\/02\/08\/bashkesia-islame-e-ulqinit-kremton-ditelindjen-e-profetit-muhammed-a-s\/","name":"Bashk\u00ebsia Islame e Ulqinit kremton ditelindjen e Profetit Muhammed a.s. - Lajme nga Ulqini","isPartOf":{"@id":"https:\/\/www.visit-ulcinj.com\/blog\/#website"},"datePublished":"2012-02-08T17:21:02+00:00","dateModified":"2012-02-09T17:28:38+00:00","author":{"@id":"https:\/\/www.visit-ulcinj.com\/blog\/#\/schema\/person\/dcab619c614d3038751c63bc2aadc06d"},"description":"N\u00eb vler\u00ebsim t\u00eb k\u00ebsaj date t\u00eb sh\u00ebnuar \u00a0t\u00eb ditlindjes t\u00eb Profetit Muhammed a.s,t\u00eb shtunen mbrama n\u00eb Qendren p\u00ebr Kultur\u00eb n\u00eb Ulqin \u00a0u kremtua \u00a0nj\u00eb nga dit\u00ebt","breadcrumb":{"@id":"https:\/\/www.visit-ulcinj.com\/blog\/2012\/02\/08\/bashkesia-islame-e-ulqinit-kremton-ditelindjen-e-profetit-muhammed-a-s\/#breadcrumb"},"inLanguage":"en-US","potentialAction":[{"@type":"ReadAction","target":["https:\/\/www.visit-ulcinj.com\/blog\/2012\/02\/08\/bashkesia-islame-e-ulqinit-kremton-ditelindjen-e-profetit-muhammed-a-s\/"]}]},{"@type":"BreadcrumbList","@id":"https:\/\/www.visit-ulcinj.com\/blog\/2012\/02\/08\/bashkesia-islame-e-ulqinit-kremton-ditelindjen-e-profetit-muhammed-a-s\/#breadcrumb","itemListElement":[{"@type":"ListItem","position":1,"name":"Bashk\u00ebsia Islame e Ulqinit kremton ditelindjen e Profetit Muhammed a.s."}]},{"@type":"Person","@id":"https:\/\/www.visit-ulcinj.com\/blog\/#\/schema\/person\/dcab619c614d3038751c63bc2aadc06d","name":"ulqini","sameAs":["http:\/\/www.visit-ulcinj.com"],"url":"https:\/\/www.visit-ulcinj.com\/blog\/author\/admin\/"}]}},"jetpack_featured_media_url":"","jetpack_sharing_enabled":true,"jetpack_shortlink":"https:\/\/wp.me\/pe6lTn-eRt","_links":{"self":[{"href":"https:\/\/www.visit-ulcinj.com\/blog\/wp-json\/wp\/v2\/posts\/57131"}],"collection":[{"href":"https:\/\/www.visit-ulcinj.com\/blog\/wp-json\/wp\/v2\/posts"}],"about":[{"href":"https:\/\/www.visit-ulcinj.com\/blog\/wp-json\/wp\/v2\/types\/post"}],"author":[{"embeddable":true,"href":"https:\/\/www.visit-ulcinj.com\/blog\/wp-json\/wp\/v2\/users\/1"}],"replies":[{"embeddable":true,"href":"https:\/\/www.visit-ulcinj.com\/blog\/wp-json\/wp\/v2\/comments?post=57131"}],"version-history":[{"count":10,"href":"https:\/\/www.visit-ulcinj.com\/blog\/wp-json\/wp\/v2\/posts\/57131\/revisions"}],"predecessor-version":[{"id":57197,"href":"https:\/\/www.visit-ulcinj.com\/blog\/wp-json\/wp\/v2\/posts\/57131\/revisions\/57197"}],"wp:attachment":[{"href":"https:\/\/www.visit-ulcinj.com\/blog\/wp-json\/wp\/v2\/media?parent=57131"}],"wp:term":[{"taxonomy":"category","embeddable":true,"href":"https:\/\/www.visit-ulcinj.com\/blog\/wp-json\/wp\/v2\/categories?post=57131"},{"taxonomy":"post_tag","embeddable":true,"href":"https:\/\/www.visit-ulcinj.com\/blog\/wp-json\/wp\/v2\/tags?post=57131"}],"curies":[{"name":"wp","href":"https:\/\/api.w.org\/{rel}","templated":true}]}}