{"id":57163,"date":"2012-02-09T09:04:39","date_gmt":"2012-02-09T08:04:39","guid":{"rendered":"http:\/\/www.visit-ulcinj.com\/blog\/?p=57163"},"modified":"2012-02-11T20:59:28","modified_gmt":"2012-02-11T19:59:28","slug":"esad-kraja-medalje-e-bronzit-ne-kampionatin-internacional-per-femije-stuttgart-2012-2","status":"publish","type":"post","link":"https:\/\/www.visit-ulcinj.com\/blog\/2012\/02\/09\/esad-kraja-medalje-e-bronzit-ne-kampionatin-internacional-per-femije-stuttgart-2012-2\/","title":{"rendered":"Esad Kraja medalje e bronzit n\u00eb kampionatin internacional p\u00ebr femij\u00eb Stuttgart 2012"},"content":{"rendered":"<p><a href=\"http:\/\/www.visit-ulcinj.com\/blog\/wp-content\/uploads\/2012\/02\/Esad-Kraja-medalje-e-bronzit-ne-Stutgard.jpg\"><img loading=\"lazy\" class=\"alignleft\" src=\"http:\/\/www.visit-ulcinj.com\/blog\/wp-content\/uploads\/2012\/02\/Esad-Kraja-medalje-e-bronzit-ne-Stutgard.jpg\" alt=\"\" width=\"350\" height=\"450\" \/><\/a>Me dat\u00eb 04-05.01.2012 n\u00eb Stuttgart t\u00eb Gjermanis\u00eb u mbajt\u00eb kampionati internacional p\u00ebr f\u00ebmij\u00eb e organizuar nga federata bot\u00ebrore p\u00ebr femij\u00eb deri n\u00eb mosh\u00ebn 11 vje\u00e7.<br \/>\nNga klubi i Taekowndo-s\u00eb Ulqini mor\u00ebn pjes\u00eb tre garues si : Esad Kraja, Edina Kraja dhe Bojan Vladisavljeviq. Shk\u00eblqen Esad Kraja i cili arrin\u00eb t\u00eb fitoj\u00eb dy ndeshje. N\u00eb dyluftimin e par\u00eb Easadi mposht p\u00ebrfaqsuesin e Serbis\u00eb, n\u00eb dyluftimin e dyt\u00eb mposht\u00eb p\u00ebrfaqsuesin e Anglis\u00eb, nd\u00ebrsa n\u00eb dyluftimin e tret\u00eb ballafaqohet me p\u00ebrfaqsuesin Gjerman i cili gjat\u00eb 2 raund\u00ebve rezultati ishte i barabart\u00eb p\u00ebr t\u00eb vazhduar n\u00eb raundin e tret\u00eb gjegj\u00ebsiht p\u00ebr pik\u00ebn e art\u00eb ku edhe humb\u00eb n\u00eb momentin vendimtar\u00eb, me k\u00ebt\u00eb ai fiton vendin e tret\u00eb i cili fiton edhe medaljen e bronzit.<br \/>\nGaruesja tjet\u00ebr Edina Kraja arrin\u00eb t\u00eb fitoj\u00eb dy ndeshje mirpo me pamundesi q\u00eb t\u00eb arrije deri te medalja pasiq\u00eb konkurrenca ishte tejet e fort\u00eb, ajo fitoj\u00eb ndaj garues s\u00eb Suedis\u00eb dhe Gjermanis\u00eb, nd\u00ebrsa humb\u00eb prej garueses s\u00eb Trinidad i Tabago. Garuesi Bojan Vladisavljeviq humb\u00eb q\u00eb n\u00eb ndeshjen e par\u00eb nga p\u00ebrfaqsuesi i Anglis\u00eb. Poashtu n\u00eb list\u00eb p\u00ebr t\u00eb marr pjes\u00eb n\u00eb k\u00ebt\u00eb kampionat\u00eb ishte edhe garuesi Rinor Jahja nj\u00eb prej garuesve t\u00eb dalluar t\u00eb KT Ulqinit i cili vitin e kaluar kishte nj\u00eb bilanc\u00eb prej 8 medaljeve t\u00eb arta dhe 1 t\u00eb bronzit, mirpo p\u00ebr shkaqe finaciare nuk pat\u00ebm mund\u00ebsi q\u00eb t\u00eb jet\u00eb edhe ai n\u00eb k\u00ebt\u00eb kampionat\u00eb.<br \/>\nN\u00eb k\u00ebt\u00eb kampionat\u00eb mor\u00ebn pjes\u00eb 27 shtete 89 ekipe me afro 1000 garues. Falenderojm\u00eb sponsor\u00ebt: Komun\u00ebn e Ulqinit, Cungu&amp;co, GradjaComerc dhe restaurant patrick&#8217;s nga Zvicra.<br \/>\n<strong><br \/>\nKlubi Taekowndo-s\u00eb Ulqini<\/strong><\/p>\n<p>\n\t\t<style type=\"text\/css\">\n\t\t\t#gallery-1 {\n\t\t\t\tmargin: auto;\n\t\t\t}\n\t\t\t#gallery-1 .gallery-item {\n\t\t\t\tfloat: left;\n\t\t\t\tmargin-top: 10px;\n\t\t\t\ttext-align: center;\n\t\t\t\twidth: 33%;\n\t\t\t}\n\t\t\t#gallery-1 img {\n\t\t\t\tborder: 2px solid #cfcfcf;\n\t\t\t}\n\t\t\t#gallery-1 .gallery-caption {\n\t\t\t\tmargin-left: 0;\n\t\t\t}\n\t\t\t\/* see gallery_shortcode() in wp-includes\/media.php *\/\n\t\t<\/style>\n\t\t<div id='gallery-1' class='gallery galleryid-57163 gallery-columns-3 gallery-size-thumbnail'><dl class='gallery-item'>\n\t\t\t<dt class='gallery-icon portrait'>\n\t\t\t\t<a href='https:\/\/www.visit-ulcinj.com\/blog\/wp-content\/uploads\/2012\/02\/Esad-Kraja-medalje-e-bronzit-ne-Stutgard.jpg'><img width=\"150\" height=\"150\" src=\"https:\/\/www.visit-ulcinj.com\/blog\/wp-content\/uploads\/2012\/02\/Esad-Kraja-medalje-e-bronzit-ne-Stutgard-150x150.jpg\" class=\"attachment-thumbnail size-thumbnail\" alt=\"\" loading=\"lazy\" \/><\/a>\n\t\t\t<\/dt><\/dl><dl class='gallery-item'>\n\t\t\t<dt class='gallery-icon landscape'>\n\t\t\t\t<a href='https:\/\/www.visit-ulcinj.com\/blog\/wp-content\/uploads\/2012\/02\/Esad-Kraja-medalje-e-bronzit-n\u00eb-kampionatin-internacional-p\u00ebr-femij\u00eb-Stuttgart-2012.1.jpg'><img width=\"150\" height=\"150\" src=\"https:\/\/www.visit-ulcinj.com\/blog\/wp-content\/uploads\/2012\/02\/Esad-Kraja-medalje-e-bronzit-n\u00eb-kampionatin-internacional-p\u00ebr-femij\u00eb-Stuttgart-2012.1-150x150.jpg\" class=\"attachment-thumbnail size-thumbnail\" alt=\"\" loading=\"lazy\" \/><\/a>\n\t\t\t<\/dt><\/dl><dl class='gallery-item'>\n\t\t\t<dt class='gallery-icon landscape'>\n\t\t\t\t<a href='https:\/\/www.visit-ulcinj.com\/blog\/wp-content\/uploads\/2012\/02\/Esad-Kraja-medalje-e-bronzit-n\u00eb-kampionatin-internacional-p\u00ebr-femij\u00eb-Stuttgart-2012.2.jpg'><img width=\"150\" height=\"150\" src=\"https:\/\/www.visit-ulcinj.com\/blog\/wp-content\/uploads\/2012\/02\/Esad-Kraja-medalje-e-bronzit-n\u00eb-kampionatin-internacional-p\u00ebr-femij\u00eb-Stuttgart-2012.2-150x150.jpg\" class=\"attachment-thumbnail size-thumbnail\" alt=\"\" loading=\"lazy\" \/><\/a>\n\t\t\t<\/dt><\/dl><br style=\"clear: both\" \/><dl class='gallery-item'>\n\t\t\t<dt class='gallery-icon landscape'>\n\t\t\t\t<a href='https:\/\/www.visit-ulcinj.com\/blog\/wp-content\/uploads\/2012\/02\/Esad-Kraja-medalje-e-bronzit-n\u00eb-kampionatin-internacional-p\u00ebr-femij\u00eb-Stuttgart-2012.3.jpg'><img width=\"150\" height=\"150\" src=\"https:\/\/www.visit-ulcinj.com\/blog\/wp-content\/uploads\/2012\/02\/Esad-Kraja-medalje-e-bronzit-n\u00eb-kampionatin-internacional-p\u00ebr-femij\u00eb-Stuttgart-2012.3-150x150.jpg\" class=\"attachment-thumbnail size-thumbnail\" alt=\"\" loading=\"lazy\" \/><\/a>\n\t\t\t<\/dt><\/dl><dl class='gallery-item'>\n\t\t\t<dt class='gallery-icon landscape'>\n\t\t\t\t<a href='https:\/\/www.visit-ulcinj.com\/blog\/wp-content\/uploads\/2012\/02\/Esad-Kraja-medalje-e-bronzit-n\u00eb-kampionatin-internacional-p\u00ebr-femij\u00eb-Stuttgart-2012.4.jpg'><img width=\"150\" height=\"150\" src=\"https:\/\/www.visit-ulcinj.com\/blog\/wp-content\/uploads\/2012\/02\/Esad-Kraja-medalje-e-bronzit-n\u00eb-kampionatin-internacional-p\u00ebr-femij\u00eb-Stuttgart-2012.4-150x150.jpg\" class=\"attachment-thumbnail size-thumbnail\" alt=\"\" loading=\"lazy\" \/><\/a>\n\t\t\t<\/dt><\/dl><dl class='gallery-item'>\n\t\t\t<dt class='gallery-icon landscape'>\n\t\t\t\t<a href='https:\/\/www.visit-ulcinj.com\/blog\/wp-content\/uploads\/2012\/02\/Esad-Kraja-medalje-e-bronzit-n\u00eb-kampionatin-internacional-p\u00ebr-femij\u00eb-Stuttgart-2012.5.jpg'><img width=\"150\" height=\"150\" src=\"https:\/\/www.visit-ulcinj.com\/blog\/wp-content\/uploads\/2012\/02\/Esad-Kraja-medalje-e-bronzit-n\u00eb-kampionatin-internacional-p\u00ebr-femij\u00eb-Stuttgart-2012.5-150x150.jpg\" class=\"attachment-thumbnail size-thumbnail\" alt=\"\" loading=\"lazy\" \/><\/a>\n\t\t\t<\/dt><\/dl><br style=\"clear: both\" \/>\n\t\t<\/div>\n<br \/>\n<!--YouTube Error: bad URL entered--><\/p>\n","protected":false},"excerpt":{"rendered":"<p>Me dat\u00eb 04-05.01.2012 n\u00eb Stuttgart t\u00eb Gjermanis\u00eb u mbajt\u00eb kampionati internacional p\u00ebr f\u00ebmij\u00eb e organizuar nga federata bot\u00ebrore p\u00ebr femij\u00eb deri n\u00eb mosh\u00ebn 11 vje\u00e7. Nga klubi i Taekowndo-s\u00eb Ulqini mor\u00ebn pjes\u00eb tre garues si : Esad Kraja, Edina Kraja dhe Bojan Vladisavljeviq. Shk\u00eblqen Esad Kraja i cili arrin\u00eb t\u00eb fitoj\u00eb dy ndeshje. N\u00eb dyluftimin [&hellip;]<\/p>\n","protected":false},"author":1,"featured_media":0,"comment_status":"open","ping_status":"closed","sticky":false,"template":"","format":"standard","meta":{"spay_email":"","jetpack_publicize_message":"","jetpack_is_tweetstorm":false,"jetpack_publicize_feature_enabled":true},"categories":[1,3],"tags":[20021,20023,20022],"jetpack_publicize_connections":[],"yoast_head":"<!-- This site is optimized with the Yoast SEO plugin v19.1 - https:\/\/yoast.com\/wordpress\/plugins\/seo\/ -->\n<title>Esad Kraja medalje e bronzit n\u00eb kampionatin internacional p\u00ebr femij\u00eb Stuttgart 2012 - Lajme nga Ulqini<\/title>\n<meta name=\"description\" content=\"Me dat\u00eb 04-05.01.2012 n\u00eb Stuttgart t\u00eb Gjermanis\u00eb u mbajt\u00eb kampionati internacional p\u00ebr f\u00ebmij\u00eb e organizuar nga federata bot\u00ebrore p\u00ebr femij\u00eb deri n\u00eb mosh\u00ebn\" \/>\n<meta name=\"robots\" content=\"index, follow, max-snippet:-1, max-image-preview:large, max-video-preview:-1\" \/>\n<link rel=\"canonical\" href=\"https:\/\/www.visit-ulcinj.com\/blog\/2012\/02\/09\/esad-kraja-medalje-e-bronzit-ne-kampionatin-internacional-per-femije-stuttgart-2012-2\/\" \/>\n<meta property=\"og:locale\" content=\"en_US\" \/>\n<meta property=\"og:type\" content=\"article\" \/>\n<meta property=\"og:title\" content=\"Esad Kraja medalje e bronzit n\u00eb kampionatin internacional p\u00ebr femij\u00eb Stuttgart 2012 - Lajme nga Ulqini\" \/>\n<meta property=\"og:description\" content=\"Me dat\u00eb 04-05.01.2012 n\u00eb Stuttgart t\u00eb Gjermanis\u00eb u mbajt\u00eb kampionati internacional p\u00ebr f\u00ebmij\u00eb e organizuar nga federata bot\u00ebrore p\u00ebr femij\u00eb deri n\u00eb mosh\u00ebn\" \/>\n<meta property=\"og:url\" content=\"https:\/\/www.visit-ulcinj.com\/blog\/2012\/02\/09\/esad-kraja-medalje-e-bronzit-ne-kampionatin-internacional-per-femije-stuttgart-2012-2\/\" \/>\n<meta property=\"og:site_name\" content=\"Lajme nga Ulqini\" \/>\n<meta property=\"article:published_time\" content=\"2012-02-09T08:04:39+00:00\" \/>\n<meta property=\"article:modified_time\" content=\"2012-02-11T19:59:28+00:00\" \/>\n<meta property=\"og:image\" content=\"https:\/\/www.visit-ulcinj.com\/blog\/wp-content\/uploads\/2012\/02\/Esad-Kraja-medalje-e-bronzit-ne-Stutgard-150x150.jpg\" \/>\n<meta name=\"twitter:label1\" content=\"Written by\" \/>\n\t<meta name=\"twitter:data1\" content=\"ulqini\" \/>\n\t<meta name=\"twitter:label2\" content=\"Est. reading time\" \/>\n\t<meta name=\"twitter:data2\" content=\"1 minute\" \/>\n<script type=\"application\/ld+json\" class=\"yoast-schema-graph\">{\"@context\":\"https:\/\/schema.org\",\"@graph\":[{\"@type\":\"WebSite\",\"@id\":\"https:\/\/www.visit-ulcinj.com\/blog\/#website\",\"url\":\"https:\/\/www.visit-ulcinj.com\/blog\/\",\"name\":\"Lajme nga Ulqini\",\"description\":\"Lajme,Vijesti,Ulqini,Ulqin,Crna Gora,Mali i Zi\",\"potentialAction\":[{\"@type\":\"SearchAction\",\"target\":{\"@type\":\"EntryPoint\",\"urlTemplate\":\"https:\/\/www.visit-ulcinj.com\/blog\/?s={search_term_string}\"},\"query-input\":\"required name=search_term_string\"}],\"inLanguage\":\"en-US\"},{\"@type\":\"ImageObject\",\"inLanguage\":\"en-US\",\"@id\":\"https:\/\/www.visit-ulcinj.com\/blog\/2012\/02\/09\/esad-kraja-medalje-e-bronzit-ne-kampionatin-internacional-per-femije-stuttgart-2012-2\/#primaryimage\",\"url\":\"https:\/\/www.visit-ulcinj.com\/blog\/wp-content\/uploads\/2012\/02\/Esad-Kraja-medalje-e-bronzit-ne-Stutgard.jpg\",\"contentUrl\":\"https:\/\/www.visit-ulcinj.com\/blog\/wp-content\/uploads\/2012\/02\/Esad-Kraja-medalje-e-bronzit-ne-Stutgard.jpg\",\"width\":\"430\",\"height\":\"720\"},{\"@type\":\"WebPage\",\"@id\":\"https:\/\/www.visit-ulcinj.com\/blog\/2012\/02\/09\/esad-kraja-medalje-e-bronzit-ne-kampionatin-internacional-per-femije-stuttgart-2012-2\/#webpage\",\"url\":\"https:\/\/www.visit-ulcinj.com\/blog\/2012\/02\/09\/esad-kraja-medalje-e-bronzit-ne-kampionatin-internacional-per-femije-stuttgart-2012-2\/\",\"name\":\"Esad Kraja medalje e bronzit n\u00eb kampionatin internacional p\u00ebr femij\u00eb Stuttgart 2012 - Lajme nga Ulqini\",\"isPartOf\":{\"@id\":\"https:\/\/www.visit-ulcinj.com\/blog\/#website\"},\"primaryImageOfPage\":{\"@id\":\"https:\/\/www.visit-ulcinj.com\/blog\/2012\/02\/09\/esad-kraja-medalje-e-bronzit-ne-kampionatin-internacional-per-femije-stuttgart-2012-2\/#primaryimage\"},\"datePublished\":\"2012-02-09T08:04:39+00:00\",\"dateModified\":\"2012-02-11T19:59:28+00:00\",\"author\":{\"@id\":\"https:\/\/www.visit-ulcinj.com\/blog\/#\/schema\/person\/dcab619c614d3038751c63bc2aadc06d\"},\"description\":\"Me dat\u00eb 04-05.01.2012 n\u00eb Stuttgart t\u00eb Gjermanis\u00eb u mbajt\u00eb kampionati internacional p\u00ebr f\u00ebmij\u00eb e organizuar nga federata bot\u00ebrore p\u00ebr femij\u00eb deri n\u00eb mosh\u00ebn\",\"breadcrumb\":{\"@id\":\"https:\/\/www.visit-ulcinj.com\/blog\/2012\/02\/09\/esad-kraja-medalje-e-bronzit-ne-kampionatin-internacional-per-femije-stuttgart-2012-2\/#breadcrumb\"},\"inLanguage\":\"en-US\",\"potentialAction\":[{\"@type\":\"ReadAction\",\"target\":[\"https:\/\/www.visit-ulcinj.com\/blog\/2012\/02\/09\/esad-kraja-medalje-e-bronzit-ne-kampionatin-internacional-per-femije-stuttgart-2012-2\/\"]}]},{\"@type\":\"BreadcrumbList\",\"@id\":\"https:\/\/www.visit-ulcinj.com\/blog\/2012\/02\/09\/esad-kraja-medalje-e-bronzit-ne-kampionatin-internacional-per-femije-stuttgart-2012-2\/#breadcrumb\",\"itemListElement\":[{\"@type\":\"ListItem\",\"position\":1,\"name\":\"Esad Kraja medalje e bronzit n\u00eb kampionatin internacional p\u00ebr femij\u00eb Stuttgart 2012\"}]},{\"@type\":\"Person\",\"@id\":\"https:\/\/www.visit-ulcinj.com\/blog\/#\/schema\/person\/dcab619c614d3038751c63bc2aadc06d\",\"name\":\"ulqini\",\"sameAs\":[\"http:\/\/www.visit-ulcinj.com\"],\"url\":\"https:\/\/www.visit-ulcinj.com\/blog\/author\/admin\/\"}]}<\/script>\n<!-- \/ Yoast SEO plugin. -->","yoast_head_json":{"title":"Esad Kraja medalje e bronzit n\u00eb kampionatin internacional p\u00ebr femij\u00eb Stuttgart 2012 - Lajme nga Ulqini","description":"Me dat\u00eb 04-05.01.2012 n\u00eb Stuttgart t\u00eb Gjermanis\u00eb u mbajt\u00eb kampionati internacional p\u00ebr f\u00ebmij\u00eb e organizuar nga federata bot\u00ebrore p\u00ebr femij\u00eb deri n\u00eb mosh\u00ebn","robots":{"index":"index","follow":"follow","max-snippet":"max-snippet:-1","max-image-preview":"max-image-preview:large","max-video-preview":"max-video-preview:-1"},"canonical":"https:\/\/www.visit-ulcinj.com\/blog\/2012\/02\/09\/esad-kraja-medalje-e-bronzit-ne-kampionatin-internacional-per-femije-stuttgart-2012-2\/","og_locale":"en_US","og_type":"article","og_title":"Esad Kraja medalje e bronzit n\u00eb kampionatin internacional p\u00ebr femij\u00eb Stuttgart 2012 - Lajme nga Ulqini","og_description":"Me dat\u00eb 04-05.01.2012 n\u00eb Stuttgart t\u00eb Gjermanis\u00eb u mbajt\u00eb kampionati internacional p\u00ebr f\u00ebmij\u00eb e organizuar nga federata bot\u00ebrore p\u00ebr femij\u00eb deri n\u00eb mosh\u00ebn","og_url":"https:\/\/www.visit-ulcinj.com\/blog\/2012\/02\/09\/esad-kraja-medalje-e-bronzit-ne-kampionatin-internacional-per-femije-stuttgart-2012-2\/","og_site_name":"Lajme nga Ulqini","article_published_time":"2012-02-09T08:04:39+00:00","article_modified_time":"2012-02-11T19:59:28+00:00","og_image":[{"url":"https:\/\/www.visit-ulcinj.com\/blog\/wp-content\/uploads\/2012\/02\/Esad-Kraja-medalje-e-bronzit-ne-Stutgard-150x150.jpg"}],"twitter_misc":{"Written by":"ulqini","Est. reading time":"1 minute"},"schema":{"@context":"https:\/\/schema.org","@graph":[{"@type":"WebSite","@id":"https:\/\/www.visit-ulcinj.com\/blog\/#website","url":"https:\/\/www.visit-ulcinj.com\/blog\/","name":"Lajme nga Ulqini","description":"Lajme,Vijesti,Ulqini,Ulqin,Crna Gora,Mali i Zi","potentialAction":[{"@type":"SearchAction","target":{"@type":"EntryPoint","urlTemplate":"https:\/\/www.visit-ulcinj.com\/blog\/?s={search_term_string}"},"query-input":"required name=search_term_string"}],"inLanguage":"en-US"},{"@type":"ImageObject","inLanguage":"en-US","@id":"https:\/\/www.visit-ulcinj.com\/blog\/2012\/02\/09\/esad-kraja-medalje-e-bronzit-ne-kampionatin-internacional-per-femije-stuttgart-2012-2\/#primaryimage","url":"https:\/\/www.visit-ulcinj.com\/blog\/wp-content\/uploads\/2012\/02\/Esad-Kraja-medalje-e-bronzit-ne-Stutgard.jpg","contentUrl":"https:\/\/www.visit-ulcinj.com\/blog\/wp-content\/uploads\/2012\/02\/Esad-Kraja-medalje-e-bronzit-ne-Stutgard.jpg","width":"430","height":"720"},{"@type":"WebPage","@id":"https:\/\/www.visit-ulcinj.com\/blog\/2012\/02\/09\/esad-kraja-medalje-e-bronzit-ne-kampionatin-internacional-per-femije-stuttgart-2012-2\/#webpage","url":"https:\/\/www.visit-ulcinj.com\/blog\/2012\/02\/09\/esad-kraja-medalje-e-bronzit-ne-kampionatin-internacional-per-femije-stuttgart-2012-2\/","name":"Esad Kraja medalje e bronzit n\u00eb kampionatin internacional p\u00ebr femij\u00eb Stuttgart 2012 - Lajme nga Ulqini","isPartOf":{"@id":"https:\/\/www.visit-ulcinj.com\/blog\/#website"},"primaryImageOfPage":{"@id":"https:\/\/www.visit-ulcinj.com\/blog\/2012\/02\/09\/esad-kraja-medalje-e-bronzit-ne-kampionatin-internacional-per-femije-stuttgart-2012-2\/#primaryimage"},"datePublished":"2012-02-09T08:04:39+00:00","dateModified":"2012-02-11T19:59:28+00:00","author":{"@id":"https:\/\/www.visit-ulcinj.com\/blog\/#\/schema\/person\/dcab619c614d3038751c63bc2aadc06d"},"description":"Me dat\u00eb 04-05.01.2012 n\u00eb Stuttgart t\u00eb Gjermanis\u00eb u mbajt\u00eb kampionati internacional p\u00ebr f\u00ebmij\u00eb e organizuar nga federata bot\u00ebrore p\u00ebr femij\u00eb deri n\u00eb mosh\u00ebn","breadcrumb":{"@id":"https:\/\/www.visit-ulcinj.com\/blog\/2012\/02\/09\/esad-kraja-medalje-e-bronzit-ne-kampionatin-internacional-per-femije-stuttgart-2012-2\/#breadcrumb"},"inLanguage":"en-US","potentialAction":[{"@type":"ReadAction","target":["https:\/\/www.visit-ulcinj.com\/blog\/2012\/02\/09\/esad-kraja-medalje-e-bronzit-ne-kampionatin-internacional-per-femije-stuttgart-2012-2\/"]}]},{"@type":"BreadcrumbList","@id":"https:\/\/www.visit-ulcinj.com\/blog\/2012\/02\/09\/esad-kraja-medalje-e-bronzit-ne-kampionatin-internacional-per-femije-stuttgart-2012-2\/#breadcrumb","itemListElement":[{"@type":"ListItem","position":1,"name":"Esad Kraja medalje e bronzit n\u00eb kampionatin internacional p\u00ebr femij\u00eb Stuttgart 2012"}]},{"@type":"Person","@id":"https:\/\/www.visit-ulcinj.com\/blog\/#\/schema\/person\/dcab619c614d3038751c63bc2aadc06d","name":"ulqini","sameAs":["http:\/\/www.visit-ulcinj.com"],"url":"https:\/\/www.visit-ulcinj.com\/blog\/author\/admin\/"}]}},"jetpack_featured_media_url":"","jetpack_sharing_enabled":true,"jetpack_shortlink":"https:\/\/wp.me\/pe6lTn-eRZ","_links":{"self":[{"href":"https:\/\/www.visit-ulcinj.com\/blog\/wp-json\/wp\/v2\/posts\/57163"}],"collection":[{"href":"https:\/\/www.visit-ulcinj.com\/blog\/wp-json\/wp\/v2\/posts"}],"about":[{"href":"https:\/\/www.visit-ulcinj.com\/blog\/wp-json\/wp\/v2\/types\/post"}],"author":[{"embeddable":true,"href":"https:\/\/www.visit-ulcinj.com\/blog\/wp-json\/wp\/v2\/users\/1"}],"replies":[{"embeddable":true,"href":"https:\/\/www.visit-ulcinj.com\/blog\/wp-json\/wp\/v2\/comments?post=57163"}],"version-history":[{"count":6,"href":"https:\/\/www.visit-ulcinj.com\/blog\/wp-json\/wp\/v2\/posts\/57163\/revisions"}],"predecessor-version":[{"id":57183,"href":"https:\/\/www.visit-ulcinj.com\/blog\/wp-json\/wp\/v2\/posts\/57163\/revisions\/57183"}],"wp:attachment":[{"href":"https:\/\/www.visit-ulcinj.com\/blog\/wp-json\/wp\/v2\/media?parent=57163"}],"wp:term":[{"taxonomy":"category","embeddable":true,"href":"https:\/\/www.visit-ulcinj.com\/blog\/wp-json\/wp\/v2\/categories?post=57163"},{"taxonomy":"post_tag","embeddable":true,"href":"https:\/\/www.visit-ulcinj.com\/blog\/wp-json\/wp\/v2\/tags?post=57163"}],"curies":[{"name":"wp","href":"https:\/\/api.w.org\/{rel}","templated":true}]}}