{"id":57184,"date":"2012-02-09T18:06:42","date_gmt":"2012-02-09T17:06:42","guid":{"rendered":"http:\/\/www.visit-ulcinj.com\/blog\/?p=57184"},"modified":"2012-02-09T18:06:42","modified_gmt":"2012-02-09T17:06:42","slug":"muhamed-kollari-dashuria-cover-flori-talent-i-muzikes-qe-premton","status":"publish","type":"post","link":"https:\/\/www.visit-ulcinj.com\/blog\/2012\/02\/09\/muhamed-kollari-dashuria-cover-flori-talent-i-muzikes-qe-premton\/","title":{"rendered":"Muhamed Kollari &#8220;Dashuria cover Flori&#8221; talent i muzik\u00ebs q\u00eb premton"},"content":{"rendered":"<p><a href=\"http:\/\/www.visit-ulcinj.com\/blog\/wp-content\/uploads\/2012\/02\/Muhamed-Kollari-Ulqin-Ulcinj.2.jpg\"><img loading=\"lazy\" class=\"alignleft  wp-image-57185\" title=\"Muhamed Kollari - Ulqin - Ulcinj.2\" src=\"http:\/\/www.visit-ulcinj.com\/blog\/wp-content\/uploads\/2012\/02\/Muhamed-Kollari-Ulqin-Ulcinj.2.jpg\" alt=\"\" width=\"508\" height=\"380\" \/><\/a>Ne historine e muzikes dhe vall\u00ebzimit ne trojet e Ulqinit , u ngrit edhe nje kult qe nderon perpjekjet e artisteve shqiptare si nga kenga ashtu dhe nga vall\u00ebzimi dhe aj quhet Muhamed Kollari.<\/p>\n<p>P\u00ebr talentin e rrall\u00eb t\u00eb Muhametit, kan\u00eb shkruar shum\u00eb gazeta elektronike, ku \u00ebsht\u00eb paraqitur n\u00eb shum\u00eb mbr\u00ebmje muzikore ,kurse n\u00eb Tv Teuta me interpretimin e k\u00ebng\u00ebs &#8220;Dashuria cover nga Flori Mamujesi&#8221; klaxon talent t\u00eb muzik\u00ebs q\u00eb premton,q\u00eb \u00ebsht\u00eb mir\u00ebpritur nga publiku i Ulqinit.<br \/>\n<a href=\"http:\/\/www.visit-ulcinj.com\/blog\/wp-content\/uploads\/2012\/02\/Muhamed-Kollari-Ulqin-Ulcinj.1.jpg\"><img loading=\"lazy\" class=\"alignleft  wp-image-57186\" title=\"Muhamed Kollari - Ulqin - Ulcinj.1\" src=\"http:\/\/www.visit-ulcinj.com\/blog\/wp-content\/uploads\/2012\/02\/Muhamed-Kollari-Ulqin-Ulcinj.1.jpg\" alt=\"\" width=\"508\" height=\"300\" \/><\/a><br \/>\nKy djalosh i detit,20 vje\u00e7ar me kengen dhe me vall\u00ebzimin e tij asht duke na \u00e7uditur.Jo tani asht shpallur mbret i padiskutuar n\u00eb qytetin e Ulqinit.<\/p>\n<p><a href=\"http:\/\/www.visit-ulcinj.com\/blog\/wp-content\/uploads\/2012\/02\/Muhamed-Kollari-Ulqin-Ulcinj.jpg\"><img loading=\"lazy\" class=\"alignleft size-medium wp-image-57187\" title=\"Muhamed Kollari - Ulqin - Ulcinj\" src=\"http:\/\/www.visit-ulcinj.com\/blog\/wp-content\/uploads\/2012\/02\/Muhamed-Kollari-Ulqin-Ulcinj-212x300.jpg\" alt=\"\" width=\"212\" height=\"300\" srcset=\"https:\/\/www.visit-ulcinj.com\/blog\/wp-content\/uploads\/2012\/02\/Muhamed-Kollari-Ulqin-Ulcinj-212x300.jpg 212w, https:\/\/www.visit-ulcinj.com\/blog\/wp-content\/uploads\/2012\/02\/Muhamed-Kollari-Ulqin-Ulcinj.jpg 510w\" sizes=\"(max-width: 212px) 100vw, 212px\" \/><\/a>Askush nuk e kishte besuar se Muhamed Kollari do te arrij deri ketu,te pakten, askush nuk e kishte shprehur me ze te larte,sepse ende nuk besonin.K\u00ebte ja beri t\u00eb mundeshme koregrafi talentar i Ulqinit Z.Musa Hoxha.<\/p>\n<p>Me siguri e kane kuptuar se ne te vertete, behet fjale per nje djalosh qe nuk vrapon mbas rrymave te kohes, mbas tendencave per te qene moderne me \u00e7do kusht Ne fakt, filtri neper te cilin kaloj Muhamed Kollari si kengetar dhe si vall\u00ebzues qe shum i v\u00ebshtir sepse koreografi z.Musa Hoxha nuk qesh por punon.<\/p>\n<p>Gjithsesi, asnje nuk di se si do ta vleresoje me mire se publiku i Ulqinit dhe me gjer\u00eb.<br \/>\nMuhamed Kollari nuk thote se kerkon te te lere ne hije vetveten, por thot vetem se vitin tjeter duhet te perpiqem me shume per te sjelle di\u00e7ka qe te jete me afer ritmeve te publikut te Ulqinit.<\/p>\n<p>&nbsp;<\/p>\n<p><strong>Lajme nga Ulqini<br \/>\n<!--YouTube Error: bad URL entered--><br \/>\n<\/strong><\/p>\n","protected":false},"excerpt":{"rendered":"<p>Ne historine e muzikes dhe vall\u00ebzimit ne trojet e Ulqinit , u ngrit edhe nje kult qe nderon perpjekjet e artisteve shqiptare si nga kenga ashtu dhe nga vall\u00ebzimi dhe aj quhet Muhamed Kollari. P\u00ebr talentin e rrall\u00eb t\u00eb Muhametit, kan\u00eb shkruar shum\u00eb gazeta elektronike, ku \u00ebsht\u00eb paraqitur n\u00eb shum\u00eb mbr\u00ebmje muzikore ,kurse n\u00eb Tv [&hellip;]<\/p>\n","protected":false},"author":1,"featured_media":0,"comment_status":"open","ping_status":"closed","sticky":false,"template":"","format":"standard","meta":{"spay_email":"","jetpack_publicize_message":"","jetpack_is_tweetstorm":false,"jetpack_publicize_feature_enabled":true},"categories":[1],"tags":[19677,20024,6624,19806,16036,19514,20026,14242,19511,6693,4684,2088,200,18,20025,19460],"jetpack_publicize_connections":[],"yoast_head":"<!-- This site is optimized with the Yoast SEO plugin v19.1 - https:\/\/yoast.com\/wordpress\/plugins\/seo\/ -->\n<title>Muhamed Kollari &quot;Dashuria cover Flori&quot; talent i muzik\u00ebs q\u00eb premton - Lajme nga Ulqini<\/title>\n<meta name=\"description\" content=\"Ne historine e muzikes dhe vall\u00ebzimit ne trojet e Ulqinit , u ngrit edhe nje kult qe nderon perpjekjet e artisteve shqiptare si nga kenga ashtu dhe nga\" \/>\n<meta name=\"robots\" content=\"index, follow, max-snippet:-1, max-image-preview:large, max-video-preview:-1\" \/>\n<link rel=\"canonical\" href=\"https:\/\/www.visit-ulcinj.com\/blog\/2012\/02\/09\/muhamed-kollari-dashuria-cover-flori-talent-i-muzikes-qe-premton\/\" \/>\n<meta property=\"og:locale\" content=\"en_US\" \/>\n<meta property=\"og:type\" content=\"article\" \/>\n<meta property=\"og:title\" content=\"Muhamed Kollari &quot;Dashuria cover Flori&quot; talent i muzik\u00ebs q\u00eb premton - Lajme nga Ulqini\" \/>\n<meta property=\"og:description\" content=\"Ne historine e muzikes dhe vall\u00ebzimit ne trojet e Ulqinit , u ngrit edhe nje kult qe nderon perpjekjet e artisteve shqiptare si nga kenga ashtu dhe nga\" \/>\n<meta property=\"og:url\" content=\"https:\/\/www.visit-ulcinj.com\/blog\/2012\/02\/09\/muhamed-kollari-dashuria-cover-flori-talent-i-muzikes-qe-premton\/\" \/>\n<meta property=\"og:site_name\" content=\"Lajme nga Ulqini\" \/>\n<meta property=\"article:published_time\" content=\"2012-02-09T17:06:42+00:00\" \/>\n<meta property=\"og:image\" content=\"http:\/\/www.visit-ulcinj.com\/blog\/wp-content\/uploads\/2012\/02\/Muhamed-Kollari-Ulqin-Ulcinj.2.jpg\" \/>\n<meta name=\"twitter:label1\" content=\"Written by\" \/>\n\t<meta name=\"twitter:data1\" content=\"ulqini\" \/>\n\t<meta name=\"twitter:label2\" content=\"Est. reading time\" \/>\n\t<meta name=\"twitter:data2\" content=\"1 minute\" \/>\n<script type=\"application\/ld+json\" class=\"yoast-schema-graph\">{\"@context\":\"https:\/\/schema.org\",\"@graph\":[{\"@type\":\"WebSite\",\"@id\":\"https:\/\/www.visit-ulcinj.com\/blog\/#website\",\"url\":\"https:\/\/www.visit-ulcinj.com\/blog\/\",\"name\":\"Lajme nga Ulqini\",\"description\":\"Lajme,Vijesti,Ulqini,Ulqin,Crna Gora,Mali i Zi\",\"potentialAction\":[{\"@type\":\"SearchAction\",\"target\":{\"@type\":\"EntryPoint\",\"urlTemplate\":\"https:\/\/www.visit-ulcinj.com\/blog\/?s={search_term_string}\"},\"query-input\":\"required name=search_term_string\"}],\"inLanguage\":\"en-US\"},{\"@type\":\"ImageObject\",\"inLanguage\":\"en-US\",\"@id\":\"https:\/\/www.visit-ulcinj.com\/blog\/2012\/02\/09\/muhamed-kollari-dashuria-cover-flori-talent-i-muzikes-qe-premton\/#primaryimage\",\"url\":\"https:\/\/www.visit-ulcinj.com\/blog\/wp-content\/uploads\/2012\/02\/Muhamed-Kollari-Ulqin-Ulcinj.2.jpg\",\"contentUrl\":\"https:\/\/www.visit-ulcinj.com\/blog\/wp-content\/uploads\/2012\/02\/Muhamed-Kollari-Ulqin-Ulcinj.2.jpg\",\"width\":\"508\",\"height\":\"417\"},{\"@type\":\"WebPage\",\"@id\":\"https:\/\/www.visit-ulcinj.com\/blog\/2012\/02\/09\/muhamed-kollari-dashuria-cover-flori-talent-i-muzikes-qe-premton\/#webpage\",\"url\":\"https:\/\/www.visit-ulcinj.com\/blog\/2012\/02\/09\/muhamed-kollari-dashuria-cover-flori-talent-i-muzikes-qe-premton\/\",\"name\":\"Muhamed Kollari \\\"Dashuria cover Flori\\\" talent i muzik\u00ebs q\u00eb premton - Lajme nga Ulqini\",\"isPartOf\":{\"@id\":\"https:\/\/www.visit-ulcinj.com\/blog\/#website\"},\"primaryImageOfPage\":{\"@id\":\"https:\/\/www.visit-ulcinj.com\/blog\/2012\/02\/09\/muhamed-kollari-dashuria-cover-flori-talent-i-muzikes-qe-premton\/#primaryimage\"},\"datePublished\":\"2012-02-09T17:06:42+00:00\",\"dateModified\":\"2012-02-09T17:06:42+00:00\",\"author\":{\"@id\":\"https:\/\/www.visit-ulcinj.com\/blog\/#\/schema\/person\/dcab619c614d3038751c63bc2aadc06d\"},\"description\":\"Ne historine e muzikes dhe vall\u00ebzimit ne trojet e Ulqinit , u ngrit edhe nje kult qe nderon perpjekjet e artisteve shqiptare si nga kenga ashtu dhe nga\",\"breadcrumb\":{\"@id\":\"https:\/\/www.visit-ulcinj.com\/blog\/2012\/02\/09\/muhamed-kollari-dashuria-cover-flori-talent-i-muzikes-qe-premton\/#breadcrumb\"},\"inLanguage\":\"en-US\",\"potentialAction\":[{\"@type\":\"ReadAction\",\"target\":[\"https:\/\/www.visit-ulcinj.com\/blog\/2012\/02\/09\/muhamed-kollari-dashuria-cover-flori-talent-i-muzikes-qe-premton\/\"]}]},{\"@type\":\"BreadcrumbList\",\"@id\":\"https:\/\/www.visit-ulcinj.com\/blog\/2012\/02\/09\/muhamed-kollari-dashuria-cover-flori-talent-i-muzikes-qe-premton\/#breadcrumb\",\"itemListElement\":[{\"@type\":\"ListItem\",\"position\":1,\"name\":\"Muhamed Kollari &#8220;Dashuria cover Flori&#8221; talent i muzik\u00ebs q\u00eb premton\"}]},{\"@type\":\"Person\",\"@id\":\"https:\/\/www.visit-ulcinj.com\/blog\/#\/schema\/person\/dcab619c614d3038751c63bc2aadc06d\",\"name\":\"ulqini\",\"sameAs\":[\"http:\/\/www.visit-ulcinj.com\"],\"url\":\"https:\/\/www.visit-ulcinj.com\/blog\/author\/admin\/\"}]}<\/script>\n<!-- \/ Yoast SEO plugin. -->","yoast_head_json":{"title":"Muhamed Kollari \"Dashuria cover Flori\" talent i muzik\u00ebs q\u00eb premton - Lajme nga Ulqini","description":"Ne historine e muzikes dhe vall\u00ebzimit ne trojet e Ulqinit , u ngrit edhe nje kult qe nderon perpjekjet e artisteve shqiptare si nga kenga ashtu dhe nga","robots":{"index":"index","follow":"follow","max-snippet":"max-snippet:-1","max-image-preview":"max-image-preview:large","max-video-preview":"max-video-preview:-1"},"canonical":"https:\/\/www.visit-ulcinj.com\/blog\/2012\/02\/09\/muhamed-kollari-dashuria-cover-flori-talent-i-muzikes-qe-premton\/","og_locale":"en_US","og_type":"article","og_title":"Muhamed Kollari \"Dashuria cover Flori\" talent i muzik\u00ebs q\u00eb premton - Lajme nga Ulqini","og_description":"Ne historine e muzikes dhe vall\u00ebzimit ne trojet e Ulqinit , u ngrit edhe nje kult qe nderon perpjekjet e artisteve shqiptare si nga kenga ashtu dhe nga","og_url":"https:\/\/www.visit-ulcinj.com\/blog\/2012\/02\/09\/muhamed-kollari-dashuria-cover-flori-talent-i-muzikes-qe-premton\/","og_site_name":"Lajme nga Ulqini","article_published_time":"2012-02-09T17:06:42+00:00","og_image":[{"url":"http:\/\/www.visit-ulcinj.com\/blog\/wp-content\/uploads\/2012\/02\/Muhamed-Kollari-Ulqin-Ulcinj.2.jpg"}],"twitter_misc":{"Written by":"ulqini","Est. reading time":"1 minute"},"schema":{"@context":"https:\/\/schema.org","@graph":[{"@type":"WebSite","@id":"https:\/\/www.visit-ulcinj.com\/blog\/#website","url":"https:\/\/www.visit-ulcinj.com\/blog\/","name":"Lajme nga Ulqini","description":"Lajme,Vijesti,Ulqini,Ulqin,Crna Gora,Mali i Zi","potentialAction":[{"@type":"SearchAction","target":{"@type":"EntryPoint","urlTemplate":"https:\/\/www.visit-ulcinj.com\/blog\/?s={search_term_string}"},"query-input":"required name=search_term_string"}],"inLanguage":"en-US"},{"@type":"ImageObject","inLanguage":"en-US","@id":"https:\/\/www.visit-ulcinj.com\/blog\/2012\/02\/09\/muhamed-kollari-dashuria-cover-flori-talent-i-muzikes-qe-premton\/#primaryimage","url":"https:\/\/www.visit-ulcinj.com\/blog\/wp-content\/uploads\/2012\/02\/Muhamed-Kollari-Ulqin-Ulcinj.2.jpg","contentUrl":"https:\/\/www.visit-ulcinj.com\/blog\/wp-content\/uploads\/2012\/02\/Muhamed-Kollari-Ulqin-Ulcinj.2.jpg","width":"508","height":"417"},{"@type":"WebPage","@id":"https:\/\/www.visit-ulcinj.com\/blog\/2012\/02\/09\/muhamed-kollari-dashuria-cover-flori-talent-i-muzikes-qe-premton\/#webpage","url":"https:\/\/www.visit-ulcinj.com\/blog\/2012\/02\/09\/muhamed-kollari-dashuria-cover-flori-talent-i-muzikes-qe-premton\/","name":"Muhamed Kollari \"Dashuria cover Flori\" talent i muzik\u00ebs q\u00eb premton - Lajme nga Ulqini","isPartOf":{"@id":"https:\/\/www.visit-ulcinj.com\/blog\/#website"},"primaryImageOfPage":{"@id":"https:\/\/www.visit-ulcinj.com\/blog\/2012\/02\/09\/muhamed-kollari-dashuria-cover-flori-talent-i-muzikes-qe-premton\/#primaryimage"},"datePublished":"2012-02-09T17:06:42+00:00","dateModified":"2012-02-09T17:06:42+00:00","author":{"@id":"https:\/\/www.visit-ulcinj.com\/blog\/#\/schema\/person\/dcab619c614d3038751c63bc2aadc06d"},"description":"Ne historine e muzikes dhe vall\u00ebzimit ne trojet e Ulqinit , u ngrit edhe nje kult qe nderon perpjekjet e artisteve shqiptare si nga kenga ashtu dhe nga","breadcrumb":{"@id":"https:\/\/www.visit-ulcinj.com\/blog\/2012\/02\/09\/muhamed-kollari-dashuria-cover-flori-talent-i-muzikes-qe-premton\/#breadcrumb"},"inLanguage":"en-US","potentialAction":[{"@type":"ReadAction","target":["https:\/\/www.visit-ulcinj.com\/blog\/2012\/02\/09\/muhamed-kollari-dashuria-cover-flori-talent-i-muzikes-qe-premton\/"]}]},{"@type":"BreadcrumbList","@id":"https:\/\/www.visit-ulcinj.com\/blog\/2012\/02\/09\/muhamed-kollari-dashuria-cover-flori-talent-i-muzikes-qe-premton\/#breadcrumb","itemListElement":[{"@type":"ListItem","position":1,"name":"Muhamed Kollari &#8220;Dashuria cover Flori&#8221; talent i muzik\u00ebs q\u00eb premton"}]},{"@type":"Person","@id":"https:\/\/www.visit-ulcinj.com\/blog\/#\/schema\/person\/dcab619c614d3038751c63bc2aadc06d","name":"ulqini","sameAs":["http:\/\/www.visit-ulcinj.com"],"url":"https:\/\/www.visit-ulcinj.com\/blog\/author\/admin\/"}]}},"jetpack_featured_media_url":"","jetpack_sharing_enabled":true,"jetpack_shortlink":"https:\/\/wp.me\/pe6lTn-eSk","_links":{"self":[{"href":"https:\/\/www.visit-ulcinj.com\/blog\/wp-json\/wp\/v2\/posts\/57184"}],"collection":[{"href":"https:\/\/www.visit-ulcinj.com\/blog\/wp-json\/wp\/v2\/posts"}],"about":[{"href":"https:\/\/www.visit-ulcinj.com\/blog\/wp-json\/wp\/v2\/types\/post"}],"author":[{"embeddable":true,"href":"https:\/\/www.visit-ulcinj.com\/blog\/wp-json\/wp\/v2\/users\/1"}],"replies":[{"embeddable":true,"href":"https:\/\/www.visit-ulcinj.com\/blog\/wp-json\/wp\/v2\/comments?post=57184"}],"version-history":[{"count":3,"href":"https:\/\/www.visit-ulcinj.com\/blog\/wp-json\/wp\/v2\/posts\/57184\/revisions"}],"predecessor-version":[{"id":57190,"href":"https:\/\/www.visit-ulcinj.com\/blog\/wp-json\/wp\/v2\/posts\/57184\/revisions\/57190"}],"wp:attachment":[{"href":"https:\/\/www.visit-ulcinj.com\/blog\/wp-json\/wp\/v2\/media?parent=57184"}],"wp:term":[{"taxonomy":"category","embeddable":true,"href":"https:\/\/www.visit-ulcinj.com\/blog\/wp-json\/wp\/v2\/categories?post=57184"},{"taxonomy":"post_tag","embeddable":true,"href":"https:\/\/www.visit-ulcinj.com\/blog\/wp-json\/wp\/v2\/tags?post=57184"}],"curies":[{"name":"wp","href":"https:\/\/api.w.org\/{rel}","templated":true}]}}