{"id":5719,"date":"2008-11-09T05:07:22","date_gmt":"2008-11-09T10:07:22","guid":{"rendered":"http:\/\/www.visit-ulcinj.com\/blog\/?p=5719"},"modified":"2008-11-09T05:07:22","modified_gmt":"2008-11-09T10:07:22","slug":"pas-karmeles-hollandezepoli-tani-flirton-me-shqiptaret","status":"publish","type":"post","link":"https:\/\/www.visit-ulcinj.com\/blog\/2008\/11\/09\/pas-karmeles-hollandezepoli-tani-flirton-me-shqiptaret\/","title":{"rendered":"Pas Karmel\u00ebs hollandeze,Poli tani flirton me shqiptaret"},"content":{"rendered":"<p><a href=\"http:\/\/www.visit-ulcinj.com\/blog\/wp-content\/uploads\/2008\/11\/poli-_-nga-emisioni-bg-brother.jpg\"><img loading=\"lazy\" class=\"alignleft size-medium wp-image-5720\" title=\"poli-_-nga-emisioni-bg-brother\" src=\"http:\/\/www.visit-ulcinj.com\/blog\/wp-content\/uploads\/2008\/11\/poli-_-nga-emisioni-bg-brother-300x173.jpg\" alt=\"\" width=\"300\" height=\"173\" srcset=\"https:\/\/www.visit-ulcinj.com\/blog\/wp-content\/uploads\/2008\/11\/poli-_-nga-emisioni-bg-brother-300x173.jpg 300w, https:\/\/www.visit-ulcinj.com\/blog\/wp-content\/uploads\/2008\/11\/poli-_-nga-emisioni-bg-brother.jpg 600w\" sizes=\"(max-width: 300px) 100vw, 300px\" \/><\/a>Mesa duket Polit i \u00ebsht\u00eb hapur kaq shum\u00eb oreksi, sa q\u00eb kjo puna e flirteve me vajzat i \u00ebsht\u00eb b\u00ebr\u00eb ves. Ka b\u00ebr\u00eb jo pak buj\u00eb historia e nj\u00ebrit prej djemve m\u00eb trendy t\u00eb Tiran\u00ebs i cili u b\u00eb i njohur nga spektakli \u201cBig Brother\u201d, e botuar jav\u00ebn e kaluar te \u201cPanorama plus\u201d. Aty ne zbuluam lidhjen e tij me nj\u00eb vajz\u00eb 20 vje\u00e7are hollandeze, super seksi, me t\u00eb cil\u00ebn Poli ndau disa nga dit\u00ebt e net\u00ebt e tij n\u00eb ishujt Kanarie.<\/p>\n<p>I sapo kthyer n\u00eb Tiran\u00eb, ai si \u00e7do i ri q\u00eb nuk e mban kok\u00ebn pas por d\u00ebshiron t\u00eb jetoj\u00eb \u00e7do \u00e7ast t\u00eb jet\u00ebs, ka rivendosur lidhjet me t\u00eb gjith\u00eb miqt\u00eb e tij, por ve\u00e7an\u00ebrisht me mikeshat, duke iu kthyer riteve t\u00eb zakonshme. Dhe nj\u00eb nga k\u00ebto rite \u00ebsht\u00eb edhe jeta e nat\u00ebs.<\/p>\n<p>Na partyn e organizaur nga \u201cTop Channel\u201d p\u00ebr \u201cSuper model of the world\u201d, edhe pse kishte shum\u00eb personazhe t\u00eb njohur, paparaci yn\u00eb rrinte vazhdimisht n\u00eb gjurm\u00ebt e Polit p\u00ebr t\u00eb fiksuar \u00e7do \u00e7ast interesant nga ajo dark\u00eb. Dhe si\u00e7 e shikoni edhe vet\u00eb duket qart\u00eb se Poli at\u00eb nat\u00eb ia ka kaluar shum\u00eb mir\u00eb. N\u00ebse deri dje femrat i b\u00ebnte p\u00ebr vete si nj\u00eb djal\u00eb simpatik dhe me humor, sot ka edhe nj\u00eb arm\u00eb tjet\u00ebr t\u00eb fort\u00eb, faktin q\u00eb tashm\u00eb \u00ebsht\u00eb b\u00ebr\u00eb nj\u00eb personazh publik. Dhe mesa duket t\u00eb gjitha k\u00ebto arm\u00eb Poli po i shfryt\u00ebzon n\u00eb maksimum.<\/p>\n<p>Edhe at\u00eb nat\u00eb n\u00eb party, djaloshi 22 vje\u00e7ar nuk u lodh shum\u00eb p\u00ebr t\u00eb gjetur shoq\u00ebri femrash. Dhe si\u00e7 na kishte treguar edhe vet\u00eb nj\u00eb jav\u00eb m\u00eb par\u00eb, p\u00ebr djemt\u00eb dhe vjazat n\u00eb per\u00ebndim t\u00eb cil\u00ebt jan\u00eb n\u00eb gjuajtje t\u00eb vazhdueshme gjat\u00eb nj\u00eb nate, duke mos preferuar t\u00eb rrin\u00eb vet\u00ebm me nj\u00eb partner, duket se edhe Poli ka b\u00ebr\u00eb pik\u00ebrisht k\u00ebt\u00eb gj\u00eb.<\/p>\n<p>N\u00eb fillim ka ndenjur gjat\u00eb i p\u00ebrqafuar me Jun\u00ebn, e cila p\u00ebr hir t\u00eb s\u00eb v\u00ebrtet\u00ebs at\u00eb nat\u00eb ishte b\u00ebr\u00eb shum\u00eb e bukur. M\u00eb pas ai \u00ebsht\u00eb gjendur n\u00eb shoq\u00ebrin\u00eb e k\u00ebng\u00ebtareve, miseve, me siguri t\u00eb gjitha nj\u00eb \u201cgjah\u201d i leht\u00eb p\u00ebr djalin simpatik. Ndonj\u00eb filling t\u00eb ve\u00e7ant\u00eb p\u00ebr ndonj\u00ebr\u00ebn prej tyre? Duket se jo. Ashtu s\u00e7 b\u00ebjn\u00eb n\u00eb bot\u00eb pra? Gjith\u00e7ka i p\u00ebrket vet\u00ebm atij momenti dhe kaq.<\/p>\n<!--YouTube Error: bad URL entered-->\n","protected":false},"excerpt":{"rendered":"<p>Mesa duket Polit i \u00ebsht\u00eb hapur kaq shum\u00eb oreksi, sa q\u00eb kjo puna e flirteve me vajzat i \u00ebsht\u00eb b\u00ebr\u00eb ves. Ka b\u00ebr\u00eb jo pak buj\u00eb historia e nj\u00ebrit prej djemve m\u00eb trendy t\u00eb Tiran\u00ebs i cili u b\u00eb i njohur nga spektakli \u201cBig Brother\u201d, e botuar jav\u00ebn e kaluar te \u201cPanorama plus\u201d. Aty ne [&hellip;]<\/p>\n","protected":false},"author":1,"featured_media":0,"comment_status":"open","ping_status":"closed","sticky":false,"template":"","format":"standard","meta":{"spay_email":"","jetpack_publicize_message":"","jetpack_is_tweetstorm":false,"jetpack_publicize_feature_enabled":true},"categories":[1],"tags":[4980],"jetpack_publicize_connections":[],"yoast_head":"<!-- This site is optimized with the Yoast SEO plugin v19.1 - https:\/\/yoast.com\/wordpress\/plugins\/seo\/ -->\n<title>Pas Karmel\u00ebs hollandeze,Poli tani flirton me shqiptaret - Lajme nga Ulqini<\/title>\n<meta name=\"description\" content=\"Mesa duket Polit i \u00ebsht\u00eb hapur kaq shum\u00eb oreksi, sa q\u00eb kjo puna e flirteve me vajzat i \u00ebsht\u00eb b\u00ebr\u00eb ves. Ka b\u00ebr\u00eb jo pak buj\u00eb historia e nj\u00ebrit prej djemve\" \/>\n<meta name=\"robots\" content=\"index, follow, max-snippet:-1, max-image-preview:large, max-video-preview:-1\" \/>\n<link rel=\"canonical\" href=\"https:\/\/www.visit-ulcinj.com\/blog\/2008\/11\/09\/pas-karmeles-hollandezepoli-tani-flirton-me-shqiptaret\/\" \/>\n<meta property=\"og:locale\" content=\"en_US\" \/>\n<meta property=\"og:type\" content=\"article\" \/>\n<meta property=\"og:title\" content=\"Pas Karmel\u00ebs hollandeze,Poli tani flirton me shqiptaret - Lajme nga Ulqini\" \/>\n<meta property=\"og:description\" content=\"Mesa duket Polit i \u00ebsht\u00eb hapur kaq shum\u00eb oreksi, sa q\u00eb kjo puna e flirteve me vajzat i \u00ebsht\u00eb b\u00ebr\u00eb ves. Ka b\u00ebr\u00eb jo pak buj\u00eb historia e nj\u00ebrit prej djemve\" \/>\n<meta property=\"og:url\" content=\"https:\/\/www.visit-ulcinj.com\/blog\/2008\/11\/09\/pas-karmeles-hollandezepoli-tani-flirton-me-shqiptaret\/\" \/>\n<meta property=\"og:site_name\" content=\"Lajme nga Ulqini\" \/>\n<meta property=\"article:published_time\" content=\"2008-11-09T10:07:22+00:00\" \/>\n<meta property=\"og:image\" content=\"http:\/\/www.visit-ulcinj.com\/blog\/wp-content\/uploads\/2008\/11\/poli-_-nga-emisioni-bg-brother-300x173.jpg\" \/>\n<meta name=\"twitter:label1\" content=\"Written by\" \/>\n\t<meta name=\"twitter:data1\" content=\"ulqini\" \/>\n\t<meta name=\"twitter:label2\" content=\"Est. reading time\" \/>\n\t<meta name=\"twitter:data2\" content=\"2 minutes\" \/>\n<script type=\"application\/ld+json\" class=\"yoast-schema-graph\">{\"@context\":\"https:\/\/schema.org\",\"@graph\":[{\"@type\":\"WebSite\",\"@id\":\"https:\/\/www.visit-ulcinj.com\/blog\/#website\",\"url\":\"https:\/\/www.visit-ulcinj.com\/blog\/\",\"name\":\"Lajme nga Ulqini\",\"description\":\"Lajme,Vijesti,Ulqini,Ulqin,Crna Gora,Mali i Zi\",\"potentialAction\":[{\"@type\":\"SearchAction\",\"target\":{\"@type\":\"EntryPoint\",\"urlTemplate\":\"https:\/\/www.visit-ulcinj.com\/blog\/?s={search_term_string}\"},\"query-input\":\"required name=search_term_string\"}],\"inLanguage\":\"en-US\"},{\"@type\":\"ImageObject\",\"inLanguage\":\"en-US\",\"@id\":\"https:\/\/www.visit-ulcinj.com\/blog\/2008\/11\/09\/pas-karmeles-hollandezepoli-tani-flirton-me-shqiptaret\/#primaryimage\",\"url\":\"http:\/\/www.visit-ulcinj.com\/blog\/wp-content\/uploads\/2008\/11\/poli-_-nga-emisioni-bg-brother-300x173.jpg\",\"contentUrl\":\"http:\/\/www.visit-ulcinj.com\/blog\/wp-content\/uploads\/2008\/11\/poli-_-nga-emisioni-bg-brother-300x173.jpg\"},{\"@type\":\"WebPage\",\"@id\":\"https:\/\/www.visit-ulcinj.com\/blog\/2008\/11\/09\/pas-karmeles-hollandezepoli-tani-flirton-me-shqiptaret\/#webpage\",\"url\":\"https:\/\/www.visit-ulcinj.com\/blog\/2008\/11\/09\/pas-karmeles-hollandezepoli-tani-flirton-me-shqiptaret\/\",\"name\":\"Pas Karmel\u00ebs hollandeze,Poli tani flirton me shqiptaret - Lajme nga Ulqini\",\"isPartOf\":{\"@id\":\"https:\/\/www.visit-ulcinj.com\/blog\/#website\"},\"primaryImageOfPage\":{\"@id\":\"https:\/\/www.visit-ulcinj.com\/blog\/2008\/11\/09\/pas-karmeles-hollandezepoli-tani-flirton-me-shqiptaret\/#primaryimage\"},\"datePublished\":\"2008-11-09T10:07:22+00:00\",\"dateModified\":\"2008-11-09T10:07:22+00:00\",\"author\":{\"@id\":\"https:\/\/www.visit-ulcinj.com\/blog\/#\/schema\/person\/dcab619c614d3038751c63bc2aadc06d\"},\"description\":\"Mesa duket Polit i \u00ebsht\u00eb hapur kaq shum\u00eb oreksi, sa q\u00eb kjo puna e flirteve me vajzat i \u00ebsht\u00eb b\u00ebr\u00eb ves. Ka b\u00ebr\u00eb jo pak buj\u00eb historia e nj\u00ebrit prej djemve\",\"breadcrumb\":{\"@id\":\"https:\/\/www.visit-ulcinj.com\/blog\/2008\/11\/09\/pas-karmeles-hollandezepoli-tani-flirton-me-shqiptaret\/#breadcrumb\"},\"inLanguage\":\"en-US\",\"potentialAction\":[{\"@type\":\"ReadAction\",\"target\":[\"https:\/\/www.visit-ulcinj.com\/blog\/2008\/11\/09\/pas-karmeles-hollandezepoli-tani-flirton-me-shqiptaret\/\"]}]},{\"@type\":\"BreadcrumbList\",\"@id\":\"https:\/\/www.visit-ulcinj.com\/blog\/2008\/11\/09\/pas-karmeles-hollandezepoli-tani-flirton-me-shqiptaret\/#breadcrumb\",\"itemListElement\":[{\"@type\":\"ListItem\",\"position\":1,\"name\":\"Pas Karmel\u00ebs hollandeze,Poli tani flirton me shqiptaret\"}]},{\"@type\":\"Person\",\"@id\":\"https:\/\/www.visit-ulcinj.com\/blog\/#\/schema\/person\/dcab619c614d3038751c63bc2aadc06d\",\"name\":\"ulqini\",\"sameAs\":[\"http:\/\/www.visit-ulcinj.com\"],\"url\":\"https:\/\/www.visit-ulcinj.com\/blog\/author\/admin\/\"}]}<\/script>\n<!-- \/ Yoast SEO plugin. -->","yoast_head_json":{"title":"Pas Karmel\u00ebs hollandeze,Poli tani flirton me shqiptaret - Lajme nga Ulqini","description":"Mesa duket Polit i \u00ebsht\u00eb hapur kaq shum\u00eb oreksi, sa q\u00eb kjo puna e flirteve me vajzat i \u00ebsht\u00eb b\u00ebr\u00eb ves. Ka b\u00ebr\u00eb jo pak buj\u00eb historia e nj\u00ebrit prej djemve","robots":{"index":"index","follow":"follow","max-snippet":"max-snippet:-1","max-image-preview":"max-image-preview:large","max-video-preview":"max-video-preview:-1"},"canonical":"https:\/\/www.visit-ulcinj.com\/blog\/2008\/11\/09\/pas-karmeles-hollandezepoli-tani-flirton-me-shqiptaret\/","og_locale":"en_US","og_type":"article","og_title":"Pas Karmel\u00ebs hollandeze,Poli tani flirton me shqiptaret - Lajme nga Ulqini","og_description":"Mesa duket Polit i \u00ebsht\u00eb hapur kaq shum\u00eb oreksi, sa q\u00eb kjo puna e flirteve me vajzat i \u00ebsht\u00eb b\u00ebr\u00eb ves. Ka b\u00ebr\u00eb jo pak buj\u00eb historia e nj\u00ebrit prej djemve","og_url":"https:\/\/www.visit-ulcinj.com\/blog\/2008\/11\/09\/pas-karmeles-hollandezepoli-tani-flirton-me-shqiptaret\/","og_site_name":"Lajme nga Ulqini","article_published_time":"2008-11-09T10:07:22+00:00","og_image":[{"url":"http:\/\/www.visit-ulcinj.com\/blog\/wp-content\/uploads\/2008\/11\/poli-_-nga-emisioni-bg-brother-300x173.jpg"}],"twitter_misc":{"Written by":"ulqini","Est. reading time":"2 minutes"},"schema":{"@context":"https:\/\/schema.org","@graph":[{"@type":"WebSite","@id":"https:\/\/www.visit-ulcinj.com\/blog\/#website","url":"https:\/\/www.visit-ulcinj.com\/blog\/","name":"Lajme nga Ulqini","description":"Lajme,Vijesti,Ulqini,Ulqin,Crna Gora,Mali i Zi","potentialAction":[{"@type":"SearchAction","target":{"@type":"EntryPoint","urlTemplate":"https:\/\/www.visit-ulcinj.com\/blog\/?s={search_term_string}"},"query-input":"required name=search_term_string"}],"inLanguage":"en-US"},{"@type":"ImageObject","inLanguage":"en-US","@id":"https:\/\/www.visit-ulcinj.com\/blog\/2008\/11\/09\/pas-karmeles-hollandezepoli-tani-flirton-me-shqiptaret\/#primaryimage","url":"http:\/\/www.visit-ulcinj.com\/blog\/wp-content\/uploads\/2008\/11\/poli-_-nga-emisioni-bg-brother-300x173.jpg","contentUrl":"http:\/\/www.visit-ulcinj.com\/blog\/wp-content\/uploads\/2008\/11\/poli-_-nga-emisioni-bg-brother-300x173.jpg"},{"@type":"WebPage","@id":"https:\/\/www.visit-ulcinj.com\/blog\/2008\/11\/09\/pas-karmeles-hollandezepoli-tani-flirton-me-shqiptaret\/#webpage","url":"https:\/\/www.visit-ulcinj.com\/blog\/2008\/11\/09\/pas-karmeles-hollandezepoli-tani-flirton-me-shqiptaret\/","name":"Pas Karmel\u00ebs hollandeze,Poli tani flirton me shqiptaret - Lajme nga Ulqini","isPartOf":{"@id":"https:\/\/www.visit-ulcinj.com\/blog\/#website"},"primaryImageOfPage":{"@id":"https:\/\/www.visit-ulcinj.com\/blog\/2008\/11\/09\/pas-karmeles-hollandezepoli-tani-flirton-me-shqiptaret\/#primaryimage"},"datePublished":"2008-11-09T10:07:22+00:00","dateModified":"2008-11-09T10:07:22+00:00","author":{"@id":"https:\/\/www.visit-ulcinj.com\/blog\/#\/schema\/person\/dcab619c614d3038751c63bc2aadc06d"},"description":"Mesa duket Polit i \u00ebsht\u00eb hapur kaq shum\u00eb oreksi, sa q\u00eb kjo puna e flirteve me vajzat i \u00ebsht\u00eb b\u00ebr\u00eb ves. Ka b\u00ebr\u00eb jo pak buj\u00eb historia e nj\u00ebrit prej djemve","breadcrumb":{"@id":"https:\/\/www.visit-ulcinj.com\/blog\/2008\/11\/09\/pas-karmeles-hollandezepoli-tani-flirton-me-shqiptaret\/#breadcrumb"},"inLanguage":"en-US","potentialAction":[{"@type":"ReadAction","target":["https:\/\/www.visit-ulcinj.com\/blog\/2008\/11\/09\/pas-karmeles-hollandezepoli-tani-flirton-me-shqiptaret\/"]}]},{"@type":"BreadcrumbList","@id":"https:\/\/www.visit-ulcinj.com\/blog\/2008\/11\/09\/pas-karmeles-hollandezepoli-tani-flirton-me-shqiptaret\/#breadcrumb","itemListElement":[{"@type":"ListItem","position":1,"name":"Pas Karmel\u00ebs hollandeze,Poli tani flirton me shqiptaret"}]},{"@type":"Person","@id":"https:\/\/www.visit-ulcinj.com\/blog\/#\/schema\/person\/dcab619c614d3038751c63bc2aadc06d","name":"ulqini","sameAs":["http:\/\/www.visit-ulcinj.com"],"url":"https:\/\/www.visit-ulcinj.com\/blog\/author\/admin\/"}]}},"jetpack_featured_media_url":"","jetpack_sharing_enabled":true,"jetpack_shortlink":"https:\/\/wp.me\/pe6lTn-1uf","_links":{"self":[{"href":"https:\/\/www.visit-ulcinj.com\/blog\/wp-json\/wp\/v2\/posts\/5719"}],"collection":[{"href":"https:\/\/www.visit-ulcinj.com\/blog\/wp-json\/wp\/v2\/posts"}],"about":[{"href":"https:\/\/www.visit-ulcinj.com\/blog\/wp-json\/wp\/v2\/types\/post"}],"author":[{"embeddable":true,"href":"https:\/\/www.visit-ulcinj.com\/blog\/wp-json\/wp\/v2\/users\/1"}],"replies":[{"embeddable":true,"href":"https:\/\/www.visit-ulcinj.com\/blog\/wp-json\/wp\/v2\/comments?post=5719"}],"version-history":[{"count":0,"href":"https:\/\/www.visit-ulcinj.com\/blog\/wp-json\/wp\/v2\/posts\/5719\/revisions"}],"wp:attachment":[{"href":"https:\/\/www.visit-ulcinj.com\/blog\/wp-json\/wp\/v2\/media?parent=5719"}],"wp:term":[{"taxonomy":"category","embeddable":true,"href":"https:\/\/www.visit-ulcinj.com\/blog\/wp-json\/wp\/v2\/categories?post=5719"},{"taxonomy":"post_tag","embeddable":true,"href":"https:\/\/www.visit-ulcinj.com\/blog\/wp-json\/wp\/v2\/tags?post=5719"}],"curies":[{"name":"wp","href":"https:\/\/api.w.org\/{rel}","templated":true}]}}