{"id":57202,"date":"2012-02-09T19:51:22","date_gmt":"2012-02-09T18:51:22","guid":{"rendered":"http:\/\/www.visit-ulcinj.com\/blog\/?p=57202"},"modified":"2012-02-09T19:51:22","modified_gmt":"2012-02-09T18:51:22","slug":"tahiri-tahiri-nuk-kerkuam-reciprocitet","status":"publish","type":"post","link":"https:\/\/www.visit-ulcinj.com\/blog\/2012\/02\/09\/tahiri-tahiri-nuk-kerkuam-reciprocitet\/","title":{"rendered":"Tahiri Tahiri:  Nuk k\u00ebrkuam reciprocitet"},"content":{"rendered":"<p><a href=\"http:\/\/www.visit-ulcinj.com\/blog\/wp-content\/uploads\/2012\/02\/Tahir-Tahiri_kryetar-i-K\u00ebshillit-Nacional-t\u00eb-Shqip\u00ebtar\u00ebve-ne-Mal-te-Zi-n\u00eb-kosov\u00eb.jpg\"><img loading=\"lazy\" class=\"alignleft  wp-image-57203\" title=\"Tahir-Tahiri_kryetar-i-K\u00ebshillit-Nacional-t\u00eb-Shqip\u00ebtar\u00ebve-ne-Mal-te-Zi n\u00eb kosov\u00eb\" src=\"http:\/\/www.visit-ulcinj.com\/blog\/wp-content\/uploads\/2012\/02\/Tahir-Tahiri_kryetar-i-K\u00ebshillit-Nacional-t\u00eb-Shqip\u00ebtar\u00ebve-ne-Mal-te-Zi-n\u00eb-kosov\u00eb.jpg\" alt=\"\" width=\"340\" height=\"400\" \/><\/a>Kryetari i K\u00ebshillit Nacional Shqiptar dhe an\u00ebtar i delegacionit t\u00eb shqiptar\u00ebve n\u00eb Mal t\u00eb Zi i cili para dy dit\u00ebsh q\u00ebndroi n\u00eb Kosov\u00eb, Tahiri Tahiri,demanton hapur nj\u00eb deklarat\u00eb t\u00eb LDK p\u00ebr reciprocitet mes shqiptar\u00ebve n\u00eb Mal t\u00eb Zi dhe malazez\u00ebve n\u00eb Kosov\u00eb, pasi q\u00eb, si\u00e7 thot\u00eb ai, n\u00eb takim p\u00ebrve\u00e7 shprehjes s\u00eb shqet\u00ebsimeve p\u00ebr gjendjen e shqiptareve n\u00eb Mal t\u00eb Zi dhe k\u00ebrkes\u00ebs p\u00ebr mb\u00ebshtetje t\u00eb institucioneve kosovare as q\u00eb \u00ebsht\u00eb b\u00ebr\u00eb fjal\u00eb p\u00ebr ndonj\u00eb far\u00eb reciprociteti n\u00eb mes shqiptareve n\u00eb Mal t\u00eb Zi dhe malazez\u00ebve n\u00eb Kosov\u00eb.<\/p>\n<p>P\u00ebrndryshe nj\u00eb delegacion deputet\u00ebsh shqiptar\u00eb t\u00eb Parlamentit t\u00eb Malit t\u00eb Zi, i cili p\u00ebrb\u00ebhej nga Mehmet Bardhi, Genc Nimanbegu dhe Vasel Sinishtaj si dhe kryetari i K\u00ebshillit Nacional Shqiptar n\u00eb Mal t\u00eb Zi Tahir Tahiri q\u00ebndruan p\u00ebr vizit\u00eb n\u00eb Kosov\u00eb ku paraqiten shqet\u00ebsimet dhe problemet me t\u00eb cilat ballafaqohen shqiptaret n\u00eb Mal t\u00eb Zi. Sipas kumtes\u00ebs s\u00eb LDK, ata k\u00ebrkuan mb\u00ebshtetje dhe q\u00eb p\u00ebr k\u00ebto halle dhe shqet\u00ebsime t\u00eb ngrihet z\u00ebri n\u00eb institucionet e Kosov\u00ebs, shkurt t\u00eb vlej\u00eb nj\u00eb reciprocitet, ajo q\u00eb u lejohet dhe garantohet komunitetit t\u00eb vog\u00ebl malazez n\u00eb Kosov\u00eb, t&#8217;ju garantohet edhe shqiptar\u00ebve si komunitet i madh n\u00eb Mal t\u00eb Zi. Nd\u00ebrkoh\u00eb edhe ish- deputeti shqiptar i Lidhjes Demokratike n\u00eb Parlamentin e Malit t\u00eb Zi, Xheladin Zeneli, ka shprehur hapur mospajtim me k\u00ebt\u00eb q\u00ebndrimin t\u00eb an\u00ebtareve t\u00eb delegacionit t\u00eb shqiptareve nga Mali i Zi,t\u00eb cil\u00ebt ishin p\u00ebr vizit\u00eb n\u00eb Kosov\u00eb.<\/p>\n<p>Sipas Zenelit, k\u00ebrkesa e aplikimit t\u00eb reciprocitetit n\u00eb mes shqiptar\u00ebve n\u00eb Mal t\u00eb Zi me pakic\u00ebn malazeze n\u00eb Kosov\u00eb, \u00ebsht\u00eb e padrejt\u00eb dhe e papranueshme. Zeneli mendon se ka shum\u00eb arsye q\u00eb nuk l\u00ebn\u00eb vend p\u00ebr nj\u00eb krahasim t\u00eb till\u00eb. Ai k\u00ebt\u00eb a arsyeton me faktin se shqiptar\u00ebt n\u00eb Mal t\u00eb Zi jan\u00eb popull autokton, numri i shqiptar\u00ebve n\u00eb Mal t\u00eb Zi \u00ebsht\u00eb shum\u00eb m\u00eb i madh se sa numri i malazez\u00ebve n\u00eb Kosov\u00eb dhe se shqiptar\u00ebt n\u00eb Mal t\u00eb Zi ka kontribuar dhe ndihmuan drejtp\u00ebrs\u00ebdrejti n\u00eb themelimin e shtetit t\u00eb Malit t\u00eb Zi duke p\u00ebrkrahur pavar\u00ebsin\u00eb e k\u00ebtij shteti.<\/p>\n<p><strong>TVCG<\/strong><\/p>\n","protected":false},"excerpt":{"rendered":"<p>Kryetari i K\u00ebshillit Nacional Shqiptar dhe an\u00ebtar i delegacionit t\u00eb shqiptar\u00ebve n\u00eb Mal t\u00eb Zi i cili para dy dit\u00ebsh q\u00ebndroi n\u00eb Kosov\u00eb, Tahiri Tahiri,demanton hapur nj\u00eb deklarat\u00eb t\u00eb LDK p\u00ebr reciprocitet mes shqiptar\u00ebve n\u00eb Mal t\u00eb Zi dhe malazez\u00ebve n\u00eb Kosov\u00eb, pasi q\u00eb, si\u00e7 thot\u00eb ai, n\u00eb takim p\u00ebrve\u00e7 shprehjes s\u00eb shqet\u00ebsimeve p\u00ebr gjendjen [&hellip;]<\/p>\n","protected":false},"author":1,"featured_media":0,"comment_status":"open","ping_status":"closed","sticky":false,"template":"","format":"standard","meta":{"spay_email":"","jetpack_publicize_message":"","jetpack_is_tweetstorm":false,"jetpack_publicize_feature_enabled":true},"categories":[12],"tags":[57,95,899,200,18],"jetpack_publicize_connections":[],"yoast_head":"<!-- This site is optimized with the Yoast SEO plugin v19.1 - https:\/\/yoast.com\/wordpress\/plugins\/seo\/ -->\n<title>Tahiri Tahiri: Nuk k\u00ebrkuam reciprocitet - Lajme nga Ulqini<\/title>\n<meta name=\"description\" content=\"Kryetari i K\u00ebshillit Nacional Shqiptar dhe an\u00ebtar i delegacionit t\u00eb shqiptar\u00ebve n\u00eb Mal t\u00eb Zi i cili para dy dit\u00ebsh q\u00ebndroi n\u00eb Kosov\u00eb, Tahiri\" \/>\n<meta name=\"robots\" content=\"index, follow, max-snippet:-1, max-image-preview:large, max-video-preview:-1\" \/>\n<link rel=\"canonical\" href=\"https:\/\/www.visit-ulcinj.com\/blog\/2012\/02\/09\/tahiri-tahiri-nuk-kerkuam-reciprocitet\/\" \/>\n<meta property=\"og:locale\" content=\"en_US\" \/>\n<meta property=\"og:type\" content=\"article\" \/>\n<meta property=\"og:title\" content=\"Tahiri Tahiri: Nuk k\u00ebrkuam reciprocitet - Lajme nga Ulqini\" \/>\n<meta property=\"og:description\" content=\"Kryetari i K\u00ebshillit Nacional Shqiptar dhe an\u00ebtar i delegacionit t\u00eb shqiptar\u00ebve n\u00eb Mal t\u00eb Zi i cili para dy dit\u00ebsh q\u00ebndroi n\u00eb Kosov\u00eb, Tahiri\" \/>\n<meta property=\"og:url\" content=\"https:\/\/www.visit-ulcinj.com\/blog\/2012\/02\/09\/tahiri-tahiri-nuk-kerkuam-reciprocitet\/\" \/>\n<meta property=\"og:site_name\" content=\"Lajme nga Ulqini\" \/>\n<meta property=\"article:published_time\" content=\"2012-02-09T18:51:22+00:00\" \/>\n<meta name=\"twitter:label1\" content=\"Written by\" \/>\n\t<meta name=\"twitter:data1\" content=\"ulqini\" \/>\n\t<meta name=\"twitter:label2\" content=\"Est. reading time\" \/>\n\t<meta name=\"twitter:data2\" content=\"2 minutes\" \/>\n<script type=\"application\/ld+json\" class=\"yoast-schema-graph\">{\"@context\":\"https:\/\/schema.org\",\"@graph\":[{\"@type\":\"WebSite\",\"@id\":\"https:\/\/www.visit-ulcinj.com\/blog\/#website\",\"url\":\"https:\/\/www.visit-ulcinj.com\/blog\/\",\"name\":\"Lajme nga Ulqini\",\"description\":\"Lajme,Vijesti,Ulqini,Ulqin,Crna Gora,Mali i Zi\",\"potentialAction\":[{\"@type\":\"SearchAction\",\"target\":{\"@type\":\"EntryPoint\",\"urlTemplate\":\"https:\/\/www.visit-ulcinj.com\/blog\/?s={search_term_string}\"},\"query-input\":\"required name=search_term_string\"}],\"inLanguage\":\"en-US\"},{\"@type\":\"WebPage\",\"@id\":\"https:\/\/www.visit-ulcinj.com\/blog\/2012\/02\/09\/tahiri-tahiri-nuk-kerkuam-reciprocitet\/#webpage\",\"url\":\"https:\/\/www.visit-ulcinj.com\/blog\/2012\/02\/09\/tahiri-tahiri-nuk-kerkuam-reciprocitet\/\",\"name\":\"Tahiri Tahiri: Nuk k\u00ebrkuam reciprocitet - Lajme nga Ulqini\",\"isPartOf\":{\"@id\":\"https:\/\/www.visit-ulcinj.com\/blog\/#website\"},\"datePublished\":\"2012-02-09T18:51:22+00:00\",\"dateModified\":\"2012-02-09T18:51:22+00:00\",\"author\":{\"@id\":\"https:\/\/www.visit-ulcinj.com\/blog\/#\/schema\/person\/dcab619c614d3038751c63bc2aadc06d\"},\"description\":\"Kryetari i K\u00ebshillit Nacional Shqiptar dhe an\u00ebtar i delegacionit t\u00eb shqiptar\u00ebve n\u00eb Mal t\u00eb Zi i cili para dy dit\u00ebsh q\u00ebndroi n\u00eb Kosov\u00eb, Tahiri\",\"breadcrumb\":{\"@id\":\"https:\/\/www.visit-ulcinj.com\/blog\/2012\/02\/09\/tahiri-tahiri-nuk-kerkuam-reciprocitet\/#breadcrumb\"},\"inLanguage\":\"en-US\",\"potentialAction\":[{\"@type\":\"ReadAction\",\"target\":[\"https:\/\/www.visit-ulcinj.com\/blog\/2012\/02\/09\/tahiri-tahiri-nuk-kerkuam-reciprocitet\/\"]}]},{\"@type\":\"BreadcrumbList\",\"@id\":\"https:\/\/www.visit-ulcinj.com\/blog\/2012\/02\/09\/tahiri-tahiri-nuk-kerkuam-reciprocitet\/#breadcrumb\",\"itemListElement\":[{\"@type\":\"ListItem\",\"position\":1,\"name\":\"Tahiri Tahiri: Nuk k\u00ebrkuam reciprocitet\"}]},{\"@type\":\"Person\",\"@id\":\"https:\/\/www.visit-ulcinj.com\/blog\/#\/schema\/person\/dcab619c614d3038751c63bc2aadc06d\",\"name\":\"ulqini\",\"sameAs\":[\"http:\/\/www.visit-ulcinj.com\"],\"url\":\"https:\/\/www.visit-ulcinj.com\/blog\/author\/admin\/\"}]}<\/script>\n<!-- \/ Yoast SEO plugin. -->","yoast_head_json":{"title":"Tahiri Tahiri: Nuk k\u00ebrkuam reciprocitet - Lajme nga Ulqini","description":"Kryetari i K\u00ebshillit Nacional Shqiptar dhe an\u00ebtar i delegacionit t\u00eb shqiptar\u00ebve n\u00eb Mal t\u00eb Zi i cili para dy dit\u00ebsh q\u00ebndroi n\u00eb Kosov\u00eb, Tahiri","robots":{"index":"index","follow":"follow","max-snippet":"max-snippet:-1","max-image-preview":"max-image-preview:large","max-video-preview":"max-video-preview:-1"},"canonical":"https:\/\/www.visit-ulcinj.com\/blog\/2012\/02\/09\/tahiri-tahiri-nuk-kerkuam-reciprocitet\/","og_locale":"en_US","og_type":"article","og_title":"Tahiri Tahiri: Nuk k\u00ebrkuam reciprocitet - Lajme nga Ulqini","og_description":"Kryetari i K\u00ebshillit Nacional Shqiptar dhe an\u00ebtar i delegacionit t\u00eb shqiptar\u00ebve n\u00eb Mal t\u00eb Zi i cili para dy dit\u00ebsh q\u00ebndroi n\u00eb Kosov\u00eb, Tahiri","og_url":"https:\/\/www.visit-ulcinj.com\/blog\/2012\/02\/09\/tahiri-tahiri-nuk-kerkuam-reciprocitet\/","og_site_name":"Lajme nga Ulqini","article_published_time":"2012-02-09T18:51:22+00:00","twitter_misc":{"Written by":"ulqini","Est. reading time":"2 minutes"},"schema":{"@context":"https:\/\/schema.org","@graph":[{"@type":"WebSite","@id":"https:\/\/www.visit-ulcinj.com\/blog\/#website","url":"https:\/\/www.visit-ulcinj.com\/blog\/","name":"Lajme nga Ulqini","description":"Lajme,Vijesti,Ulqini,Ulqin,Crna Gora,Mali i Zi","potentialAction":[{"@type":"SearchAction","target":{"@type":"EntryPoint","urlTemplate":"https:\/\/www.visit-ulcinj.com\/blog\/?s={search_term_string}"},"query-input":"required name=search_term_string"}],"inLanguage":"en-US"},{"@type":"WebPage","@id":"https:\/\/www.visit-ulcinj.com\/blog\/2012\/02\/09\/tahiri-tahiri-nuk-kerkuam-reciprocitet\/#webpage","url":"https:\/\/www.visit-ulcinj.com\/blog\/2012\/02\/09\/tahiri-tahiri-nuk-kerkuam-reciprocitet\/","name":"Tahiri Tahiri: Nuk k\u00ebrkuam reciprocitet - Lajme nga Ulqini","isPartOf":{"@id":"https:\/\/www.visit-ulcinj.com\/blog\/#website"},"datePublished":"2012-02-09T18:51:22+00:00","dateModified":"2012-02-09T18:51:22+00:00","author":{"@id":"https:\/\/www.visit-ulcinj.com\/blog\/#\/schema\/person\/dcab619c614d3038751c63bc2aadc06d"},"description":"Kryetari i K\u00ebshillit Nacional Shqiptar dhe an\u00ebtar i delegacionit t\u00eb shqiptar\u00ebve n\u00eb Mal t\u00eb Zi i cili para dy dit\u00ebsh q\u00ebndroi n\u00eb Kosov\u00eb, Tahiri","breadcrumb":{"@id":"https:\/\/www.visit-ulcinj.com\/blog\/2012\/02\/09\/tahiri-tahiri-nuk-kerkuam-reciprocitet\/#breadcrumb"},"inLanguage":"en-US","potentialAction":[{"@type":"ReadAction","target":["https:\/\/www.visit-ulcinj.com\/blog\/2012\/02\/09\/tahiri-tahiri-nuk-kerkuam-reciprocitet\/"]}]},{"@type":"BreadcrumbList","@id":"https:\/\/www.visit-ulcinj.com\/blog\/2012\/02\/09\/tahiri-tahiri-nuk-kerkuam-reciprocitet\/#breadcrumb","itemListElement":[{"@type":"ListItem","position":1,"name":"Tahiri Tahiri: Nuk k\u00ebrkuam reciprocitet"}]},{"@type":"Person","@id":"https:\/\/www.visit-ulcinj.com\/blog\/#\/schema\/person\/dcab619c614d3038751c63bc2aadc06d","name":"ulqini","sameAs":["http:\/\/www.visit-ulcinj.com"],"url":"https:\/\/www.visit-ulcinj.com\/blog\/author\/admin\/"}]}},"jetpack_featured_media_url":"","jetpack_sharing_enabled":true,"jetpack_shortlink":"https:\/\/wp.me\/pe6lTn-eSC","_links":{"self":[{"href":"https:\/\/www.visit-ulcinj.com\/blog\/wp-json\/wp\/v2\/posts\/57202"}],"collection":[{"href":"https:\/\/www.visit-ulcinj.com\/blog\/wp-json\/wp\/v2\/posts"}],"about":[{"href":"https:\/\/www.visit-ulcinj.com\/blog\/wp-json\/wp\/v2\/types\/post"}],"author":[{"embeddable":true,"href":"https:\/\/www.visit-ulcinj.com\/blog\/wp-json\/wp\/v2\/users\/1"}],"replies":[{"embeddable":true,"href":"https:\/\/www.visit-ulcinj.com\/blog\/wp-json\/wp\/v2\/comments?post=57202"}],"version-history":[{"count":1,"href":"https:\/\/www.visit-ulcinj.com\/blog\/wp-json\/wp\/v2\/posts\/57202\/revisions"}],"predecessor-version":[{"id":57204,"href":"https:\/\/www.visit-ulcinj.com\/blog\/wp-json\/wp\/v2\/posts\/57202\/revisions\/57204"}],"wp:attachment":[{"href":"https:\/\/www.visit-ulcinj.com\/blog\/wp-json\/wp\/v2\/media?parent=57202"}],"wp:term":[{"taxonomy":"category","embeddable":true,"href":"https:\/\/www.visit-ulcinj.com\/blog\/wp-json\/wp\/v2\/categories?post=57202"},{"taxonomy":"post_tag","embeddable":true,"href":"https:\/\/www.visit-ulcinj.com\/blog\/wp-json\/wp\/v2\/tags?post=57202"}],"curies":[{"name":"wp","href":"https:\/\/api.w.org\/{rel}","templated":true}]}}