{"id":57229,"date":"2012-02-10T22:43:31","date_gmt":"2012-02-10T21:43:31","guid":{"rendered":"http:\/\/www.visit-ulcinj.com\/blog\/?p=57229"},"modified":"2012-02-10T22:43:31","modified_gmt":"2012-02-10T21:43:31","slug":"ulcinj-sastanak-u-cilju-bolje-pripreme-turisticke-sezone","status":"publish","type":"post","link":"https:\/\/www.visit-ulcinj.com\/blog\/2012\/02\/10\/ulcinj-sastanak-u-cilju-bolje-pripreme-turisticke-sezone\/","title":{"rendered":"Ulcinj: Sastanak u cilju bolje pripreme turisti\u010dke sezone"},"content":{"rendered":"<p><strong><a href=\"http:\/\/www.visit-ulcinj.com\/blog\/wp-content\/uploads\/2012\/02\/Turisticka-organizacija-Ulcinja_.jpg\"><img loading=\"lazy\" class=\"alignleft size-full wp-image-57231\" title=\"Turisticka-organizacija-Ulcinja_\" src=\"http:\/\/www.visit-ulcinj.com\/blog\/wp-content\/uploads\/2012\/02\/Turisticka-organizacija-Ulcinja_.jpg\" alt=\"\" width=\"508\" height=\"302\" srcset=\"https:\/\/www.visit-ulcinj.com\/blog\/wp-content\/uploads\/2012\/02\/Turisticka-organizacija-Ulcinja_.jpg 508w, https:\/\/www.visit-ulcinj.com\/blog\/wp-content\/uploads\/2012\/02\/Turisticka-organizacija-Ulcinja_-300x178.jpg 300w\" sizes=\"(max-width: 508px) 100vw, 508px\" \/><\/a>Zajedno do kvalitetnijeg ljeta<\/strong><br \/>\nOp\u0161tina Ulcinj mora formirati koordinacioni tim za pripremu i pra\u0107enje turisti\u010dke sezone, organizovati kampanju \u201eregistruj smje\u0161taj\u201d i formirati tim za evidentiranje svih subjekta koji se bave izdavanjem smje\u0161taja u gradu i okolini. Ovo su glavni zaklju\u010dci sastanka, koji je lokalna uprava organizovala na temu priprema turisti\u010dke sezone 2012. godine. Sastanku, koji je vodio predsjednik op\u0161tine Nazif Cungu, prisustvovali su glavni turisti\u010dki inspektor Svetlana \u0160ljivan\u010danin, predstavnik JP \u201eMorsko dobro\u201d Rajko Mihovi\u0107 sa saradnicima, predstavnici JP \u201eKomunalne djelatnosti\u201d i JP \u201eVodovod i kanalizacija\u201d, Ispostava policije, predstavnici nadle\u017enih organa lolakalne uprave, kao i predstavnici lokalnih udru\u017eenja od zna\u010daja za razvoj turizma. Cilj sastanka je bio analiza i upoznavanje sa problemima sa kojima se op\u0161tina susre\u0107e godinama tokom turisti\u010dke sezone, odnosno eventualno rje\u0161avanja istih. U\u010desnici su razgovarali o problemu \u010disto\u0107e, nedostatku parking prostora, vodosnabdijevanju, skuterima, buci, prosjacima na ulicama, i problemima zakupaca pla\u017ea. Dogovoreno je da se izradi plan kontrole smje\u0161taja u saradnji sa turisti\u010dkom inspekcijom, da se predlozi sa sastanka uklju\u010de u program pripreme turisti\u010dke sezone i da se posebna pa\u017enja posveti \u010disto\u0107i grada, ure\u0111enju i ozelenjavanju pojedinih zona i parkinga, uz u\u010de\u0161\u0107e svih subjekata. Predsjednik Op\u0161tine predstavio je dosada\u0161nje aktivnosti vezane za stvaranje uslova za unapre\u0111enje turisti\u010dkog proizvoda op\u0161tine Ulcinj. On je naglasio da \u0107e izrada prostorno-urbanisti\u010dkog plana op\u0161tine i strate\u0161kog plana razvoja dati smjernice odr\u017eivom ekonomskom razvoju. Predstavnik JP Morsko Dobro Rajko Mihovi\u0107 upoznao je u\u010desnike skupa sa investicijama koje je to preduze\u0107e planira da realizuje u Ulcinju ove godine u saradnji sa lokalnom upravom i javnim preduze\u0107ima. Mihovi\u0107 je istakao spremnost da JPMD da doprinos rje\u0161avanju svih problema za koje je to preduze\u0107e odgovorno. Glavni turisti\u010dki inspektor Svetlana \u0160ljivan\u010danin ukazala je na pojedine probleme sa kojim se susretala prethodne godine i naglasila potrebu rje\u0161avanja istih, posebno onih koji se odnose na neregistrovane smje\u0161tajne jedinice, dilere na ulicama, kao i veliki broj privremenih objekata, koji su radili bez dozvole. Sastanak je ocijenjen kao veoma pozitivan i iskazana je spremnost i \u017eelja svih organa da se suo\u010de sa problemima i da zajedni\u010dkim aktivnostima doprinesu rje\u0161avanju istih<\/p>\n<p><a href=\"http:\/\/www.dan.co.me\/?nivo=3&amp;rubrika=Regioni&amp;clanak=319164&amp;datum=2012-02-10\" target=\"_blank\"><strong>Izvor: DAN<\/strong><\/a><strong><\/strong><\/p>\n","protected":false},"excerpt":{"rendered":"<p>Zajedno do kvalitetnijeg ljeta Op\u0161tina Ulcinj mora formirati koordinacioni tim za pripremu i pra\u0107enje turisti\u010dke sezone, organizovati kampanju \u201eregistruj smje\u0161taj\u201d i formirati tim za evidentiranje svih subjekta koji se bave izdavanjem smje\u0161taja u gradu i okolini. Ovo su glavni zaklju\u010dci sastanka, koji je lokalna uprava organizovala na temu priprema turisti\u010dke sezone 2012. godine. Sastanku, koji [&hellip;]<\/p>\n","protected":false},"author":1,"featured_media":0,"comment_status":"open","ping_status":"closed","sticky":false,"template":"","format":"standard","meta":{"spay_email":"","jetpack_publicize_message":"","jetpack_is_tweetstorm":false,"jetpack_publicize_feature_enabled":true},"categories":[8337],"tags":[19],"jetpack_publicize_connections":[],"yoast_head":"<!-- This site is optimized with the Yoast SEO plugin v19.1 - https:\/\/yoast.com\/wordpress\/plugins\/seo\/ -->\n<title>Ulcinj: Sastanak u cilju bolje pripreme turisti\u010dke sezone - Lajme nga Ulqini<\/title>\n<meta name=\"description\" content=\"Zajedno do kvalitetnijeg ljeta Op\u0161tina Ulcinj mora formirati koordinacioni tim za pripremu i pra\u0107enje turisti\u010dke sezone, organizovati kampanju \u201eregistruj\" \/>\n<meta name=\"robots\" content=\"index, follow, max-snippet:-1, max-image-preview:large, max-video-preview:-1\" \/>\n<link rel=\"canonical\" href=\"https:\/\/www.visit-ulcinj.com\/blog\/2012\/02\/10\/ulcinj-sastanak-u-cilju-bolje-pripreme-turisticke-sezone\/\" \/>\n<meta property=\"og:locale\" content=\"en_US\" \/>\n<meta property=\"og:type\" content=\"article\" \/>\n<meta property=\"og:title\" content=\"Ulcinj: Sastanak u cilju bolje pripreme turisti\u010dke sezone - Lajme nga Ulqini\" \/>\n<meta property=\"og:description\" content=\"Zajedno do kvalitetnijeg ljeta Op\u0161tina Ulcinj mora formirati koordinacioni tim za pripremu i pra\u0107enje turisti\u010dke sezone, organizovati kampanju \u201eregistruj\" \/>\n<meta property=\"og:url\" content=\"https:\/\/www.visit-ulcinj.com\/blog\/2012\/02\/10\/ulcinj-sastanak-u-cilju-bolje-pripreme-turisticke-sezone\/\" \/>\n<meta property=\"og:site_name\" content=\"Lajme nga Ulqini\" \/>\n<meta property=\"article:published_time\" content=\"2012-02-10T21:43:31+00:00\" \/>\n<meta property=\"og:image\" content=\"http:\/\/www.visit-ulcinj.com\/blog\/wp-content\/uploads\/2012\/02\/Turisticka-organizacija-Ulcinja_.jpg\" \/>\n<meta name=\"twitter:label1\" content=\"Written by\" \/>\n\t<meta name=\"twitter:data1\" content=\"ulqini\" \/>\n\t<meta name=\"twitter:label2\" content=\"Est. reading time\" \/>\n\t<meta name=\"twitter:data2\" content=\"2 minutes\" \/>\n<script type=\"application\/ld+json\" class=\"yoast-schema-graph\">{\"@context\":\"https:\/\/schema.org\",\"@graph\":[{\"@type\":\"WebSite\",\"@id\":\"https:\/\/www.visit-ulcinj.com\/blog\/#website\",\"url\":\"https:\/\/www.visit-ulcinj.com\/blog\/\",\"name\":\"Lajme nga Ulqini\",\"description\":\"Lajme,Vijesti,Ulqini,Ulqin,Crna Gora,Mali i Zi\",\"potentialAction\":[{\"@type\":\"SearchAction\",\"target\":{\"@type\":\"EntryPoint\",\"urlTemplate\":\"https:\/\/www.visit-ulcinj.com\/blog\/?s={search_term_string}\"},\"query-input\":\"required name=search_term_string\"}],\"inLanguage\":\"en-US\"},{\"@type\":\"ImageObject\",\"inLanguage\":\"en-US\",\"@id\":\"https:\/\/www.visit-ulcinj.com\/blog\/2012\/02\/10\/ulcinj-sastanak-u-cilju-bolje-pripreme-turisticke-sezone\/#primaryimage\",\"url\":\"https:\/\/www.visit-ulcinj.com\/blog\/wp-content\/uploads\/2012\/02\/Turisticka-organizacija-Ulcinja_.jpg\",\"contentUrl\":\"https:\/\/www.visit-ulcinj.com\/blog\/wp-content\/uploads\/2012\/02\/Turisticka-organizacija-Ulcinja_.jpg\",\"width\":\"508\",\"height\":\"302\"},{\"@type\":\"WebPage\",\"@id\":\"https:\/\/www.visit-ulcinj.com\/blog\/2012\/02\/10\/ulcinj-sastanak-u-cilju-bolje-pripreme-turisticke-sezone\/#webpage\",\"url\":\"https:\/\/www.visit-ulcinj.com\/blog\/2012\/02\/10\/ulcinj-sastanak-u-cilju-bolje-pripreme-turisticke-sezone\/\",\"name\":\"Ulcinj: Sastanak u cilju bolje pripreme turisti\u010dke sezone - Lajme nga Ulqini\",\"isPartOf\":{\"@id\":\"https:\/\/www.visit-ulcinj.com\/blog\/#website\"},\"primaryImageOfPage\":{\"@id\":\"https:\/\/www.visit-ulcinj.com\/blog\/2012\/02\/10\/ulcinj-sastanak-u-cilju-bolje-pripreme-turisticke-sezone\/#primaryimage\"},\"datePublished\":\"2012-02-10T21:43:31+00:00\",\"dateModified\":\"2012-02-10T21:43:31+00:00\",\"author\":{\"@id\":\"https:\/\/www.visit-ulcinj.com\/blog\/#\/schema\/person\/dcab619c614d3038751c63bc2aadc06d\"},\"description\":\"Zajedno do kvalitetnijeg ljeta Op\u0161tina Ulcinj mora formirati koordinacioni tim za pripremu i pra\u0107enje turisti\u010dke sezone, organizovati kampanju \u201eregistruj\",\"breadcrumb\":{\"@id\":\"https:\/\/www.visit-ulcinj.com\/blog\/2012\/02\/10\/ulcinj-sastanak-u-cilju-bolje-pripreme-turisticke-sezone\/#breadcrumb\"},\"inLanguage\":\"en-US\",\"potentialAction\":[{\"@type\":\"ReadAction\",\"target\":[\"https:\/\/www.visit-ulcinj.com\/blog\/2012\/02\/10\/ulcinj-sastanak-u-cilju-bolje-pripreme-turisticke-sezone\/\"]}]},{\"@type\":\"BreadcrumbList\",\"@id\":\"https:\/\/www.visit-ulcinj.com\/blog\/2012\/02\/10\/ulcinj-sastanak-u-cilju-bolje-pripreme-turisticke-sezone\/#breadcrumb\",\"itemListElement\":[{\"@type\":\"ListItem\",\"position\":1,\"name\":\"Ulcinj: Sastanak u cilju bolje pripreme turisti\u010dke sezone\"}]},{\"@type\":\"Person\",\"@id\":\"https:\/\/www.visit-ulcinj.com\/blog\/#\/schema\/person\/dcab619c614d3038751c63bc2aadc06d\",\"name\":\"ulqini\",\"sameAs\":[\"http:\/\/www.visit-ulcinj.com\"],\"url\":\"https:\/\/www.visit-ulcinj.com\/blog\/author\/admin\/\"}]}<\/script>\n<!-- \/ Yoast SEO plugin. -->","yoast_head_json":{"title":"Ulcinj: Sastanak u cilju bolje pripreme turisti\u010dke sezone - Lajme nga Ulqini","description":"Zajedno do kvalitetnijeg ljeta Op\u0161tina Ulcinj mora formirati koordinacioni tim za pripremu i pra\u0107enje turisti\u010dke sezone, organizovati kampanju \u201eregistruj","robots":{"index":"index","follow":"follow","max-snippet":"max-snippet:-1","max-image-preview":"max-image-preview:large","max-video-preview":"max-video-preview:-1"},"canonical":"https:\/\/www.visit-ulcinj.com\/blog\/2012\/02\/10\/ulcinj-sastanak-u-cilju-bolje-pripreme-turisticke-sezone\/","og_locale":"en_US","og_type":"article","og_title":"Ulcinj: Sastanak u cilju bolje pripreme turisti\u010dke sezone - Lajme nga Ulqini","og_description":"Zajedno do kvalitetnijeg ljeta Op\u0161tina Ulcinj mora formirati koordinacioni tim za pripremu i pra\u0107enje turisti\u010dke sezone, organizovati kampanju \u201eregistruj","og_url":"https:\/\/www.visit-ulcinj.com\/blog\/2012\/02\/10\/ulcinj-sastanak-u-cilju-bolje-pripreme-turisticke-sezone\/","og_site_name":"Lajme nga Ulqini","article_published_time":"2012-02-10T21:43:31+00:00","og_image":[{"url":"http:\/\/www.visit-ulcinj.com\/blog\/wp-content\/uploads\/2012\/02\/Turisticka-organizacija-Ulcinja_.jpg"}],"twitter_misc":{"Written by":"ulqini","Est. reading time":"2 minutes"},"schema":{"@context":"https:\/\/schema.org","@graph":[{"@type":"WebSite","@id":"https:\/\/www.visit-ulcinj.com\/blog\/#website","url":"https:\/\/www.visit-ulcinj.com\/blog\/","name":"Lajme nga Ulqini","description":"Lajme,Vijesti,Ulqini,Ulqin,Crna Gora,Mali i Zi","potentialAction":[{"@type":"SearchAction","target":{"@type":"EntryPoint","urlTemplate":"https:\/\/www.visit-ulcinj.com\/blog\/?s={search_term_string}"},"query-input":"required name=search_term_string"}],"inLanguage":"en-US"},{"@type":"ImageObject","inLanguage":"en-US","@id":"https:\/\/www.visit-ulcinj.com\/blog\/2012\/02\/10\/ulcinj-sastanak-u-cilju-bolje-pripreme-turisticke-sezone\/#primaryimage","url":"https:\/\/www.visit-ulcinj.com\/blog\/wp-content\/uploads\/2012\/02\/Turisticka-organizacija-Ulcinja_.jpg","contentUrl":"https:\/\/www.visit-ulcinj.com\/blog\/wp-content\/uploads\/2012\/02\/Turisticka-organizacija-Ulcinja_.jpg","width":"508","height":"302"},{"@type":"WebPage","@id":"https:\/\/www.visit-ulcinj.com\/blog\/2012\/02\/10\/ulcinj-sastanak-u-cilju-bolje-pripreme-turisticke-sezone\/#webpage","url":"https:\/\/www.visit-ulcinj.com\/blog\/2012\/02\/10\/ulcinj-sastanak-u-cilju-bolje-pripreme-turisticke-sezone\/","name":"Ulcinj: Sastanak u cilju bolje pripreme turisti\u010dke sezone - Lajme nga Ulqini","isPartOf":{"@id":"https:\/\/www.visit-ulcinj.com\/blog\/#website"},"primaryImageOfPage":{"@id":"https:\/\/www.visit-ulcinj.com\/blog\/2012\/02\/10\/ulcinj-sastanak-u-cilju-bolje-pripreme-turisticke-sezone\/#primaryimage"},"datePublished":"2012-02-10T21:43:31+00:00","dateModified":"2012-02-10T21:43:31+00:00","author":{"@id":"https:\/\/www.visit-ulcinj.com\/blog\/#\/schema\/person\/dcab619c614d3038751c63bc2aadc06d"},"description":"Zajedno do kvalitetnijeg ljeta Op\u0161tina Ulcinj mora formirati koordinacioni tim za pripremu i pra\u0107enje turisti\u010dke sezone, organizovati kampanju \u201eregistruj","breadcrumb":{"@id":"https:\/\/www.visit-ulcinj.com\/blog\/2012\/02\/10\/ulcinj-sastanak-u-cilju-bolje-pripreme-turisticke-sezone\/#breadcrumb"},"inLanguage":"en-US","potentialAction":[{"@type":"ReadAction","target":["https:\/\/www.visit-ulcinj.com\/blog\/2012\/02\/10\/ulcinj-sastanak-u-cilju-bolje-pripreme-turisticke-sezone\/"]}]},{"@type":"BreadcrumbList","@id":"https:\/\/www.visit-ulcinj.com\/blog\/2012\/02\/10\/ulcinj-sastanak-u-cilju-bolje-pripreme-turisticke-sezone\/#breadcrumb","itemListElement":[{"@type":"ListItem","position":1,"name":"Ulcinj: Sastanak u cilju bolje pripreme turisti\u010dke sezone"}]},{"@type":"Person","@id":"https:\/\/www.visit-ulcinj.com\/blog\/#\/schema\/person\/dcab619c614d3038751c63bc2aadc06d","name":"ulqini","sameAs":["http:\/\/www.visit-ulcinj.com"],"url":"https:\/\/www.visit-ulcinj.com\/blog\/author\/admin\/"}]}},"jetpack_featured_media_url":"","jetpack_sharing_enabled":true,"jetpack_shortlink":"https:\/\/wp.me\/pe6lTn-eT3","_links":{"self":[{"href":"https:\/\/www.visit-ulcinj.com\/blog\/wp-json\/wp\/v2\/posts\/57229"}],"collection":[{"href":"https:\/\/www.visit-ulcinj.com\/blog\/wp-json\/wp\/v2\/posts"}],"about":[{"href":"https:\/\/www.visit-ulcinj.com\/blog\/wp-json\/wp\/v2\/types\/post"}],"author":[{"embeddable":true,"href":"https:\/\/www.visit-ulcinj.com\/blog\/wp-json\/wp\/v2\/users\/1"}],"replies":[{"embeddable":true,"href":"https:\/\/www.visit-ulcinj.com\/blog\/wp-json\/wp\/v2\/comments?post=57229"}],"version-history":[{"count":2,"href":"https:\/\/www.visit-ulcinj.com\/blog\/wp-json\/wp\/v2\/posts\/57229\/revisions"}],"predecessor-version":[{"id":57234,"href":"https:\/\/www.visit-ulcinj.com\/blog\/wp-json\/wp\/v2\/posts\/57229\/revisions\/57234"}],"wp:attachment":[{"href":"https:\/\/www.visit-ulcinj.com\/blog\/wp-json\/wp\/v2\/media?parent=57229"}],"wp:term":[{"taxonomy":"category","embeddable":true,"href":"https:\/\/www.visit-ulcinj.com\/blog\/wp-json\/wp\/v2\/categories?post=57229"},{"taxonomy":"post_tag","embeddable":true,"href":"https:\/\/www.visit-ulcinj.com\/blog\/wp-json\/wp\/v2\/tags?post=57229"}],"curies":[{"name":"wp","href":"https:\/\/api.w.org\/{rel}","templated":true}]}}