{"id":57235,"date":"2012-02-11T06:42:33","date_gmt":"2012-02-11T05:42:33","guid":{"rendered":"http:\/\/www.visit-ulcinj.com\/blog\/?p=57235"},"modified":"2012-02-12T09:15:37","modified_gmt":"2012-02-12T08:15:37","slug":"serisht-ulqini-i-mbuluar-nga-bora-foto","status":"publish","type":"post","link":"https:\/\/www.visit-ulcinj.com\/blog\/2012\/02\/11\/serisht-ulqini-i-mbuluar-nga-bora-foto\/","title":{"rendered":"S\u00ebrisht Ulqini i mbuluar nga bora &#8211; Foto &#8211; Video"},"content":{"rendered":"<p><a href=\"http:\/\/www.visit-ulcinj.com\/blog\/wp-content\/uploads\/2012\/02\/Serisht-Ulqini-i-mbuluar-nga-bora.7.jpg\"><img loading=\"lazy\" class=\"alignleft  wp-image-57236\" title=\"Serisht Ulqini i mbuluar nga bora.7\" src=\"http:\/\/www.visit-ulcinj.com\/blog\/wp-content\/uploads\/2012\/02\/Serisht-Ulqini-i-mbuluar-nga-bora.7.jpg\" alt=\"\" width=\"508\" height=\"380\" srcset=\"https:\/\/www.visit-ulcinj.com\/blog\/wp-content\/uploads\/2012\/02\/Serisht-Ulqini-i-mbuluar-nga-bora.7.jpg 960w, https:\/\/www.visit-ulcinj.com\/blog\/wp-content\/uploads\/2012\/02\/Serisht-Ulqini-i-mbuluar-nga-bora.7-300x225.jpg 300w\" sizes=\"(max-width: 508px) 100vw, 508px\" \/><\/a>Ndryshimi i kushteve atmosferike n\u00eb bregdetin e Ulqinit q\u00eb nga nata e kaluar ka shkaktuar probleme n\u00eb trafikun e komunikacionit rrugor. M\u00ebngjesin e se shtunes n\u00eb Ulqin jan\u00eb sh\u00ebnuar reshje t\u00eb dendura bore, t\u00eb cilat parashikohen t\u00eb zgjasin edhe gjat\u00eb dit\u00ebs, raportojn\u00eb mediat e k\u00ebtij vendi.<\/p>\n<p>Ne rrugen Ulqin &#8211; Ane te Malit reshjet e bores kane bllokuar te gjitha rruget e kesaj zone. Ne Ulqin levizja e automjeteve eshte shum e veshtire. Kjo b\u00ebhet e ditur nga Auto Moto Lidhja e Malit t\u00eb Zi, e cila rekomandon edhe drejtuesit e makinave q\u00eb t\u00eb jen\u00eb t\u00eb kujdessh\u00ebm n\u00eb komunikacion.<\/p>\n<p>Reshjet e shumta t\u00eb bor\u00ebs q\u00eb rane mbr\u00ebme dhe sot, sollen gjendjen emergjence ne rajonin e Ulqinit dhe Ane te Malit. Debora ka arritur trash\u00ebsi rreth 15 centimetra n\u00eb zon\u00ebn e Ulqinit dhe 5 centimetra n\u00eb zon\u00ebn e plazhit t\u00eb madh\u00eb dhe n\u00eb ishullin e Bun\u00ebs,kurse n\u00eb zon\u00ebn e Anes Malit mund t\u00eb themi se kalon 20 centimetra.Aktualisht \u00ebsht\u00eb e p\u00ebrballueshme qarkullimi i mjeteve.<\/p>\n<p>Shtabi i emergjencave n\u00eb komun\u00ebn e Ulqinit po punon per mbajtjen e gjendjes n\u00ebn kontroll sidomos ne rrugen e Ulqin \u2013 Tivar dhe Ulqin \u2013 Katerkoll.<\/p>\n<p>Shtabi i emergjencave n\u00eb komun\u00ebn e Ulqinit thekson se \u00e7do gj\u00eb asht n\u00eb konroll dhe se nuk ka nevoj\u00eb p\u00ebr panik\u00eb.<\/p>\n<p>N\u00eb rast t\u00eb nevoj\u00ebs qytetar\u00ebt mund t\u00eb lajm\u00ebrohen n\u00eb k\u00ebto numra t\u00eb telefonit:<\/p>\n<p>Ndermarrja Komunale &#8211; <strong>425 003<\/strong><br \/>\nSh\u00ebrbimi i mbrojtjes: <strong>123 dhe 412 \u2013 490<\/strong><\/p>\n<p><strong>Shpallet gjendja e jasht\u00ebzakonshme n\u00eb Mal t\u00eb Zi<\/strong><\/p>\n<p>Bora m\u00eb e dendur q\u00eb ka p\u00ebrfshir\u00eb Malin e Zi n\u00eb m\u00eb shum\u00eb se 60 vjet\u00ebt e fundit ka l\u00ebn\u00eb t\u00eb izoluara qindra fshatra, ka bllokuar rrug\u00ebt dhe hekurudhat dhe ka mbyllur aeroportin kryesor t\u00eb shtetit t\u00eb vog\u00ebl ballkanik.<\/p>\n<p>P\u00ebr shkak t\u00eb gjendjes n\u00eb t\u00eb cil\u00ebn gjendet gati krejt territori i Malit t\u00eb Zi, nga moti i keq dhe bora me trash\u00ebsi deri n\u00eb 2 metra, Qeveria e Mali t\u00eb Zi sot shpalli gjendje t\u00eb jasht\u00ebzakonshme n\u00eb krejt territorin e Malit t\u00eb Zi.<br \/>\nShumica e rrug\u00ebve q\u00eb lidhin qytetet jan\u00eb ose krejt\u00ebsisht t\u00eb mbyllura ose kalimi \u00ebsht\u00eb shum\u00eb i v\u00ebshtir\u00ebsuar. Hekurudhat dhe aeroporti po ashtu jan\u00eb t\u00eb mbyllur. \/Malesia.Org\/<\/p>\n<p>Autoritetet vler\u00ebsojn\u00eb s\u00eb m\u00eb shum\u00eb 110 mij\u00eb njer\u00ebz n\u00eb Ballkan, p\u00ebrfshir\u00eb 60 mij\u00eb n\u00eb Mal t\u00eb Zi, pothuaj 10 p\u00ebr qind e popullat\u00ebs, jan\u00eb shk\u00ebputur nga pjesa tjet\u00ebr e bot\u00ebs p\u00ebr shkak t\u00eb bor\u00ebs.<\/p>\n<p>Lajmi vjen n\u00eb koh\u00ebn kur acari ka mb\u00ebrthyer kontinentin evropian dhe shifra e t\u00eb vdekurve nga ngricat ka shkuar n\u00eb mbi 500.\/Koha Net\/<\/p>\n<p><strong>Lajme nga Ulqini<\/strong><\/p>\n<p>Dhe po t\u00eb kihet parasysh q\u00eb edhe deputeti \u00a0dhe kryetari i UDSH-s\u00eb z.Mehmet Zenka\u00a0 de facto ende ndihet si pjes\u00eb rinore e t\u00eb rinj\u00ebve t\u00eb Ulqinit.<br \/>\n<a href=\"http:\/\/www.visit-ulcinj.com\/blog\/2012\/02\/11\/serisht-ulqini-i-mbuluar-nga-bora-foto\/deputeti-dhe-kryetari-i-udsh-se-z-mehmet-zenka-duke-u-argetuar-ne-bore\/\" rel=\"attachment wp-att-57296\"><img loading=\"lazy\" class=\"alignleft  wp-image-57296\" title=\"Deputeti  dhe kryetari i UDSH-s\u00eb z.Mehmet Zenka duke u argetuar ne bore\" src=\"http:\/\/www.visit-ulcinj.com\/blog\/wp-content\/uploads\/2012\/02\/Deputeti-dhe-kryetari-i-UDSH-s\u00eb-z.Mehmet-Zenka-duke-u-argetuar-ne-bore.jpg\" alt=\"\" width=\"508\" height=\"300\" \/><\/a><\/p>\n<p><strong><strong>Na d\u00ebrgoni Fotografijat e juaja t\u00eb reshjeve t\u00eb bores n\u00eb facebook ti publikom\u2026.<\/strong><\/strong><\/p>\n<p><strong><a href=\"https:\/\/www.facebook.com\/profile.php?id=100002337840390\" target=\"_blank\">Foto Senad Muratovic Facebook<\/a><\/strong><\/p>\n\n\t\t<style type=\"text\/css\">\n\t\t\t#gallery-1 {\n\t\t\t\tmargin: auto;\n\t\t\t}\n\t\t\t#gallery-1 .gallery-item {\n\t\t\t\tfloat: left;\n\t\t\t\tmargin-top: 10px;\n\t\t\t\ttext-align: center;\n\t\t\t\twidth: 33%;\n\t\t\t}\n\t\t\t#gallery-1 img {\n\t\t\t\tborder: 2px solid #cfcfcf;\n\t\t\t}\n\t\t\t#gallery-1 .gallery-caption {\n\t\t\t\tmargin-left: 0;\n\t\t\t}\n\t\t\t\/* see gallery_shortcode() in wp-includes\/media.php *\/\n\t\t<\/style>\n\t\t<div id='gallery-1' class='gallery galleryid-57235 gallery-columns-3 gallery-size-thumbnail'><dl class='gallery-item'>\n\t\t\t<dt class='gallery-icon landscape'>\n\t\t\t\t<a href='https:\/\/www.visit-ulcinj.com\/blog\/wp-content\/uploads\/2012\/02\/Serisht-Ulqini-i-mbuluar-nga-bora.7.jpg'><img width=\"150\" height=\"150\" src=\"https:\/\/www.visit-ulcinj.com\/blog\/wp-content\/uploads\/2012\/02\/Serisht-Ulqini-i-mbuluar-nga-bora.7-150x150.jpg\" class=\"attachment-thumbnail size-thumbnail\" alt=\"\" loading=\"lazy\" \/><\/a>\n\t\t\t<\/dt><\/dl><dl class='gallery-item'>\n\t\t\t<dt class='gallery-icon landscape'>\n\t\t\t\t<a href='https:\/\/www.visit-ulcinj.com\/blog\/wp-content\/uploads\/2012\/02\/Serisht-Ulqini-i-mbuluar-nga-bora.8.jpg'><img width=\"150\" height=\"150\" src=\"https:\/\/www.visit-ulcinj.com\/blog\/wp-content\/uploads\/2012\/02\/Serisht-Ulqini-i-mbuluar-nga-bora.8-150x150.jpg\" class=\"attachment-thumbnail size-thumbnail\" alt=\"\" loading=\"lazy\" \/><\/a>\n\t\t\t<\/dt><\/dl><dl class='gallery-item'>\n\t\t\t<dt class='gallery-icon landscape'>\n\t\t\t\t<a href='https:\/\/www.visit-ulcinj.com\/blog\/wp-content\/uploads\/2012\/02\/Serisht-Ulqini-i-mbuluar-nga-bora.jpg'><img width=\"150\" height=\"150\" src=\"https:\/\/www.visit-ulcinj.com\/blog\/wp-content\/uploads\/2012\/02\/Serisht-Ulqini-i-mbuluar-nga-bora-150x150.jpg\" class=\"attachment-thumbnail size-thumbnail\" alt=\"\" loading=\"lazy\" \/><\/a>\n\t\t\t<\/dt><\/dl><br style=\"clear: both\" \/><dl class='gallery-item'>\n\t\t\t<dt class='gallery-icon landscape'>\n\t\t\t\t<a href='https:\/\/www.visit-ulcinj.com\/blog\/wp-content\/uploads\/2012\/02\/Serisht-Ulqini-i-mbuluar-nga-bora.1.jpg'><img width=\"150\" height=\"150\" src=\"https:\/\/www.visit-ulcinj.com\/blog\/wp-content\/uploads\/2012\/02\/Serisht-Ulqini-i-mbuluar-nga-bora.1-150x150.jpg\" class=\"attachment-thumbnail size-thumbnail\" alt=\"\" loading=\"lazy\" \/><\/a>\n\t\t\t<\/dt><\/dl><dl class='gallery-item'>\n\t\t\t<dt class='gallery-icon landscape'>\n\t\t\t\t<a href='https:\/\/www.visit-ulcinj.com\/blog\/wp-content\/uploads\/2012\/02\/Serisht-Ulqini-i-mbuluar-nga-bora.2.jpg'><img width=\"150\" height=\"150\" src=\"https:\/\/www.visit-ulcinj.com\/blog\/wp-content\/uploads\/2012\/02\/Serisht-Ulqini-i-mbuluar-nga-bora.2-150x150.jpg\" class=\"attachment-thumbnail size-thumbnail\" alt=\"\" loading=\"lazy\" \/><\/a>\n\t\t\t<\/dt><\/dl><dl class='gallery-item'>\n\t\t\t<dt class='gallery-icon landscape'>\n\t\t\t\t<a href='https:\/\/www.visit-ulcinj.com\/blog\/wp-content\/uploads\/2012\/02\/Serisht-Ulqini-i-mbuluar-nga-bora.3.jpg'><img width=\"150\" height=\"150\" src=\"https:\/\/www.visit-ulcinj.com\/blog\/wp-content\/uploads\/2012\/02\/Serisht-Ulqini-i-mbuluar-nga-bora.3-150x150.jpg\" class=\"attachment-thumbnail size-thumbnail\" alt=\"\" loading=\"lazy\" \/><\/a>\n\t\t\t<\/dt><\/dl><br style=\"clear: both\" \/><dl class='gallery-item'>\n\t\t\t<dt class='gallery-icon landscape'>\n\t\t\t\t<a href='https:\/\/www.visit-ulcinj.com\/blog\/wp-content\/uploads\/2012\/02\/Serisht-Ulqini-i-mbuluar-nga-bora.4.jpg'><img width=\"150\" height=\"150\" src=\"https:\/\/www.visit-ulcinj.com\/blog\/wp-content\/uploads\/2012\/02\/Serisht-Ulqini-i-mbuluar-nga-bora.4-150x150.jpg\" class=\"attachment-thumbnail size-thumbnail\" alt=\"\" loading=\"lazy\" \/><\/a>\n\t\t\t<\/dt><\/dl><dl class='gallery-item'>\n\t\t\t<dt class='gallery-icon landscape'>\n\t\t\t\t<a href='https:\/\/www.visit-ulcinj.com\/blog\/wp-content\/uploads\/2012\/02\/Serisht-Ulqini-i-mbuluar-nga-bora.5.jpg'><img width=\"150\" height=\"150\" src=\"https:\/\/www.visit-ulcinj.com\/blog\/wp-content\/uploads\/2012\/02\/Serisht-Ulqini-i-mbuluar-nga-bora.5-150x150.jpg\" class=\"attachment-thumbnail size-thumbnail\" alt=\"\" loading=\"lazy\" \/><\/a>\n\t\t\t<\/dt><\/dl><dl class='gallery-item'>\n\t\t\t<dt class='gallery-icon landscape'>\n\t\t\t\t<a href='https:\/\/www.visit-ulcinj.com\/blog\/wp-content\/uploads\/2012\/02\/Serisht-Ulqini-i-mbuluar-nga-bora.6.jpg'><img width=\"150\" height=\"150\" src=\"https:\/\/www.visit-ulcinj.com\/blog\/wp-content\/uploads\/2012\/02\/Serisht-Ulqini-i-mbuluar-nga-bora.6-150x150.jpg\" class=\"attachment-thumbnail size-thumbnail\" alt=\"\" loading=\"lazy\" \/><\/a>\n\t\t\t<\/dt><\/dl><br style=\"clear: both\" \/><dl class='gallery-item'>\n\t\t\t<dt class='gallery-icon landscape'>\n\t\t\t\t<a href='https:\/\/www.visit-ulcinj.com\/blog\/wp-content\/uploads\/2012\/02\/Deputeti-dhe-kryetari-i-UDSH-s\u00eb-z.Mehmet-Zenka-duke-u-argetuar-ne-bore.jpg'><img width=\"150\" height=\"150\" src=\"https:\/\/www.visit-ulcinj.com\/blog\/wp-content\/uploads\/2012\/02\/Deputeti-dhe-kryetari-i-UDSH-s\u00eb-z.Mehmet-Zenka-duke-u-argetuar-ne-bore-150x150.jpg\" class=\"attachment-thumbnail size-thumbnail\" alt=\"\" loading=\"lazy\" \/><\/a>\n\t\t\t<\/dt><\/dl><dl class='gallery-item'>\n\t\t\t<dt class='gallery-icon landscape'>\n\t\t\t\t<a href='https:\/\/www.visit-ulcinj.com\/blog\/wp-content\/uploads\/2012\/02\/Bora-ne-Ulqin.jpg'><img width=\"150\" height=\"150\" src=\"https:\/\/www.visit-ulcinj.com\/blog\/wp-content\/uploads\/2012\/02\/Bora-ne-Ulqin-150x150.jpg\" class=\"attachment-thumbnail size-thumbnail\" alt=\"\" loading=\"lazy\" \/><\/a>\n\t\t\t<\/dt><\/dl><dl class='gallery-item'>\n\t\t\t<dt class='gallery-icon landscape'>\n\t\t\t\t<a href='https:\/\/www.visit-ulcinj.com\/blog\/wp-content\/uploads\/2012\/02\/Bora-ne-Ulqin.1.jpg'><img width=\"150\" height=\"150\" src=\"https:\/\/www.visit-ulcinj.com\/blog\/wp-content\/uploads\/2012\/02\/Bora-ne-Ulqin.1-150x150.jpg\" class=\"attachment-thumbnail size-thumbnail\" alt=\"\" loading=\"lazy\" \/><\/a>\n\t\t\t<\/dt><\/dl><br style=\"clear: both\" \/>\n\t\t<\/div>\n\n<p><strong>Video TVCG<\/strong><br \/>\n[flv]http:\/\/www.rtcg.me\/images\/biblioteka\/dnevnik_-_video_arhiva\/dnevnik_11022012.flv[\/flv]<\/p>\n","protected":false},"excerpt":{"rendered":"<p>Ndryshimi i kushteve atmosferike n\u00eb bregdetin e Ulqinit q\u00eb nga nata e kaluar ka shkaktuar probleme n\u00eb trafikun e komunikacionit rrugor. M\u00ebngjesin e se shtunes n\u00eb Ulqin jan\u00eb sh\u00ebnuar reshje t\u00eb dendura bore, t\u00eb cilat parashikohen t\u00eb zgjasin edhe gjat\u00eb dit\u00ebs, raportojn\u00eb mediat e k\u00ebtij vendi. Ne rrugen Ulqin &#8211; Ane te Malit reshjet e [&hellip;]<\/p>\n","protected":false},"author":1,"featured_media":0,"comment_status":"open","ping_status":"closed","sticky":false,"template":"","format":"standard","meta":{"spay_email":"","jetpack_publicize_message":"","jetpack_is_tweetstorm":false,"jetpack_publicize_feature_enabled":true},"categories":[10,1],"tags":[212,17828,17834,18370,17811,17831,18362,14353,17808,14354,12340,17840,17839,18363,17835,17814,17810,17816,17071,17807,3516,14652,17837,17827,14358,222,17802,17812,17803,17820,17825,17817,17805,17823,17832,3506,17818,214,17680,14362,14363,18371,3507,17800,498,3500,14364,17799,3327,17841,17826,15213,18236,3512,17806,11648,18289,17838,95,17813,17804,15141,17836,14366,79,17073,18294,18368,18369,1653,1909,14367,17801,18360,17822,14368,14369,19966,20028,20027,17824,14370,18291,2083,3231,14371,41,3617,14372,17844,17821,18372,17830,17077,18295,14375,17833,17829,200,18,17819,17809,14376],"jetpack_publicize_connections":[],"yoast_head":"<!-- This site is optimized with the Yoast SEO plugin v19.1 - https:\/\/yoast.com\/wordpress\/plugins\/seo\/ -->\n<title>S\u00ebrisht Ulqini i mbuluar nga bora - Foto - Video - Lajme nga Ulqini<\/title>\n<meta name=\"description\" content=\"Ndryshimi i kushteve atmosferike n\u00eb bregdetin e Ulqinit q\u00eb nga nata e kaluar ka shkaktuar probleme n\u00eb trafikun e komunikacionit rrugor. M\u00ebngjesin e se\" \/>\n<meta name=\"robots\" content=\"index, follow, max-snippet:-1, max-image-preview:large, max-video-preview:-1\" \/>\n<link rel=\"canonical\" href=\"https:\/\/www.visit-ulcinj.com\/blog\/2012\/02\/11\/serisht-ulqini-i-mbuluar-nga-bora-foto\/\" \/>\n<meta property=\"og:locale\" content=\"en_US\" \/>\n<meta property=\"og:type\" content=\"article\" \/>\n<meta property=\"og:title\" content=\"S\u00ebrisht Ulqini i mbuluar nga bora - Foto - Video - Lajme nga Ulqini\" \/>\n<meta property=\"og:description\" content=\"Ndryshimi i kushteve atmosferike n\u00eb bregdetin e Ulqinit q\u00eb nga nata e kaluar ka shkaktuar probleme n\u00eb trafikun e komunikacionit rrugor. M\u00ebngjesin e se\" \/>\n<meta property=\"og:url\" content=\"https:\/\/www.visit-ulcinj.com\/blog\/2012\/02\/11\/serisht-ulqini-i-mbuluar-nga-bora-foto\/\" \/>\n<meta property=\"og:site_name\" content=\"Lajme nga Ulqini\" \/>\n<meta property=\"article:published_time\" content=\"2012-02-11T05:42:33+00:00\" \/>\n<meta property=\"article:modified_time\" content=\"2012-02-12T08:15:37+00:00\" \/>\n<meta property=\"og:image\" content=\"https:\/\/www.visit-ulcinj.com\/blog\/wp-content\/uploads\/2012\/02\/Serisht-Ulqini-i-mbuluar-nga-bora.7-150x150.jpg\" \/>\n<meta name=\"twitter:label1\" content=\"Written by\" \/>\n\t<meta name=\"twitter:data1\" content=\"ulqini\" \/>\n\t<meta name=\"twitter:label2\" content=\"Est. reading time\" \/>\n\t<meta name=\"twitter:data2\" content=\"3 minutes\" \/>\n<script type=\"application\/ld+json\" class=\"yoast-schema-graph\">{\"@context\":\"https:\/\/schema.org\",\"@graph\":[{\"@type\":\"WebSite\",\"@id\":\"https:\/\/www.visit-ulcinj.com\/blog\/#website\",\"url\":\"https:\/\/www.visit-ulcinj.com\/blog\/\",\"name\":\"Lajme nga Ulqini\",\"description\":\"Lajme,Vijesti,Ulqini,Ulqin,Crna Gora,Mali i Zi\",\"potentialAction\":[{\"@type\":\"SearchAction\",\"target\":{\"@type\":\"EntryPoint\",\"urlTemplate\":\"https:\/\/www.visit-ulcinj.com\/blog\/?s={search_term_string}\"},\"query-input\":\"required name=search_term_string\"}],\"inLanguage\":\"en-US\"},{\"@type\":\"ImageObject\",\"inLanguage\":\"en-US\",\"@id\":\"https:\/\/www.visit-ulcinj.com\/blog\/2012\/02\/11\/serisht-ulqini-i-mbuluar-nga-bora-foto\/#primaryimage\",\"url\":\"https:\/\/www.visit-ulcinj.com\/blog\/wp-content\/uploads\/2012\/02\/Serisht-Ulqini-i-mbuluar-nga-bora.7.jpg\",\"contentUrl\":\"https:\/\/www.visit-ulcinj.com\/blog\/wp-content\/uploads\/2012\/02\/Serisht-Ulqini-i-mbuluar-nga-bora.7.jpg\",\"width\":\"960\",\"height\":\"720\"},{\"@type\":\"WebPage\",\"@id\":\"https:\/\/www.visit-ulcinj.com\/blog\/2012\/02\/11\/serisht-ulqini-i-mbuluar-nga-bora-foto\/#webpage\",\"url\":\"https:\/\/www.visit-ulcinj.com\/blog\/2012\/02\/11\/serisht-ulqini-i-mbuluar-nga-bora-foto\/\",\"name\":\"S\u00ebrisht Ulqini i mbuluar nga bora - Foto - Video - Lajme nga Ulqini\",\"isPartOf\":{\"@id\":\"https:\/\/www.visit-ulcinj.com\/blog\/#website\"},\"primaryImageOfPage\":{\"@id\":\"https:\/\/www.visit-ulcinj.com\/blog\/2012\/02\/11\/serisht-ulqini-i-mbuluar-nga-bora-foto\/#primaryimage\"},\"datePublished\":\"2012-02-11T05:42:33+00:00\",\"dateModified\":\"2012-02-12T08:15:37+00:00\",\"author\":{\"@id\":\"https:\/\/www.visit-ulcinj.com\/blog\/#\/schema\/person\/dcab619c614d3038751c63bc2aadc06d\"},\"description\":\"Ndryshimi i kushteve atmosferike n\u00eb bregdetin e Ulqinit q\u00eb nga nata e kaluar ka shkaktuar probleme n\u00eb trafikun e komunikacionit rrugor. M\u00ebngjesin e se\",\"breadcrumb\":{\"@id\":\"https:\/\/www.visit-ulcinj.com\/blog\/2012\/02\/11\/serisht-ulqini-i-mbuluar-nga-bora-foto\/#breadcrumb\"},\"inLanguage\":\"en-US\",\"potentialAction\":[{\"@type\":\"ReadAction\",\"target\":[\"https:\/\/www.visit-ulcinj.com\/blog\/2012\/02\/11\/serisht-ulqini-i-mbuluar-nga-bora-foto\/\"]}]},{\"@type\":\"BreadcrumbList\",\"@id\":\"https:\/\/www.visit-ulcinj.com\/blog\/2012\/02\/11\/serisht-ulqini-i-mbuluar-nga-bora-foto\/#breadcrumb\",\"itemListElement\":[{\"@type\":\"ListItem\",\"position\":1,\"name\":\"S\u00ebrisht Ulqini i mbuluar nga bora &#8211; Foto &#8211; Video\"}]},{\"@type\":\"Person\",\"@id\":\"https:\/\/www.visit-ulcinj.com\/blog\/#\/schema\/person\/dcab619c614d3038751c63bc2aadc06d\",\"name\":\"ulqini\",\"sameAs\":[\"http:\/\/www.visit-ulcinj.com\"],\"url\":\"https:\/\/www.visit-ulcinj.com\/blog\/author\/admin\/\"}]}<\/script>\n<!-- \/ Yoast SEO plugin. -->","yoast_head_json":{"title":"S\u00ebrisht Ulqini i mbuluar nga bora - Foto - Video - Lajme nga Ulqini","description":"Ndryshimi i kushteve atmosferike n\u00eb bregdetin e Ulqinit q\u00eb nga nata e kaluar ka shkaktuar probleme n\u00eb trafikun e komunikacionit rrugor. M\u00ebngjesin e se","robots":{"index":"index","follow":"follow","max-snippet":"max-snippet:-1","max-image-preview":"max-image-preview:large","max-video-preview":"max-video-preview:-1"},"canonical":"https:\/\/www.visit-ulcinj.com\/blog\/2012\/02\/11\/serisht-ulqini-i-mbuluar-nga-bora-foto\/","og_locale":"en_US","og_type":"article","og_title":"S\u00ebrisht Ulqini i mbuluar nga bora - Foto - Video - Lajme nga Ulqini","og_description":"Ndryshimi i kushteve atmosferike n\u00eb bregdetin e Ulqinit q\u00eb nga nata e kaluar ka shkaktuar probleme n\u00eb trafikun e komunikacionit rrugor. M\u00ebngjesin e se","og_url":"https:\/\/www.visit-ulcinj.com\/blog\/2012\/02\/11\/serisht-ulqini-i-mbuluar-nga-bora-foto\/","og_site_name":"Lajme nga Ulqini","article_published_time":"2012-02-11T05:42:33+00:00","article_modified_time":"2012-02-12T08:15:37+00:00","og_image":[{"url":"https:\/\/www.visit-ulcinj.com\/blog\/wp-content\/uploads\/2012\/02\/Serisht-Ulqini-i-mbuluar-nga-bora.7-150x150.jpg"}],"twitter_misc":{"Written by":"ulqini","Est. reading time":"3 minutes"},"schema":{"@context":"https:\/\/schema.org","@graph":[{"@type":"WebSite","@id":"https:\/\/www.visit-ulcinj.com\/blog\/#website","url":"https:\/\/www.visit-ulcinj.com\/blog\/","name":"Lajme nga Ulqini","description":"Lajme,Vijesti,Ulqini,Ulqin,Crna Gora,Mali i Zi","potentialAction":[{"@type":"SearchAction","target":{"@type":"EntryPoint","urlTemplate":"https:\/\/www.visit-ulcinj.com\/blog\/?s={search_term_string}"},"query-input":"required name=search_term_string"}],"inLanguage":"en-US"},{"@type":"ImageObject","inLanguage":"en-US","@id":"https:\/\/www.visit-ulcinj.com\/blog\/2012\/02\/11\/serisht-ulqini-i-mbuluar-nga-bora-foto\/#primaryimage","url":"https:\/\/www.visit-ulcinj.com\/blog\/wp-content\/uploads\/2012\/02\/Serisht-Ulqini-i-mbuluar-nga-bora.7.jpg","contentUrl":"https:\/\/www.visit-ulcinj.com\/blog\/wp-content\/uploads\/2012\/02\/Serisht-Ulqini-i-mbuluar-nga-bora.7.jpg","width":"960","height":"720"},{"@type":"WebPage","@id":"https:\/\/www.visit-ulcinj.com\/blog\/2012\/02\/11\/serisht-ulqini-i-mbuluar-nga-bora-foto\/#webpage","url":"https:\/\/www.visit-ulcinj.com\/blog\/2012\/02\/11\/serisht-ulqini-i-mbuluar-nga-bora-foto\/","name":"S\u00ebrisht Ulqini i mbuluar nga bora - Foto - Video - Lajme nga Ulqini","isPartOf":{"@id":"https:\/\/www.visit-ulcinj.com\/blog\/#website"},"primaryImageOfPage":{"@id":"https:\/\/www.visit-ulcinj.com\/blog\/2012\/02\/11\/serisht-ulqini-i-mbuluar-nga-bora-foto\/#primaryimage"},"datePublished":"2012-02-11T05:42:33+00:00","dateModified":"2012-02-12T08:15:37+00:00","author":{"@id":"https:\/\/www.visit-ulcinj.com\/blog\/#\/schema\/person\/dcab619c614d3038751c63bc2aadc06d"},"description":"Ndryshimi i kushteve atmosferike n\u00eb bregdetin e Ulqinit q\u00eb nga nata e kaluar ka shkaktuar probleme n\u00eb trafikun e komunikacionit rrugor. M\u00ebngjesin e se","breadcrumb":{"@id":"https:\/\/www.visit-ulcinj.com\/blog\/2012\/02\/11\/serisht-ulqini-i-mbuluar-nga-bora-foto\/#breadcrumb"},"inLanguage":"en-US","potentialAction":[{"@type":"ReadAction","target":["https:\/\/www.visit-ulcinj.com\/blog\/2012\/02\/11\/serisht-ulqini-i-mbuluar-nga-bora-foto\/"]}]},{"@type":"BreadcrumbList","@id":"https:\/\/www.visit-ulcinj.com\/blog\/2012\/02\/11\/serisht-ulqini-i-mbuluar-nga-bora-foto\/#breadcrumb","itemListElement":[{"@type":"ListItem","position":1,"name":"S\u00ebrisht Ulqini i mbuluar nga bora &#8211; Foto &#8211; Video"}]},{"@type":"Person","@id":"https:\/\/www.visit-ulcinj.com\/blog\/#\/schema\/person\/dcab619c614d3038751c63bc2aadc06d","name":"ulqini","sameAs":["http:\/\/www.visit-ulcinj.com"],"url":"https:\/\/www.visit-ulcinj.com\/blog\/author\/admin\/"}]}},"jetpack_featured_media_url":"","jetpack_sharing_enabled":true,"jetpack_shortlink":"https:\/\/wp.me\/pe6lTn-eT9","_links":{"self":[{"href":"https:\/\/www.visit-ulcinj.com\/blog\/wp-json\/wp\/v2\/posts\/57235"}],"collection":[{"href":"https:\/\/www.visit-ulcinj.com\/blog\/wp-json\/wp\/v2\/posts"}],"about":[{"href":"https:\/\/www.visit-ulcinj.com\/blog\/wp-json\/wp\/v2\/types\/post"}],"author":[{"embeddable":true,"href":"https:\/\/www.visit-ulcinj.com\/blog\/wp-json\/wp\/v2\/users\/1"}],"replies":[{"embeddable":true,"href":"https:\/\/www.visit-ulcinj.com\/blog\/wp-json\/wp\/v2\/comments?post=57235"}],"version-history":[{"count":12,"href":"https:\/\/www.visit-ulcinj.com\/blog\/wp-json\/wp\/v2\/posts\/57235\/revisions"}],"predecessor-version":[{"id":57295,"href":"https:\/\/www.visit-ulcinj.com\/blog\/wp-json\/wp\/v2\/posts\/57235\/revisions\/57295"}],"wp:attachment":[{"href":"https:\/\/www.visit-ulcinj.com\/blog\/wp-json\/wp\/v2\/media?parent=57235"}],"wp:term":[{"taxonomy":"category","embeddable":true,"href":"https:\/\/www.visit-ulcinj.com\/blog\/wp-json\/wp\/v2\/categories?post=57235"},{"taxonomy":"post_tag","embeddable":true,"href":"https:\/\/www.visit-ulcinj.com\/blog\/wp-json\/wp\/v2\/tags?post=57235"}],"curies":[{"name":"wp","href":"https:\/\/api.w.org\/{rel}","templated":true}]}}