{"id":57250,"date":"2012-02-11T07:18:27","date_gmt":"2012-02-11T06:18:27","guid":{"rendered":"http:\/\/www.visit-ulcinj.com\/blog\/?p=57250"},"modified":"2012-02-12T06:43:29","modified_gmt":"2012-02-12T05:43:29","slug":"montenegro-lagonie-programmee-des-vieilles-villes-du-littoral-video","status":"publish","type":"post","link":"https:\/\/www.visit-ulcinj.com\/blog\/2012\/02\/11\/montenegro-lagonie-programmee-des-vieilles-villes-du-littoral-video\/","title":{"rendered":"Mont\u00e9n\u00e9gro : l\u2019agonie programm\u00e9e des vieilles villes du littoral &#8211; Video"},"content":{"rendered":"<p><a href=\"http:\/\/www.visit-ulcinj.com\/blog\/wp-content\/uploads\/2012\/02\/Les-vieilles-villes-Ulcinj-Montenegro.jpg\"><img loading=\"lazy\" class=\"alignleft  wp-image-57251\" title=\"Les vieilles villes - Ulcinj-Montenegro\" src=\"http:\/\/www.visit-ulcinj.com\/blog\/wp-content\/uploads\/2012\/02\/Les-vieilles-villes-Ulcinj-Montenegro.jpg\" alt=\"\" width=\"508\" height=\"400\" \/><\/a>Les vieilles villes de la c\u00f4te mont\u00e9n\u00e9grine sont en danger. La croissance immobili\u00e8re s\u2019y poursuit \u00e0 un rythme soutenu, au m\u00e9pris de l\u2019architecture traditionnelle et du mode de vie des populations locales. Pourtant, le gouvernement mont\u00e9n\u00e9grin ne semble pas d\u00e9cid\u00e9 \u00e0 prendre des mesures pour prot\u00e9ger ce patrimoine inestimable. Un reportage de Mustafa Canka \u00e0 Ulcinj, Budva et Kotor.<\/p>\n<p><strong>Par Mustafa Canka (traduit par Persa Aligrudi\u0107)<\/strong><\/p>\n<p>Depuis des si\u00e8cles, les villes du littoral mont\u00e9n\u00e9grin conservent les traces d\u2019un histoire antique, elles sont les t\u00e9moins des ombres du pass\u00e9. Mais, en ce d\u00e9but de troisi\u00e8me mill\u00e9naire, ces vieilles cit\u00e9s de la c\u00f4te adriatique seraient-elles en train de mourir\u00a0?<\/p>\n<p>Durant des d\u00e9cennies, le littoral mont\u00e9n\u00e9grin a attir\u00e9 comme un aimant les chercheurs et les touristes. Et comment pourrait-il en \u00eatre autrement\u00a0? Des villes comme Ucinj ou Budva perp\u00e9tuent depuis 25 si\u00e8cles une culture urbaine bien particuli\u00e8re. Selon les lois mont\u00e9n\u00e9grines, elles ont d\u2019ailleurs obtenu le titre de \u00ab\u00a0monument culturel de premier ordre\u00a0\u00bb. \u00ab\u00a0Ce classement est tr\u00e8s important pour nous. Pourtant, personne ne semble vouloir profiter de cet h\u00e9ritage, peu nombreux sont ceux qui comprennent la valeur de ces agglom\u00e9rations, l\u2019int\u00e9r\u00eat de ces aires urbaines exceptionnelles, aussi bien pour le tourisme que pour la vie quotidienne des populations locales\u00a0\u00bb, estime Ismet Karamanaga, le pr\u00e9sident de l\u2019Association \u00ab\u00a0Kaljaja\u2013Stari grad\u00a0\u00bb d\u2019Ulcinj.<\/p>\n<p>Les touristes qui visitent Ulcinj sont \u00e9merveill\u00e9s par les remparts et l\u2019architecture la vieille ville, par l\u2019accumulation des couches historiques. Mais en m\u00eame temps, ils \u00e9prouvent un certain embarras \u00e0 cause la salet\u00e9 de la cit\u00e9, qui para\u00eet abandonn\u00e9 et d\u00e9serte.<br \/>\n<a href=\"http:\/\/www.visit-ulcinj.com\/blog\/wp-content\/uploads\/2012\/02\/Ismet-Karamanaga-le-pr\u00e9sident-de-l\u2019Association-_Kaljaja\u2013Stari-grad-d\u2019Ulcinj.jpg\"><img loading=\"lazy\" class=\"alignleft  wp-image-57252\" title=\"Ismet Karamanaga, le pr\u00e9sident de l\u2019Association _Kaljaja\u2013Stari grad  d\u2019Ulcinj\" src=\"http:\/\/www.visit-ulcinj.com\/blog\/wp-content\/uploads\/2012\/02\/Ismet-Karamanaga-le-pr\u00e9sident-de-l\u2019Association-_Kaljaja\u2013Stari-grad-d\u2019Ulcinj.jpg\" alt=\"\" width=\"508\" height=\"300\" \/><\/a><\/p>\n<p>Pour Ismet Karamanaga, ce sont les autorit\u00e9s mont\u00e9n\u00e9grines qui portent la responsabilit\u00e9 de cette faillite. \u00ab\u00a0Nous sommes responsables de ces villes, et de la population urbaine qui a pr\u00e9serv\u00e9 durant des si\u00e8cles une architecture et culture urbaine particuli\u00e8re\u00a0\u00bb, souligne-t-il, \u00ab\u00a0si rien n\u2019est fait, la d\u00e9gradation et l\u2019uniformisation de ces cit\u00e9s va se poursuivre\u00a0et s\u2019intensifier\u00a0\u00bb.<\/p>\n<p>Toutefois, Ismet Karamanaga veut croire ces villes, qui ont pass\u00e9 tant d\u2019\u00e9preuves, survivront au temps et \u00e0 la n\u00e9gligence des hommes. En paraphrasant le po\u00e8te am\u00e9ricain Ralph Waldo Emerson (1803-1882), l\u2019homme conclut\u00a0: \u00ab\u00a0Ce sont les hommes qui ont d\u2019abord construit la ville, le temps viendra venu o\u00f9 la ville construira les hommes\u00a0\u00bb.<\/p>\n<p><a href=\"http:\/\/balkans.courriers.info\/article19173.html\" target=\"_blank\"><strong>Lire la suite<\/strong><strong> &gt;&gt; Le Courrier des Balkans &lt;&lt; Mustafa Canka<\/strong><\/a><\/p>\n<p><strong>Visite du Mont\u00e9n\u00e9gro en vid\u00e9o<\/strong><br \/>\n<!--YouTube Error: bad URL entered--><\/p>\n","protected":false},"excerpt":{"rendered":"<p>Les vieilles villes de la c\u00f4te mont\u00e9n\u00e9grine sont en danger. La croissance immobili\u00e8re s\u2019y poursuit \u00e0 un rythme soutenu, au m\u00e9pris de l\u2019architecture traditionnelle et du mode de vie des populations locales. Pourtant, le gouvernement mont\u00e9n\u00e9grin ne semble pas d\u00e9cid\u00e9 \u00e0 prendre des mesures pour prot\u00e9ger ce patrimoine inestimable. Un reportage de Mustafa Canka \u00e0 [&hellip;]<\/p>\n","protected":false},"author":1,"featured_media":0,"comment_status":"open","ping_status":"closed","sticky":false,"template":"","format":"standard","meta":{"spay_email":"","jetpack_publicize_message":"","jetpack_is_tweetstorm":false,"jetpack_publicize_feature_enabled":true},"categories":[13],"tags":[8810,8804,15570,11806,15572,8811,15610,11895,11910,11918,13656,11919,13825,11329,13822,13823,15576,15583,15584,13657,15581,13826,3751,3753,8809,12756,4056,4050,5673,15577,13829,15582,15578,15579,15575,4061,4046,4053,4047,4054,13827,4055,8808,8805,4058,4049,15574,8801,4052,4059,3772,4048,8803,13820,13828,8800,15571,11987,79,1096,1780,15573,15580,12033,12064,12082,3427,19,8802,200,18,8812,3754,4060,12757,19962,12758,13821,8807,8806,13824],"jetpack_publicize_connections":[],"yoast_head":"<!-- This site is optimized with the Yoast SEO plugin v19.1 - https:\/\/yoast.com\/wordpress\/plugins\/seo\/ -->\n<title>Mont\u00e9n\u00e9gro : l\u2019agonie programm\u00e9e des vieilles villes du littoral - Video - Lajme nga Ulqini<\/title>\n<meta name=\"description\" content=\"Les vieilles villes de la c\u00f4te mont\u00e9n\u00e9grine sont en danger. La croissance immobili\u00e8re s\u2019y poursuit \u00e0 un rythme soutenu, au m\u00e9pris de l\u2019architecture\" \/>\n<meta name=\"robots\" content=\"index, follow, max-snippet:-1, max-image-preview:large, max-video-preview:-1\" \/>\n<link rel=\"canonical\" href=\"https:\/\/www.visit-ulcinj.com\/blog\/2012\/02\/11\/montenegro-lagonie-programmee-des-vieilles-villes-du-littoral-video\/\" \/>\n<meta property=\"og:locale\" content=\"en_US\" \/>\n<meta property=\"og:type\" content=\"article\" \/>\n<meta property=\"og:title\" content=\"Mont\u00e9n\u00e9gro : l\u2019agonie programm\u00e9e des vieilles villes du littoral - Video - Lajme nga Ulqini\" \/>\n<meta property=\"og:description\" content=\"Les vieilles villes de la c\u00f4te mont\u00e9n\u00e9grine sont en danger. La croissance immobili\u00e8re s\u2019y poursuit \u00e0 un rythme soutenu, au m\u00e9pris de l\u2019architecture\" \/>\n<meta property=\"og:url\" content=\"https:\/\/www.visit-ulcinj.com\/blog\/2012\/02\/11\/montenegro-lagonie-programmee-des-vieilles-villes-du-littoral-video\/\" \/>\n<meta property=\"og:site_name\" content=\"Lajme nga Ulqini\" \/>\n<meta property=\"article:published_time\" content=\"2012-02-11T06:18:27+00:00\" \/>\n<meta property=\"article:modified_time\" content=\"2012-02-12T05:43:29+00:00\" \/>\n<meta property=\"og:image\" content=\"http:\/\/www.visit-ulcinj.com\/blog\/wp-content\/uploads\/2012\/02\/Les-vieilles-villes-Ulcinj-Montenegro.jpg\" \/>\n<meta name=\"twitter:label1\" content=\"Written by\" \/>\n\t<meta name=\"twitter:data1\" content=\"ulqini\" \/>\n\t<meta name=\"twitter:label2\" content=\"Est. reading time\" \/>\n\t<meta name=\"twitter:data2\" content=\"2 minutes\" \/>\n<script type=\"application\/ld+json\" class=\"yoast-schema-graph\">{\"@context\":\"https:\/\/schema.org\",\"@graph\":[{\"@type\":\"WebSite\",\"@id\":\"https:\/\/www.visit-ulcinj.com\/blog\/#website\",\"url\":\"https:\/\/www.visit-ulcinj.com\/blog\/\",\"name\":\"Lajme nga Ulqini\",\"description\":\"Lajme,Vijesti,Ulqini,Ulqin,Crna Gora,Mali i Zi\",\"potentialAction\":[{\"@type\":\"SearchAction\",\"target\":{\"@type\":\"EntryPoint\",\"urlTemplate\":\"https:\/\/www.visit-ulcinj.com\/blog\/?s={search_term_string}\"},\"query-input\":\"required name=search_term_string\"}],\"inLanguage\":\"en-US\"},{\"@type\":\"ImageObject\",\"inLanguage\":\"en-US\",\"@id\":\"https:\/\/www.visit-ulcinj.com\/blog\/2012\/02\/11\/montenegro-lagonie-programmee-des-vieilles-villes-du-littoral-video\/#primaryimage\",\"url\":\"https:\/\/www.visit-ulcinj.com\/blog\/wp-content\/uploads\/2012\/02\/Les-vieilles-villes-Ulcinj-Montenegro.jpg\",\"contentUrl\":\"https:\/\/www.visit-ulcinj.com\/blog\/wp-content\/uploads\/2012\/02\/Les-vieilles-villes-Ulcinj-Montenegro.jpg\",\"width\":\"1280\",\"height\":\"1256\"},{\"@type\":\"WebPage\",\"@id\":\"https:\/\/www.visit-ulcinj.com\/blog\/2012\/02\/11\/montenegro-lagonie-programmee-des-vieilles-villes-du-littoral-video\/#webpage\",\"url\":\"https:\/\/www.visit-ulcinj.com\/blog\/2012\/02\/11\/montenegro-lagonie-programmee-des-vieilles-villes-du-littoral-video\/\",\"name\":\"Mont\u00e9n\u00e9gro : l\u2019agonie programm\u00e9e des vieilles villes du littoral - Video - Lajme nga Ulqini\",\"isPartOf\":{\"@id\":\"https:\/\/www.visit-ulcinj.com\/blog\/#website\"},\"primaryImageOfPage\":{\"@id\":\"https:\/\/www.visit-ulcinj.com\/blog\/2012\/02\/11\/montenegro-lagonie-programmee-des-vieilles-villes-du-littoral-video\/#primaryimage\"},\"datePublished\":\"2012-02-11T06:18:27+00:00\",\"dateModified\":\"2012-02-12T05:43:29+00:00\",\"author\":{\"@id\":\"https:\/\/www.visit-ulcinj.com\/blog\/#\/schema\/person\/dcab619c614d3038751c63bc2aadc06d\"},\"description\":\"Les vieilles villes de la c\u00f4te mont\u00e9n\u00e9grine sont en danger. La croissance immobili\u00e8re s\u2019y poursuit \u00e0 un rythme soutenu, au m\u00e9pris de l\u2019architecture\",\"breadcrumb\":{\"@id\":\"https:\/\/www.visit-ulcinj.com\/blog\/2012\/02\/11\/montenegro-lagonie-programmee-des-vieilles-villes-du-littoral-video\/#breadcrumb\"},\"inLanguage\":\"en-US\",\"potentialAction\":[{\"@type\":\"ReadAction\",\"target\":[\"https:\/\/www.visit-ulcinj.com\/blog\/2012\/02\/11\/montenegro-lagonie-programmee-des-vieilles-villes-du-littoral-video\/\"]}]},{\"@type\":\"BreadcrumbList\",\"@id\":\"https:\/\/www.visit-ulcinj.com\/blog\/2012\/02\/11\/montenegro-lagonie-programmee-des-vieilles-villes-du-littoral-video\/#breadcrumb\",\"itemListElement\":[{\"@type\":\"ListItem\",\"position\":1,\"name\":\"Mont\u00e9n\u00e9gro : l\u2019agonie programm\u00e9e des vieilles villes du littoral &#8211; Video\"}]},{\"@type\":\"Person\",\"@id\":\"https:\/\/www.visit-ulcinj.com\/blog\/#\/schema\/person\/dcab619c614d3038751c63bc2aadc06d\",\"name\":\"ulqini\",\"sameAs\":[\"http:\/\/www.visit-ulcinj.com\"],\"url\":\"https:\/\/www.visit-ulcinj.com\/blog\/author\/admin\/\"}]}<\/script>\n<!-- \/ Yoast SEO plugin. -->","yoast_head_json":{"title":"Mont\u00e9n\u00e9gro : l\u2019agonie programm\u00e9e des vieilles villes du littoral - Video - Lajme nga Ulqini","description":"Les vieilles villes de la c\u00f4te mont\u00e9n\u00e9grine sont en danger. La croissance immobili\u00e8re s\u2019y poursuit \u00e0 un rythme soutenu, au m\u00e9pris de l\u2019architecture","robots":{"index":"index","follow":"follow","max-snippet":"max-snippet:-1","max-image-preview":"max-image-preview:large","max-video-preview":"max-video-preview:-1"},"canonical":"https:\/\/www.visit-ulcinj.com\/blog\/2012\/02\/11\/montenegro-lagonie-programmee-des-vieilles-villes-du-littoral-video\/","og_locale":"en_US","og_type":"article","og_title":"Mont\u00e9n\u00e9gro : l\u2019agonie programm\u00e9e des vieilles villes du littoral - Video - Lajme nga Ulqini","og_description":"Les vieilles villes de la c\u00f4te mont\u00e9n\u00e9grine sont en danger. La croissance immobili\u00e8re s\u2019y poursuit \u00e0 un rythme soutenu, au m\u00e9pris de l\u2019architecture","og_url":"https:\/\/www.visit-ulcinj.com\/blog\/2012\/02\/11\/montenegro-lagonie-programmee-des-vieilles-villes-du-littoral-video\/","og_site_name":"Lajme nga Ulqini","article_published_time":"2012-02-11T06:18:27+00:00","article_modified_time":"2012-02-12T05:43:29+00:00","og_image":[{"url":"http:\/\/www.visit-ulcinj.com\/blog\/wp-content\/uploads\/2012\/02\/Les-vieilles-villes-Ulcinj-Montenegro.jpg"}],"twitter_misc":{"Written by":"ulqini","Est. reading time":"2 minutes"},"schema":{"@context":"https:\/\/schema.org","@graph":[{"@type":"WebSite","@id":"https:\/\/www.visit-ulcinj.com\/blog\/#website","url":"https:\/\/www.visit-ulcinj.com\/blog\/","name":"Lajme nga Ulqini","description":"Lajme,Vijesti,Ulqini,Ulqin,Crna Gora,Mali i Zi","potentialAction":[{"@type":"SearchAction","target":{"@type":"EntryPoint","urlTemplate":"https:\/\/www.visit-ulcinj.com\/blog\/?s={search_term_string}"},"query-input":"required name=search_term_string"}],"inLanguage":"en-US"},{"@type":"ImageObject","inLanguage":"en-US","@id":"https:\/\/www.visit-ulcinj.com\/blog\/2012\/02\/11\/montenegro-lagonie-programmee-des-vieilles-villes-du-littoral-video\/#primaryimage","url":"https:\/\/www.visit-ulcinj.com\/blog\/wp-content\/uploads\/2012\/02\/Les-vieilles-villes-Ulcinj-Montenegro.jpg","contentUrl":"https:\/\/www.visit-ulcinj.com\/blog\/wp-content\/uploads\/2012\/02\/Les-vieilles-villes-Ulcinj-Montenegro.jpg","width":"1280","height":"1256"},{"@type":"WebPage","@id":"https:\/\/www.visit-ulcinj.com\/blog\/2012\/02\/11\/montenegro-lagonie-programmee-des-vieilles-villes-du-littoral-video\/#webpage","url":"https:\/\/www.visit-ulcinj.com\/blog\/2012\/02\/11\/montenegro-lagonie-programmee-des-vieilles-villes-du-littoral-video\/","name":"Mont\u00e9n\u00e9gro : l\u2019agonie programm\u00e9e des vieilles villes du littoral - Video - Lajme nga Ulqini","isPartOf":{"@id":"https:\/\/www.visit-ulcinj.com\/blog\/#website"},"primaryImageOfPage":{"@id":"https:\/\/www.visit-ulcinj.com\/blog\/2012\/02\/11\/montenegro-lagonie-programmee-des-vieilles-villes-du-littoral-video\/#primaryimage"},"datePublished":"2012-02-11T06:18:27+00:00","dateModified":"2012-02-12T05:43:29+00:00","author":{"@id":"https:\/\/www.visit-ulcinj.com\/blog\/#\/schema\/person\/dcab619c614d3038751c63bc2aadc06d"},"description":"Les vieilles villes de la c\u00f4te mont\u00e9n\u00e9grine sont en danger. La croissance immobili\u00e8re s\u2019y poursuit \u00e0 un rythme soutenu, au m\u00e9pris de l\u2019architecture","breadcrumb":{"@id":"https:\/\/www.visit-ulcinj.com\/blog\/2012\/02\/11\/montenegro-lagonie-programmee-des-vieilles-villes-du-littoral-video\/#breadcrumb"},"inLanguage":"en-US","potentialAction":[{"@type":"ReadAction","target":["https:\/\/www.visit-ulcinj.com\/blog\/2012\/02\/11\/montenegro-lagonie-programmee-des-vieilles-villes-du-littoral-video\/"]}]},{"@type":"BreadcrumbList","@id":"https:\/\/www.visit-ulcinj.com\/blog\/2012\/02\/11\/montenegro-lagonie-programmee-des-vieilles-villes-du-littoral-video\/#breadcrumb","itemListElement":[{"@type":"ListItem","position":1,"name":"Mont\u00e9n\u00e9gro : l\u2019agonie programm\u00e9e des vieilles villes du littoral &#8211; Video"}]},{"@type":"Person","@id":"https:\/\/www.visit-ulcinj.com\/blog\/#\/schema\/person\/dcab619c614d3038751c63bc2aadc06d","name":"ulqini","sameAs":["http:\/\/www.visit-ulcinj.com"],"url":"https:\/\/www.visit-ulcinj.com\/blog\/author\/admin\/"}]}},"jetpack_featured_media_url":"","jetpack_sharing_enabled":true,"jetpack_shortlink":"https:\/\/wp.me\/pe6lTn-eTo","_links":{"self":[{"href":"https:\/\/www.visit-ulcinj.com\/blog\/wp-json\/wp\/v2\/posts\/57250"}],"collection":[{"href":"https:\/\/www.visit-ulcinj.com\/blog\/wp-json\/wp\/v2\/posts"}],"about":[{"href":"https:\/\/www.visit-ulcinj.com\/blog\/wp-json\/wp\/v2\/types\/post"}],"author":[{"embeddable":true,"href":"https:\/\/www.visit-ulcinj.com\/blog\/wp-json\/wp\/v2\/users\/1"}],"replies":[{"embeddable":true,"href":"https:\/\/www.visit-ulcinj.com\/blog\/wp-json\/wp\/v2\/comments?post=57250"}],"version-history":[{"count":5,"href":"https:\/\/www.visit-ulcinj.com\/blog\/wp-json\/wp\/v2\/posts\/57250\/revisions"}],"predecessor-version":[{"id":57254,"href":"https:\/\/www.visit-ulcinj.com\/blog\/wp-json\/wp\/v2\/posts\/57250\/revisions\/57254"}],"wp:attachment":[{"href":"https:\/\/www.visit-ulcinj.com\/blog\/wp-json\/wp\/v2\/media?parent=57250"}],"wp:term":[{"taxonomy":"category","embeddable":true,"href":"https:\/\/www.visit-ulcinj.com\/blog\/wp-json\/wp\/v2\/categories?post=57250"},{"taxonomy":"post_tag","embeddable":true,"href":"https:\/\/www.visit-ulcinj.com\/blog\/wp-json\/wp\/v2\/tags?post=57250"}],"curies":[{"name":"wp","href":"https:\/\/api.w.org\/{rel}","templated":true}]}}