{"id":57256,"date":"2012-02-11T11:56:55","date_gmt":"2012-02-11T10:56:55","guid":{"rendered":"http:\/\/www.visit-ulcinj.com\/blog\/?p=57256"},"modified":"2012-02-11T11:56:55","modified_gmt":"2012-02-11T10:56:55","slug":"vendstrehim-i-helenes-se-anzhuineve-mbi-te-kaluaren-e-ulqinit-4","status":"publish","type":"post","link":"https:\/\/www.visit-ulcinj.com\/blog\/2012\/02\/11\/vendstrehim-i-helenes-se-anzhuineve-mbi-te-kaluaren-e-ulqinit-4\/","title":{"rendered":"Vendstrehim i Helen\u00ebs s\u00eb Anzhuin\u00ebve &#8211; Mbi t\u00eb kaluar\u00ebn e Ulqinit (4)"},"content":{"rendered":"<p><strong><a href=\"http:\/\/www.visit-ulcinj.com\/blog\/wp-content\/uploads\/2012\/02\/Montenegro-Dulcigno-Fortress.jpg\"><img loading=\"lazy\" class=\"alignleft  wp-image-57257\" title=\"Montenegro-Dulcigno Fortress\" src=\"http:\/\/www.visit-ulcinj.com\/blog\/wp-content\/uploads\/2012\/02\/Montenegro-Dulcigno-Fortress.jpg\" alt=\"\" width=\"508\" height=\"400\" \/><\/a>Prof. Dr. Ruzhdi Ushaku<\/strong><\/p>\n<p>Ulqini kishte edhe peshkopat\u00ebn (apo ipeshkvin\u00eb) e vet, por t\u00eb varur nga peshkopata e Tivarit.<\/p>\n<p>Prej vitit 1250 e deri n\u00eb fund t\u00eb shekullit XIV, n\u00eb lokalitetin e Kalas\u00eb s\u00eb sotme jan\u00eb nd\u00ebrtuar disa kisha, si\u00e7 jan\u00eb ajo e Zonj\u00ebs s\u00eb Bekuar, e Sh\u00ebn Jovanit (Gjonit) t\u00eb Ulqinit, Sh\u00ebn Dominikut, etj.<\/p>\n<p>Brenda k\u00ebsaj periudhe, n\u00eb k\u00ebt\u00eb qytet ka jetuar dhe e ka mbajtur fronin nipi i Nemanj\u00ebs, Gjorgji (1252) si \u201cprinceps Diocliae\u201d, kurse prej vitit 1282-1309 k\u00ebtu jetoi si vejush\u00eb Helena e Anzhuin\u00ebve, nd\u00ebrsa motra e saj Maria prej vitit 1281 k\u00ebtu jeton dhe njihet me atributin \u201cdomina Ulcinii\u201d. T\u00eb dyja, si duket, gjet\u00ebn n\u00eb k\u00ebt\u00eb qytet qet\u00ebsin\u00eb dhe vendstrehimin e k\u00ebndsh\u00ebm. Ato k\u00ebtu nd\u00ebrtuan edhe manastirin fran\u00e7eskan (v. 1288), q\u00eb mbeti gjurm\u00eb e mir\u00ebnjohjes, e koh\u00ebs dhe e jet\u00ebs s\u00eb tyre n\u00eb k\u00ebt\u00eb qytet. P\u00ebr k\u00ebt\u00eb dhe kisha t\u00eb tjera t\u00eb nd\u00ebrtuara n\u00eb k\u00ebt\u00eb qytet d\u00ebshmojn\u00eb g\u00ebrmadhat e zbuluara me pjes\u00eb ose fragmente t\u00eb mureve, portaleve e rozetave dhe elemente t\u00eb tjera dekorative t\u00eb cilat ndeshen edhe n\u00eb sht\u00ebpit\u00eb a pallatet luksoze t\u00eb personaliteteve n\u00eb z\u00eb q\u00eb at\u00ebbot\u00eb jetonin n\u00eb k\u00ebt\u00eb qytet si bujar\u00eb, princ\u00eb, kapedan\u00eb e tregtar\u00eb t\u00eb njohur.<br \/>\n<a href=\"http:\/\/www.visit-ulcinj.com\/blog\/wp-content\/uploads\/2012\/02\/1892-Dulcigno-med-pitt.jpg\"><img loading=\"lazy\" class=\"alignleft  wp-image-57258\" title=\"1892 - Dulcigno med pitt\" src=\"http:\/\/www.visit-ulcinj.com\/blog\/wp-content\/uploads\/2012\/02\/1892-Dulcigno-med-pitt.jpg\" alt=\"\" width=\"508\" height=\"400\" \/><\/a><br \/>\nLidhur me k\u00ebt\u00eb n\u00eb \u201cLovcenski odjek\u201d 2-3, autori L. Bullatoviq (Lj. Bulatovic), duke b\u00ebr\u00eb fjal\u00eb p\u00ebr statutet e Ulqinit shkruan se n\u00eb vitin 1280 p\u00ebrmendet si knjaz i Ulqinit venedikasi Marcus Pollanus (Marko Pollo). N\u00eb nj\u00eb dokument nga viti 1331, midis tjerash sh\u00ebnohet se shum\u00eb fshatar\u00eb nga rrethi i Ulqinit ngrit\u00ebn krye kund\u00ebr feudal\u00ebve, t\u00eb cil\u00ebv\u00eb ua dogj\u00ebn edhe k\u00ebshtjellat.<\/p>\n<p>Nga viti 1332, vlen t\u00eb ve\u00e7ohet nj\u00eb fragment marr\u00eb nga Directorium ad Passagium faciendum t\u00eb klerikut francez Guillellmus Adae-Brocardus, at\u00ebbot\u00eb kryepeshkop i Tivarit i cili, midis tjerash, shkruan:<\/p>\n<p>Latini habent sex civitates cum suis episcopis: prima Antibarum, archiepiscopalem; deinde Chatarensem, Dulcedinensem, Suacinensem, Scutarenensem et Drivascensem, quas quidem soli Latini inhabitant; populus vero earum sunt Albanenses in tota ipsarum diocesi extra muros. Sunt eciam Albanensium quatuor civitatetes (\u2026). Et licet Albanenses aliam omnino linguam a latina habeant et diversam, tamen litteram latinam habent in usu et in omnibus suis libris.<\/p>\n<p>Pra, duke theksuar parapakisht pranin\u00eb e dy popujve si\u00e7 jan\u00eb arb\u00ebrit dhe latin\u00ebt (sunt ibi due naciones, una videlicet Albanensium et alia Latinorum), q\u00eb i p\u00ebrkasin kish\u00ebs romake, shkruan se latin\u00ebt kan\u00eb gjasht\u00eb qytete me peshkop\u00ebt e tyre: s\u00eb pari arqipeshkvi i Tivarit; pastaj ata t\u00eb Kotorrit, Ulqinit, Shasit, Shkodr\u00ebs dhe Drishtit, t\u00eb banuar vet\u00ebm nga latin\u00ebt; v\u00ebrtet popullata e tyre \u00ebsht\u00eb arb\u00ebreshe n\u00eb t\u00eb gjitha dioqezat e tyre jasht\u00eb mureve. Jan\u00eb edhe kat\u00ebr qytete\u00a0 shqiptare \/ Pulti i Sip\u00ebrm dhe i Posht\u00ebm, Sabati apo Dioqeza e Sap\u00ebs dhe Albania apo Dioqeza e Durr\u00ebsit\/ (\u2026). Dhe sado q\u00eb arb\u00ebrit kan\u00eb nj\u00eb gjuh\u00eb krejt t\u00eb ndryshme prej latinishtes, megjithat\u00eb n\u00eb librat e tyre p\u00ebrdorin shkronjat latine. Pra nj\u00eb d\u00ebshmi shum\u00eb e r\u00ebnd\u00ebsishme se shqiptar\u00ebt at\u00ebbot\u00eb kishin edhe libra t\u00eb botuar, t\u00eb cilat mjerisht ende nuk jan\u00eb gjetur deri m\u00eb sot, me shpres\u00eb se diku dikur do t\u00eb zbulohet ndonj\u00eb prej tyre.<\/p>\n<p>Ka sh\u00ebnime se gjat\u00eb shekullit XIV Buna dhe Drini kan\u00eb qen\u00eb t\u00eb lundruesh\u00ebm, ku pjes\u00ebrisht i lejohej lundrimi ndonj\u00eb brigantine raguziane, kurse venedikasit b\u00ebjn\u00eb me dije se askush nuk mund t\u00eb ngriste n\u00eb brigjet e Bun\u00ebs ndonj\u00eb objekt apo vendbanim i cili do t\u00eb pengonte lundrimin n\u00ebp\u00ebr k\u00ebt\u00eb lum\u00eb.<\/p>\n<p>Ndikimi i Venedikut n\u00eb fund t\u00eb k\u00ebtij shekulli, p\u00ebrkat\u00ebsisht pas Paqes s\u00eb Torinos (1381), pasqyrohet edhe n\u00eb emigrimin e shum\u00eb ulqinak\u00ebve, gj\u00eb q\u00eb ilustrohet edhe nga disa sh\u00ebnime t\u00eb bartura n\u00eb faqet e internetit si vijon:<br \/>\n\u201c(\u2026) Pasi q\u00eb luftrat dhe epidemit\u00eb soll\u00ebn zvog\u00eblimin dhe munges\u00ebn e fuqis\u00eb pun\u00ebtore, pushteti i Venedikut vendosi t\u00eb privilegjonte emigrimin e shqiptar\u00ebve katolik\u00eb duke u mund\u00ebsuar n\u00eb vitin 1388 kalimin e leht\u00eb t\u00eb detit Adriatik me anijet venedikase. T\u00eb interesuarit mbi mosh\u00ebn 10- vje\u00e7are paguanin gjasht\u00eb dukat\u00eb p\u00ebr t\u00eb kaluar detin, u sigurohej pun\u00eb p\u00ebr kat\u00ebr vite (\u2026). Numri m\u00eb i madh i emigrant\u00ebve ulqinak\u00eb kan\u00eb punuar si zejtar\u00eb, berber\u00eb, hotelier\u00eb dhe buk\u00ebpjek\u00ebs. Ata q\u00eb e dinin gjuh\u00ebn sllave kan\u00eb punuar edhe si p\u00ebrkthyes<br \/>\n(\u2026).<br \/>\n<a href=\"http:\/\/www.visit-ulcinj.com\/blog\/wp-content\/uploads\/2012\/02\/Diocesi-di-Dulcigno-Ruins-of-Ulcinj-Montenegro.jpg\"><img loading=\"lazy\" class=\"alignleft  wp-image-57259\" title=\"Diocesi di Dulcigno - Ruin's of Ulcinj - Montenegro\" src=\"http:\/\/www.visit-ulcinj.com\/blog\/wp-content\/uploads\/2012\/02\/Diocesi-di-Dulcigno-Ruins-of-Ulcinj-Montenegro.jpg\" alt=\"\" width=\"508\" height=\"300\" \/><\/a><br \/>\nP\u00ebr ulqinak\u00ebt thuhet se kan\u00eb vendbanuar n\u00eb rrethin\u00ebn e K\u00ebshtjellit, n\u00eb parohin\u00eb e Sh\u00ebn Maris\u00eb Farmeza, n\u00eb mes t\u00eb portit Skiavonia dhe fush\u00ebs s\u00eb Sh\u00ebn Filipit dhe Gjakomit, pran\u00eb emigrant\u00ebve grek\u00eb e sllaven\u00eb, t\u00eb quajtur Lagja ballkanike e Venedikut.<\/p>\n<p>Me invadimin e Turqis\u00eb, numri i ulqinak\u00ebve u rrit pasi iknin me shumic\u00eb p\u00ebr t\u00eb shp\u00ebtuar nga zullumi (\u2026). N\u00eb Venedik emigrant\u00ebt themeluan shoqat\u00ebn e vet, shkollat \u201cSh\u00ebn Saveri\u201d dhe \u201cSh\u00ebn Gali\u201d n\u00eb vitin 1442 (\u2026)\u201d.<\/p>\n<p>Se lundrimi zhvillohej pa pengesa me mjete t\u00eb cakuara lundrimi, d\u00ebshmon e dh\u00ebna se n\u00eb vitin 1407, Republika e Venedikut d\u00ebrgon nj\u00eb brigantin\u00eb n\u00eb Shkod\u00ebr p\u00ebr t\u00eb marr\u00eb nj\u00eb misionar t\u00eb vetin. Sa i takon lundrimit t\u00eb m\u00ebtutjesh\u00ebm n\u00eb Bun\u00eb, edhe gjeografi turk Haxhi Kllafa (shek. XVII) pohon se anije t\u00eb vogla nga deti lundrojn\u00eb n\u00ebp\u00ebr Bun\u00eb duke bartur mallra, kurse ishte i njohur porti i Sh\u00ebn Gjergjit si treg i krip\u00ebs n\u00eb koh\u00ebn kur n\u00eb Liqenin e Shkodr\u00ebs kishte edhe skele.<\/p>\n<p><strong>Koha Javore<\/strong><\/p>\n","protected":false},"excerpt":{"rendered":"<p>Prof. Dr. Ruzhdi Ushaku Ulqini kishte edhe peshkopat\u00ebn (apo ipeshkvin\u00eb) e vet, por t\u00eb varur nga peshkopata e Tivarit. Prej vitit 1250 e deri n\u00eb fund t\u00eb shekullit XIV, n\u00eb lokalitetin e Kalas\u00eb s\u00eb sotme jan\u00eb nd\u00ebrtuar disa kisha, si\u00e7 jan\u00eb ajo e Zonj\u00ebs s\u00eb Bekuar, e Sh\u00ebn Jovanit (Gjonit) t\u00eb Ulqinit, Sh\u00ebn Dominikut, etj. [&hellip;]<\/p>\n","protected":false},"author":1,"featured_media":0,"comment_status":"open","ping_status":"closed","sticky":false,"template":"","format":"standard","meta":{"spay_email":"","jetpack_publicize_message":"","jetpack_is_tweetstorm":false,"jetpack_publicize_feature_enabled":true},"categories":[4],"tags":[17070,3642,3643,20016,20013,17074,20014,20012,20015,14099,3644,19,20011,17078,200,18],"jetpack_publicize_connections":[],"yoast_head":"<!-- This site is optimized with the Yoast SEO plugin v19.1 - https:\/\/yoast.com\/wordpress\/plugins\/seo\/ -->\n<title>Vendstrehim i Helen\u00ebs s\u00eb Anzhuin\u00ebve - Mbi t\u00eb kaluar\u00ebn e Ulqinit (4) - Lajme nga Ulqini<\/title>\n<meta name=\"description\" content=\"Prof. Dr. Ruzhdi Ushaku Ulqini kishte edhe peshkopat\u00ebn (apo ipeshkvin\u00eb) e vet, por t\u00eb varur nga peshkopata e Tivarit. Prej vitit 1250 e deri n\u00eb fund t\u00eb\" \/>\n<meta name=\"robots\" content=\"index, follow, max-snippet:-1, max-image-preview:large, max-video-preview:-1\" \/>\n<link rel=\"canonical\" href=\"https:\/\/www.visit-ulcinj.com\/blog\/2012\/02\/11\/vendstrehim-i-helenes-se-anzhuineve-mbi-te-kaluaren-e-ulqinit-4\/\" \/>\n<meta property=\"og:locale\" content=\"en_US\" \/>\n<meta property=\"og:type\" content=\"article\" \/>\n<meta property=\"og:title\" content=\"Vendstrehim i Helen\u00ebs s\u00eb Anzhuin\u00ebve - Mbi t\u00eb kaluar\u00ebn e Ulqinit (4) - Lajme nga Ulqini\" \/>\n<meta property=\"og:description\" content=\"Prof. Dr. Ruzhdi Ushaku Ulqini kishte edhe peshkopat\u00ebn (apo ipeshkvin\u00eb) e vet, por t\u00eb varur nga peshkopata e Tivarit. Prej vitit 1250 e deri n\u00eb fund t\u00eb\" \/>\n<meta property=\"og:url\" content=\"https:\/\/www.visit-ulcinj.com\/blog\/2012\/02\/11\/vendstrehim-i-helenes-se-anzhuineve-mbi-te-kaluaren-e-ulqinit-4\/\" \/>\n<meta property=\"og:site_name\" content=\"Lajme nga Ulqini\" \/>\n<meta property=\"article:published_time\" content=\"2012-02-11T10:56:55+00:00\" \/>\n<meta property=\"og:image\" content=\"http:\/\/www.visit-ulcinj.com\/blog\/wp-content\/uploads\/2012\/02\/Montenegro-Dulcigno-Fortress.jpg\" \/>\n<meta name=\"twitter:label1\" content=\"Written by\" \/>\n\t<meta name=\"twitter:data1\" content=\"ulqini\" \/>\n\t<meta name=\"twitter:label2\" content=\"Est. reading time\" \/>\n\t<meta name=\"twitter:data2\" content=\"5 minutes\" \/>\n<script type=\"application\/ld+json\" class=\"yoast-schema-graph\">{\"@context\":\"https:\/\/schema.org\",\"@graph\":[{\"@type\":\"WebSite\",\"@id\":\"https:\/\/www.visit-ulcinj.com\/blog\/#website\",\"url\":\"https:\/\/www.visit-ulcinj.com\/blog\/\",\"name\":\"Lajme nga Ulqini\",\"description\":\"Lajme,Vijesti,Ulqini,Ulqin,Crna Gora,Mali i Zi\",\"potentialAction\":[{\"@type\":\"SearchAction\",\"target\":{\"@type\":\"EntryPoint\",\"urlTemplate\":\"https:\/\/www.visit-ulcinj.com\/blog\/?s={search_term_string}\"},\"query-input\":\"required name=search_term_string\"}],\"inLanguage\":\"en-US\"},{\"@type\":\"ImageObject\",\"inLanguage\":\"en-US\",\"@id\":\"https:\/\/www.visit-ulcinj.com\/blog\/2012\/02\/11\/vendstrehim-i-helenes-se-anzhuineve-mbi-te-kaluaren-e-ulqinit-4\/#primaryimage\",\"url\":\"https:\/\/www.visit-ulcinj.com\/blog\/wp-content\/uploads\/2012\/02\/Montenegro-Dulcigno-Fortress.jpg\",\"contentUrl\":\"https:\/\/www.visit-ulcinj.com\/blog\/wp-content\/uploads\/2012\/02\/Montenegro-Dulcigno-Fortress.jpg\",\"width\":\"1055\",\"height\":\"766\"},{\"@type\":\"WebPage\",\"@id\":\"https:\/\/www.visit-ulcinj.com\/blog\/2012\/02\/11\/vendstrehim-i-helenes-se-anzhuineve-mbi-te-kaluaren-e-ulqinit-4\/#webpage\",\"url\":\"https:\/\/www.visit-ulcinj.com\/blog\/2012\/02\/11\/vendstrehim-i-helenes-se-anzhuineve-mbi-te-kaluaren-e-ulqinit-4\/\",\"name\":\"Vendstrehim i Helen\u00ebs s\u00eb Anzhuin\u00ebve - Mbi t\u00eb kaluar\u00ebn e Ulqinit (4) - Lajme nga Ulqini\",\"isPartOf\":{\"@id\":\"https:\/\/www.visit-ulcinj.com\/blog\/#website\"},\"primaryImageOfPage\":{\"@id\":\"https:\/\/www.visit-ulcinj.com\/blog\/2012\/02\/11\/vendstrehim-i-helenes-se-anzhuineve-mbi-te-kaluaren-e-ulqinit-4\/#primaryimage\"},\"datePublished\":\"2012-02-11T10:56:55+00:00\",\"dateModified\":\"2012-02-11T10:56:55+00:00\",\"author\":{\"@id\":\"https:\/\/www.visit-ulcinj.com\/blog\/#\/schema\/person\/dcab619c614d3038751c63bc2aadc06d\"},\"description\":\"Prof. Dr. Ruzhdi Ushaku Ulqini kishte edhe peshkopat\u00ebn (apo ipeshkvin\u00eb) e vet, por t\u00eb varur nga peshkopata e Tivarit. Prej vitit 1250 e deri n\u00eb fund t\u00eb\",\"breadcrumb\":{\"@id\":\"https:\/\/www.visit-ulcinj.com\/blog\/2012\/02\/11\/vendstrehim-i-helenes-se-anzhuineve-mbi-te-kaluaren-e-ulqinit-4\/#breadcrumb\"},\"inLanguage\":\"en-US\",\"potentialAction\":[{\"@type\":\"ReadAction\",\"target\":[\"https:\/\/www.visit-ulcinj.com\/blog\/2012\/02\/11\/vendstrehim-i-helenes-se-anzhuineve-mbi-te-kaluaren-e-ulqinit-4\/\"]}]},{\"@type\":\"BreadcrumbList\",\"@id\":\"https:\/\/www.visit-ulcinj.com\/blog\/2012\/02\/11\/vendstrehim-i-helenes-se-anzhuineve-mbi-te-kaluaren-e-ulqinit-4\/#breadcrumb\",\"itemListElement\":[{\"@type\":\"ListItem\",\"position\":1,\"name\":\"Vendstrehim i Helen\u00ebs s\u00eb Anzhuin\u00ebve &#8211; Mbi t\u00eb kaluar\u00ebn e Ulqinit (4)\"}]},{\"@type\":\"Person\",\"@id\":\"https:\/\/www.visit-ulcinj.com\/blog\/#\/schema\/person\/dcab619c614d3038751c63bc2aadc06d\",\"name\":\"ulqini\",\"sameAs\":[\"http:\/\/www.visit-ulcinj.com\"],\"url\":\"https:\/\/www.visit-ulcinj.com\/blog\/author\/admin\/\"}]}<\/script>\n<!-- \/ Yoast SEO plugin. -->","yoast_head_json":{"title":"Vendstrehim i Helen\u00ebs s\u00eb Anzhuin\u00ebve - Mbi t\u00eb kaluar\u00ebn e Ulqinit (4) - Lajme nga Ulqini","description":"Prof. Dr. Ruzhdi Ushaku Ulqini kishte edhe peshkopat\u00ebn (apo ipeshkvin\u00eb) e vet, por t\u00eb varur nga peshkopata e Tivarit. Prej vitit 1250 e deri n\u00eb fund t\u00eb","robots":{"index":"index","follow":"follow","max-snippet":"max-snippet:-1","max-image-preview":"max-image-preview:large","max-video-preview":"max-video-preview:-1"},"canonical":"https:\/\/www.visit-ulcinj.com\/blog\/2012\/02\/11\/vendstrehim-i-helenes-se-anzhuineve-mbi-te-kaluaren-e-ulqinit-4\/","og_locale":"en_US","og_type":"article","og_title":"Vendstrehim i Helen\u00ebs s\u00eb Anzhuin\u00ebve - Mbi t\u00eb kaluar\u00ebn e Ulqinit (4) - Lajme nga Ulqini","og_description":"Prof. Dr. Ruzhdi Ushaku Ulqini kishte edhe peshkopat\u00ebn (apo ipeshkvin\u00eb) e vet, por t\u00eb varur nga peshkopata e Tivarit. Prej vitit 1250 e deri n\u00eb fund t\u00eb","og_url":"https:\/\/www.visit-ulcinj.com\/blog\/2012\/02\/11\/vendstrehim-i-helenes-se-anzhuineve-mbi-te-kaluaren-e-ulqinit-4\/","og_site_name":"Lajme nga Ulqini","article_published_time":"2012-02-11T10:56:55+00:00","og_image":[{"url":"http:\/\/www.visit-ulcinj.com\/blog\/wp-content\/uploads\/2012\/02\/Montenegro-Dulcigno-Fortress.jpg"}],"twitter_misc":{"Written by":"ulqini","Est. reading time":"5 minutes"},"schema":{"@context":"https:\/\/schema.org","@graph":[{"@type":"WebSite","@id":"https:\/\/www.visit-ulcinj.com\/blog\/#website","url":"https:\/\/www.visit-ulcinj.com\/blog\/","name":"Lajme nga Ulqini","description":"Lajme,Vijesti,Ulqini,Ulqin,Crna Gora,Mali i Zi","potentialAction":[{"@type":"SearchAction","target":{"@type":"EntryPoint","urlTemplate":"https:\/\/www.visit-ulcinj.com\/blog\/?s={search_term_string}"},"query-input":"required name=search_term_string"}],"inLanguage":"en-US"},{"@type":"ImageObject","inLanguage":"en-US","@id":"https:\/\/www.visit-ulcinj.com\/blog\/2012\/02\/11\/vendstrehim-i-helenes-se-anzhuineve-mbi-te-kaluaren-e-ulqinit-4\/#primaryimage","url":"https:\/\/www.visit-ulcinj.com\/blog\/wp-content\/uploads\/2012\/02\/Montenegro-Dulcigno-Fortress.jpg","contentUrl":"https:\/\/www.visit-ulcinj.com\/blog\/wp-content\/uploads\/2012\/02\/Montenegro-Dulcigno-Fortress.jpg","width":"1055","height":"766"},{"@type":"WebPage","@id":"https:\/\/www.visit-ulcinj.com\/blog\/2012\/02\/11\/vendstrehim-i-helenes-se-anzhuineve-mbi-te-kaluaren-e-ulqinit-4\/#webpage","url":"https:\/\/www.visit-ulcinj.com\/blog\/2012\/02\/11\/vendstrehim-i-helenes-se-anzhuineve-mbi-te-kaluaren-e-ulqinit-4\/","name":"Vendstrehim i Helen\u00ebs s\u00eb Anzhuin\u00ebve - Mbi t\u00eb kaluar\u00ebn e Ulqinit (4) - Lajme nga Ulqini","isPartOf":{"@id":"https:\/\/www.visit-ulcinj.com\/blog\/#website"},"primaryImageOfPage":{"@id":"https:\/\/www.visit-ulcinj.com\/blog\/2012\/02\/11\/vendstrehim-i-helenes-se-anzhuineve-mbi-te-kaluaren-e-ulqinit-4\/#primaryimage"},"datePublished":"2012-02-11T10:56:55+00:00","dateModified":"2012-02-11T10:56:55+00:00","author":{"@id":"https:\/\/www.visit-ulcinj.com\/blog\/#\/schema\/person\/dcab619c614d3038751c63bc2aadc06d"},"description":"Prof. Dr. Ruzhdi Ushaku Ulqini kishte edhe peshkopat\u00ebn (apo ipeshkvin\u00eb) e vet, por t\u00eb varur nga peshkopata e Tivarit. Prej vitit 1250 e deri n\u00eb fund t\u00eb","breadcrumb":{"@id":"https:\/\/www.visit-ulcinj.com\/blog\/2012\/02\/11\/vendstrehim-i-helenes-se-anzhuineve-mbi-te-kaluaren-e-ulqinit-4\/#breadcrumb"},"inLanguage":"en-US","potentialAction":[{"@type":"ReadAction","target":["https:\/\/www.visit-ulcinj.com\/blog\/2012\/02\/11\/vendstrehim-i-helenes-se-anzhuineve-mbi-te-kaluaren-e-ulqinit-4\/"]}]},{"@type":"BreadcrumbList","@id":"https:\/\/www.visit-ulcinj.com\/blog\/2012\/02\/11\/vendstrehim-i-helenes-se-anzhuineve-mbi-te-kaluaren-e-ulqinit-4\/#breadcrumb","itemListElement":[{"@type":"ListItem","position":1,"name":"Vendstrehim i Helen\u00ebs s\u00eb Anzhuin\u00ebve &#8211; Mbi t\u00eb kaluar\u00ebn e Ulqinit (4)"}]},{"@type":"Person","@id":"https:\/\/www.visit-ulcinj.com\/blog\/#\/schema\/person\/dcab619c614d3038751c63bc2aadc06d","name":"ulqini","sameAs":["http:\/\/www.visit-ulcinj.com"],"url":"https:\/\/www.visit-ulcinj.com\/blog\/author\/admin\/"}]}},"jetpack_featured_media_url":"","jetpack_sharing_enabled":true,"jetpack_shortlink":"https:\/\/wp.me\/pe6lTn-eTu","_links":{"self":[{"href":"https:\/\/www.visit-ulcinj.com\/blog\/wp-json\/wp\/v2\/posts\/57256"}],"collection":[{"href":"https:\/\/www.visit-ulcinj.com\/blog\/wp-json\/wp\/v2\/posts"}],"about":[{"href":"https:\/\/www.visit-ulcinj.com\/blog\/wp-json\/wp\/v2\/types\/post"}],"author":[{"embeddable":true,"href":"https:\/\/www.visit-ulcinj.com\/blog\/wp-json\/wp\/v2\/users\/1"}],"replies":[{"embeddable":true,"href":"https:\/\/www.visit-ulcinj.com\/blog\/wp-json\/wp\/v2\/comments?post=57256"}],"version-history":[{"count":1,"href":"https:\/\/www.visit-ulcinj.com\/blog\/wp-json\/wp\/v2\/posts\/57256\/revisions"}],"predecessor-version":[{"id":57260,"href":"https:\/\/www.visit-ulcinj.com\/blog\/wp-json\/wp\/v2\/posts\/57256\/revisions\/57260"}],"wp:attachment":[{"href":"https:\/\/www.visit-ulcinj.com\/blog\/wp-json\/wp\/v2\/media?parent=57256"}],"wp:term":[{"taxonomy":"category","embeddable":true,"href":"https:\/\/www.visit-ulcinj.com\/blog\/wp-json\/wp\/v2\/categories?post=57256"},{"taxonomy":"post_tag","embeddable":true,"href":"https:\/\/www.visit-ulcinj.com\/blog\/wp-json\/wp\/v2\/tags?post=57256"}],"curies":[{"name":"wp","href":"https:\/\/api.w.org\/{rel}","templated":true}]}}