{"id":57278,"date":"2012-02-11T19:50:29","date_gmt":"2012-02-11T18:50:29","guid":{"rendered":"http:\/\/www.visit-ulcinj.com\/blog\/?p=57278"},"modified":"2012-02-11T19:50:29","modified_gmt":"2012-02-11T18:50:29","slug":"aurela-gace-vjen-me-kenge-te-re-trazit-video","status":"publish","type":"post","link":"https:\/\/www.visit-ulcinj.com\/blog\/2012\/02\/11\/aurela-gace-vjen-me-kenge-te-re-trazit-video\/","title":{"rendered":"Aurela Ga\u00e7e vjen me k\u00ebng\u00eb t\u00eb re &#8220;Trazit&#8221; &#8211; Video"},"content":{"rendered":"<p>&nbsp;<\/p>\n<p><strong><a href=\"http:\/\/www.visit-ulcinj.com\/blog\/wp-content\/uploads\/2012\/02\/Aurela-Ga\u00e7e.jpg\"><img loading=\"lazy\" class=\"alignleft  wp-image-57280\" title=\"Aurela Ga\u00e7e\" src=\"http:\/\/www.visit-ulcinj.com\/blog\/wp-content\/uploads\/2012\/02\/Aurela-Ga\u00e7e.jpg\" alt=\"\" width=\"508\" height=\"380\" \/><\/a>Aurela Ga\u00e7e ka publikuar k\u00ebng\u00ebn e saj m\u00eb t\u00eb re t\u00eb quajtur \u201cTranzit\u201d. K\u00ebt\u00eb k\u00ebng\u00eb ajo e ka shoq\u00ebruar edhe me nj\u00eb video shum\u00eb profesionale, e cila \u00ebsht\u00eb xhiruar n\u00eb dit\u00ebt e fundit t\u00eb shtatz\u00ebnis\u00eb s\u00eb saj.<\/strong><\/p>\n<p>P\u00ebr muzik\u00ebn e k\u00ebng\u00ebs \u00ebsht\u00eb p\u00ebrkujdesur kompozitori Alban Kondi, nd\u00ebrsa vargjet e i ka shkruar dr. Flori dhe vet k\u00ebng\u00ebtarja Aurela Ga\u00e7e.<\/p>\n<p>K\u00ebng\u00ebtarja ka pohuar p\u00ebr Telegrafi se \u201cTranzit\u201d \u00ebsht\u00eb pjes\u00eb e albumit t\u00eb radh\u00ebs, t\u00eb cilin e cil\u00ebson si nj\u00eb projekt t\u00eb r\u00ebnd\u00ebsish\u00ebm n\u00eb karrier\u00ebn e saj.<\/p>\n<p>\u201cK\u00ebnga &#8216;Trazit&#8217; \u00ebsht\u00eb pjes\u00eb e albumit tim t\u00eb ri t\u00eb radh\u00ebs. Ky \u00ebsht\u00eb nj\u00eb projekt shum\u00eb i r\u00ebnd\u00ebsish\u00ebm n\u00eb karrier\u00ebn time pasi kam punuar koh\u00eb t\u00eb gjat\u00eb p\u00ebr k\u00ebt\u00eb k\u00ebng\u00eb dhe po ashtu nj\u00eb moment i paharruar pasi pjesa m\u00eb e madhe e videos \u00ebsht\u00eb xhiruar vet\u00ebm dy dit\u00eb para lindjes s\u00eb engj\u00ebllit tim\u201d, ka pohuar Aurela p\u00ebr Telegrafin.<\/p>\n<p>Viedoklipi i cili u xhirua n\u00eb qytetin e Tiran\u00ebs \u00ebsht\u00eb realizuar nga kompania Max Production.<\/p>\n<p><strong>Telegrafi<\/strong><\/p>\n<!--YouTube Error: bad URL entered-->\n","protected":false},"excerpt":{"rendered":"<p>&nbsp; Aurela Ga\u00e7e ka publikuar k\u00ebng\u00ebn e saj m\u00eb t\u00eb re t\u00eb quajtur \u201cTranzit\u201d. K\u00ebt\u00eb k\u00ebng\u00eb ajo e ka shoq\u00ebruar edhe me nj\u00eb video shum\u00eb profesionale, e cila \u00ebsht\u00eb xhiruar n\u00eb dit\u00ebt e fundit t\u00eb shtatz\u00ebnis\u00eb s\u00eb saj. P\u00ebr muzik\u00ebn e k\u00ebng\u00ebs \u00ebsht\u00eb p\u00ebrkujdesur kompozitori Alban Kondi, nd\u00ebrsa vargjet e i ka shkruar dr. Flori [&hellip;]<\/p>\n","protected":false},"author":1,"featured_media":0,"comment_status":"open","ping_status":"closed","sticky":false,"template":"","format":"standard","meta":{"spay_email":"","jetpack_publicize_message":"","jetpack_is_tweetstorm":false,"jetpack_publicize_feature_enabled":true},"categories":[1],"tags":[5088,19677,19806,16036,19514,19511,4684,19460],"jetpack_publicize_connections":[],"yoast_head":"<!-- This site is optimized with the Yoast SEO plugin v19.1 - https:\/\/yoast.com\/wordpress\/plugins\/seo\/ -->\n<title>Aurela Ga\u00e7e vjen me k\u00ebng\u00eb t\u00eb re &quot;Trazit&quot; - Video - Lajme nga Ulqini<\/title>\n<meta name=\"description\" content=\"&nbsp; Aurela Ga\u00e7e ka publikuar k\u00ebng\u00ebn e saj m\u00eb t\u00eb re t\u00eb quajtur \u201cTranzit\u201d. K\u00ebt\u00eb k\u00ebng\u00eb ajo e ka shoq\u00ebruar edhe me nj\u00eb video shum\u00eb profesionale, e cila\" \/>\n<meta name=\"robots\" content=\"index, follow, max-snippet:-1, max-image-preview:large, max-video-preview:-1\" \/>\n<link rel=\"canonical\" href=\"https:\/\/www.visit-ulcinj.com\/blog\/2012\/02\/11\/aurela-gace-vjen-me-kenge-te-re-trazit-video\/\" \/>\n<meta property=\"og:locale\" content=\"en_US\" \/>\n<meta property=\"og:type\" content=\"article\" \/>\n<meta property=\"og:title\" content=\"Aurela Ga\u00e7e vjen me k\u00ebng\u00eb t\u00eb re &quot;Trazit&quot; - Video - Lajme nga Ulqini\" \/>\n<meta property=\"og:description\" content=\"&nbsp; Aurela Ga\u00e7e ka publikuar k\u00ebng\u00ebn e saj m\u00eb t\u00eb re t\u00eb quajtur \u201cTranzit\u201d. K\u00ebt\u00eb k\u00ebng\u00eb ajo e ka shoq\u00ebruar edhe me nj\u00eb video shum\u00eb profesionale, e cila\" \/>\n<meta property=\"og:url\" content=\"https:\/\/www.visit-ulcinj.com\/blog\/2012\/02\/11\/aurela-gace-vjen-me-kenge-te-re-trazit-video\/\" \/>\n<meta property=\"og:site_name\" content=\"Lajme nga Ulqini\" \/>\n<meta property=\"article:published_time\" content=\"2012-02-11T18:50:29+00:00\" \/>\n<meta name=\"twitter:label1\" content=\"Written by\" \/>\n\t<meta name=\"twitter:data1\" content=\"ulqini\" \/>\n\t<meta name=\"twitter:label2\" content=\"Est. reading time\" \/>\n\t<meta name=\"twitter:data2\" content=\"1 minute\" \/>\n<script type=\"application\/ld+json\" class=\"yoast-schema-graph\">{\"@context\":\"https:\/\/schema.org\",\"@graph\":[{\"@type\":\"WebSite\",\"@id\":\"https:\/\/www.visit-ulcinj.com\/blog\/#website\",\"url\":\"https:\/\/www.visit-ulcinj.com\/blog\/\",\"name\":\"Lajme nga Ulqini\",\"description\":\"Lajme,Vijesti,Ulqini,Ulqin,Crna Gora,Mali i Zi\",\"potentialAction\":[{\"@type\":\"SearchAction\",\"target\":{\"@type\":\"EntryPoint\",\"urlTemplate\":\"https:\/\/www.visit-ulcinj.com\/blog\/?s={search_term_string}\"},\"query-input\":\"required name=search_term_string\"}],\"inLanguage\":\"en-US\"},{\"@type\":\"WebPage\",\"@id\":\"https:\/\/www.visit-ulcinj.com\/blog\/2012\/02\/11\/aurela-gace-vjen-me-kenge-te-re-trazit-video\/#webpage\",\"url\":\"https:\/\/www.visit-ulcinj.com\/blog\/2012\/02\/11\/aurela-gace-vjen-me-kenge-te-re-trazit-video\/\",\"name\":\"Aurela Ga\u00e7e vjen me k\u00ebng\u00eb t\u00eb re \\\"Trazit\\\" - Video - Lajme nga Ulqini\",\"isPartOf\":{\"@id\":\"https:\/\/www.visit-ulcinj.com\/blog\/#website\"},\"datePublished\":\"2012-02-11T18:50:29+00:00\",\"dateModified\":\"2012-02-11T18:50:29+00:00\",\"author\":{\"@id\":\"https:\/\/www.visit-ulcinj.com\/blog\/#\/schema\/person\/dcab619c614d3038751c63bc2aadc06d\"},\"description\":\"&nbsp; Aurela Ga\u00e7e ka publikuar k\u00ebng\u00ebn e saj m\u00eb t\u00eb re t\u00eb quajtur \u201cTranzit\u201d. K\u00ebt\u00eb k\u00ebng\u00eb ajo e ka shoq\u00ebruar edhe me nj\u00eb video shum\u00eb profesionale, e cila\",\"breadcrumb\":{\"@id\":\"https:\/\/www.visit-ulcinj.com\/blog\/2012\/02\/11\/aurela-gace-vjen-me-kenge-te-re-trazit-video\/#breadcrumb\"},\"inLanguage\":\"en-US\",\"potentialAction\":[{\"@type\":\"ReadAction\",\"target\":[\"https:\/\/www.visit-ulcinj.com\/blog\/2012\/02\/11\/aurela-gace-vjen-me-kenge-te-re-trazit-video\/\"]}]},{\"@type\":\"BreadcrumbList\",\"@id\":\"https:\/\/www.visit-ulcinj.com\/blog\/2012\/02\/11\/aurela-gace-vjen-me-kenge-te-re-trazit-video\/#breadcrumb\",\"itemListElement\":[{\"@type\":\"ListItem\",\"position\":1,\"name\":\"Aurela Ga\u00e7e vjen me k\u00ebng\u00eb t\u00eb re &#8220;Trazit&#8221; &#8211; Video\"}]},{\"@type\":\"Person\",\"@id\":\"https:\/\/www.visit-ulcinj.com\/blog\/#\/schema\/person\/dcab619c614d3038751c63bc2aadc06d\",\"name\":\"ulqini\",\"sameAs\":[\"http:\/\/www.visit-ulcinj.com\"],\"url\":\"https:\/\/www.visit-ulcinj.com\/blog\/author\/admin\/\"}]}<\/script>\n<!-- \/ Yoast SEO plugin. -->","yoast_head_json":{"title":"Aurela Ga\u00e7e vjen me k\u00ebng\u00eb t\u00eb re \"Trazit\" - Video - Lajme nga Ulqini","description":"&nbsp; Aurela Ga\u00e7e ka publikuar k\u00ebng\u00ebn e saj m\u00eb t\u00eb re t\u00eb quajtur \u201cTranzit\u201d. K\u00ebt\u00eb k\u00ebng\u00eb ajo e ka shoq\u00ebruar edhe me nj\u00eb video shum\u00eb profesionale, e cila","robots":{"index":"index","follow":"follow","max-snippet":"max-snippet:-1","max-image-preview":"max-image-preview:large","max-video-preview":"max-video-preview:-1"},"canonical":"https:\/\/www.visit-ulcinj.com\/blog\/2012\/02\/11\/aurela-gace-vjen-me-kenge-te-re-trazit-video\/","og_locale":"en_US","og_type":"article","og_title":"Aurela Ga\u00e7e vjen me k\u00ebng\u00eb t\u00eb re \"Trazit\" - Video - Lajme nga Ulqini","og_description":"&nbsp; Aurela Ga\u00e7e ka publikuar k\u00ebng\u00ebn e saj m\u00eb t\u00eb re t\u00eb quajtur \u201cTranzit\u201d. K\u00ebt\u00eb k\u00ebng\u00eb ajo e ka shoq\u00ebruar edhe me nj\u00eb video shum\u00eb profesionale, e cila","og_url":"https:\/\/www.visit-ulcinj.com\/blog\/2012\/02\/11\/aurela-gace-vjen-me-kenge-te-re-trazit-video\/","og_site_name":"Lajme nga Ulqini","article_published_time":"2012-02-11T18:50:29+00:00","twitter_misc":{"Written by":"ulqini","Est. reading time":"1 minute"},"schema":{"@context":"https:\/\/schema.org","@graph":[{"@type":"WebSite","@id":"https:\/\/www.visit-ulcinj.com\/blog\/#website","url":"https:\/\/www.visit-ulcinj.com\/blog\/","name":"Lajme nga Ulqini","description":"Lajme,Vijesti,Ulqini,Ulqin,Crna Gora,Mali i Zi","potentialAction":[{"@type":"SearchAction","target":{"@type":"EntryPoint","urlTemplate":"https:\/\/www.visit-ulcinj.com\/blog\/?s={search_term_string}"},"query-input":"required name=search_term_string"}],"inLanguage":"en-US"},{"@type":"WebPage","@id":"https:\/\/www.visit-ulcinj.com\/blog\/2012\/02\/11\/aurela-gace-vjen-me-kenge-te-re-trazit-video\/#webpage","url":"https:\/\/www.visit-ulcinj.com\/blog\/2012\/02\/11\/aurela-gace-vjen-me-kenge-te-re-trazit-video\/","name":"Aurela Ga\u00e7e vjen me k\u00ebng\u00eb t\u00eb re \"Trazit\" - Video - Lajme nga Ulqini","isPartOf":{"@id":"https:\/\/www.visit-ulcinj.com\/blog\/#website"},"datePublished":"2012-02-11T18:50:29+00:00","dateModified":"2012-02-11T18:50:29+00:00","author":{"@id":"https:\/\/www.visit-ulcinj.com\/blog\/#\/schema\/person\/dcab619c614d3038751c63bc2aadc06d"},"description":"&nbsp; Aurela Ga\u00e7e ka publikuar k\u00ebng\u00ebn e saj m\u00eb t\u00eb re t\u00eb quajtur \u201cTranzit\u201d. K\u00ebt\u00eb k\u00ebng\u00eb ajo e ka shoq\u00ebruar edhe me nj\u00eb video shum\u00eb profesionale, e cila","breadcrumb":{"@id":"https:\/\/www.visit-ulcinj.com\/blog\/2012\/02\/11\/aurela-gace-vjen-me-kenge-te-re-trazit-video\/#breadcrumb"},"inLanguage":"en-US","potentialAction":[{"@type":"ReadAction","target":["https:\/\/www.visit-ulcinj.com\/blog\/2012\/02\/11\/aurela-gace-vjen-me-kenge-te-re-trazit-video\/"]}]},{"@type":"BreadcrumbList","@id":"https:\/\/www.visit-ulcinj.com\/blog\/2012\/02\/11\/aurela-gace-vjen-me-kenge-te-re-trazit-video\/#breadcrumb","itemListElement":[{"@type":"ListItem","position":1,"name":"Aurela Ga\u00e7e vjen me k\u00ebng\u00eb t\u00eb re &#8220;Trazit&#8221; &#8211; Video"}]},{"@type":"Person","@id":"https:\/\/www.visit-ulcinj.com\/blog\/#\/schema\/person\/dcab619c614d3038751c63bc2aadc06d","name":"ulqini","sameAs":["http:\/\/www.visit-ulcinj.com"],"url":"https:\/\/www.visit-ulcinj.com\/blog\/author\/admin\/"}]}},"jetpack_featured_media_url":"","jetpack_sharing_enabled":true,"jetpack_shortlink":"https:\/\/wp.me\/pe6lTn-eTQ","_links":{"self":[{"href":"https:\/\/www.visit-ulcinj.com\/blog\/wp-json\/wp\/v2\/posts\/57278"}],"collection":[{"href":"https:\/\/www.visit-ulcinj.com\/blog\/wp-json\/wp\/v2\/posts"}],"about":[{"href":"https:\/\/www.visit-ulcinj.com\/blog\/wp-json\/wp\/v2\/types\/post"}],"author":[{"embeddable":true,"href":"https:\/\/www.visit-ulcinj.com\/blog\/wp-json\/wp\/v2\/users\/1"}],"replies":[{"embeddable":true,"href":"https:\/\/www.visit-ulcinj.com\/blog\/wp-json\/wp\/v2\/comments?post=57278"}],"version-history":[{"count":1,"href":"https:\/\/www.visit-ulcinj.com\/blog\/wp-json\/wp\/v2\/posts\/57278\/revisions"}],"predecessor-version":[{"id":57281,"href":"https:\/\/www.visit-ulcinj.com\/blog\/wp-json\/wp\/v2\/posts\/57278\/revisions\/57281"}],"wp:attachment":[{"href":"https:\/\/www.visit-ulcinj.com\/blog\/wp-json\/wp\/v2\/media?parent=57278"}],"wp:term":[{"taxonomy":"category","embeddable":true,"href":"https:\/\/www.visit-ulcinj.com\/blog\/wp-json\/wp\/v2\/categories?post=57278"},{"taxonomy":"post_tag","embeddable":true,"href":"https:\/\/www.visit-ulcinj.com\/blog\/wp-json\/wp\/v2\/tags?post=57278"}],"curies":[{"name":"wp","href":"https:\/\/api.w.org\/{rel}","templated":true}]}}