{"id":57282,"date":"2012-02-11T19:57:35","date_gmt":"2012-02-11T18:57:35","guid":{"rendered":"http:\/\/www.visit-ulcinj.com\/blog\/?p=57282"},"modified":"2012-02-11T19:57:35","modified_gmt":"2012-02-11T18:57:35","slug":"seldi-konfirmoj-ndarjen-me-sinanin-me-vuri-disa-kushte-qe-smund-ti-plotesoja","status":"publish","type":"post","link":"https:\/\/www.visit-ulcinj.com\/blog\/2012\/02\/11\/seldi-konfirmoj-ndarjen-me-sinanin-me-vuri-disa-kushte-qe-smund-ti-plotesoja\/","title":{"rendered":"Seldi: Konfirmoj ndarjen me Sinanin, m\u00eb vuri disa kushte q\u00eb s\u2019mund t\u2019i plot\u00ebsoja"},"content":{"rendered":"<p><a href=\"http:\/\/www.visit-ulcinj.com\/blog\/wp-content\/uploads\/2012\/02\/seldi-sinani.jpg\"><img loading=\"lazy\" class=\"alignleft  wp-image-57283\" title=\"seldi-sinani\" src=\"http:\/\/www.visit-ulcinj.com\/blog\/wp-content\/uploads\/2012\/02\/seldi-sinani.jpg\" alt=\"\" width=\"490\" height=\"360\" \/><\/a>Sinan Hoxha dhe Seldi Qalliu, dyshja e k\u00ebng\u00ebtar\u00ebve q\u00eb u mediatizua dhe q\u00eb vazhduan me duete q\u00eb i sh\u00ebrbyen karrier\u00ebs s\u00eb tyre muzikore, \u00ebsht\u00eb ndar\u00eb p\u00ebrfundimisht. Seldi dhe Sinani, jo vet\u00ebm q\u00eb nuk k\u00ebndojn\u00eb bashk\u00eb n\u00eb koncerte, por duket se tashm\u00eb Sinani, me nj\u00eb karrier\u00eb shum\u00ebvje\u00e7are n\u00eb muzik\u00eb, po ia mbyll rrug\u00ebt Seldit p\u00ebr t\u00eb vazhduar dhe ai axhend\u00ebn e koncerteve n\u00eb diaspor\u00eb.<\/p>\n<p>Pronar\u00ebt e club-eve t\u00eb njohura jan\u00eb befasuar kur kan\u00eb marr\u00eb telefonata t\u00eb nj\u00ebpasnj\u00ebshme nga Sinani, i cili u k\u00ebrkon m\u00eb ngulm t\u00eb mos e ftojn\u00eb tani e tutje Seldin t\u00eb k\u00ebndoj\u00eb n\u00eb bizneset e tyre. Dhe kureshtia e t\u00eb gjith\u00eb fansave q\u00eb tashm\u00eb jan\u00eb ndar\u00eb n\u00eb dy pjes\u00eb, \u00ebsht\u00eb t\u00eb din\u00eb t\u00eb v\u00ebrtet\u00ebn e nd\u00ebrprerjes s\u00eb k\u00ebtij bashk\u00ebpunimi.<\/p>\n<p>Deri tani, edhe pse ka pasur shum\u00eb komente n\u00eb forume t\u00eb ndryshme dhe faqe t\u00eb gazetave p\u00ebr arsyet e prishjes s\u00eb miq\u00ebsis\u00eb mes dy k\u00ebng\u00ebtar\u00ebve, asnj\u00eb prej k\u00ebng\u00ebtar\u00ebve nuk ka pranuar t\u00eb flas\u00eb rreth k\u00ebsaj \u00e7\u00ebshtjeje. Nd\u00ebrsa gazeta \u201cPanorama\u201d ka tentuar t\u00eb marr\u00eb deklarata prej t\u00eb dy artist\u00ebve, por nga java n\u00eb jav\u00eb ata kan\u00eb refuzuar t\u2019i japin.<\/p>\n<p>Miq t\u00eb tyre t\u00eb p\u00ebrbashk\u00ebt kan\u00eb treguar se u b\u00eb koh\u00eb q\u00eb Seldi dhe Sinani nuk k\u00ebndojn\u00eb bashk\u00eb n\u00eb koncerte, madje pas k\u00ebsaj Sinani \u00ebsht\u00eb p\u00ebrpjekur t\u00eb hakmerret me q\u00ebllimin p\u00ebr t\u2019i prishur pun\u00eb duke ia mbyllur t\u00eb gjitha kontratat me pronar\u00ebt apo menaxher\u00ebt e club-eve t\u00eb njohura n\u00eb diaspor\u00eb, ku ata s\u00eb fundi ishin dueti m\u00eb i preferuar, duke fituar shum\u00eb para.<\/p>\n<p>Seldi nuk ka pranuar t\u00eb jap\u00eb ndonj\u00eb sqarim t\u00eb holl\u00ebsish\u00ebm n\u00eb lidhje me komentet e ndryshme n\u00eb forume, se arsyeja e k\u00ebsaj prishjeje bashk\u00ebpunimi \u00ebsht\u00eb e dashura e tij nga Peja. Ai ka dh\u00ebn\u00eb vet\u00ebm nj\u00eb koment t\u00eb shkurt\u00ebr n\u00eb lidhje m\u00eb nd\u00ebrprerjen e bashk\u00ebpunimit, duke e pohuar p\u00ebr her\u00eb t\u00eb par\u00eb prishjen e miq\u00ebsis\u00eb dhe bashk\u00ebpunimit.<\/p>\n<p>\u201cPo, \u00ebsht\u00eb e v\u00ebrtet\u00eb q\u00eb rrug\u00ebt tona u ndan\u00eb me Sinanin, duke i dh\u00ebn\u00eb fund bashk\u00ebpunimit ton\u00eb n\u00eb muzik\u00eb, pasi ai m\u00eb vuri disa kushte q\u00eb nuk mund t\u2019i plot\u00ebsoja\u201d, pohon Seldi.<br \/>\nAi nuk ka pranuar t\u00eb jap\u00eb detaje t\u00eb tjera, nd\u00ebrkoh\u00eb q\u00eb thuhet se shum\u00eb shpejt do t\u00eb publikoj\u00eb klipin e tij t\u00eb ri, ku tanim\u00eb do t\u00eb shfaqet i vet\u00ebm, nd\u00ebrsa do e konsideroj\u00eb k\u00ebt\u00eb nj\u00eb moment t\u00eb ri t\u00eb karrier\u00ebs muzikore, duke u dh\u00ebn\u00eb fund dueteve dhe bashk\u00ebpunimeve me k\u00ebng\u00ebtar\u00eb t\u00eb tjer\u00eb.<\/p>\n<p><strong>Panorama Plus<br \/>\n<!--YouTube Error: bad URL entered--><br \/>\n<\/strong><\/p>\n","protected":false},"excerpt":{"rendered":"<p>Sinan Hoxha dhe Seldi Qalliu, dyshja e k\u00ebng\u00ebtar\u00ebve q\u00eb u mediatizua dhe q\u00eb vazhduan me duete q\u00eb i sh\u00ebrbyen karrier\u00ebs s\u00eb tyre muzikore, \u00ebsht\u00eb ndar\u00eb p\u00ebrfundimisht. Seldi dhe Sinani, jo vet\u00ebm q\u00eb nuk k\u00ebndojn\u00eb bashk\u00eb n\u00eb koncerte, por duket se tashm\u00eb Sinani, me nj\u00eb karrier\u00eb shum\u00ebvje\u00e7are n\u00eb muzik\u00eb, po ia mbyll rrug\u00ebt Seldit p\u00ebr t\u00eb [&hellip;]<\/p>\n","protected":false},"author":1,"featured_media":0,"comment_status":"open","ping_status":"closed","sticky":false,"template":"","format":"standard","meta":{"spay_email":"","jetpack_publicize_message":"","jetpack_is_tweetstorm":false,"jetpack_publicize_feature_enabled":true},"categories":[1],"tags":[19677,19806,16036,19514,19511,14967,12151,6693,4684,19460],"jetpack_publicize_connections":[],"yoast_head":"<!-- This site is optimized with the Yoast SEO plugin v19.1 - https:\/\/yoast.com\/wordpress\/plugins\/seo\/ -->\n<title>Seldi: Konfirmoj ndarjen me Sinanin, m\u00eb vuri disa kushte q\u00eb s\u2019mund t\u2019i plot\u00ebsoja - Lajme nga Ulqini<\/title>\n<meta name=\"description\" content=\"Sinan Hoxha dhe Seldi Qalliu, dyshja e k\u00ebng\u00ebtar\u00ebve q\u00eb u mediatizua dhe q\u00eb vazhduan me duete q\u00eb i sh\u00ebrbyen karrier\u00ebs s\u00eb tyre muzikore, \u00ebsht\u00eb ndar\u00eb\" \/>\n<meta name=\"robots\" content=\"index, follow, max-snippet:-1, max-image-preview:large, max-video-preview:-1\" \/>\n<link rel=\"canonical\" href=\"https:\/\/www.visit-ulcinj.com\/blog\/2012\/02\/11\/seldi-konfirmoj-ndarjen-me-sinanin-me-vuri-disa-kushte-qe-smund-ti-plotesoja\/\" \/>\n<meta property=\"og:locale\" content=\"en_US\" \/>\n<meta property=\"og:type\" content=\"article\" \/>\n<meta property=\"og:title\" content=\"Seldi: Konfirmoj ndarjen me Sinanin, m\u00eb vuri disa kushte q\u00eb s\u2019mund t\u2019i plot\u00ebsoja - Lajme nga Ulqini\" \/>\n<meta property=\"og:description\" content=\"Sinan Hoxha dhe Seldi Qalliu, dyshja e k\u00ebng\u00ebtar\u00ebve q\u00eb u mediatizua dhe q\u00eb vazhduan me duete q\u00eb i sh\u00ebrbyen karrier\u00ebs s\u00eb tyre muzikore, \u00ebsht\u00eb ndar\u00eb\" \/>\n<meta property=\"og:url\" content=\"https:\/\/www.visit-ulcinj.com\/blog\/2012\/02\/11\/seldi-konfirmoj-ndarjen-me-sinanin-me-vuri-disa-kushte-qe-smund-ti-plotesoja\/\" \/>\n<meta property=\"og:site_name\" content=\"Lajme nga Ulqini\" \/>\n<meta property=\"article:published_time\" content=\"2012-02-11T18:57:35+00:00\" \/>\n<meta property=\"og:image\" content=\"http:\/\/www.visit-ulcinj.com\/blog\/wp-content\/uploads\/2012\/02\/seldi-sinani.jpg\" \/>\n<meta name=\"twitter:label1\" content=\"Written by\" \/>\n\t<meta name=\"twitter:data1\" content=\"ulqini\" \/>\n\t<meta name=\"twitter:label2\" content=\"Est. reading time\" \/>\n\t<meta name=\"twitter:data2\" content=\"2 minutes\" \/>\n<script type=\"application\/ld+json\" class=\"yoast-schema-graph\">{\"@context\":\"https:\/\/schema.org\",\"@graph\":[{\"@type\":\"WebSite\",\"@id\":\"https:\/\/www.visit-ulcinj.com\/blog\/#website\",\"url\":\"https:\/\/www.visit-ulcinj.com\/blog\/\",\"name\":\"Lajme nga Ulqini\",\"description\":\"Lajme,Vijesti,Ulqini,Ulqin,Crna Gora,Mali i Zi\",\"potentialAction\":[{\"@type\":\"SearchAction\",\"target\":{\"@type\":\"EntryPoint\",\"urlTemplate\":\"https:\/\/www.visit-ulcinj.com\/blog\/?s={search_term_string}\"},\"query-input\":\"required name=search_term_string\"}],\"inLanguage\":\"en-US\"},{\"@type\":\"ImageObject\",\"inLanguage\":\"en-US\",\"@id\":\"https:\/\/www.visit-ulcinj.com\/blog\/2012\/02\/11\/seldi-konfirmoj-ndarjen-me-sinanin-me-vuri-disa-kushte-qe-smund-ti-plotesoja\/#primaryimage\",\"url\":\"http:\/\/www.visit-ulcinj.com\/blog\/wp-content\/uploads\/2012\/02\/seldi-sinani.jpg\",\"contentUrl\":\"http:\/\/www.visit-ulcinj.com\/blog\/wp-content\/uploads\/2012\/02\/seldi-sinani.jpg\"},{\"@type\":\"WebPage\",\"@id\":\"https:\/\/www.visit-ulcinj.com\/blog\/2012\/02\/11\/seldi-konfirmoj-ndarjen-me-sinanin-me-vuri-disa-kushte-qe-smund-ti-plotesoja\/#webpage\",\"url\":\"https:\/\/www.visit-ulcinj.com\/blog\/2012\/02\/11\/seldi-konfirmoj-ndarjen-me-sinanin-me-vuri-disa-kushte-qe-smund-ti-plotesoja\/\",\"name\":\"Seldi: Konfirmoj ndarjen me Sinanin, m\u00eb vuri disa kushte q\u00eb s\u2019mund t\u2019i plot\u00ebsoja - Lajme nga Ulqini\",\"isPartOf\":{\"@id\":\"https:\/\/www.visit-ulcinj.com\/blog\/#website\"},\"primaryImageOfPage\":{\"@id\":\"https:\/\/www.visit-ulcinj.com\/blog\/2012\/02\/11\/seldi-konfirmoj-ndarjen-me-sinanin-me-vuri-disa-kushte-qe-smund-ti-plotesoja\/#primaryimage\"},\"datePublished\":\"2012-02-11T18:57:35+00:00\",\"dateModified\":\"2012-02-11T18:57:35+00:00\",\"author\":{\"@id\":\"https:\/\/www.visit-ulcinj.com\/blog\/#\/schema\/person\/dcab619c614d3038751c63bc2aadc06d\"},\"description\":\"Sinan Hoxha dhe Seldi Qalliu, dyshja e k\u00ebng\u00ebtar\u00ebve q\u00eb u mediatizua dhe q\u00eb vazhduan me duete q\u00eb i sh\u00ebrbyen karrier\u00ebs s\u00eb tyre muzikore, \u00ebsht\u00eb ndar\u00eb\",\"breadcrumb\":{\"@id\":\"https:\/\/www.visit-ulcinj.com\/blog\/2012\/02\/11\/seldi-konfirmoj-ndarjen-me-sinanin-me-vuri-disa-kushte-qe-smund-ti-plotesoja\/#breadcrumb\"},\"inLanguage\":\"en-US\",\"potentialAction\":[{\"@type\":\"ReadAction\",\"target\":[\"https:\/\/www.visit-ulcinj.com\/blog\/2012\/02\/11\/seldi-konfirmoj-ndarjen-me-sinanin-me-vuri-disa-kushte-qe-smund-ti-plotesoja\/\"]}]},{\"@type\":\"BreadcrumbList\",\"@id\":\"https:\/\/www.visit-ulcinj.com\/blog\/2012\/02\/11\/seldi-konfirmoj-ndarjen-me-sinanin-me-vuri-disa-kushte-qe-smund-ti-plotesoja\/#breadcrumb\",\"itemListElement\":[{\"@type\":\"ListItem\",\"position\":1,\"name\":\"Seldi: Konfirmoj ndarjen me Sinanin, m\u00eb vuri disa kushte q\u00eb s\u2019mund t\u2019i plot\u00ebsoja\"}]},{\"@type\":\"Person\",\"@id\":\"https:\/\/www.visit-ulcinj.com\/blog\/#\/schema\/person\/dcab619c614d3038751c63bc2aadc06d\",\"name\":\"ulqini\",\"sameAs\":[\"http:\/\/www.visit-ulcinj.com\"],\"url\":\"https:\/\/www.visit-ulcinj.com\/blog\/author\/admin\/\"}]}<\/script>\n<!-- \/ Yoast SEO plugin. -->","yoast_head_json":{"title":"Seldi: Konfirmoj ndarjen me Sinanin, m\u00eb vuri disa kushte q\u00eb s\u2019mund t\u2019i plot\u00ebsoja - Lajme nga Ulqini","description":"Sinan Hoxha dhe Seldi Qalliu, dyshja e k\u00ebng\u00ebtar\u00ebve q\u00eb u mediatizua dhe q\u00eb vazhduan me duete q\u00eb i sh\u00ebrbyen karrier\u00ebs s\u00eb tyre muzikore, \u00ebsht\u00eb ndar\u00eb","robots":{"index":"index","follow":"follow","max-snippet":"max-snippet:-1","max-image-preview":"max-image-preview:large","max-video-preview":"max-video-preview:-1"},"canonical":"https:\/\/www.visit-ulcinj.com\/blog\/2012\/02\/11\/seldi-konfirmoj-ndarjen-me-sinanin-me-vuri-disa-kushte-qe-smund-ti-plotesoja\/","og_locale":"en_US","og_type":"article","og_title":"Seldi: Konfirmoj ndarjen me Sinanin, m\u00eb vuri disa kushte q\u00eb s\u2019mund t\u2019i plot\u00ebsoja - Lajme nga Ulqini","og_description":"Sinan Hoxha dhe Seldi Qalliu, dyshja e k\u00ebng\u00ebtar\u00ebve q\u00eb u mediatizua dhe q\u00eb vazhduan me duete q\u00eb i sh\u00ebrbyen karrier\u00ebs s\u00eb tyre muzikore, \u00ebsht\u00eb ndar\u00eb","og_url":"https:\/\/www.visit-ulcinj.com\/blog\/2012\/02\/11\/seldi-konfirmoj-ndarjen-me-sinanin-me-vuri-disa-kushte-qe-smund-ti-plotesoja\/","og_site_name":"Lajme nga Ulqini","article_published_time":"2012-02-11T18:57:35+00:00","og_image":[{"url":"http:\/\/www.visit-ulcinj.com\/blog\/wp-content\/uploads\/2012\/02\/seldi-sinani.jpg"}],"twitter_misc":{"Written by":"ulqini","Est. reading time":"2 minutes"},"schema":{"@context":"https:\/\/schema.org","@graph":[{"@type":"WebSite","@id":"https:\/\/www.visit-ulcinj.com\/blog\/#website","url":"https:\/\/www.visit-ulcinj.com\/blog\/","name":"Lajme nga Ulqini","description":"Lajme,Vijesti,Ulqini,Ulqin,Crna Gora,Mali i Zi","potentialAction":[{"@type":"SearchAction","target":{"@type":"EntryPoint","urlTemplate":"https:\/\/www.visit-ulcinj.com\/blog\/?s={search_term_string}"},"query-input":"required name=search_term_string"}],"inLanguage":"en-US"},{"@type":"ImageObject","inLanguage":"en-US","@id":"https:\/\/www.visit-ulcinj.com\/blog\/2012\/02\/11\/seldi-konfirmoj-ndarjen-me-sinanin-me-vuri-disa-kushte-qe-smund-ti-plotesoja\/#primaryimage","url":"http:\/\/www.visit-ulcinj.com\/blog\/wp-content\/uploads\/2012\/02\/seldi-sinani.jpg","contentUrl":"http:\/\/www.visit-ulcinj.com\/blog\/wp-content\/uploads\/2012\/02\/seldi-sinani.jpg"},{"@type":"WebPage","@id":"https:\/\/www.visit-ulcinj.com\/blog\/2012\/02\/11\/seldi-konfirmoj-ndarjen-me-sinanin-me-vuri-disa-kushte-qe-smund-ti-plotesoja\/#webpage","url":"https:\/\/www.visit-ulcinj.com\/blog\/2012\/02\/11\/seldi-konfirmoj-ndarjen-me-sinanin-me-vuri-disa-kushte-qe-smund-ti-plotesoja\/","name":"Seldi: Konfirmoj ndarjen me Sinanin, m\u00eb vuri disa kushte q\u00eb s\u2019mund t\u2019i plot\u00ebsoja - Lajme nga Ulqini","isPartOf":{"@id":"https:\/\/www.visit-ulcinj.com\/blog\/#website"},"primaryImageOfPage":{"@id":"https:\/\/www.visit-ulcinj.com\/blog\/2012\/02\/11\/seldi-konfirmoj-ndarjen-me-sinanin-me-vuri-disa-kushte-qe-smund-ti-plotesoja\/#primaryimage"},"datePublished":"2012-02-11T18:57:35+00:00","dateModified":"2012-02-11T18:57:35+00:00","author":{"@id":"https:\/\/www.visit-ulcinj.com\/blog\/#\/schema\/person\/dcab619c614d3038751c63bc2aadc06d"},"description":"Sinan Hoxha dhe Seldi Qalliu, dyshja e k\u00ebng\u00ebtar\u00ebve q\u00eb u mediatizua dhe q\u00eb vazhduan me duete q\u00eb i sh\u00ebrbyen karrier\u00ebs s\u00eb tyre muzikore, \u00ebsht\u00eb ndar\u00eb","breadcrumb":{"@id":"https:\/\/www.visit-ulcinj.com\/blog\/2012\/02\/11\/seldi-konfirmoj-ndarjen-me-sinanin-me-vuri-disa-kushte-qe-smund-ti-plotesoja\/#breadcrumb"},"inLanguage":"en-US","potentialAction":[{"@type":"ReadAction","target":["https:\/\/www.visit-ulcinj.com\/blog\/2012\/02\/11\/seldi-konfirmoj-ndarjen-me-sinanin-me-vuri-disa-kushte-qe-smund-ti-plotesoja\/"]}]},{"@type":"BreadcrumbList","@id":"https:\/\/www.visit-ulcinj.com\/blog\/2012\/02\/11\/seldi-konfirmoj-ndarjen-me-sinanin-me-vuri-disa-kushte-qe-smund-ti-plotesoja\/#breadcrumb","itemListElement":[{"@type":"ListItem","position":1,"name":"Seldi: Konfirmoj ndarjen me Sinanin, m\u00eb vuri disa kushte q\u00eb s\u2019mund t\u2019i plot\u00ebsoja"}]},{"@type":"Person","@id":"https:\/\/www.visit-ulcinj.com\/blog\/#\/schema\/person\/dcab619c614d3038751c63bc2aadc06d","name":"ulqini","sameAs":["http:\/\/www.visit-ulcinj.com"],"url":"https:\/\/www.visit-ulcinj.com\/blog\/author\/admin\/"}]}},"jetpack_featured_media_url":"","jetpack_sharing_enabled":true,"jetpack_shortlink":"https:\/\/wp.me\/pe6lTn-eTU","_links":{"self":[{"href":"https:\/\/www.visit-ulcinj.com\/blog\/wp-json\/wp\/v2\/posts\/57282"}],"collection":[{"href":"https:\/\/www.visit-ulcinj.com\/blog\/wp-json\/wp\/v2\/posts"}],"about":[{"href":"https:\/\/www.visit-ulcinj.com\/blog\/wp-json\/wp\/v2\/types\/post"}],"author":[{"embeddable":true,"href":"https:\/\/www.visit-ulcinj.com\/blog\/wp-json\/wp\/v2\/users\/1"}],"replies":[{"embeddable":true,"href":"https:\/\/www.visit-ulcinj.com\/blog\/wp-json\/wp\/v2\/comments?post=57282"}],"version-history":[{"count":1,"href":"https:\/\/www.visit-ulcinj.com\/blog\/wp-json\/wp\/v2\/posts\/57282\/revisions"}],"predecessor-version":[{"id":57284,"href":"https:\/\/www.visit-ulcinj.com\/blog\/wp-json\/wp\/v2\/posts\/57282\/revisions\/57284"}],"wp:attachment":[{"href":"https:\/\/www.visit-ulcinj.com\/blog\/wp-json\/wp\/v2\/media?parent=57282"}],"wp:term":[{"taxonomy":"category","embeddable":true,"href":"https:\/\/www.visit-ulcinj.com\/blog\/wp-json\/wp\/v2\/categories?post=57282"},{"taxonomy":"post_tag","embeddable":true,"href":"https:\/\/www.visit-ulcinj.com\/blog\/wp-json\/wp\/v2\/tags?post=57282"}],"curies":[{"name":"wp","href":"https:\/\/api.w.org\/{rel}","templated":true}]}}