{"id":57286,"date":"2012-02-11T20:04:57","date_gmt":"2012-02-11T19:04:57","guid":{"rendered":"http:\/\/www.visit-ulcinj.com\/blog\/?p=57286"},"modified":"2012-02-11T20:04:57","modified_gmt":"2012-02-11T19:04:57","slug":"mc-kresha-dhe-roziargetim-ne-debore","status":"publish","type":"post","link":"https:\/\/www.visit-ulcinj.com\/blog\/2012\/02\/11\/mc-kresha-dhe-roziargetim-ne-debore\/","title":{"rendered":"MC Kresha dhe Rozi,arg\u00ebtim n\u00eb d\u00ebbor\u00eb"},"content":{"rendered":"<p><a href=\"http:\/\/www.visit-ulcinj.com\/blog\/wp-content\/uploads\/2012\/02\/MC-Kresha-dhe-Roziarg\u00ebtim-n\u00eb-d\u00ebbor\u00eb.jpg\"><img loading=\"lazy\" class=\"alignleft  wp-image-57287\" title=\"MC Kresha dhe Rozi,arg\u00ebtim n\u00eb d\u00ebbor\u00eb\" src=\"http:\/\/www.visit-ulcinj.com\/blog\/wp-content\/uploads\/2012\/02\/MC-Kresha-dhe-Roziarg\u00ebtim-n\u00eb-d\u00ebbor\u00eb.jpg\" alt=\"\" width=\"490\" height=\"400\" \/><\/a>Ata jan\u00eb shum\u00eb t\u00eb lumtur, kalojn\u00eb shum\u00eb mir\u00eb bashk\u00eb dhe mbi t\u00eb gjitha ajo\u00a0 q\u00eb i karakterizon m\u00eb tep\u00ebr \u00ebsht\u00eb fryma p\u00ebr t\u2019u zbavitur. Rozana Radi dhe Mc Kresha kan\u00eb kaluar momente t\u00eb bukura mes bor\u00ebs duke luajtur me nj\u00ebri-\u00a0 tjetrin e duke qeshur pafund.<\/p>\n<p>Lumturia shihet edhe p\u00ebrmes fotos q\u00eb ne po ju p\u00ebrcjellim. Rozi koh\u00ebt e fundit ka udh\u00ebtuar shpesh drejt Kosov\u00ebs dhe ka q\u00ebndruar\u00a0 me jav\u00eb t\u00eb t\u00ebra, duke u gjendur pran\u00eb t\u00eb dashurit t\u00eb saj Mc Kresha dhe pran\u00eb miqve t\u00eb tjer\u00eb t\u00eb p\u00ebrbashk\u00ebt. Moti i ftoht\u00eb q\u00eb po b\u00ebn k\u00ebto koh\u00eb ka sh\u00ebrbyer edhe si m\u00ebnyr\u00eb arg\u00ebtimi p\u00ebr \u00e7iftin simpatik n\u00eb mes t\u00eb bor\u00ebs.<\/p>\n<p><strong>Bluetooth<\/strong><\/p>\n<!--YouTube Error: bad URL entered-->\n","protected":false},"excerpt":{"rendered":"<p>Ata jan\u00eb shum\u00eb t\u00eb lumtur, kalojn\u00eb shum\u00eb mir\u00eb bashk\u00eb dhe mbi t\u00eb gjitha ajo\u00a0 q\u00eb i karakterizon m\u00eb tep\u00ebr \u00ebsht\u00eb fryma p\u00ebr t\u2019u zbavitur. Rozana Radi dhe Mc Kresha kan\u00eb kaluar momente t\u00eb bukura mes bor\u00ebs duke luajtur me nj\u00ebri-\u00a0 tjetrin e duke qeshur pafund. Lumturia shihet edhe p\u00ebrmes fotos q\u00eb ne po ju p\u00ebrcjellim. [&hellip;]<\/p>\n","protected":false},"author":1,"featured_media":0,"comment_status":"open","ping_status":"closed","sticky":false,"template":"","format":"standard","meta":{"spay_email":"","jetpack_publicize_message":"","jetpack_is_tweetstorm":false,"jetpack_publicize_feature_enabled":true},"categories":[1],"tags":[19677,19806,16036,19514,9382,19511,4964,6693,19460],"jetpack_publicize_connections":[],"yoast_head":"<!-- This site is optimized with the Yoast SEO plugin v19.1 - https:\/\/yoast.com\/wordpress\/plugins\/seo\/ -->\n<title>MC Kresha dhe Rozi,arg\u00ebtim n\u00eb d\u00ebbor\u00eb - Lajme nga Ulqini<\/title>\n<meta name=\"description\" content=\"Ata jan\u00eb shum\u00eb t\u00eb lumtur, kalojn\u00eb shum\u00eb mir\u00eb bashk\u00eb dhe mbi t\u00eb gjitha ajo\u00a0 q\u00eb i karakterizon m\u00eb tep\u00ebr \u00ebsht\u00eb fryma p\u00ebr t\u2019u zbavitur. Rozana Radi dhe Mc\" \/>\n<meta name=\"robots\" content=\"index, follow, max-snippet:-1, max-image-preview:large, max-video-preview:-1\" \/>\n<link rel=\"canonical\" href=\"https:\/\/www.visit-ulcinj.com\/blog\/2012\/02\/11\/mc-kresha-dhe-roziargetim-ne-debore\/\" \/>\n<meta property=\"og:locale\" content=\"en_US\" \/>\n<meta property=\"og:type\" content=\"article\" \/>\n<meta property=\"og:title\" content=\"MC Kresha dhe Rozi,arg\u00ebtim n\u00eb d\u00ebbor\u00eb - Lajme nga Ulqini\" \/>\n<meta property=\"og:description\" content=\"Ata jan\u00eb shum\u00eb t\u00eb lumtur, kalojn\u00eb shum\u00eb mir\u00eb bashk\u00eb dhe mbi t\u00eb gjitha ajo\u00a0 q\u00eb i karakterizon m\u00eb tep\u00ebr \u00ebsht\u00eb fryma p\u00ebr t\u2019u zbavitur. Rozana Radi dhe Mc\" \/>\n<meta property=\"og:url\" content=\"https:\/\/www.visit-ulcinj.com\/blog\/2012\/02\/11\/mc-kresha-dhe-roziargetim-ne-debore\/\" \/>\n<meta property=\"og:site_name\" content=\"Lajme nga Ulqini\" \/>\n<meta property=\"article:published_time\" content=\"2012-02-11T19:04:57+00:00\" \/>\n<meta name=\"twitter:label1\" content=\"Written by\" \/>\n\t<meta name=\"twitter:data1\" content=\"ulqini\" \/>\n\t<meta name=\"twitter:label2\" content=\"Est. reading time\" \/>\n\t<meta name=\"twitter:data2\" content=\"1 minute\" \/>\n<script type=\"application\/ld+json\" class=\"yoast-schema-graph\">{\"@context\":\"https:\/\/schema.org\",\"@graph\":[{\"@type\":\"WebSite\",\"@id\":\"https:\/\/www.visit-ulcinj.com\/blog\/#website\",\"url\":\"https:\/\/www.visit-ulcinj.com\/blog\/\",\"name\":\"Lajme nga Ulqini\",\"description\":\"Lajme,Vijesti,Ulqini,Ulqin,Crna Gora,Mali i Zi\",\"potentialAction\":[{\"@type\":\"SearchAction\",\"target\":{\"@type\":\"EntryPoint\",\"urlTemplate\":\"https:\/\/www.visit-ulcinj.com\/blog\/?s={search_term_string}\"},\"query-input\":\"required name=search_term_string\"}],\"inLanguage\":\"en-US\"},{\"@type\":\"WebPage\",\"@id\":\"https:\/\/www.visit-ulcinj.com\/blog\/2012\/02\/11\/mc-kresha-dhe-roziargetim-ne-debore\/#webpage\",\"url\":\"https:\/\/www.visit-ulcinj.com\/blog\/2012\/02\/11\/mc-kresha-dhe-roziargetim-ne-debore\/\",\"name\":\"MC Kresha dhe Rozi,arg\u00ebtim n\u00eb d\u00ebbor\u00eb - Lajme nga Ulqini\",\"isPartOf\":{\"@id\":\"https:\/\/www.visit-ulcinj.com\/blog\/#website\"},\"datePublished\":\"2012-02-11T19:04:57+00:00\",\"dateModified\":\"2012-02-11T19:04:57+00:00\",\"author\":{\"@id\":\"https:\/\/www.visit-ulcinj.com\/blog\/#\/schema\/person\/dcab619c614d3038751c63bc2aadc06d\"},\"description\":\"Ata jan\u00eb shum\u00eb t\u00eb lumtur, kalojn\u00eb shum\u00eb mir\u00eb bashk\u00eb dhe mbi t\u00eb gjitha ajo\u00a0 q\u00eb i karakterizon m\u00eb tep\u00ebr \u00ebsht\u00eb fryma p\u00ebr t\u2019u zbavitur. Rozana Radi dhe Mc\",\"breadcrumb\":{\"@id\":\"https:\/\/www.visit-ulcinj.com\/blog\/2012\/02\/11\/mc-kresha-dhe-roziargetim-ne-debore\/#breadcrumb\"},\"inLanguage\":\"en-US\",\"potentialAction\":[{\"@type\":\"ReadAction\",\"target\":[\"https:\/\/www.visit-ulcinj.com\/blog\/2012\/02\/11\/mc-kresha-dhe-roziargetim-ne-debore\/\"]}]},{\"@type\":\"BreadcrumbList\",\"@id\":\"https:\/\/www.visit-ulcinj.com\/blog\/2012\/02\/11\/mc-kresha-dhe-roziargetim-ne-debore\/#breadcrumb\",\"itemListElement\":[{\"@type\":\"ListItem\",\"position\":1,\"name\":\"MC Kresha dhe Rozi,arg\u00ebtim n\u00eb d\u00ebbor\u00eb\"}]},{\"@type\":\"Person\",\"@id\":\"https:\/\/www.visit-ulcinj.com\/blog\/#\/schema\/person\/dcab619c614d3038751c63bc2aadc06d\",\"name\":\"ulqini\",\"sameAs\":[\"http:\/\/www.visit-ulcinj.com\"],\"url\":\"https:\/\/www.visit-ulcinj.com\/blog\/author\/admin\/\"}]}<\/script>\n<!-- \/ Yoast SEO plugin. -->","yoast_head_json":{"title":"MC Kresha dhe Rozi,arg\u00ebtim n\u00eb d\u00ebbor\u00eb - Lajme nga Ulqini","description":"Ata jan\u00eb shum\u00eb t\u00eb lumtur, kalojn\u00eb shum\u00eb mir\u00eb bashk\u00eb dhe mbi t\u00eb gjitha ajo\u00a0 q\u00eb i karakterizon m\u00eb tep\u00ebr \u00ebsht\u00eb fryma p\u00ebr t\u2019u zbavitur. Rozana Radi dhe Mc","robots":{"index":"index","follow":"follow","max-snippet":"max-snippet:-1","max-image-preview":"max-image-preview:large","max-video-preview":"max-video-preview:-1"},"canonical":"https:\/\/www.visit-ulcinj.com\/blog\/2012\/02\/11\/mc-kresha-dhe-roziargetim-ne-debore\/","og_locale":"en_US","og_type":"article","og_title":"MC Kresha dhe Rozi,arg\u00ebtim n\u00eb d\u00ebbor\u00eb - Lajme nga Ulqini","og_description":"Ata jan\u00eb shum\u00eb t\u00eb lumtur, kalojn\u00eb shum\u00eb mir\u00eb bashk\u00eb dhe mbi t\u00eb gjitha ajo\u00a0 q\u00eb i karakterizon m\u00eb tep\u00ebr \u00ebsht\u00eb fryma p\u00ebr t\u2019u zbavitur. Rozana Radi dhe Mc","og_url":"https:\/\/www.visit-ulcinj.com\/blog\/2012\/02\/11\/mc-kresha-dhe-roziargetim-ne-debore\/","og_site_name":"Lajme nga Ulqini","article_published_time":"2012-02-11T19:04:57+00:00","twitter_misc":{"Written by":"ulqini","Est. reading time":"1 minute"},"schema":{"@context":"https:\/\/schema.org","@graph":[{"@type":"WebSite","@id":"https:\/\/www.visit-ulcinj.com\/blog\/#website","url":"https:\/\/www.visit-ulcinj.com\/blog\/","name":"Lajme nga Ulqini","description":"Lajme,Vijesti,Ulqini,Ulqin,Crna Gora,Mali i Zi","potentialAction":[{"@type":"SearchAction","target":{"@type":"EntryPoint","urlTemplate":"https:\/\/www.visit-ulcinj.com\/blog\/?s={search_term_string}"},"query-input":"required name=search_term_string"}],"inLanguage":"en-US"},{"@type":"WebPage","@id":"https:\/\/www.visit-ulcinj.com\/blog\/2012\/02\/11\/mc-kresha-dhe-roziargetim-ne-debore\/#webpage","url":"https:\/\/www.visit-ulcinj.com\/blog\/2012\/02\/11\/mc-kresha-dhe-roziargetim-ne-debore\/","name":"MC Kresha dhe Rozi,arg\u00ebtim n\u00eb d\u00ebbor\u00eb - Lajme nga Ulqini","isPartOf":{"@id":"https:\/\/www.visit-ulcinj.com\/blog\/#website"},"datePublished":"2012-02-11T19:04:57+00:00","dateModified":"2012-02-11T19:04:57+00:00","author":{"@id":"https:\/\/www.visit-ulcinj.com\/blog\/#\/schema\/person\/dcab619c614d3038751c63bc2aadc06d"},"description":"Ata jan\u00eb shum\u00eb t\u00eb lumtur, kalojn\u00eb shum\u00eb mir\u00eb bashk\u00eb dhe mbi t\u00eb gjitha ajo\u00a0 q\u00eb i karakterizon m\u00eb tep\u00ebr \u00ebsht\u00eb fryma p\u00ebr t\u2019u zbavitur. Rozana Radi dhe Mc","breadcrumb":{"@id":"https:\/\/www.visit-ulcinj.com\/blog\/2012\/02\/11\/mc-kresha-dhe-roziargetim-ne-debore\/#breadcrumb"},"inLanguage":"en-US","potentialAction":[{"@type":"ReadAction","target":["https:\/\/www.visit-ulcinj.com\/blog\/2012\/02\/11\/mc-kresha-dhe-roziargetim-ne-debore\/"]}]},{"@type":"BreadcrumbList","@id":"https:\/\/www.visit-ulcinj.com\/blog\/2012\/02\/11\/mc-kresha-dhe-roziargetim-ne-debore\/#breadcrumb","itemListElement":[{"@type":"ListItem","position":1,"name":"MC Kresha dhe Rozi,arg\u00ebtim n\u00eb d\u00ebbor\u00eb"}]},{"@type":"Person","@id":"https:\/\/www.visit-ulcinj.com\/blog\/#\/schema\/person\/dcab619c614d3038751c63bc2aadc06d","name":"ulqini","sameAs":["http:\/\/www.visit-ulcinj.com"],"url":"https:\/\/www.visit-ulcinj.com\/blog\/author\/admin\/"}]}},"jetpack_featured_media_url":"","jetpack_sharing_enabled":true,"jetpack_shortlink":"https:\/\/wp.me\/pe6lTn-eTY","_links":{"self":[{"href":"https:\/\/www.visit-ulcinj.com\/blog\/wp-json\/wp\/v2\/posts\/57286"}],"collection":[{"href":"https:\/\/www.visit-ulcinj.com\/blog\/wp-json\/wp\/v2\/posts"}],"about":[{"href":"https:\/\/www.visit-ulcinj.com\/blog\/wp-json\/wp\/v2\/types\/post"}],"author":[{"embeddable":true,"href":"https:\/\/www.visit-ulcinj.com\/blog\/wp-json\/wp\/v2\/users\/1"}],"replies":[{"embeddable":true,"href":"https:\/\/www.visit-ulcinj.com\/blog\/wp-json\/wp\/v2\/comments?post=57286"}],"version-history":[{"count":2,"href":"https:\/\/www.visit-ulcinj.com\/blog\/wp-json\/wp\/v2\/posts\/57286\/revisions"}],"predecessor-version":[{"id":57289,"href":"https:\/\/www.visit-ulcinj.com\/blog\/wp-json\/wp\/v2\/posts\/57286\/revisions\/57289"}],"wp:attachment":[{"href":"https:\/\/www.visit-ulcinj.com\/blog\/wp-json\/wp\/v2\/media?parent=57286"}],"wp:term":[{"taxonomy":"category","embeddable":true,"href":"https:\/\/www.visit-ulcinj.com\/blog\/wp-json\/wp\/v2\/categories?post=57286"},{"taxonomy":"post_tag","embeddable":true,"href":"https:\/\/www.visit-ulcinj.com\/blog\/wp-json\/wp\/v2\/tags?post=57286"}],"curies":[{"name":"wp","href":"https:\/\/api.w.org\/{rel}","templated":true}]}}